{"id":68539,"date":"2021-09-21T20:50:00","date_gmt":"2021-09-21T23:50:00","guid":{"rendered":"https:\/\/www.gaveanews.com\/?p=68539"},"modified":"2021-09-21T19:33:02","modified_gmt":"2021-09-21T22:33:02","slug":"torcedor-do-flamengo-que-sofreu-com-complicacoes-da-covid-19-se-emociona-em-conversa-com-michael","status":"publish","type":"post","link":"https:\/\/www.gaveanews.com\/index.php\/2021\/09\/21\/torcedor-do-flamengo-que-sofreu-com-complicacoes-da-covid-19-se-emociona-em-conversa-com-michael\/","title":{"rendered":"Torcedor do Flamengo que sofreu com complica\u00e7\u00f5es da Covid-19 se emociona em conversa com Michael"},"content":{"rendered":"\n<p>Nesta ter\u00e7a-feira, o programa &#8220;Flamengo Al\u00e9m do Esporte&#8221;, da FlaTV, contou a hist\u00f3ria de Ronaldo, um torcedor do clube que \u00e9 f\u00e3 de Michael e que teve a perna amputada por complica\u00e7\u00f5es da Covid-19. O flamenguista revelou que precisou passar 70 dias no hospital e explicou como foi esse per\u00edodo de tempo internado.<\/p>\n\n\n\n<p><strong><em>\u2014 Comecei a sentir uma dor na perna e, quando cheguei para fazer o exame, o m\u00e9dico disse que eu teria de ir para a urg\u00eancia. Isso eram 9h, \u00e0s 10h eu j\u00e1 estava na urg\u00eancia. No final da tarde, eu j\u00e1 estava na mesa cir\u00fargica. A Covid me causou um trombo na perna, um trombo arterial e, tamb\u00e9m, obstruiu as veias. Os m\u00e9dicos tentaram de tudo, conseguiram desobstruir as art\u00e9rias, algumas<\/em><\/strong> &#8211; disse Ronaldo, que ainda completou.<\/p>\n\n\n\n<p><strong><em>\u2014 No in\u00edcio era para amputar a perna toda, ainda passei 20 dias na UTI. N\u00e3o teve jeito, quando eu sai de l\u00e1, tiveram que fazer uma cirurgia. A medica\u00e7\u00e3o fez um pouco de efeito, mas tive que amputar uma parte de meu membro inferior esquerdo. Procuro n\u00e3o lembrar, tentar voltar, nem que seja para jogar um futev\u00f4lei. Eu passei 20 dias na UTI, esperando um tratamento, uma aplica\u00e7\u00e3o de uma medica\u00e7\u00e3o na veia e sentindo muitas dores, o membro estava se deteriorando. Foi uma luta, passei 70 dias (no hospital): 50 dias de enfermaria e 20 de UTI<\/em><\/strong> &#8211; contou.<\/p>\n\n\n\n<p>Ronaldo tamb\u00e9m explicou porque \u00e9 f\u00e3 de Michael. Ele disse que, quando jogava futebol, tinha o mesmo jeito do camisa 19 do Flamengo e, emocionado, lembrou da hist\u00f3ria de supera\u00e7\u00e3o de Michael.<\/p>\n\n\n\n<p><strong><em>\u2014 Eu joguei muito e, quando jogava, tinha esse jeito de Michael, sabe? Eu joguei futebol de sal\u00e3o e tinha muito o drible curto, partia para cima, n\u00e3o gostava de voltar a bola para tr\u00e1s. Partia para cima, brigava, corria, marcava\u2026 A hist\u00f3ria de Michael, ele passou por momentos muito dif\u00edceis. Ele foi muito guerreiro. Ele foi em v\u00e1rios clubes tentar e os caras diziam \u201cvoc\u00ea \u00e9 pequeno, voc\u00ea \u00e9 aquilo\u201d, \u00e9 muita luta, vontade de vencer.<\/em><\/strong><\/p>\n\n\n\n<p>Michael nasceu em Poxor\u00e9u, interior do Mato Grosso, cidade com cerca de 17 mil habitantes da cidade. No entanto foi em Goi\u00e2nia, distante da terra natal por 702 km, que iniciou a trajet\u00f3ria amadora, com 16 anos.<\/p>\n\n\n\n<p>Em entrevista ao canal do Goi\u00e1s no YouTube, h\u00e1 pouco mais de dois anos, Michael revelou que chegou a ser dispensado de seis clubes, em peneiras, quando tentou se aventurar nas categorias de base. Enquanto aguardava uma chance para se profissionalizar, ele seguia no terr\u00e3o. Ganhava R$ 20 a cada partida e, para pagar as contas em casa, chegou a jogar cinco jogos em um mesmo dia.<\/p>\n\n\n\n<p>Vale lembrar que quando ainda n\u00e3o engrenava no mundo da bola, Michael passou a ser usu\u00e1rio de maconha e coca\u00edna. Ele chegou a ser amea\u00e7ado de morte, inclusive com arma de fogo e na porta de casa, mais de uma vez por causa de d\u00edvidas.<\/p>\n\n\n\n<p>Recentemente, em entrevista ao canal &#8220;Barbaridade&#8221;, Michael revelou que teve depress\u00e3o em 2020. Ele contou ainda que teve &#8220;pensamentos ruins&#8221; e quis cometer suic\u00eddio.<\/p>\n\n\n\n<p><strong><em>\u2014 Voc\u00ea \u00e9 um cara que, pelo menos para mim, representa muita coisa. Essa luta sua me comove e me d\u00e1 for\u00e7a, sempre que estou sozinho procuro ver alguns v\u00eddeos da sua hist\u00f3ria e isso me fortalece. Voc\u00ea \u00e9 um cara muito dedicado &#8211; disse Ronaldo para Michael.<\/em><\/strong><\/p>\n\n\n\n<p>Michael agradeceu a conversa e destacou que, a partir daquele dia, Ronaldo j\u00e1 era uma motiva\u00e7\u00e3o para si. O camisa 19 afirmou que o torcedor ir\u00e1 cativar as pessoas e ainda lhe enviou a camisa autografada que usou na vit\u00f3ria do Flamengo sobre o Palmeiras, em partida v\u00e1lida pela 20\u00aa rodada do Brasileir\u00e3o (veja no v\u00eddeo abaixo).<\/p>\n\n\n\n<p><strong><em>\u2014 Quando eu falei um pouco da minha hist\u00f3ria, n\u00e3o foi para as pessoas sentirem pena, mas para isso, para as pessoas terem for\u00e7a, para verem que, no final desse t\u00fanel, por mais que esteja escuro, tem uma luz. Muitas vezes, n\u00e3o sei o que as pessoas est\u00e3o sentindo, mas eu sei o que eu j\u00e1 senti. Foram pessoas como voc\u00ea me falando, contando que estou ajudando que me d\u00e1 mais for\u00e7a para eu possa viver, trabalhar. N\u00e3o \u00e9 que eu v\u00e1 ser exemplo, mas vou passar um pouquinho para as pessoas da minha hist\u00f3ria de vida, que viver o certo, fazer o certo e mostrar um pouquinho da nossa hist\u00f3ria pode, sim, ajudar as outras. Eu te agrade\u00e7o por estar conversando com voc\u00ea. Muito obrigado<\/em><\/strong> &#8211; disse Michael, que completou.<\/p>\n\n\n\n<p><strong><em>\u2014 Hoje, voc\u00ea vai fazer aquilo que voc\u00ea quiser, aquilo que voc\u00ea tenha vontade, porque Deus te deu uma oportunidade de ser uma pessoa melhor. Todo dia, n\u00e3o melhor do que ningu\u00e9m. Na vida, n\u00e3o existe ningu\u00e9m melhor do que ningu\u00e9m, existem pessoas com qualidades diferentes. Ent\u00e3o, voc\u00ea, com a sua qualidade, com seu carinho, com seu carisma, com a sua alegria, com a sua energia, vai voltar a cativar as pessoas de uma forma diferente. Hoje, as pessoas v\u00e3o olhar para voc\u00ea e falar: \u201ccara, eu quero ser o her\u00f3i da minha vida, assim como ele \u00e9 da vida dele\u201d. A partir de hoje, voc\u00ea serviu de motiva\u00e7\u00e3o para mim <\/em><\/strong>&#8211; concluiu.<\/p>\n\n\n\n<figure class=\"wp-block-embed is-type-video is-provider-youtube wp-block-embed-youtube wp-embed-aspect-16-9 wp-has-aspect-ratio\"><div class=\"wp-block-embed__wrapper\">\nhttps:\/\/www.youtube.com\/watch?v=LclvOtOjBQM&#038;ab_channel=FLATV\n<\/div><\/figure>\n\n\n\n<p>Retirado de: Lance<\/p>\n","protected":false},"excerpt":{"rendered":"<p>Nesta ter\u00e7a-feira, o programa &#8220;Flamengo Al\u00e9m do Esporte&#8221;, da FlaTV, contou a hist\u00f3ria de Ronaldo, um torcedor do clube que \u00e9 f\u00e3 de Michael e que teve a perna amputada por complica\u00e7\u00f5es da Covid-19. O flamenguista revelou que precisou passar 70 dias no hospital e explicou como foi esse per\u00edodo de tempo internado. \u2014 Comecei [&hellip;]<\/p>\n","protected":false},"author":1,"featured_media":64458,"comment_status":"open","ping_status":"closed","sticky":false,"template":"","format":"standard","meta":{"footnotes":""},"categories":[40],"tags":[],"class_list":["post-68539","post","type-post","status-publish","format-standard","has-post-thumbnail","hentry","category-video"],"yoast_head":"<!-- This site is optimized with the Yoast SEO Premium plugin v24.2 (Yoast SEO v26.9) - https:\/\/yoast.com\/product\/yoast-seo-premium-wordpress\/ -->\n<title>Torcedor do Flamengo que sofreu com complica\u00e7\u00f5es da Covid-19 se emociona em conversa com Michael<\/title>\n<meta name=\"robots\" content=\"index, follow, max-snippet:-1, max-image-preview:large, max-video-preview:-1\" \/>\n<link rel=\"canonical\" href=\"https:\/\/www.gaveanews.com\/index.php\/2021\/09\/21\/torcedor-do-flamengo-que-sofreu-com-complicacoes-da-covid-19-se-emociona-em-conversa-com-michael\/\" \/>\n<meta property=\"og:locale\" content=\"pt_BR\" \/>\n<meta property=\"og:type\" content=\"article\" \/>\n<meta property=\"og:title\" content=\"Torcedor do Flamengo que sofreu com complica\u00e7\u00f5es da Covid-19 se emociona em conversa com Michael\" \/>\n<meta property=\"og:description\" content=\"Nesta ter\u00e7a-feira, o programa &#8220;Flamengo Al\u00e9m do Esporte&#8221;, da FlaTV, contou a hist\u00f3ria de Ronaldo, um torcedor do clube que \u00e9 f\u00e3 de Michael e que teve a perna amputada por complica\u00e7\u00f5es da Covid-19. O flamenguista revelou que precisou passar 70 dias no hospital e explicou como foi esse per\u00edodo de tempo internado. \u2014 Comecei [&hellip;]\" \/>\n<meta property=\"og:url\" content=\"https:\/\/www.gaveanews.com\/index.php\/2021\/09\/21\/torcedor-do-flamengo-que-sofreu-com-complicacoes-da-covid-19-se-emociona-em-conversa-com-michael\/\" \/>\n<meta property=\"og:site_name\" content=\"G\u00e1vea News\" \/>\n<meta property=\"article:publisher\" content=\"https:\/\/facebook.com\/gaveaNews\/\" \/>\n<meta property=\"article:published_time\" content=\"2021-09-21T23:50:00+00:00\" \/>\n<meta property=\"og:image\" content=\"https:\/\/www.gaveanews.com\/wp-content\/uploads\/Michael-corre-para-comemorar-o-seu-gol-no-jogo-entre-Flamengo-e-Defensa-y-Justicia-pela-Copa-Libertadores-da-temporada-de-2021.webp\" \/>\n\t<meta property=\"og:image:width\" content=\"799\" \/>\n\t<meta property=\"og:image:height\" content=\"533\" \/>\n\t<meta property=\"og:image:type\" content=\"image\/jpeg\" \/>\n<meta name=\"author\" content=\"Equipe G\u00e1vea News\" \/>\n<meta name=\"twitter:card\" content=\"summary_large_image\" \/>\n<meta name=\"twitter:label1\" content=\"Escrito por\" \/>\n\t<meta name=\"twitter:data1\" content=\"Equipe G\u00e1vea News\" \/>\n\t<meta name=\"twitter:label2\" content=\"Est. tempo de leitura\" \/>\n\t<meta name=\"twitter:data2\" content=\"4 minutos\" \/>\n<script type=\"application\/ld+json\" class=\"yoast-schema-graph\">{\"@context\":\"https:\/\/schema.org\",\"@graph\":[{\"@type\":\"NewsArticle\",\"@id\":\"https:\/\/www.gaveanews.com\/index.php\/2021\/09\/21\/torcedor-do-flamengo-que-sofreu-com-complicacoes-da-covid-19-se-emociona-em-conversa-com-michael\/#article\",\"isPartOf\":{\"@id\":\"https:\/\/www.gaveanews.com\/index.php\/2021\/09\/21\/torcedor-do-flamengo-que-sofreu-com-complicacoes-da-covid-19-se-emociona-em-conversa-com-michael\/\"},\"author\":{\"name\":\"Equipe G\u00e1vea News\",\"@id\":\"https:\/\/www.gaveanews.com\/#\/schema\/person\/2ec14f73fb96be2caf28f91afb14749d\"},\"headline\":\"Torcedor do Flamengo que sofreu com complica\u00e7\u00f5es da Covid-19 se emociona em conversa com Michael\",\"datePublished\":\"2021-09-21T23:50:00+00:00\",\"mainEntityOfPage\":{\"@id\":\"https:\/\/www.gaveanews.com\/index.php\/2021\/09\/21\/torcedor-do-flamengo-que-sofreu-com-complicacoes-da-covid-19-se-emociona-em-conversa-com-michael\/\"},\"wordCount\":932,\"commentCount\":3,\"image\":{\"@id\":\"https:\/\/www.gaveanews.com\/index.php\/2021\/09\/21\/torcedor-do-flamengo-que-sofreu-com-complicacoes-da-covid-19-se-emociona-em-conversa-com-michael\/#primaryimage\"},\"thumbnailUrl\":\"https:\/\/www.gaveanews.com\/wp-content\/uploads\/Michael-corre-para-comemorar-o-seu-gol-no-jogo-entre-Flamengo-e-Defensa-y-Justicia-pela-Copa-Libertadores-da-temporada-de-2021.webp\",\"articleSection\":[\"V\u00eddeos\"],\"inLanguage\":\"pt-BR\",\"potentialAction\":[{\"@type\":\"CommentAction\",\"name\":\"Comment\",\"target\":[\"https:\/\/www.gaveanews.com\/index.php\/2021\/09\/21\/torcedor-do-flamengo-que-sofreu-com-complicacoes-da-covid-19-se-emociona-em-conversa-com-michael\/#respond\"]}],\"copyrightYear\":\"2021\",\"copyrightHolder\":{\"@id\":\"https:\/\/www.gaveanews.com\/#organization\"}},{\"@type\":\"WebPage\",\"@id\":\"https:\/\/www.gaveanews.com\/index.php\/2021\/09\/21\/torcedor-do-flamengo-que-sofreu-com-complicacoes-da-covid-19-se-emociona-em-conversa-com-michael\/\",\"url\":\"https:\/\/www.gaveanews.com\/index.php\/2021\/09\/21\/torcedor-do-flamengo-que-sofreu-com-complicacoes-da-covid-19-se-emociona-em-conversa-com-michael\/\",\"name\":\"Torcedor do Flamengo que sofreu com complica\u00e7\u00f5es da Covid-19 se emociona em conversa com Michael\",\"isPartOf\":{\"@id\":\"https:\/\/www.gaveanews.com\/#website\"},\"primaryImageOfPage\":{\"@id\":\"https:\/\/www.gaveanews.com\/index.php\/2021\/09\/21\/torcedor-do-flamengo-que-sofreu-com-complicacoes-da-covid-19-se-emociona-em-conversa-com-michael\/#primaryimage\"},\"image\":{\"@id\":\"https:\/\/www.gaveanews.com\/index.php\/2021\/09\/21\/torcedor-do-flamengo-que-sofreu-com-complicacoes-da-covid-19-se-emociona-em-conversa-com-michael\/#primaryimage\"},\"thumbnailUrl\":\"https:\/\/www.gaveanews.com\/wp-content\/uploads\/Michael-corre-para-comemorar-o-seu-gol-no-jogo-entre-Flamengo-e-Defensa-y-Justicia-pela-Copa-Libertadores-da-temporada-de-2021.webp\",\"datePublished\":\"2021-09-21T23:50:00+00:00\",\"author\":{\"@id\":\"https:\/\/www.gaveanews.com\/#\/schema\/person\/2ec14f73fb96be2caf28f91afb14749d\"},\"breadcrumb\":{\"@id\":\"https:\/\/www.gaveanews.com\/index.php\/2021\/09\/21\/torcedor-do-flamengo-que-sofreu-com-complicacoes-da-covid-19-se-emociona-em-conversa-com-michael\/#breadcrumb\"},\"inLanguage\":\"pt-BR\",\"potentialAction\":[{\"@type\":\"ReadAction\",\"target\":[\"https:\/\/www.gaveanews.com\/index.php\/2021\/09\/21\/torcedor-do-flamengo-que-sofreu-com-complicacoes-da-covid-19-se-emociona-em-conversa-com-michael\/\"]}]},{\"@type\":\"ImageObject\",\"inLanguage\":\"pt-BR\",\"@id\":\"https:\/\/www.gaveanews.com\/index.php\/2021\/09\/21\/torcedor-do-flamengo-que-sofreu-com-complicacoes-da-covid-19-se-emociona-em-conversa-com-michael\/#primaryimage\",\"url\":\"https:\/\/www.gaveanews.com\/wp-content\/uploads\/Michael-corre-para-comemorar-o-seu-gol-no-jogo-entre-Flamengo-e-Defensa-y-Justicia-pela-Copa-Libertadores-da-temporada-de-2021.webp\",\"contentUrl\":\"https:\/\/www.gaveanews.com\/wp-content\/uploads\/Michael-corre-para-comemorar-o-seu-gol-no-jogo-entre-Flamengo-e-Defensa-y-Justicia-pela-Copa-Libertadores-da-temporada-de-2021.webp\",\"width\":799,\"height\":533,\"caption\":\"Michael corre para comemorar o seu gol no jogo entre Flamengo e Defensa y Justicia pela Copa Libertadores da temporada de 2021 (Foto: Alexandre Vidal\/Flamengo)\"},{\"@type\":\"BreadcrumbList\",\"@id\":\"https:\/\/www.gaveanews.com\/index.php\/2021\/09\/21\/torcedor-do-flamengo-que-sofreu-com-complicacoes-da-covid-19-se-emociona-em-conversa-com-michael\/#breadcrumb\",\"itemListElement\":[{\"@type\":\"ListItem\",\"position\":1,\"name\":\"Home\",\"item\":\"https:\/\/www.gaveanews.com\/\"},{\"@type\":\"ListItem\",\"position\":2,\"name\":\"Torcedor do Flamengo que sofreu com complica\u00e7\u00f5es da Covid-19 se emociona em conversa com Michael\"}]},{\"@type\":\"WebSite\",\"@id\":\"https:\/\/www.gaveanews.com\/#website\",\"url\":\"https:\/\/www.gaveanews.com\/\",\"name\":\"G\u00e1vea News\",\"description\":\"Veja todas as not\u00edcias sobre o Flamengo: Contrata\u00e7\u00f5es, categorias de base, resultados das partidas, tabela de classifica\u00e7\u00e3o, pr\u00f3ximos jogos!\",\"potentialAction\":[{\"@type\":\"SearchAction\",\"target\":{\"@type\":\"EntryPoint\",\"urlTemplate\":\"https:\/\/www.gaveanews.com\/?s={search_term_string}\"},\"query-input\":{\"@type\":\"PropertyValueSpecification\",\"valueRequired\":true,\"valueName\":\"search_term_string\"}}],\"inLanguage\":\"pt-BR\"},{\"@type\":\"Person\",\"@id\":\"https:\/\/www.gaveanews.com\/#\/schema\/person\/2ec14f73fb96be2caf28f91afb14749d\",\"name\":\"Equipe G\u00e1vea News\",\"image\":{\"@type\":\"ImageObject\",\"inLanguage\":\"pt-BR\",\"@id\":\"https:\/\/www.gaveanews.com\/#\/schema\/person\/image\/\",\"url\":\"https:\/\/secure.gravatar.com\/avatar\/1e1956f1facbffd3f8fa53a326721950116b3b9dc9bd44939c01180fd4a745a9?s=96&d=mm&r=g\",\"contentUrl\":\"https:\/\/secure.gravatar.com\/avatar\/1e1956f1facbffd3f8fa53a326721950116b3b9dc9bd44939c01180fd4a745a9?s=96&d=mm&r=g\",\"caption\":\"Equipe G\u00e1vea News\"}}]}<\/script>\n<!-- \/ Yoast SEO Premium plugin. -->","yoast_head_json":{"title":"Torcedor do Flamengo que sofreu com complica\u00e7\u00f5es da Covid-19 se emociona em conversa com Michael","robots":{"index":"index","follow":"follow","max-snippet":"max-snippet:-1","max-image-preview":"max-image-preview:large","max-video-preview":"max-video-preview:-1"},"canonical":"https:\/\/www.gaveanews.com\/index.php\/2021\/09\/21\/torcedor-do-flamengo-que-sofreu-com-complicacoes-da-covid-19-se-emociona-em-conversa-com-michael\/","og_locale":"pt_BR","og_type":"article","og_title":"Torcedor do Flamengo que sofreu com complica\u00e7\u00f5es da Covid-19 se emociona em conversa com Michael","og_description":"Nesta ter\u00e7a-feira, o programa &#8220;Flamengo Al\u00e9m do Esporte&#8221;, da FlaTV, contou a hist\u00f3ria de Ronaldo, um torcedor do clube que \u00e9 f\u00e3 de Michael e que teve a perna amputada por complica\u00e7\u00f5es da Covid-19. O flamenguista revelou que precisou passar 70 dias no hospital e explicou como foi esse per\u00edodo de tempo internado. \u2014 Comecei [&hellip;]","og_url":"https:\/\/www.gaveanews.com\/index.php\/2021\/09\/21\/torcedor-do-flamengo-que-sofreu-com-complicacoes-da-covid-19-se-emociona-em-conversa-com-michael\/","og_site_name":"G\u00e1vea News","article_publisher":"https:\/\/facebook.com\/gaveaNews\/","article_published_time":"2021-09-21T23:50:00+00:00","og_image":[{"width":799,"height":533,"url":"https:\/\/www.gaveanews.com\/wp-content\/uploads\/Michael-corre-para-comemorar-o-seu-gol-no-jogo-entre-Flamengo-e-Defensa-y-Justicia-pela-Copa-Libertadores-da-temporada-de-2021.webp","type":"image\/jpeg"}],"author":"Equipe G\u00e1vea News","twitter_card":"summary_large_image","twitter_misc":{"Escrito por":"Equipe G\u00e1vea News","Est. tempo de leitura":"4 minutos"},"schema":{"@context":"https:\/\/schema.org","@graph":[{"@type":"NewsArticle","@id":"https:\/\/www.gaveanews.com\/index.php\/2021\/09\/21\/torcedor-do-flamengo-que-sofreu-com-complicacoes-da-covid-19-se-emociona-em-conversa-com-michael\/#article","isPartOf":{"@id":"https:\/\/www.gaveanews.com\/index.php\/2021\/09\/21\/torcedor-do-flamengo-que-sofreu-com-complicacoes-da-covid-19-se-emociona-em-conversa-com-michael\/"},"author":{"name":"Equipe G\u00e1vea News","@id":"https:\/\/www.gaveanews.com\/#\/schema\/person\/2ec14f73fb96be2caf28f91afb14749d"},"headline":"Torcedor do Flamengo que sofreu com complica\u00e7\u00f5es da Covid-19 se emociona em conversa com Michael","datePublished":"2021-09-21T23:50:00+00:00","mainEntityOfPage":{"@id":"https:\/\/www.gaveanews.com\/index.php\/2021\/09\/21\/torcedor-do-flamengo-que-sofreu-com-complicacoes-da-covid-19-se-emociona-em-conversa-com-michael\/"},"wordCount":932,"commentCount":3,"image":{"@id":"https:\/\/www.gaveanews.com\/index.php\/2021\/09\/21\/torcedor-do-flamengo-que-sofreu-com-complicacoes-da-covid-19-se-emociona-em-conversa-com-michael\/#primaryimage"},"thumbnailUrl":"https:\/\/www.gaveanews.com\/wp-content\/uploads\/Michael-corre-para-comemorar-o-seu-gol-no-jogo-entre-Flamengo-e-Defensa-y-Justicia-pela-Copa-Libertadores-da-temporada-de-2021.webp","articleSection":["V\u00eddeos"],"inLanguage":"pt-BR","potentialAction":[{"@type":"CommentAction","name":"Comment","target":["https:\/\/www.gaveanews.com\/index.php\/2021\/09\/21\/torcedor-do-flamengo-que-sofreu-com-complicacoes-da-covid-19-se-emociona-em-conversa-com-michael\/#respond"]}],"copyrightYear":"2021","copyrightHolder":{"@id":"https:\/\/www.gaveanews.com\/#organization"}},{"@type":"WebPage","@id":"https:\/\/www.gaveanews.com\/index.php\/2021\/09\/21\/torcedor-do-flamengo-que-sofreu-com-complicacoes-da-covid-19-se-emociona-em-conversa-com-michael\/","url":"https:\/\/www.gaveanews.com\/index.php\/2021\/09\/21\/torcedor-do-flamengo-que-sofreu-com-complicacoes-da-covid-19-se-emociona-em-conversa-com-michael\/","name":"Torcedor do Flamengo que sofreu com complica\u00e7\u00f5es da Covid-19 se emociona em conversa com Michael","isPartOf":{"@id":"https:\/\/www.gaveanews.com\/#website"},"primaryImageOfPage":{"@id":"https:\/\/www.gaveanews.com\/index.php\/2021\/09\/21\/torcedor-do-flamengo-que-sofreu-com-complicacoes-da-covid-19-se-emociona-em-conversa-com-michael\/#primaryimage"},"image":{"@id":"https:\/\/www.gaveanews.com\/index.php\/2021\/09\/21\/torcedor-do-flamengo-que-sofreu-com-complicacoes-da-covid-19-se-emociona-em-conversa-com-michael\/#primaryimage"},"thumbnailUrl":"https:\/\/www.gaveanews.com\/wp-content\/uploads\/Michael-corre-para-comemorar-o-seu-gol-no-jogo-entre-Flamengo-e-Defensa-y-Justicia-pela-Copa-Libertadores-da-temporada-de-2021.webp","datePublished":"2021-09-21T23:50:00+00:00","author":{"@id":"https:\/\/www.gaveanews.com\/#\/schema\/person\/2ec14f73fb96be2caf28f91afb14749d"},"breadcrumb":{"@id":"https:\/\/www.gaveanews.com\/index.php\/2021\/09\/21\/torcedor-do-flamengo-que-sofreu-com-complicacoes-da-covid-19-se-emociona-em-conversa-com-michael\/#breadcrumb"},"inLanguage":"pt-BR","potentialAction":[{"@type":"ReadAction","target":["https:\/\/www.gaveanews.com\/index.php\/2021\/09\/21\/torcedor-do-flamengo-que-sofreu-com-complicacoes-da-covid-19-se-emociona-em-conversa-com-michael\/"]}]},{"@type":"ImageObject","inLanguage":"pt-BR","@id":"https:\/\/www.gaveanews.com\/index.php\/2021\/09\/21\/torcedor-do-flamengo-que-sofreu-com-complicacoes-da-covid-19-se-emociona-em-conversa-com-michael\/#primaryimage","url":"https:\/\/www.gaveanews.com\/wp-content\/uploads\/Michael-corre-para-comemorar-o-seu-gol-no-jogo-entre-Flamengo-e-Defensa-y-Justicia-pela-Copa-Libertadores-da-temporada-de-2021.webp","contentUrl":"https:\/\/www.gaveanews.com\/wp-content\/uploads\/Michael-corre-para-comemorar-o-seu-gol-no-jogo-entre-Flamengo-e-Defensa-y-Justicia-pela-Copa-Libertadores-da-temporada-de-2021.webp","width":799,"height":533,"caption":"Michael corre para comemorar o seu gol no jogo entre Flamengo e Defensa y Justicia pela Copa Libertadores da temporada de 2021 (Foto: Alexandre Vidal\/Flamengo)"},{"@type":"BreadcrumbList","@id":"https:\/\/www.gaveanews.com\/index.php\/2021\/09\/21\/torcedor-do-flamengo-que-sofreu-com-complicacoes-da-covid-19-se-emociona-em-conversa-com-michael\/#breadcrumb","itemListElement":[{"@type":"ListItem","position":1,"name":"Home","item":"https:\/\/www.gaveanews.com\/"},{"@type":"ListItem","position":2,"name":"Torcedor do Flamengo que sofreu com complica\u00e7\u00f5es da Covid-19 se emociona em conversa com Michael"}]},{"@type":"WebSite","@id":"https:\/\/www.gaveanews.com\/#website","url":"https:\/\/www.gaveanews.com\/","name":"G\u00e1vea News","description":"Veja todas as not\u00edcias sobre o Flamengo: Contrata\u00e7\u00f5es, categorias de base, resultados das partidas, tabela de classifica\u00e7\u00e3o, pr\u00f3ximos jogos!","potentialAction":[{"@type":"SearchAction","target":{"@type":"EntryPoint","urlTemplate":"https:\/\/www.gaveanews.com\/?s={search_term_string}"},"query-input":{"@type":"PropertyValueSpecification","valueRequired":true,"valueName":"search_term_string"}}],"inLanguage":"pt-BR"},{"@type":"Person","@id":"https:\/\/www.gaveanews.com\/#\/schema\/person\/2ec14f73fb96be2caf28f91afb14749d","name":"Equipe G\u00e1vea News","image":{"@type":"ImageObject","inLanguage":"pt-BR","@id":"https:\/\/www.gaveanews.com\/#\/schema\/person\/image\/","url":"https:\/\/secure.gravatar.com\/avatar\/1e1956f1facbffd3f8fa53a326721950116b3b9dc9bd44939c01180fd4a745a9?s=96&d=mm&r=g","contentUrl":"https:\/\/secure.gravatar.com\/avatar\/1e1956f1facbffd3f8fa53a326721950116b3b9dc9bd44939c01180fd4a745a9?s=96&d=mm&r=g","caption":"Equipe G\u00e1vea News"}}]}},"_links":{"self":[{"href":"https:\/\/www.gaveanews.com\/index.php\/wp-json\/wp\/v2\/posts\/68539","targetHints":{"allow":["GET"]}}],"collection":[{"href":"https:\/\/www.gaveanews.com\/index.php\/wp-json\/wp\/v2\/posts"}],"about":[{"href":"https:\/\/www.gaveanews.com\/index.php\/wp-json\/wp\/v2\/types\/post"}],"author":[{"embeddable":true,"href":"https:\/\/www.gaveanews.com\/index.php\/wp-json\/wp\/v2\/users\/1"}],"replies":[{"embeddable":true,"href":"https:\/\/www.gaveanews.com\/index.php\/wp-json\/wp\/v2\/comments?post=68539"}],"version-history":[{"count":0,"href":"https:\/\/www.gaveanews.com\/index.php\/wp-json\/wp\/v2\/posts\/68539\/revisions"}],"wp:featuredmedia":[{"embeddable":true,"href":"https:\/\/www.gaveanews.com\/index.php\/wp-json\/wp\/v2\/media\/64458"}],"wp:attachment":[{"href":"https:\/\/www.gaveanews.com\/index.php\/wp-json\/wp\/v2\/media?parent=68539"}],"wp:term":[{"taxonomy":"category","embeddable":true,"href":"https:\/\/www.gaveanews.com\/index.php\/wp-json\/wp\/v2\/categories?post=68539"},{"taxonomy":"post_tag","embeddable":true,"href":"https:\/\/www.gaveanews.com\/index.php\/wp-json\/wp\/v2\/tags?post=68539"}],"curies":[{"name":"wp","href":"https:\/\/api.w.org\/{rel}","templated":true}]}}