{"id":68569,"date":"2021-09-22T09:03:08","date_gmt":"2021-09-22T12:03:08","guid":{"rendered":"https:\/\/www.gaveanews.com\/?p=68569"},"modified":"2021-09-22T09:03:11","modified_gmt":"2021-09-22T12:03:11","slug":"david-luiz-convence-renato-de-que-esta-pronto-para-estrear-pelo-flamengo","status":"publish","type":"post","link":"https:\/\/www.gaveanews.com\/index.php\/2021\/09\/22\/david-luiz-convence-renato-de-que-esta-pronto-para-estrear-pelo-flamengo\/","title":{"rendered":"David Luiz convence Renato de que est\u00e1 pronto para estrear pelo Flamengo"},"content":{"rendered":"\n<p>Ap\u00f3s apenas nove dias desde que fez as primeiras avalia\u00e7\u00f5es f\u00edsicas, David Luiz est\u00e1 pr\u00f3ximo de fazer sua estreia pelo Flamengo. Apesar de n\u00e3o jogar h\u00e1 143 dias, precisou de pouco tempo para impressionar o t\u00e9cnico Renato Ga\u00facho com sua evolu\u00e7\u00e3o, e ser\u00e1 titular contra o Barcelona, nesta quarta-feira, no Maracan\u00e3, pela Libertadores.<\/p>\n\n\n\n<p>O cuidado que o zagueiro teve ap\u00f3s sua sa\u00edda do Arsenal, com direito a alimenta\u00e7\u00e3o regrada e constante atividade f\u00edsica com profissionais de sua confian\u00e7a, foi determinante. Nas primeiras avalia\u00e7\u00f5es, dia 13 de setembro, ele teve \u00f3timos n\u00fameros de percentual de gordura e n\u00edveis de for\u00e7a e pot\u00eancia.<\/p>\n\n\n\n<p>Nos dias em que trabalhou no Ninho do Urubu, David Luiz fez treinamentos intensivos, inclusive no s\u00e1bado e domingo, quando disputou um jogo-treino e deu mais confian\u00e7a a Renato para escal\u00e1-lo nesta quarta.<\/p>\n\n\n\n<p>O Departamento de Sa\u00fade e Alto Rendimento (Desar) controlou as cargas e aumentou gradativamente ao longo da \u00faltima semana. Dos dias 13 a 21, realizou 40 km de dist\u00e2ncia total e 2 km de dist\u00e2ncia de alta intensidade.<\/p>\n\n\n\n<p>A r\u00e1pida evolu\u00e7\u00e3o de David Luiz convenceu Renato, mas o zagueiro segue em processo evolutivo. Nesta quarta, para um Maracan\u00e3 que receber\u00e1 mais de 20 mil torcedores, ele faz sua estreia ao lado de Rodrigo Caio.<\/p>\n\n\n\n<p>Retirado de: Globo Esporte<\/p>\n","protected":false},"excerpt":{"rendered":"<p>Ap\u00f3s apenas nove dias desde que fez as primeiras avalia\u00e7\u00f5es f\u00edsicas, David Luiz est\u00e1 pr\u00f3ximo de fazer sua estreia pelo Flamengo. Apesar de n\u00e3o jogar h\u00e1 143 dias, precisou de pouco tempo para impressionar o t\u00e9cnico Renato Ga\u00facho com sua evolu\u00e7\u00e3o, e ser\u00e1 titular contra o Barcelona, nesta quarta-feira, no Maracan\u00e3, pela Libertadores. O cuidado [&hellip;]<\/p>\n","protected":false},"author":1,"featured_media":68499,"comment_status":"open","ping_status":"closed","sticky":false,"template":"","format":"standard","meta":{"footnotes":""},"categories":[47],"tags":[],"class_list":["post-68569","post","type-post","status-publish","format-standard","has-post-thumbnail","hentry","category-destaques"],"yoast_head":"<!-- This site is optimized with the Yoast SEO Premium plugin v24.2 (Yoast SEO v26.9) - https:\/\/yoast.com\/product\/yoast-seo-premium-wordpress\/ -->\n<title>David Luiz convence Renato de que est\u00e1 pronto para estrear pelo Flamengo<\/title>\n<meta name=\"robots\" content=\"index, follow, max-snippet:-1, max-image-preview:large, max-video-preview:-1\" \/>\n<link rel=\"canonical\" href=\"https:\/\/www.gaveanews.com\/index.php\/2021\/09\/22\/david-luiz-convence-renato-de-que-esta-pronto-para-estrear-pelo-flamengo\/\" \/>\n<meta property=\"og:locale\" content=\"pt_BR\" \/>\n<meta property=\"og:type\" content=\"article\" \/>\n<meta property=\"og:title\" content=\"David Luiz convence Renato de que est\u00e1 pronto para estrear pelo Flamengo\" \/>\n<meta property=\"og:description\" content=\"Ap\u00f3s apenas nove dias desde que fez as primeiras avalia\u00e7\u00f5es f\u00edsicas, David Luiz est\u00e1 pr\u00f3ximo de fazer sua estreia pelo Flamengo. Apesar de n\u00e3o jogar h\u00e1 143 dias, precisou de pouco tempo para impressionar o t\u00e9cnico Renato Ga\u00facho com sua evolu\u00e7\u00e3o, e ser\u00e1 titular contra o Barcelona, nesta quarta-feira, no Maracan\u00e3, pela Libertadores. O cuidado [&hellip;]\" \/>\n<meta property=\"og:url\" content=\"https:\/\/www.gaveanews.com\/index.php\/2021\/09\/22\/david-luiz-convence-renato-de-que-esta-pronto-para-estrear-pelo-flamengo\/\" \/>\n<meta property=\"og:site_name\" content=\"G\u00e1vea News\" \/>\n<meta property=\"article:publisher\" content=\"https:\/\/facebook.com\/gaveaNews\/\" \/>\n<meta property=\"article:published_time\" content=\"2021-09-22T12:03:08+00:00\" \/>\n<meta property=\"article:modified_time\" content=\"2021-09-22T12:03:11+00:00\" \/>\n<meta property=\"og:image\" content=\"https:\/\/www.gaveanews.com\/wp-content\/uploads\/David-Luiz-em-treinamento-do-Flamengo-no-Ninho-do-Urubu.webp\" \/>\n\t<meta property=\"og:image:width\" content=\"800\" \/>\n\t<meta property=\"og:image:height\" content=\"533\" \/>\n\t<meta property=\"og:image:type\" content=\"image\/jpeg\" \/>\n<meta name=\"author\" content=\"Equipe G\u00e1vea News\" \/>\n<meta name=\"twitter:card\" content=\"summary_large_image\" \/>\n<meta name=\"twitter:label1\" content=\"Escrito por\" \/>\n\t<meta name=\"twitter:data1\" content=\"Equipe G\u00e1vea News\" \/>\n\t<meta name=\"twitter:label2\" content=\"Est. tempo de leitura\" \/>\n\t<meta name=\"twitter:data2\" content=\"1 minuto\" \/>\n<script type=\"application\/ld+json\" class=\"yoast-schema-graph\">{\"@context\":\"https:\/\/schema.org\",\"@graph\":[{\"@type\":\"NewsArticle\",\"@id\":\"https:\/\/www.gaveanews.com\/index.php\/2021\/09\/22\/david-luiz-convence-renato-de-que-esta-pronto-para-estrear-pelo-flamengo\/#article\",\"isPartOf\":{\"@id\":\"https:\/\/www.gaveanews.com\/index.php\/2021\/09\/22\/david-luiz-convence-renato-de-que-esta-pronto-para-estrear-pelo-flamengo\/\"},\"author\":{\"name\":\"Equipe G\u00e1vea News\",\"@id\":\"https:\/\/www.gaveanews.com\/#\/schema\/person\/2ec14f73fb96be2caf28f91afb14749d\"},\"headline\":\"David Luiz convence Renato de que est\u00e1 pronto para estrear pelo Flamengo\",\"datePublished\":\"2021-09-22T12:03:08+00:00\",\"dateModified\":\"2021-09-22T12:03:11+00:00\",\"mainEntityOfPage\":{\"@id\":\"https:\/\/www.gaveanews.com\/index.php\/2021\/09\/22\/david-luiz-convence-renato-de-que-esta-pronto-para-estrear-pelo-flamengo\/\"},\"wordCount\":243,\"commentCount\":7,\"image\":{\"@id\":\"https:\/\/www.gaveanews.com\/index.php\/2021\/09\/22\/david-luiz-convence-renato-de-que-esta-pronto-para-estrear-pelo-flamengo\/#primaryimage\"},\"thumbnailUrl\":\"https:\/\/www.gaveanews.com\/wp-content\/uploads\/David-Luiz-em-treinamento-do-Flamengo-no-Ninho-do-Urubu.webp\",\"articleSection\":[\"Destaques\"],\"inLanguage\":\"pt-BR\",\"potentialAction\":[{\"@type\":\"CommentAction\",\"name\":\"Comment\",\"target\":[\"https:\/\/www.gaveanews.com\/index.php\/2021\/09\/22\/david-luiz-convence-renato-de-que-esta-pronto-para-estrear-pelo-flamengo\/#respond\"]}],\"copyrightYear\":\"2021\",\"copyrightHolder\":{\"@id\":\"https:\/\/www.gaveanews.com\/#organization\"}},{\"@type\":\"WebPage\",\"@id\":\"https:\/\/www.gaveanews.com\/index.php\/2021\/09\/22\/david-luiz-convence-renato-de-que-esta-pronto-para-estrear-pelo-flamengo\/\",\"url\":\"https:\/\/www.gaveanews.com\/index.php\/2021\/09\/22\/david-luiz-convence-renato-de-que-esta-pronto-para-estrear-pelo-flamengo\/\",\"name\":\"David Luiz convence Renato de que est\u00e1 pronto para estrear pelo Flamengo\",\"isPartOf\":{\"@id\":\"https:\/\/www.gaveanews.com\/#website\"},\"primaryImageOfPage\":{\"@id\":\"https:\/\/www.gaveanews.com\/index.php\/2021\/09\/22\/david-luiz-convence-renato-de-que-esta-pronto-para-estrear-pelo-flamengo\/#primaryimage\"},\"image\":{\"@id\":\"https:\/\/www.gaveanews.com\/index.php\/2021\/09\/22\/david-luiz-convence-renato-de-que-esta-pronto-para-estrear-pelo-flamengo\/#primaryimage\"},\"thumbnailUrl\":\"https:\/\/www.gaveanews.com\/wp-content\/uploads\/David-Luiz-em-treinamento-do-Flamengo-no-Ninho-do-Urubu.webp\",\"datePublished\":\"2021-09-22T12:03:08+00:00\",\"dateModified\":\"2021-09-22T12:03:11+00:00\",\"author\":{\"@id\":\"https:\/\/www.gaveanews.com\/#\/schema\/person\/2ec14f73fb96be2caf28f91afb14749d\"},\"breadcrumb\":{\"@id\":\"https:\/\/www.gaveanews.com\/index.php\/2021\/09\/22\/david-luiz-convence-renato-de-que-esta-pronto-para-estrear-pelo-flamengo\/#breadcrumb\"},\"inLanguage\":\"pt-BR\",\"potentialAction\":[{\"@type\":\"ReadAction\",\"target\":[\"https:\/\/www.gaveanews.com\/index.php\/2021\/09\/22\/david-luiz-convence-renato-de-que-esta-pronto-para-estrear-pelo-flamengo\/\"]}]},{\"@type\":\"ImageObject\",\"inLanguage\":\"pt-BR\",\"@id\":\"https:\/\/www.gaveanews.com\/index.php\/2021\/09\/22\/david-luiz-convence-renato-de-que-esta-pronto-para-estrear-pelo-flamengo\/#primaryimage\",\"url\":\"https:\/\/www.gaveanews.com\/wp-content\/uploads\/David-Luiz-em-treinamento-do-Flamengo-no-Ninho-do-Urubu.webp\",\"contentUrl\":\"https:\/\/www.gaveanews.com\/wp-content\/uploads\/David-Luiz-em-treinamento-do-Flamengo-no-Ninho-do-Urubu.webp\",\"width\":800,\"height\":533,\"caption\":\"David Luiz em treinamento do Flamengo no Ninho do Urubu (Foto: Marcelo Cortes\/Flamengo)\"},{\"@type\":\"BreadcrumbList\",\"@id\":\"https:\/\/www.gaveanews.com\/index.php\/2021\/09\/22\/david-luiz-convence-renato-de-que-esta-pronto-para-estrear-pelo-flamengo\/#breadcrumb\",\"itemListElement\":[{\"@type\":\"ListItem\",\"position\":1,\"name\":\"Home\",\"item\":\"https:\/\/www.gaveanews.com\/\"},{\"@type\":\"ListItem\",\"position\":2,\"name\":\"David Luiz convence Renato de que est\u00e1 pronto para estrear pelo Flamengo\"}]},{\"@type\":\"WebSite\",\"@id\":\"https:\/\/www.gaveanews.com\/#website\",\"url\":\"https:\/\/www.gaveanews.com\/\",\"name\":\"G\u00e1vea News\",\"description\":\"Veja todas as not\u00edcias sobre o Flamengo: Contrata\u00e7\u00f5es, categorias de base, resultados das partidas, tabela de classifica\u00e7\u00e3o, pr\u00f3ximos jogos!\",\"potentialAction\":[{\"@type\":\"SearchAction\",\"target\":{\"@type\":\"EntryPoint\",\"urlTemplate\":\"https:\/\/www.gaveanews.com\/?s={search_term_string}\"},\"query-input\":{\"@type\":\"PropertyValueSpecification\",\"valueRequired\":true,\"valueName\":\"search_term_string\"}}],\"inLanguage\":\"pt-BR\"},{\"@type\":\"Person\",\"@id\":\"https:\/\/www.gaveanews.com\/#\/schema\/person\/2ec14f73fb96be2caf28f91afb14749d\",\"name\":\"Equipe G\u00e1vea News\",\"image\":{\"@type\":\"ImageObject\",\"inLanguage\":\"pt-BR\",\"@id\":\"https:\/\/www.gaveanews.com\/#\/schema\/person\/image\/\",\"url\":\"https:\/\/secure.gravatar.com\/avatar\/1e1956f1facbffd3f8fa53a326721950116b3b9dc9bd44939c01180fd4a745a9?s=96&d=mm&r=g\",\"contentUrl\":\"https:\/\/secure.gravatar.com\/avatar\/1e1956f1facbffd3f8fa53a326721950116b3b9dc9bd44939c01180fd4a745a9?s=96&d=mm&r=g\",\"caption\":\"Equipe G\u00e1vea News\"}}]}<\/script>\n<!-- \/ Yoast SEO Premium plugin. -->","yoast_head_json":{"title":"David Luiz convence Renato de que est\u00e1 pronto para estrear pelo Flamengo","robots":{"index":"index","follow":"follow","max-snippet":"max-snippet:-1","max-image-preview":"max-image-preview:large","max-video-preview":"max-video-preview:-1"},"canonical":"https:\/\/www.gaveanews.com\/index.php\/2021\/09\/22\/david-luiz-convence-renato-de-que-esta-pronto-para-estrear-pelo-flamengo\/","og_locale":"pt_BR","og_type":"article","og_title":"David Luiz convence Renato de que est\u00e1 pronto para estrear pelo Flamengo","og_description":"Ap\u00f3s apenas nove dias desde que fez as primeiras avalia\u00e7\u00f5es f\u00edsicas, David Luiz est\u00e1 pr\u00f3ximo de fazer sua estreia pelo Flamengo. Apesar de n\u00e3o jogar h\u00e1 143 dias, precisou de pouco tempo para impressionar o t\u00e9cnico Renato Ga\u00facho com sua evolu\u00e7\u00e3o, e ser\u00e1 titular contra o Barcelona, nesta quarta-feira, no Maracan\u00e3, pela Libertadores. O cuidado [&hellip;]","og_url":"https:\/\/www.gaveanews.com\/index.php\/2021\/09\/22\/david-luiz-convence-renato-de-que-esta-pronto-para-estrear-pelo-flamengo\/","og_site_name":"G\u00e1vea News","article_publisher":"https:\/\/facebook.com\/gaveaNews\/","article_published_time":"2021-09-22T12:03:08+00:00","article_modified_time":"2021-09-22T12:03:11+00:00","og_image":[{"width":800,"height":533,"url":"https:\/\/www.gaveanews.com\/wp-content\/uploads\/David-Luiz-em-treinamento-do-Flamengo-no-Ninho-do-Urubu.webp","type":"image\/jpeg"}],"author":"Equipe G\u00e1vea News","twitter_card":"summary_large_image","twitter_misc":{"Escrito por":"Equipe G\u00e1vea News","Est. tempo de leitura":"1 minuto"},"schema":{"@context":"https:\/\/schema.org","@graph":[{"@type":"NewsArticle","@id":"https:\/\/www.gaveanews.com\/index.php\/2021\/09\/22\/david-luiz-convence-renato-de-que-esta-pronto-para-estrear-pelo-flamengo\/#article","isPartOf":{"@id":"https:\/\/www.gaveanews.com\/index.php\/2021\/09\/22\/david-luiz-convence-renato-de-que-esta-pronto-para-estrear-pelo-flamengo\/"},"author":{"name":"Equipe G\u00e1vea News","@id":"https:\/\/www.gaveanews.com\/#\/schema\/person\/2ec14f73fb96be2caf28f91afb14749d"},"headline":"David Luiz convence Renato de que est\u00e1 pronto para estrear pelo Flamengo","datePublished":"2021-09-22T12:03:08+00:00","dateModified":"2021-09-22T12:03:11+00:00","mainEntityOfPage":{"@id":"https:\/\/www.gaveanews.com\/index.php\/2021\/09\/22\/david-luiz-convence-renato-de-que-esta-pronto-para-estrear-pelo-flamengo\/"},"wordCount":243,"commentCount":7,"image":{"@id":"https:\/\/www.gaveanews.com\/index.php\/2021\/09\/22\/david-luiz-convence-renato-de-que-esta-pronto-para-estrear-pelo-flamengo\/#primaryimage"},"thumbnailUrl":"https:\/\/www.gaveanews.com\/wp-content\/uploads\/David-Luiz-em-treinamento-do-Flamengo-no-Ninho-do-Urubu.webp","articleSection":["Destaques"],"inLanguage":"pt-BR","potentialAction":[{"@type":"CommentAction","name":"Comment","target":["https:\/\/www.gaveanews.com\/index.php\/2021\/09\/22\/david-luiz-convence-renato-de-que-esta-pronto-para-estrear-pelo-flamengo\/#respond"]}],"copyrightYear":"2021","copyrightHolder":{"@id":"https:\/\/www.gaveanews.com\/#organization"}},{"@type":"WebPage","@id":"https:\/\/www.gaveanews.com\/index.php\/2021\/09\/22\/david-luiz-convence-renato-de-que-esta-pronto-para-estrear-pelo-flamengo\/","url":"https:\/\/www.gaveanews.com\/index.php\/2021\/09\/22\/david-luiz-convence-renato-de-que-esta-pronto-para-estrear-pelo-flamengo\/","name":"David Luiz convence Renato de que est\u00e1 pronto para estrear pelo Flamengo","isPartOf":{"@id":"https:\/\/www.gaveanews.com\/#website"},"primaryImageOfPage":{"@id":"https:\/\/www.gaveanews.com\/index.php\/2021\/09\/22\/david-luiz-convence-renato-de-que-esta-pronto-para-estrear-pelo-flamengo\/#primaryimage"},"image":{"@id":"https:\/\/www.gaveanews.com\/index.php\/2021\/09\/22\/david-luiz-convence-renato-de-que-esta-pronto-para-estrear-pelo-flamengo\/#primaryimage"},"thumbnailUrl":"https:\/\/www.gaveanews.com\/wp-content\/uploads\/David-Luiz-em-treinamento-do-Flamengo-no-Ninho-do-Urubu.webp","datePublished":"2021-09-22T12:03:08+00:00","dateModified":"2021-09-22T12:03:11+00:00","author":{"@id":"https:\/\/www.gaveanews.com\/#\/schema\/person\/2ec14f73fb96be2caf28f91afb14749d"},"breadcrumb":{"@id":"https:\/\/www.gaveanews.com\/index.php\/2021\/09\/22\/david-luiz-convence-renato-de-que-esta-pronto-para-estrear-pelo-flamengo\/#breadcrumb"},"inLanguage":"pt-BR","potentialAction":[{"@type":"ReadAction","target":["https:\/\/www.gaveanews.com\/index.php\/2021\/09\/22\/david-luiz-convence-renato-de-que-esta-pronto-para-estrear-pelo-flamengo\/"]}]},{"@type":"ImageObject","inLanguage":"pt-BR","@id":"https:\/\/www.gaveanews.com\/index.php\/2021\/09\/22\/david-luiz-convence-renato-de-que-esta-pronto-para-estrear-pelo-flamengo\/#primaryimage","url":"https:\/\/www.gaveanews.com\/wp-content\/uploads\/David-Luiz-em-treinamento-do-Flamengo-no-Ninho-do-Urubu.webp","contentUrl":"https:\/\/www.gaveanews.com\/wp-content\/uploads\/David-Luiz-em-treinamento-do-Flamengo-no-Ninho-do-Urubu.webp","width":800,"height":533,"caption":"David Luiz em treinamento do Flamengo no Ninho do Urubu (Foto: Marcelo Cortes\/Flamengo)"},{"@type":"BreadcrumbList","@id":"https:\/\/www.gaveanews.com\/index.php\/2021\/09\/22\/david-luiz-convence-renato-de-que-esta-pronto-para-estrear-pelo-flamengo\/#breadcrumb","itemListElement":[{"@type":"ListItem","position":1,"name":"Home","item":"https:\/\/www.gaveanews.com\/"},{"@type":"ListItem","position":2,"name":"David Luiz convence Renato de que est\u00e1 pronto para estrear pelo Flamengo"}]},{"@type":"WebSite","@id":"https:\/\/www.gaveanews.com\/#website","url":"https:\/\/www.gaveanews.com\/","name":"G\u00e1vea News","description":"Veja todas as not\u00edcias sobre o Flamengo: Contrata\u00e7\u00f5es, categorias de base, resultados das partidas, tabela de classifica\u00e7\u00e3o, pr\u00f3ximos jogos!","potentialAction":[{"@type":"SearchAction","target":{"@type":"EntryPoint","urlTemplate":"https:\/\/www.gaveanews.com\/?s={search_term_string}"},"query-input":{"@type":"PropertyValueSpecification","valueRequired":true,"valueName":"search_term_string"}}],"inLanguage":"pt-BR"},{"@type":"Person","@id":"https:\/\/www.gaveanews.com\/#\/schema\/person\/2ec14f73fb96be2caf28f91afb14749d","name":"Equipe G\u00e1vea News","image":{"@type":"ImageObject","inLanguage":"pt-BR","@id":"https:\/\/www.gaveanews.com\/#\/schema\/person\/image\/","url":"https:\/\/secure.gravatar.com\/avatar\/1e1956f1facbffd3f8fa53a326721950116b3b9dc9bd44939c01180fd4a745a9?s=96&d=mm&r=g","contentUrl":"https:\/\/secure.gravatar.com\/avatar\/1e1956f1facbffd3f8fa53a326721950116b3b9dc9bd44939c01180fd4a745a9?s=96&d=mm&r=g","caption":"Equipe G\u00e1vea News"}}]}},"_links":{"self":[{"href":"https:\/\/www.gaveanews.com\/index.php\/wp-json\/wp\/v2\/posts\/68569","targetHints":{"allow":["GET"]}}],"collection":[{"href":"https:\/\/www.gaveanews.com\/index.php\/wp-json\/wp\/v2\/posts"}],"about":[{"href":"https:\/\/www.gaveanews.com\/index.php\/wp-json\/wp\/v2\/types\/post"}],"author":[{"embeddable":true,"href":"https:\/\/www.gaveanews.com\/index.php\/wp-json\/wp\/v2\/users\/1"}],"replies":[{"embeddable":true,"href":"https:\/\/www.gaveanews.com\/index.php\/wp-json\/wp\/v2\/comments?post=68569"}],"version-history":[{"count":0,"href":"https:\/\/www.gaveanews.com\/index.php\/wp-json\/wp\/v2\/posts\/68569\/revisions"}],"wp:featuredmedia":[{"embeddable":true,"href":"https:\/\/www.gaveanews.com\/index.php\/wp-json\/wp\/v2\/media\/68499"}],"wp:attachment":[{"href":"https:\/\/www.gaveanews.com\/index.php\/wp-json\/wp\/v2\/media?parent=68569"}],"wp:term":[{"taxonomy":"category","embeddable":true,"href":"https:\/\/www.gaveanews.com\/index.php\/wp-json\/wp\/v2\/categories?post=68569"},{"taxonomy":"post_tag","embeddable":true,"href":"https:\/\/www.gaveanews.com\/index.php\/wp-json\/wp\/v2\/tags?post=68569"}],"curies":[{"name":"wp","href":"https:\/\/api.w.org\/{rel}","templated":true}]}}