{"id":68911,"date":"2021-09-27T19:36:17","date_gmt":"2021-09-27T22:36:17","guid":{"rendered":"https:\/\/www.gaveanews.com\/?p=68911"},"modified":"2021-09-27T19:36:20","modified_gmt":"2021-09-27T22:36:20","slug":"david-luiz-doa-camisa-autografada-do-flamengo-para-leilao","status":"publish","type":"post","link":"https:\/\/www.gaveanews.com\/index.php\/2021\/09\/27\/david-luiz-doa-camisa-autografada-do-flamengo-para-leilao\/","title":{"rendered":"David Luiz doa camisa autografada do Flamengo para leil\u00e3o"},"content":{"rendered":"\n<p>O novo zagueiro do Flamengo David Luiz, que estreou diante do Barcelona (EQU) pela Libertadores, doou uma camisa do clube autografada para o site Play For a Cause, que promove leil\u00f5es beneficentes de itens esportivos para projetos sociais.<\/p>\n\n\n\n<p>No total, s\u00e3o 49 programas cadastrados que recebem o impacto social gerado pelos leil\u00f5es promovidos em todo Brasil, colaborando com investimentos em educa\u00e7\u00e3o e inclus\u00e3o no pa\u00eds.<\/p>\n\n\n\n<p id=\"p636958-m410-2-411\">A camisa de David Luiz est\u00e1 dispon\u00edvel para lances por meio do\u00a0<a href=\"https:\/\/foracause.com.br\/loja\/esportes\/futebol\/times\/camisa-flamengo-david-luiz-autografada\/?v=19d3326f3137\"><strong>site<\/strong><\/a>\u00a0da organiza\u00e7\u00e3o. O leil\u00e3o vai at\u00e9 \u00e0s 19h desta quinta-feira, dia 30 de setembro.\u00a0<\/p>\n\n\n\n<p>A organiza\u00e7\u00e3o conecta em experi\u00eancia f\u00e3 e \u00eddolo em forma de leil\u00f5es sociais de itens esportivos, al\u00e9m de a\u00e7\u00f5es com clubes e institui\u00e7\u00f5es na cria\u00e7\u00e3o de novas oportunidades que promovam benef\u00edcios a quem mais precisa. Em pouco mais de um ano de atua\u00e7\u00e3o, a empresa doou centenas de milhares de reais.<\/p>\n\n\n\n<p>Ap\u00f3s anos de sucesso em clubes da Europa e defendendo a sele\u00e7\u00e3o brasileira, David Luiz estreou pelo Flamengo na \u00faltima quarta-feira, dia 22.<\/p>\n\n\n\n<p>Retirado de: Lance<\/p>\n","protected":false},"excerpt":{"rendered":"<p>O novo zagueiro do Flamengo David Luiz, que estreou diante do Barcelona (EQU) pela Libertadores, doou uma camisa do clube autografada para o site Play For a Cause, que promove leil\u00f5es beneficentes de itens esportivos para projetos sociais. No total, s\u00e3o 49 programas cadastrados que recebem o impacto social gerado pelos leil\u00f5es promovidos em todo [&hellip;]<\/p>\n","protected":false},"author":1,"featured_media":68883,"comment_status":"open","ping_status":"closed","sticky":false,"template":"","format":"standard","meta":{"footnotes":""},"categories":[1],"tags":[],"class_list":["post-68911","post","type-post","status-publish","format-standard","has-post-thumbnail","hentry","category-flamengo"],"yoast_head":"<!-- This site is optimized with the Yoast SEO Premium plugin v24.2 (Yoast SEO v26.9) - https:\/\/yoast.com\/product\/yoast-seo-premium-wordpress\/ -->\n<title>David Luiz doa camisa autografada do Flamengo para leil\u00e3o<\/title>\n<meta name=\"robots\" content=\"index, follow, max-snippet:-1, max-image-preview:large, max-video-preview:-1\" \/>\n<link rel=\"canonical\" href=\"https:\/\/www.gaveanews.com\/index.php\/2021\/09\/27\/david-luiz-doa-camisa-autografada-do-flamengo-para-leilao\/\" \/>\n<meta property=\"og:locale\" content=\"pt_BR\" \/>\n<meta property=\"og:type\" content=\"article\" \/>\n<meta property=\"og:title\" content=\"David Luiz doa camisa autografada do Flamengo para leil\u00e3o\" \/>\n<meta property=\"og:description\" content=\"O novo zagueiro do Flamengo David Luiz, que estreou diante do Barcelona (EQU) pela Libertadores, doou uma camisa do clube autografada para o site Play For a Cause, que promove leil\u00f5es beneficentes de itens esportivos para projetos sociais. No total, s\u00e3o 49 programas cadastrados que recebem o impacto social gerado pelos leil\u00f5es promovidos em todo [&hellip;]\" \/>\n<meta property=\"og:url\" content=\"https:\/\/www.gaveanews.com\/index.php\/2021\/09\/27\/david-luiz-doa-camisa-autografada-do-flamengo-para-leilao\/\" \/>\n<meta property=\"og:site_name\" content=\"G\u00e1vea News\" \/>\n<meta property=\"article:publisher\" content=\"https:\/\/facebook.com\/gaveaNews\/\" \/>\n<meta property=\"article:published_time\" content=\"2021-09-27T22:36:17+00:00\" \/>\n<meta property=\"article:modified_time\" content=\"2021-09-27T22:36:20+00:00\" \/>\n<meta property=\"og:image\" content=\"https:\/\/www.gaveanews.com\/wp-content\/uploads\/David-Luiz-em-acao-pelo-Flamengo-contra-o-Barcelona-de-Guayaquil-na-Libertadores-2021.webp\" \/>\n\t<meta property=\"og:image:width\" content=\"799\" \/>\n\t<meta property=\"og:image:height\" content=\"533\" \/>\n\t<meta property=\"og:image:type\" content=\"image\/jpeg\" \/>\n<meta name=\"author\" content=\"Equipe G\u00e1vea News\" \/>\n<meta name=\"twitter:card\" content=\"summary_large_image\" \/>\n<meta name=\"twitter:label1\" content=\"Escrito por\" \/>\n\t<meta name=\"twitter:data1\" content=\"Equipe G\u00e1vea News\" \/>\n\t<meta name=\"twitter:label2\" content=\"Est. tempo de leitura\" \/>\n\t<meta name=\"twitter:data2\" content=\"1 minuto\" \/>\n<script type=\"application\/ld+json\" class=\"yoast-schema-graph\">{\"@context\":\"https:\/\/schema.org\",\"@graph\":[{\"@type\":\"NewsArticle\",\"@id\":\"https:\/\/www.gaveanews.com\/index.php\/2021\/09\/27\/david-luiz-doa-camisa-autografada-do-flamengo-para-leilao\/#article\",\"isPartOf\":{\"@id\":\"https:\/\/www.gaveanews.com\/index.php\/2021\/09\/27\/david-luiz-doa-camisa-autografada-do-flamengo-para-leilao\/\"},\"author\":{\"name\":\"Equipe G\u00e1vea News\",\"@id\":\"https:\/\/www.gaveanews.com\/#\/schema\/person\/2ec14f73fb96be2caf28f91afb14749d\"},\"headline\":\"David Luiz doa camisa autografada do Flamengo para leil\u00e3o\",\"datePublished\":\"2021-09-27T22:36:17+00:00\",\"dateModified\":\"2021-09-27T22:36:20+00:00\",\"mainEntityOfPage\":{\"@id\":\"https:\/\/www.gaveanews.com\/index.php\/2021\/09\/27\/david-luiz-doa-camisa-autografada-do-flamengo-para-leilao\/\"},\"wordCount\":196,\"commentCount\":1,\"image\":{\"@id\":\"https:\/\/www.gaveanews.com\/index.php\/2021\/09\/27\/david-luiz-doa-camisa-autografada-do-flamengo-para-leilao\/#primaryimage\"},\"thumbnailUrl\":\"https:\/\/www.gaveanews.com\/wp-content\/uploads\/David-Luiz-em-acao-pelo-Flamengo-contra-o-Barcelona-de-Guayaquil-na-Libertadores-2021.webp\",\"articleSection\":[\"Flamengo\"],\"inLanguage\":\"pt-BR\",\"potentialAction\":[{\"@type\":\"CommentAction\",\"name\":\"Comment\",\"target\":[\"https:\/\/www.gaveanews.com\/index.php\/2021\/09\/27\/david-luiz-doa-camisa-autografada-do-flamengo-para-leilao\/#respond\"]}],\"copyrightYear\":\"2021\",\"copyrightHolder\":{\"@id\":\"https:\/\/www.gaveanews.com\/#organization\"}},{\"@type\":\"WebPage\",\"@id\":\"https:\/\/www.gaveanews.com\/index.php\/2021\/09\/27\/david-luiz-doa-camisa-autografada-do-flamengo-para-leilao\/\",\"url\":\"https:\/\/www.gaveanews.com\/index.php\/2021\/09\/27\/david-luiz-doa-camisa-autografada-do-flamengo-para-leilao\/\",\"name\":\"David Luiz doa camisa autografada do Flamengo para leil\u00e3o\",\"isPartOf\":{\"@id\":\"https:\/\/www.gaveanews.com\/#website\"},\"primaryImageOfPage\":{\"@id\":\"https:\/\/www.gaveanews.com\/index.php\/2021\/09\/27\/david-luiz-doa-camisa-autografada-do-flamengo-para-leilao\/#primaryimage\"},\"image\":{\"@id\":\"https:\/\/www.gaveanews.com\/index.php\/2021\/09\/27\/david-luiz-doa-camisa-autografada-do-flamengo-para-leilao\/#primaryimage\"},\"thumbnailUrl\":\"https:\/\/www.gaveanews.com\/wp-content\/uploads\/David-Luiz-em-acao-pelo-Flamengo-contra-o-Barcelona-de-Guayaquil-na-Libertadores-2021.webp\",\"datePublished\":\"2021-09-27T22:36:17+00:00\",\"dateModified\":\"2021-09-27T22:36:20+00:00\",\"author\":{\"@id\":\"https:\/\/www.gaveanews.com\/#\/schema\/person\/2ec14f73fb96be2caf28f91afb14749d\"},\"breadcrumb\":{\"@id\":\"https:\/\/www.gaveanews.com\/index.php\/2021\/09\/27\/david-luiz-doa-camisa-autografada-do-flamengo-para-leilao\/#breadcrumb\"},\"inLanguage\":\"pt-BR\",\"potentialAction\":[{\"@type\":\"ReadAction\",\"target\":[\"https:\/\/www.gaveanews.com\/index.php\/2021\/09\/27\/david-luiz-doa-camisa-autografada-do-flamengo-para-leilao\/\"]}]},{\"@type\":\"ImageObject\",\"inLanguage\":\"pt-BR\",\"@id\":\"https:\/\/www.gaveanews.com\/index.php\/2021\/09\/27\/david-luiz-doa-camisa-autografada-do-flamengo-para-leilao\/#primaryimage\",\"url\":\"https:\/\/www.gaveanews.com\/wp-content\/uploads\/David-Luiz-em-acao-pelo-Flamengo-contra-o-Barcelona-de-Guayaquil-na-Libertadores-2021.webp\",\"contentUrl\":\"https:\/\/www.gaveanews.com\/wp-content\/uploads\/David-Luiz-em-acao-pelo-Flamengo-contra-o-Barcelona-de-Guayaquil-na-Libertadores-2021.webp\",\"width\":799,\"height\":533,\"caption\":\"David Luiz em a\u00e7\u00e3o pelo Flamengo contra o Barcelona de Guayaquil na Libertadores 2021 (Foto: Gilvan de Souza\/Flamengo)\"},{\"@type\":\"BreadcrumbList\",\"@id\":\"https:\/\/www.gaveanews.com\/index.php\/2021\/09\/27\/david-luiz-doa-camisa-autografada-do-flamengo-para-leilao\/#breadcrumb\",\"itemListElement\":[{\"@type\":\"ListItem\",\"position\":1,\"name\":\"Home\",\"item\":\"https:\/\/www.gaveanews.com\/\"},{\"@type\":\"ListItem\",\"position\":2,\"name\":\"David Luiz doa camisa autografada do Flamengo para leil\u00e3o\"}]},{\"@type\":\"WebSite\",\"@id\":\"https:\/\/www.gaveanews.com\/#website\",\"url\":\"https:\/\/www.gaveanews.com\/\",\"name\":\"G\u00e1vea News\",\"description\":\"Veja todas as not\u00edcias sobre o Flamengo: Contrata\u00e7\u00f5es, categorias de base, resultados das partidas, tabela de classifica\u00e7\u00e3o, pr\u00f3ximos jogos!\",\"potentialAction\":[{\"@type\":\"SearchAction\",\"target\":{\"@type\":\"EntryPoint\",\"urlTemplate\":\"https:\/\/www.gaveanews.com\/?s={search_term_string}\"},\"query-input\":{\"@type\":\"PropertyValueSpecification\",\"valueRequired\":true,\"valueName\":\"search_term_string\"}}],\"inLanguage\":\"pt-BR\"},{\"@type\":\"Person\",\"@id\":\"https:\/\/www.gaveanews.com\/#\/schema\/person\/2ec14f73fb96be2caf28f91afb14749d\",\"name\":\"Equipe G\u00e1vea News\",\"image\":{\"@type\":\"ImageObject\",\"inLanguage\":\"pt-BR\",\"@id\":\"https:\/\/www.gaveanews.com\/#\/schema\/person\/image\/\",\"url\":\"https:\/\/secure.gravatar.com\/avatar\/1e1956f1facbffd3f8fa53a326721950116b3b9dc9bd44939c01180fd4a745a9?s=96&d=mm&r=g\",\"contentUrl\":\"https:\/\/secure.gravatar.com\/avatar\/1e1956f1facbffd3f8fa53a326721950116b3b9dc9bd44939c01180fd4a745a9?s=96&d=mm&r=g\",\"caption\":\"Equipe G\u00e1vea News\"}}]}<\/script>\n<!-- \/ Yoast SEO Premium plugin. -->","yoast_head_json":{"title":"David Luiz doa camisa autografada do Flamengo para leil\u00e3o","robots":{"index":"index","follow":"follow","max-snippet":"max-snippet:-1","max-image-preview":"max-image-preview:large","max-video-preview":"max-video-preview:-1"},"canonical":"https:\/\/www.gaveanews.com\/index.php\/2021\/09\/27\/david-luiz-doa-camisa-autografada-do-flamengo-para-leilao\/","og_locale":"pt_BR","og_type":"article","og_title":"David Luiz doa camisa autografada do Flamengo para leil\u00e3o","og_description":"O novo zagueiro do Flamengo David Luiz, que estreou diante do Barcelona (EQU) pela Libertadores, doou uma camisa do clube autografada para o site Play For a Cause, que promove leil\u00f5es beneficentes de itens esportivos para projetos sociais. No total, s\u00e3o 49 programas cadastrados que recebem o impacto social gerado pelos leil\u00f5es promovidos em todo [&hellip;]","og_url":"https:\/\/www.gaveanews.com\/index.php\/2021\/09\/27\/david-luiz-doa-camisa-autografada-do-flamengo-para-leilao\/","og_site_name":"G\u00e1vea News","article_publisher":"https:\/\/facebook.com\/gaveaNews\/","article_published_time":"2021-09-27T22:36:17+00:00","article_modified_time":"2021-09-27T22:36:20+00:00","og_image":[{"width":799,"height":533,"url":"https:\/\/www.gaveanews.com\/wp-content\/uploads\/David-Luiz-em-acao-pelo-Flamengo-contra-o-Barcelona-de-Guayaquil-na-Libertadores-2021.webp","type":"image\/jpeg"}],"author":"Equipe G\u00e1vea News","twitter_card":"summary_large_image","twitter_misc":{"Escrito por":"Equipe G\u00e1vea News","Est. tempo de leitura":"1 minuto"},"schema":{"@context":"https:\/\/schema.org","@graph":[{"@type":"NewsArticle","@id":"https:\/\/www.gaveanews.com\/index.php\/2021\/09\/27\/david-luiz-doa-camisa-autografada-do-flamengo-para-leilao\/#article","isPartOf":{"@id":"https:\/\/www.gaveanews.com\/index.php\/2021\/09\/27\/david-luiz-doa-camisa-autografada-do-flamengo-para-leilao\/"},"author":{"name":"Equipe G\u00e1vea News","@id":"https:\/\/www.gaveanews.com\/#\/schema\/person\/2ec14f73fb96be2caf28f91afb14749d"},"headline":"David Luiz doa camisa autografada do Flamengo para leil\u00e3o","datePublished":"2021-09-27T22:36:17+00:00","dateModified":"2021-09-27T22:36:20+00:00","mainEntityOfPage":{"@id":"https:\/\/www.gaveanews.com\/index.php\/2021\/09\/27\/david-luiz-doa-camisa-autografada-do-flamengo-para-leilao\/"},"wordCount":196,"commentCount":1,"image":{"@id":"https:\/\/www.gaveanews.com\/index.php\/2021\/09\/27\/david-luiz-doa-camisa-autografada-do-flamengo-para-leilao\/#primaryimage"},"thumbnailUrl":"https:\/\/www.gaveanews.com\/wp-content\/uploads\/David-Luiz-em-acao-pelo-Flamengo-contra-o-Barcelona-de-Guayaquil-na-Libertadores-2021.webp","articleSection":["Flamengo"],"inLanguage":"pt-BR","potentialAction":[{"@type":"CommentAction","name":"Comment","target":["https:\/\/www.gaveanews.com\/index.php\/2021\/09\/27\/david-luiz-doa-camisa-autografada-do-flamengo-para-leilao\/#respond"]}],"copyrightYear":"2021","copyrightHolder":{"@id":"https:\/\/www.gaveanews.com\/#organization"}},{"@type":"WebPage","@id":"https:\/\/www.gaveanews.com\/index.php\/2021\/09\/27\/david-luiz-doa-camisa-autografada-do-flamengo-para-leilao\/","url":"https:\/\/www.gaveanews.com\/index.php\/2021\/09\/27\/david-luiz-doa-camisa-autografada-do-flamengo-para-leilao\/","name":"David Luiz doa camisa autografada do Flamengo para leil\u00e3o","isPartOf":{"@id":"https:\/\/www.gaveanews.com\/#website"},"primaryImageOfPage":{"@id":"https:\/\/www.gaveanews.com\/index.php\/2021\/09\/27\/david-luiz-doa-camisa-autografada-do-flamengo-para-leilao\/#primaryimage"},"image":{"@id":"https:\/\/www.gaveanews.com\/index.php\/2021\/09\/27\/david-luiz-doa-camisa-autografada-do-flamengo-para-leilao\/#primaryimage"},"thumbnailUrl":"https:\/\/www.gaveanews.com\/wp-content\/uploads\/David-Luiz-em-acao-pelo-Flamengo-contra-o-Barcelona-de-Guayaquil-na-Libertadores-2021.webp","datePublished":"2021-09-27T22:36:17+00:00","dateModified":"2021-09-27T22:36:20+00:00","author":{"@id":"https:\/\/www.gaveanews.com\/#\/schema\/person\/2ec14f73fb96be2caf28f91afb14749d"},"breadcrumb":{"@id":"https:\/\/www.gaveanews.com\/index.php\/2021\/09\/27\/david-luiz-doa-camisa-autografada-do-flamengo-para-leilao\/#breadcrumb"},"inLanguage":"pt-BR","potentialAction":[{"@type":"ReadAction","target":["https:\/\/www.gaveanews.com\/index.php\/2021\/09\/27\/david-luiz-doa-camisa-autografada-do-flamengo-para-leilao\/"]}]},{"@type":"ImageObject","inLanguage":"pt-BR","@id":"https:\/\/www.gaveanews.com\/index.php\/2021\/09\/27\/david-luiz-doa-camisa-autografada-do-flamengo-para-leilao\/#primaryimage","url":"https:\/\/www.gaveanews.com\/wp-content\/uploads\/David-Luiz-em-acao-pelo-Flamengo-contra-o-Barcelona-de-Guayaquil-na-Libertadores-2021.webp","contentUrl":"https:\/\/www.gaveanews.com\/wp-content\/uploads\/David-Luiz-em-acao-pelo-Flamengo-contra-o-Barcelona-de-Guayaquil-na-Libertadores-2021.webp","width":799,"height":533,"caption":"David Luiz em a\u00e7\u00e3o pelo Flamengo contra o Barcelona de Guayaquil na Libertadores 2021 (Foto: Gilvan de Souza\/Flamengo)"},{"@type":"BreadcrumbList","@id":"https:\/\/www.gaveanews.com\/index.php\/2021\/09\/27\/david-luiz-doa-camisa-autografada-do-flamengo-para-leilao\/#breadcrumb","itemListElement":[{"@type":"ListItem","position":1,"name":"Home","item":"https:\/\/www.gaveanews.com\/"},{"@type":"ListItem","position":2,"name":"David Luiz doa camisa autografada do Flamengo para leil\u00e3o"}]},{"@type":"WebSite","@id":"https:\/\/www.gaveanews.com\/#website","url":"https:\/\/www.gaveanews.com\/","name":"G\u00e1vea News","description":"Veja todas as not\u00edcias sobre o Flamengo: Contrata\u00e7\u00f5es, categorias de base, resultados das partidas, tabela de classifica\u00e7\u00e3o, pr\u00f3ximos jogos!","potentialAction":[{"@type":"SearchAction","target":{"@type":"EntryPoint","urlTemplate":"https:\/\/www.gaveanews.com\/?s={search_term_string}"},"query-input":{"@type":"PropertyValueSpecification","valueRequired":true,"valueName":"search_term_string"}}],"inLanguage":"pt-BR"},{"@type":"Person","@id":"https:\/\/www.gaveanews.com\/#\/schema\/person\/2ec14f73fb96be2caf28f91afb14749d","name":"Equipe G\u00e1vea News","image":{"@type":"ImageObject","inLanguage":"pt-BR","@id":"https:\/\/www.gaveanews.com\/#\/schema\/person\/image\/","url":"https:\/\/secure.gravatar.com\/avatar\/1e1956f1facbffd3f8fa53a326721950116b3b9dc9bd44939c01180fd4a745a9?s=96&d=mm&r=g","contentUrl":"https:\/\/secure.gravatar.com\/avatar\/1e1956f1facbffd3f8fa53a326721950116b3b9dc9bd44939c01180fd4a745a9?s=96&d=mm&r=g","caption":"Equipe G\u00e1vea News"}}]}},"_links":{"self":[{"href":"https:\/\/www.gaveanews.com\/index.php\/wp-json\/wp\/v2\/posts\/68911","targetHints":{"allow":["GET"]}}],"collection":[{"href":"https:\/\/www.gaveanews.com\/index.php\/wp-json\/wp\/v2\/posts"}],"about":[{"href":"https:\/\/www.gaveanews.com\/index.php\/wp-json\/wp\/v2\/types\/post"}],"author":[{"embeddable":true,"href":"https:\/\/www.gaveanews.com\/index.php\/wp-json\/wp\/v2\/users\/1"}],"replies":[{"embeddable":true,"href":"https:\/\/www.gaveanews.com\/index.php\/wp-json\/wp\/v2\/comments?post=68911"}],"version-history":[{"count":0,"href":"https:\/\/www.gaveanews.com\/index.php\/wp-json\/wp\/v2\/posts\/68911\/revisions"}],"wp:featuredmedia":[{"embeddable":true,"href":"https:\/\/www.gaveanews.com\/index.php\/wp-json\/wp\/v2\/media\/68883"}],"wp:attachment":[{"href":"https:\/\/www.gaveanews.com\/index.php\/wp-json\/wp\/v2\/media?parent=68911"}],"wp:term":[{"taxonomy":"category","embeddable":true,"href":"https:\/\/www.gaveanews.com\/index.php\/wp-json\/wp\/v2\/categories?post=68911"},{"taxonomy":"post_tag","embeddable":true,"href":"https:\/\/www.gaveanews.com\/index.php\/wp-json\/wp\/v2\/tags?post=68911"}],"curies":[{"name":"wp","href":"https:\/\/api.w.org\/{rel}","templated":true}]}}