{"id":69424,"date":"2021-10-06T18:52:14","date_gmt":"2021-10-06T21:52:14","guid":{"rendered":"https:\/\/www.gaveanews.com\/?p=69424"},"modified":"2021-10-23T19:51:29","modified_gmt":"2021-10-23T22:51:29","slug":"saiu-confira-a-escalacao-oficial-do-flamengo-contra-o-bragantino","status":"publish","type":"post","link":"https:\/\/www.gaveanews.com\/index.php\/2021\/10\/06\/saiu-confira-a-escalacao-oficial-do-flamengo-contra-o-bragantino\/","title":{"rendered":"Saiu! Confira a escala\u00e7\u00e3o oficial do Flamengo contra o Bragantino"},"content":{"rendered":"\n<p>Nesta noite (06), \u00e0s 20h30 (hor\u00e1rio de Bras\u00edlia), o Flamengo ir\u00e1 a campo em duelo v\u00e1lido pela 24\u00aa rodada do Campeonato Brasileiro. A partida ocorrer\u00e1 no Est\u00e1dio Nabi Abi Chedid, em Bragan\u00e7a Paulista.<\/p>\n\n\n\n<p>Com tantas considera\u00e7\u00f5es em rela\u00e7\u00e3o ao time do Flamengo nesta noite, o <a href=\"http:\/\/gaveanews.com\">GaveaNews.com<\/a> preparou uma mat\u00e9ria com todas as informa\u00e7\u00f5es mais importantes. <strong>Confira os temas abaixo<\/strong>:<\/p>\n\n\n\n<h2 class=\"wp-block-heading\" id=\"h-retrospecto\">Retrospecto:<\/h2>\n\n\n\n<p>Na partida v\u00e1lida pelo primeiro turno do Brasileir\u00e3o, o Flamengo perdeu para a equipe paulista por 3 a 2. Na ocasi\u00e3o, o Rubro-Negro contava com v\u00e1rios desfalques por conta da Copa Am\u00e9rica e n\u00e3o p\u00f4de ir para a partida com seu time titular.<\/p>\n\n\n\n<h2 class=\"wp-block-heading\" id=\"h-transmiss-o\">Transmiss\u00e3o:<\/h2>\n\n\n\n<p>O duelo ocorrer\u00e1 em hor\u00e1rio alternativo e n\u00e3o ser\u00e1 transmitido na TV aberta. Desta forma, a partida ser\u00e1 disponibilizada apenas pelo canal Premiere. A narra\u00e7\u00e3o do evento ser\u00e1 feita por Everaldo Marques, com coment\u00e1rios de Caio Ribeiro e Maur\u00edcio Noriega.<\/p>\n\n\n\n<h2 class=\"wp-block-heading\" id=\"h-desfalques\">Desfalques:<\/h2>\n\n\n\n<p>Sem Everton Ribeiro, Gabigol, Arrascaeta e Isla por conta das convoca\u00e7\u00f5es, o Fla tamb\u00e9m n\u00e3o poder\u00e1 contar com David Luiz, Gustavo Henrique e Diego Ribas. Enquanto o primeiro continua tratando les\u00e3o no adutor da coxa esquerda, os outros dois tiveram edema constatado em exame e n\u00e3o viajaram com a delega\u00e7\u00e3o.<\/p>\n\n\n\n<p>Por fim, Diego Alves foi cortado horas antes do jogo pois apresentou um estado gripal.<\/p>\n\n\n\n<h2 class=\"wp-block-heading\" id=\"h-pendurados\">Pendurados:<\/h2>\n\n\n\n<p>Depois de Isla e Arrasca receberem seu terceiro cart\u00e3o amarelo antes de rumar \u00e0s suas respectivas sele\u00e7\u00f5es, o Mais Querido ficou com apenas dois atletas pendurados. Um titular e um ausente no confronto, Vitinho e Diego Ribas est\u00e3o a uma advert\u00eancia de desfalcar o time.<\/p>\n\n\n\n<h2 class=\"wp-block-heading\" id=\"h-escala-o-oficial\">Escala\u00e7\u00e3o oficial:<\/h2>\n\n\n\n<p>Gabriel Batista; Matheuzinho, Rodrigo Caio, L\u00e9o Pereira e Ren\u00ea; Ar\u00e3o, Thiago Maia, Andreas, Vitinho, Bruno Henrique e Pedro.<\/p>\n\n\n\n<h2 class=\"wp-block-heading\" id=\"h-banco-de-reservas\">Banco de reservas:<\/h2>\n\n\n\n<p>Hugo, C\u00e9sar, Rodinei, Bruno Viana, Cleiton, Filipe Lu\u00eds, Ramon, Jo\u00e3o Gomes, L\u00e1zaro, Michael, Kenedy e Vitor Gabriel.<\/p>\n\n\n\n<h2 class=\"wp-block-heading\" id=\"h-arbitragem\">Arbitragem:<\/h2>\n\n\n\n<ul class=\"wp-block-list\"><li><strong>\u00c1rbitro:<\/strong> Ramon Abatti Abel &#8211; SC<\/li><li><strong>\u00c1rbitro Assistente 1:<\/strong> Henrique Neu Ribeiro &#8211; SC<\/li><li><strong>\u00c1rbitro Assistente 2:<\/strong> \u00c9der Alexandre &#8211; SC<\/li><li><strong>Quarto \u00c1rbitro:<\/strong> Ilbert Estevam da Silva &#8211; SP<\/li><li><strong>VAR:<\/strong> Emerson de Almeida Ferreira &#8211; MG<\/li><\/ul>\n\n\n\n<h2 class=\"wp-block-heading\" id=\"h-pr-ximo-confronto\">Pr\u00f3ximo confronto:<\/h2>\n\n\n\n<p>O Flamengo entrar\u00e1 em campo pela terceira vez nesta semana no s\u00e1bado (09), quando visitar\u00e1 o Fortaleza pela 25\u00aa rodada do Brasileiro. A partida est\u00e1 marcada para as 19h (hor\u00e1rio de Bras\u00edlia), na Arena Castel\u00e3o.<\/p>\n","protected":false},"excerpt":{"rendered":"<p>Nesta noite (06), \u00e0s 20h30 (hor\u00e1rio de Bras\u00edlia), o Flamengo ir\u00e1 a campo em duelo v\u00e1lido pela 24\u00aa rodada do Campeonato Brasileiro. A partida ocorrer\u00e1 no Est\u00e1dio Nabi Abi Chedid, em Bragan\u00e7a Paulista. Com tantas considera\u00e7\u00f5es em rela\u00e7\u00e3o ao time do Flamengo nesta noite, o GaveaNews.com preparou uma mat\u00e9ria com todas as informa\u00e7\u00f5es mais importantes. [&hellip;]<\/p>\n","protected":false},"author":4,"featured_media":30000,"comment_status":"open","ping_status":"closed","sticky":false,"template":"","format":"standard","meta":{"footnotes":""},"categories":[1],"tags":[],"class_list":["post-69424","post","type-post","status-publish","format-standard","has-post-thumbnail","hentry","category-flamengo"],"yoast_head":"<!-- This site is optimized with the Yoast SEO Premium plugin v24.2 (Yoast SEO v26.9) - https:\/\/yoast.com\/product\/yoast-seo-premium-wordpress\/ -->\n<title>Saiu! Confira a escala\u00e7\u00e3o oficial do Flamengo contra o Bragantino<\/title>\n<meta name=\"robots\" content=\"index, follow, max-snippet:-1, max-image-preview:large, max-video-preview:-1\" \/>\n<link rel=\"canonical\" href=\"https:\/\/www.gaveanews.com\/index.php\/2021\/10\/06\/saiu-confira-a-escalacao-oficial-do-flamengo-contra-o-bragantino\/\" \/>\n<meta property=\"og:locale\" content=\"pt_BR\" \/>\n<meta property=\"og:type\" content=\"article\" \/>\n<meta property=\"og:title\" content=\"Saiu! Confira a escala\u00e7\u00e3o oficial do Flamengo contra o Bragantino\" \/>\n<meta property=\"og:description\" content=\"Nesta noite (06), \u00e0s 20h30 (hor\u00e1rio de Bras\u00edlia), o Flamengo ir\u00e1 a campo em duelo v\u00e1lido pela 24\u00aa rodada do Campeonato Brasileiro. A partida ocorrer\u00e1 no Est\u00e1dio Nabi Abi Chedid, em Bragan\u00e7a Paulista. Com tantas considera\u00e7\u00f5es em rela\u00e7\u00e3o ao time do Flamengo nesta noite, o GaveaNews.com preparou uma mat\u00e9ria com todas as informa\u00e7\u00f5es mais importantes. [&hellip;]\" \/>\n<meta property=\"og:url\" content=\"https:\/\/www.gaveanews.com\/index.php\/2021\/10\/06\/saiu-confira-a-escalacao-oficial-do-flamengo-contra-o-bragantino\/\" \/>\n<meta property=\"og:site_name\" content=\"G\u00e1vea News\" \/>\n<meta property=\"article:publisher\" content=\"https:\/\/facebook.com\/gaveaNews\/\" \/>\n<meta property=\"article:published_time\" content=\"2021-10-06T21:52:14+00:00\" \/>\n<meta property=\"article:modified_time\" content=\"2021-10-23T22:51:29+00:00\" \/>\n<meta property=\"og:image\" content=\"https:\/\/www.gaveanews.com\/wp-content\/uploads\/Escalacao-oficial-do-Flamengo.webp\" \/>\n\t<meta property=\"og:image:width\" content=\"1\" \/>\n\t<meta property=\"og:image:height\" content=\"1\" \/>\n\t<meta property=\"og:image:type\" content=\"image\/jpeg\" \/>\n<meta name=\"author\" content=\"Let\u00edcia Gerheim\" \/>\n<meta name=\"twitter:card\" content=\"summary_large_image\" \/>\n<meta name=\"twitter:label1\" content=\"Escrito por\" \/>\n\t<meta name=\"twitter:data1\" content=\"Let\u00edcia Gerheim\" \/>\n\t<meta name=\"twitter:label2\" content=\"Est. tempo de leitura\" \/>\n\t<meta name=\"twitter:data2\" content=\"2 minutos\" \/>\n<script type=\"application\/ld+json\" class=\"yoast-schema-graph\">{\"@context\":\"https:\/\/schema.org\",\"@graph\":[{\"@type\":\"NewsArticle\",\"@id\":\"https:\/\/www.gaveanews.com\/index.php\/2021\/10\/06\/saiu-confira-a-escalacao-oficial-do-flamengo-contra-o-bragantino\/#article\",\"isPartOf\":{\"@id\":\"https:\/\/www.gaveanews.com\/index.php\/2021\/10\/06\/saiu-confira-a-escalacao-oficial-do-flamengo-contra-o-bragantino\/\"},\"author\":{\"name\":\"Let\u00edcia Gerheim\",\"@id\":\"https:\/\/www.gaveanews.com\/#\/schema\/person\/714c67050b836198af2450ba1c142a67\"},\"headline\":\"Saiu! Confira a escala\u00e7\u00e3o oficial do Flamengo contra o Bragantino\",\"datePublished\":\"2021-10-06T21:52:14+00:00\",\"dateModified\":\"2021-10-23T22:51:29+00:00\",\"mainEntityOfPage\":{\"@id\":\"https:\/\/www.gaveanews.com\/index.php\/2021\/10\/06\/saiu-confira-a-escalacao-oficial-do-flamengo-contra-o-bragantino\/\"},\"wordCount\":418,\"commentCount\":38,\"image\":{\"@id\":\"https:\/\/www.gaveanews.com\/index.php\/2021\/10\/06\/saiu-confira-a-escalacao-oficial-do-flamengo-contra-o-bragantino\/#primaryimage\"},\"thumbnailUrl\":\"https:\/\/www.gaveanews.com\/wp-content\/uploads\/Escalacao-oficial-do-Flamengo.webp\",\"articleSection\":[\"Flamengo\"],\"inLanguage\":\"pt-BR\",\"potentialAction\":[{\"@type\":\"CommentAction\",\"name\":\"Comment\",\"target\":[\"https:\/\/www.gaveanews.com\/index.php\/2021\/10\/06\/saiu-confira-a-escalacao-oficial-do-flamengo-contra-o-bragantino\/#respond\"]}],\"copyrightYear\":\"2021\",\"copyrightHolder\":{\"@id\":\"https:\/\/www.gaveanews.com\/#organization\"}},{\"@type\":\"WebPage\",\"@id\":\"https:\/\/www.gaveanews.com\/index.php\/2021\/10\/06\/saiu-confira-a-escalacao-oficial-do-flamengo-contra-o-bragantino\/\",\"url\":\"https:\/\/www.gaveanews.com\/index.php\/2021\/10\/06\/saiu-confira-a-escalacao-oficial-do-flamengo-contra-o-bragantino\/\",\"name\":\"Saiu! Confira a escala\u00e7\u00e3o oficial do Flamengo contra o Bragantino\",\"isPartOf\":{\"@id\":\"https:\/\/www.gaveanews.com\/#website\"},\"primaryImageOfPage\":{\"@id\":\"https:\/\/www.gaveanews.com\/index.php\/2021\/10\/06\/saiu-confira-a-escalacao-oficial-do-flamengo-contra-o-bragantino\/#primaryimage\"},\"image\":{\"@id\":\"https:\/\/www.gaveanews.com\/index.php\/2021\/10\/06\/saiu-confira-a-escalacao-oficial-do-flamengo-contra-o-bragantino\/#primaryimage\"},\"thumbnailUrl\":\"https:\/\/www.gaveanews.com\/wp-content\/uploads\/Escalacao-oficial-do-Flamengo.webp\",\"datePublished\":\"2021-10-06T21:52:14+00:00\",\"dateModified\":\"2021-10-23T22:51:29+00:00\",\"author\":{\"@id\":\"https:\/\/www.gaveanews.com\/#\/schema\/person\/714c67050b836198af2450ba1c142a67\"},\"breadcrumb\":{\"@id\":\"https:\/\/www.gaveanews.com\/index.php\/2021\/10\/06\/saiu-confira-a-escalacao-oficial-do-flamengo-contra-o-bragantino\/#breadcrumb\"},\"inLanguage\":\"pt-BR\",\"potentialAction\":[{\"@type\":\"ReadAction\",\"target\":[\"https:\/\/www.gaveanews.com\/index.php\/2021\/10\/06\/saiu-confira-a-escalacao-oficial-do-flamengo-contra-o-bragantino\/\"]}]},{\"@type\":\"ImageObject\",\"inLanguage\":\"pt-BR\",\"@id\":\"https:\/\/www.gaveanews.com\/index.php\/2021\/10\/06\/saiu-confira-a-escalacao-oficial-do-flamengo-contra-o-bragantino\/#primaryimage\",\"url\":\"https:\/\/www.gaveanews.com\/wp-content\/uploads\/Escalacao-oficial-do-Flamengo.webp\",\"contentUrl\":\"https:\/\/www.gaveanews.com\/wp-content\/uploads\/Escalacao-oficial-do-Flamengo.webp\",\"caption\":\"Confira a escala\u00e7\u00e3o oficial do Flamengo (Ilustra\u00e7\u00e3o: Editoria de Arte\/GaveaNews.com)\"},{\"@type\":\"BreadcrumbList\",\"@id\":\"https:\/\/www.gaveanews.com\/index.php\/2021\/10\/06\/saiu-confira-a-escalacao-oficial-do-flamengo-contra-o-bragantino\/#breadcrumb\",\"itemListElement\":[{\"@type\":\"ListItem\",\"position\":1,\"name\":\"Home\",\"item\":\"https:\/\/www.gaveanews.com\/\"},{\"@type\":\"ListItem\",\"position\":2,\"name\":\"Saiu! Confira a escala\u00e7\u00e3o oficial do Flamengo contra o Bragantino\"}]},{\"@type\":\"WebSite\",\"@id\":\"https:\/\/www.gaveanews.com\/#website\",\"url\":\"https:\/\/www.gaveanews.com\/\",\"name\":\"G\u00e1vea News\",\"description\":\"Veja todas as not\u00edcias sobre o Flamengo: Contrata\u00e7\u00f5es, categorias de base, resultados das partidas, tabela de classifica\u00e7\u00e3o, pr\u00f3ximos jogos!\",\"potentialAction\":[{\"@type\":\"SearchAction\",\"target\":{\"@type\":\"EntryPoint\",\"urlTemplate\":\"https:\/\/www.gaveanews.com\/?s={search_term_string}\"},\"query-input\":{\"@type\":\"PropertyValueSpecification\",\"valueRequired\":true,\"valueName\":\"search_term_string\"}}],\"inLanguage\":\"pt-BR\"},{\"@type\":\"Person\",\"@id\":\"https:\/\/www.gaveanews.com\/#\/schema\/person\/714c67050b836198af2450ba1c142a67\",\"name\":\"Let\u00edcia Gerheim\",\"image\":{\"@type\":\"ImageObject\",\"inLanguage\":\"pt-BR\",\"@id\":\"https:\/\/www.gaveanews.com\/#\/schema\/person\/image\/\",\"url\":\"https:\/\/secure.gravatar.com\/avatar\/60734739c50fcebfbac509e2a826ccd0ff405c019bc73aab9354f19ecad1dcb4?s=96&d=mm&r=g\",\"contentUrl\":\"https:\/\/secure.gravatar.com\/avatar\/60734739c50fcebfbac509e2a826ccd0ff405c019bc73aab9354f19ecad1dcb4?s=96&d=mm&r=g\",\"caption\":\"Let\u00edcia Gerheim\"}}]}<\/script>\n<!-- \/ Yoast SEO Premium plugin. -->","yoast_head_json":{"title":"Saiu! Confira a escala\u00e7\u00e3o oficial do Flamengo contra o Bragantino","robots":{"index":"index","follow":"follow","max-snippet":"max-snippet:-1","max-image-preview":"max-image-preview:large","max-video-preview":"max-video-preview:-1"},"canonical":"https:\/\/www.gaveanews.com\/index.php\/2021\/10\/06\/saiu-confira-a-escalacao-oficial-do-flamengo-contra-o-bragantino\/","og_locale":"pt_BR","og_type":"article","og_title":"Saiu! Confira a escala\u00e7\u00e3o oficial do Flamengo contra o Bragantino","og_description":"Nesta noite (06), \u00e0s 20h30 (hor\u00e1rio de Bras\u00edlia), o Flamengo ir\u00e1 a campo em duelo v\u00e1lido pela 24\u00aa rodada do Campeonato Brasileiro. A partida ocorrer\u00e1 no Est\u00e1dio Nabi Abi Chedid, em Bragan\u00e7a Paulista. Com tantas considera\u00e7\u00f5es em rela\u00e7\u00e3o ao time do Flamengo nesta noite, o GaveaNews.com preparou uma mat\u00e9ria com todas as informa\u00e7\u00f5es mais importantes. [&hellip;]","og_url":"https:\/\/www.gaveanews.com\/index.php\/2021\/10\/06\/saiu-confira-a-escalacao-oficial-do-flamengo-contra-o-bragantino\/","og_site_name":"G\u00e1vea News","article_publisher":"https:\/\/facebook.com\/gaveaNews\/","article_published_time":"2021-10-06T21:52:14+00:00","article_modified_time":"2021-10-23T22:51:29+00:00","og_image":[{"url":"https:\/\/www.gaveanews.com\/wp-content\/uploads\/Escalacao-oficial-do-Flamengo.webp","width":1,"height":1,"type":"image\/jpeg"}],"author":"Let\u00edcia Gerheim","twitter_card":"summary_large_image","twitter_misc":{"Escrito por":"Let\u00edcia Gerheim","Est. tempo de leitura":"2 minutos"},"schema":{"@context":"https:\/\/schema.org","@graph":[{"@type":"NewsArticle","@id":"https:\/\/www.gaveanews.com\/index.php\/2021\/10\/06\/saiu-confira-a-escalacao-oficial-do-flamengo-contra-o-bragantino\/#article","isPartOf":{"@id":"https:\/\/www.gaveanews.com\/index.php\/2021\/10\/06\/saiu-confira-a-escalacao-oficial-do-flamengo-contra-o-bragantino\/"},"author":{"name":"Let\u00edcia Gerheim","@id":"https:\/\/www.gaveanews.com\/#\/schema\/person\/714c67050b836198af2450ba1c142a67"},"headline":"Saiu! Confira a escala\u00e7\u00e3o oficial do Flamengo contra o Bragantino","datePublished":"2021-10-06T21:52:14+00:00","dateModified":"2021-10-23T22:51:29+00:00","mainEntityOfPage":{"@id":"https:\/\/www.gaveanews.com\/index.php\/2021\/10\/06\/saiu-confira-a-escalacao-oficial-do-flamengo-contra-o-bragantino\/"},"wordCount":418,"commentCount":38,"image":{"@id":"https:\/\/www.gaveanews.com\/index.php\/2021\/10\/06\/saiu-confira-a-escalacao-oficial-do-flamengo-contra-o-bragantino\/#primaryimage"},"thumbnailUrl":"https:\/\/www.gaveanews.com\/wp-content\/uploads\/Escalacao-oficial-do-Flamengo.webp","articleSection":["Flamengo"],"inLanguage":"pt-BR","potentialAction":[{"@type":"CommentAction","name":"Comment","target":["https:\/\/www.gaveanews.com\/index.php\/2021\/10\/06\/saiu-confira-a-escalacao-oficial-do-flamengo-contra-o-bragantino\/#respond"]}],"copyrightYear":"2021","copyrightHolder":{"@id":"https:\/\/www.gaveanews.com\/#organization"}},{"@type":"WebPage","@id":"https:\/\/www.gaveanews.com\/index.php\/2021\/10\/06\/saiu-confira-a-escalacao-oficial-do-flamengo-contra-o-bragantino\/","url":"https:\/\/www.gaveanews.com\/index.php\/2021\/10\/06\/saiu-confira-a-escalacao-oficial-do-flamengo-contra-o-bragantino\/","name":"Saiu! Confira a escala\u00e7\u00e3o oficial do Flamengo contra o Bragantino","isPartOf":{"@id":"https:\/\/www.gaveanews.com\/#website"},"primaryImageOfPage":{"@id":"https:\/\/www.gaveanews.com\/index.php\/2021\/10\/06\/saiu-confira-a-escalacao-oficial-do-flamengo-contra-o-bragantino\/#primaryimage"},"image":{"@id":"https:\/\/www.gaveanews.com\/index.php\/2021\/10\/06\/saiu-confira-a-escalacao-oficial-do-flamengo-contra-o-bragantino\/#primaryimage"},"thumbnailUrl":"https:\/\/www.gaveanews.com\/wp-content\/uploads\/Escalacao-oficial-do-Flamengo.webp","datePublished":"2021-10-06T21:52:14+00:00","dateModified":"2021-10-23T22:51:29+00:00","author":{"@id":"https:\/\/www.gaveanews.com\/#\/schema\/person\/714c67050b836198af2450ba1c142a67"},"breadcrumb":{"@id":"https:\/\/www.gaveanews.com\/index.php\/2021\/10\/06\/saiu-confira-a-escalacao-oficial-do-flamengo-contra-o-bragantino\/#breadcrumb"},"inLanguage":"pt-BR","potentialAction":[{"@type":"ReadAction","target":["https:\/\/www.gaveanews.com\/index.php\/2021\/10\/06\/saiu-confira-a-escalacao-oficial-do-flamengo-contra-o-bragantino\/"]}]},{"@type":"ImageObject","inLanguage":"pt-BR","@id":"https:\/\/www.gaveanews.com\/index.php\/2021\/10\/06\/saiu-confira-a-escalacao-oficial-do-flamengo-contra-o-bragantino\/#primaryimage","url":"https:\/\/www.gaveanews.com\/wp-content\/uploads\/Escalacao-oficial-do-Flamengo.webp","contentUrl":"https:\/\/www.gaveanews.com\/wp-content\/uploads\/Escalacao-oficial-do-Flamengo.webp","caption":"Confira a escala\u00e7\u00e3o oficial do Flamengo (Ilustra\u00e7\u00e3o: Editoria de Arte\/GaveaNews.com)"},{"@type":"BreadcrumbList","@id":"https:\/\/www.gaveanews.com\/index.php\/2021\/10\/06\/saiu-confira-a-escalacao-oficial-do-flamengo-contra-o-bragantino\/#breadcrumb","itemListElement":[{"@type":"ListItem","position":1,"name":"Home","item":"https:\/\/www.gaveanews.com\/"},{"@type":"ListItem","position":2,"name":"Saiu! Confira a escala\u00e7\u00e3o oficial do Flamengo contra o Bragantino"}]},{"@type":"WebSite","@id":"https:\/\/www.gaveanews.com\/#website","url":"https:\/\/www.gaveanews.com\/","name":"G\u00e1vea News","description":"Veja todas as not\u00edcias sobre o Flamengo: Contrata\u00e7\u00f5es, categorias de base, resultados das partidas, tabela de classifica\u00e7\u00e3o, pr\u00f3ximos jogos!","potentialAction":[{"@type":"SearchAction","target":{"@type":"EntryPoint","urlTemplate":"https:\/\/www.gaveanews.com\/?s={search_term_string}"},"query-input":{"@type":"PropertyValueSpecification","valueRequired":true,"valueName":"search_term_string"}}],"inLanguage":"pt-BR"},{"@type":"Person","@id":"https:\/\/www.gaveanews.com\/#\/schema\/person\/714c67050b836198af2450ba1c142a67","name":"Let\u00edcia Gerheim","image":{"@type":"ImageObject","inLanguage":"pt-BR","@id":"https:\/\/www.gaveanews.com\/#\/schema\/person\/image\/","url":"https:\/\/secure.gravatar.com\/avatar\/60734739c50fcebfbac509e2a826ccd0ff405c019bc73aab9354f19ecad1dcb4?s=96&d=mm&r=g","contentUrl":"https:\/\/secure.gravatar.com\/avatar\/60734739c50fcebfbac509e2a826ccd0ff405c019bc73aab9354f19ecad1dcb4?s=96&d=mm&r=g","caption":"Let\u00edcia Gerheim"}}]}},"_links":{"self":[{"href":"https:\/\/www.gaveanews.com\/index.php\/wp-json\/wp\/v2\/posts\/69424","targetHints":{"allow":["GET"]}}],"collection":[{"href":"https:\/\/www.gaveanews.com\/index.php\/wp-json\/wp\/v2\/posts"}],"about":[{"href":"https:\/\/www.gaveanews.com\/index.php\/wp-json\/wp\/v2\/types\/post"}],"author":[{"embeddable":true,"href":"https:\/\/www.gaveanews.com\/index.php\/wp-json\/wp\/v2\/users\/4"}],"replies":[{"embeddable":true,"href":"https:\/\/www.gaveanews.com\/index.php\/wp-json\/wp\/v2\/comments?post=69424"}],"version-history":[{"count":0,"href":"https:\/\/www.gaveanews.com\/index.php\/wp-json\/wp\/v2\/posts\/69424\/revisions"}],"wp:featuredmedia":[{"embeddable":true,"href":"https:\/\/www.gaveanews.com\/index.php\/wp-json\/wp\/v2\/media\/30000"}],"wp:attachment":[{"href":"https:\/\/www.gaveanews.com\/index.php\/wp-json\/wp\/v2\/media?parent=69424"}],"wp:term":[{"taxonomy":"category","embeddable":true,"href":"https:\/\/www.gaveanews.com\/index.php\/wp-json\/wp\/v2\/categories?post=69424"},{"taxonomy":"post_tag","embeddable":true,"href":"https:\/\/www.gaveanews.com\/index.php\/wp-json\/wp\/v2\/tags?post=69424"}],"curies":[{"name":"wp","href":"https:\/\/api.w.org\/{rel}","templated":true}]}}