{"id":69461,"date":"2021-10-06T08:00:00","date_gmt":"2021-10-06T11:00:00","guid":{"rendered":"https:\/\/www.gaveanews.com\/?p=69461"},"modified":"2021-10-06T07:16:25","modified_gmt":"2021-10-06T10:16:25","slug":"convocacoes-sao-os-principais-rivais-do-flamengo","status":"publish","type":"post","link":"https:\/\/www.gaveanews.com\/index.php\/2021\/10\/06\/convocacoes-sao-os-principais-rivais-do-flamengo\/","title":{"rendered":"Convoca\u00e7\u00f5es s\u00e3o os principais rivais do Flamengo"},"content":{"rendered":"\n<p>O Flamengo inicia hoje a sequ\u00eancia que lhe tirou mais pontos no Campeonato Brasileiro no primeiro turno, no momento em que estava desfalcado pelas convoca\u00e7\u00f5es da Copa Am\u00e9rica. Diante do Bragantino, \u00e0s 20h30, fora de casa, o time de Renato Ga\u00facho n\u00e3o s\u00f3 n\u00e3o poder\u00e1 contar com Gabigol, Everton Ribeiro, Arrascaeta e Isla, que se apresentaram para a rodada de outubro das Eliminat\u00f3rias, como tamb\u00e9m n\u00e3o deve ter Bruno Henrique, o jogador mais decisivo atualmente e naquelas partidas de junho. Com dores musculares, o atacante viajou, mas n\u00e3o tem presen\u00e7a certa e pode ser preservado para o jogo contra o Fortaleza, no fim de semana. Tamb\u00e9m s\u00e3o baixas por les\u00e3o Diego e David Luiz.<\/p>\n\n\n\n<p>Em sete jogos em que n\u00e3o teve os jogadores convocados em junho, o aproveitamento foi de 43,4%, e s\u00f3 n\u00e3o caiu ainda mais pois Bruno Henrique terminou a sequ\u00eancia com tr\u00eas gols, ao lado de Rodrigo Muniz, j\u00e1 negociado para o Fulham-ING. Foram tr\u00eas derrotas e quatro vit\u00f3rias, que contaram com participa\u00e7\u00e3o t\u00edmida de outros reservas, como Pedro, autor de apenas um gol no per\u00edodo. O centroavante deve ter nova oportunidade para provar sua utilidade para o elenco e fazer as pazes com as redes. Na prov\u00e1vel aus\u00eancia de Bruno Henrique, Michael \u00e9 o mais cotado para a fun\u00e7\u00e3o ao lado de Kenedy. Vitinho assumiria o lugar de Arrascaeta, enquanto Matheuzinho substitui Isla.<\/p>\n\n\n\n<p>Se o Flamengo conta seus desfalques, a data Fifa tem causado danos tamb\u00e9m aos outros times que brigam pelo t\u00edtulo brasileiro. Se n\u00e3o teve queda significativa de aproveitamento durante a Copa Am\u00e9rica (66%), o l\u00edder Atl\u00e9tico-MG, que no primeiro turno perdeu para Cear\u00e1 e Santos e empatou com a Chapecoense, rev\u00ea o time de Santa Catarina hoje com nove aus\u00eancias. O time mineiro n\u00e3o ter\u00e1 o meia Zaracho (suspenso pelo terceiro cart\u00e3o amarelo), Vargas, Diego Costa, Mariano e Savarino, lesionados, e o trio convocado para as rodadas das Eliminat\u00f3rias: o lateral esquerdo Guilherme Arana, o zagueiro Junior Alonso e o volante Alan Franco. Al\u00e9m disso, o atacante Savinho est\u00e1 na sele\u00e7\u00e3o brasileira sub-18 para per\u00edodo de prepara\u00e7\u00e3o em Teres\u00f3polis. Em junho, o Galo jogou sem Franco, Savarino, Alonso e Vargas. Arana n\u00e3o foi para a Copa Am\u00e9rica. O Palmeiras, no per\u00edodo, teve aproveitamento de quase 80%, com tr\u00eas baixas: o goleiro Weverton, o zagueiro Gustavo G\u00f3mez e o lateral-esquerdo Mat\u00edas Vi\u00f1a.<\/p>\n\n\n\n<p>Em setembro, a CBF adiou jogos dos tr\u00eas clubes por conta das Eliminat\u00f3rias. Agora, por\u00e9m, n\u00e3o quis adotar o mesmo crit\u00e9rio para n\u00e3o esticar o campeonato at\u00e9 o fim de dezembro.<\/p>\n\n\n\n<p>Depois do jogo de hoje, o Flamengo enfrenta o Fortaleza fora de casa, s\u00e1bado, com os mesmos desfalques por convoca\u00e7\u00e3o. A partida diante do Juventude, antes marcada para ter\u00e7a-feira, dia 12, acontecer\u00e1 na quarta, dia 13. Na mesma data o Atl\u00e9tico-MG encara o Santos. J\u00e1 o Palmeiras teve o jogo mantido para ter\u00e7a, contra o Bahia.<\/p>\n\n\n\n<p>O Flamengo iniciar\u00e1 a 24\u00b0 rodada com dois jogos a menos em rela\u00e7\u00e3o a Atl\u00e9tico-MG e Palmeiras. Os mineiros lideram, com 49 pontos, dez a mais que os paulistas e com 11 de vantagem para os rubro-negros.<\/p>\n\n\n\n<p>Retirado de: Extra<\/p>\n","protected":false},"excerpt":{"rendered":"<p>O Flamengo inicia hoje a sequ\u00eancia que lhe tirou mais pontos no Campeonato Brasileiro no primeiro turno, no momento em que estava desfalcado pelas convoca\u00e7\u00f5es da Copa Am\u00e9rica. Diante do Bragantino, \u00e0s 20h30, fora de casa, o time de Renato Ga\u00facho n\u00e3o s\u00f3 n\u00e3o poder\u00e1 contar com Gabigol, Everton Ribeiro, Arrascaeta e Isla, que se [&hellip;]<\/p>\n","protected":false},"author":1,"featured_media":67397,"comment_status":"open","ping_status":"closed","sticky":false,"template":"","format":"standard","meta":{"footnotes":""},"categories":[1],"tags":[],"class_list":["post-69461","post","type-post","status-publish","format-standard","has-post-thumbnail","hentry","category-flamengo"],"yoast_head":"<!-- This site is optimized with the Yoast SEO Premium plugin v24.2 (Yoast SEO v26.9) - https:\/\/yoast.com\/product\/yoast-seo-premium-wordpress\/ -->\n<title>Convoca\u00e7\u00f5es s\u00e3o os principais rivais do Flamengo<\/title>\n<meta name=\"robots\" content=\"index, follow, max-snippet:-1, max-image-preview:large, max-video-preview:-1\" \/>\n<link rel=\"canonical\" href=\"https:\/\/www.gaveanews.com\/index.php\/2021\/10\/06\/convocacoes-sao-os-principais-rivais-do-flamengo\/\" \/>\n<meta property=\"og:locale\" content=\"pt_BR\" \/>\n<meta property=\"og:type\" content=\"article\" \/>\n<meta property=\"og:title\" content=\"Convoca\u00e7\u00f5es s\u00e3o os principais rivais do Flamengo\" \/>\n<meta property=\"og:description\" content=\"O Flamengo inicia hoje a sequ\u00eancia que lhe tirou mais pontos no Campeonato Brasileiro no primeiro turno, no momento em que estava desfalcado pelas convoca\u00e7\u00f5es da Copa Am\u00e9rica. Diante do Bragantino, \u00e0s 20h30, fora de casa, o time de Renato Ga\u00facho n\u00e3o s\u00f3 n\u00e3o poder\u00e1 contar com Gabigol, Everton Ribeiro, Arrascaeta e Isla, que se [&hellip;]\" \/>\n<meta property=\"og:url\" content=\"https:\/\/www.gaveanews.com\/index.php\/2021\/10\/06\/convocacoes-sao-os-principais-rivais-do-flamengo\/\" \/>\n<meta property=\"og:site_name\" content=\"G\u00e1vea News\" \/>\n<meta property=\"article:publisher\" content=\"https:\/\/facebook.com\/gaveaNews\/\" \/>\n<meta property=\"article:published_time\" content=\"2021-10-06T11:00:00+00:00\" \/>\n<meta property=\"og:image\" content=\"https:\/\/www.gaveanews.com\/wp-content\/uploads\/Gabigol-Lucas-Paqueta-e-Gerson-comemorando-gol-de-Everton-Ribeiro-pela-Selecao-Brasileira.webp\" \/>\n\t<meta property=\"og:image:width\" content=\"1024\" \/>\n\t<meta property=\"og:image:height\" content=\"757\" \/>\n\t<meta property=\"og:image:type\" content=\"image\/jpeg\" \/>\n<meta name=\"author\" content=\"Equipe G\u00e1vea News\" \/>\n<meta name=\"twitter:card\" content=\"summary_large_image\" \/>\n<meta name=\"twitter:label1\" content=\"Escrito por\" \/>\n\t<meta name=\"twitter:data1\" content=\"Equipe G\u00e1vea News\" \/>\n\t<meta name=\"twitter:label2\" content=\"Est. tempo de leitura\" \/>\n\t<meta name=\"twitter:data2\" content=\"3 minutos\" \/>\n<script type=\"application\/ld+json\" class=\"yoast-schema-graph\">{\"@context\":\"https:\/\/schema.org\",\"@graph\":[{\"@type\":\"NewsArticle\",\"@id\":\"https:\/\/www.gaveanews.com\/index.php\/2021\/10\/06\/convocacoes-sao-os-principais-rivais-do-flamengo\/#article\",\"isPartOf\":{\"@id\":\"https:\/\/www.gaveanews.com\/index.php\/2021\/10\/06\/convocacoes-sao-os-principais-rivais-do-flamengo\/\"},\"author\":{\"name\":\"Equipe G\u00e1vea News\",\"@id\":\"https:\/\/www.gaveanews.com\/#\/schema\/person\/2ec14f73fb96be2caf28f91afb14749d\"},\"headline\":\"Convoca\u00e7\u00f5es s\u00e3o os principais rivais do Flamengo\",\"datePublished\":\"2021-10-06T11:00:00+00:00\",\"mainEntityOfPage\":{\"@id\":\"https:\/\/www.gaveanews.com\/index.php\/2021\/10\/06\/convocacoes-sao-os-principais-rivais-do-flamengo\/\"},\"wordCount\":576,\"commentCount\":8,\"image\":{\"@id\":\"https:\/\/www.gaveanews.com\/index.php\/2021\/10\/06\/convocacoes-sao-os-principais-rivais-do-flamengo\/#primaryimage\"},\"thumbnailUrl\":\"https:\/\/www.gaveanews.com\/wp-content\/uploads\/Gabigol-Lucas-Paqueta-e-Gerson-comemorando-gol-de-Everton-Ribeiro-pela-Selecao-Brasileira.webp\",\"articleSection\":[\"Flamengo\"],\"inLanguage\":\"pt-BR\",\"potentialAction\":[{\"@type\":\"CommentAction\",\"name\":\"Comment\",\"target\":[\"https:\/\/www.gaveanews.com\/index.php\/2021\/10\/06\/convocacoes-sao-os-principais-rivais-do-flamengo\/#respond\"]}],\"copyrightYear\":\"2021\",\"copyrightHolder\":{\"@id\":\"https:\/\/www.gaveanews.com\/#organization\"}},{\"@type\":\"WebPage\",\"@id\":\"https:\/\/www.gaveanews.com\/index.php\/2021\/10\/06\/convocacoes-sao-os-principais-rivais-do-flamengo\/\",\"url\":\"https:\/\/www.gaveanews.com\/index.php\/2021\/10\/06\/convocacoes-sao-os-principais-rivais-do-flamengo\/\",\"name\":\"Convoca\u00e7\u00f5es s\u00e3o os principais rivais do Flamengo\",\"isPartOf\":{\"@id\":\"https:\/\/www.gaveanews.com\/#website\"},\"primaryImageOfPage\":{\"@id\":\"https:\/\/www.gaveanews.com\/index.php\/2021\/10\/06\/convocacoes-sao-os-principais-rivais-do-flamengo\/#primaryimage\"},\"image\":{\"@id\":\"https:\/\/www.gaveanews.com\/index.php\/2021\/10\/06\/convocacoes-sao-os-principais-rivais-do-flamengo\/#primaryimage\"},\"thumbnailUrl\":\"https:\/\/www.gaveanews.com\/wp-content\/uploads\/Gabigol-Lucas-Paqueta-e-Gerson-comemorando-gol-de-Everton-Ribeiro-pela-Selecao-Brasileira.webp\",\"datePublished\":\"2021-10-06T11:00:00+00:00\",\"author\":{\"@id\":\"https:\/\/www.gaveanews.com\/#\/schema\/person\/2ec14f73fb96be2caf28f91afb14749d\"},\"breadcrumb\":{\"@id\":\"https:\/\/www.gaveanews.com\/index.php\/2021\/10\/06\/convocacoes-sao-os-principais-rivais-do-flamengo\/#breadcrumb\"},\"inLanguage\":\"pt-BR\",\"potentialAction\":[{\"@type\":\"ReadAction\",\"target\":[\"https:\/\/www.gaveanews.com\/index.php\/2021\/10\/06\/convocacoes-sao-os-principais-rivais-do-flamengo\/\"]}]},{\"@type\":\"ImageObject\",\"inLanguage\":\"pt-BR\",\"@id\":\"https:\/\/www.gaveanews.com\/index.php\/2021\/10\/06\/convocacoes-sao-os-principais-rivais-do-flamengo\/#primaryimage\",\"url\":\"https:\/\/www.gaveanews.com\/wp-content\/uploads\/Gabigol-Lucas-Paqueta-e-Gerson-comemorando-gol-de-Everton-Ribeiro-pela-Selecao-Brasileira.webp\",\"contentUrl\":\"https:\/\/www.gaveanews.com\/wp-content\/uploads\/Gabigol-Lucas-Paqueta-e-Gerson-comemorando-gol-de-Everton-Ribeiro-pela-Selecao-Brasileira.webp\",\"width\":1024,\"height\":757,\"caption\":\"Gabigol, Lucas Paquet\u00e1 e Gerson comemorando gol de Everton Ribeiro pela Sele\u00e7\u00e3o Brasileira (Foto: Lucas Figueiredo\/CBF)\"},{\"@type\":\"BreadcrumbList\",\"@id\":\"https:\/\/www.gaveanews.com\/index.php\/2021\/10\/06\/convocacoes-sao-os-principais-rivais-do-flamengo\/#breadcrumb\",\"itemListElement\":[{\"@type\":\"ListItem\",\"position\":1,\"name\":\"Home\",\"item\":\"https:\/\/www.gaveanews.com\/\"},{\"@type\":\"ListItem\",\"position\":2,\"name\":\"Convoca\u00e7\u00f5es s\u00e3o os principais rivais do Flamengo\"}]},{\"@type\":\"WebSite\",\"@id\":\"https:\/\/www.gaveanews.com\/#website\",\"url\":\"https:\/\/www.gaveanews.com\/\",\"name\":\"G\u00e1vea News\",\"description\":\"Veja todas as not\u00edcias sobre o Flamengo: Contrata\u00e7\u00f5es, categorias de base, resultados das partidas, tabela de classifica\u00e7\u00e3o, pr\u00f3ximos jogos!\",\"potentialAction\":[{\"@type\":\"SearchAction\",\"target\":{\"@type\":\"EntryPoint\",\"urlTemplate\":\"https:\/\/www.gaveanews.com\/?s={search_term_string}\"},\"query-input\":{\"@type\":\"PropertyValueSpecification\",\"valueRequired\":true,\"valueName\":\"search_term_string\"}}],\"inLanguage\":\"pt-BR\"},{\"@type\":\"Person\",\"@id\":\"https:\/\/www.gaveanews.com\/#\/schema\/person\/2ec14f73fb96be2caf28f91afb14749d\",\"name\":\"Equipe G\u00e1vea News\",\"image\":{\"@type\":\"ImageObject\",\"inLanguage\":\"pt-BR\",\"@id\":\"https:\/\/www.gaveanews.com\/#\/schema\/person\/image\/\",\"url\":\"https:\/\/secure.gravatar.com\/avatar\/1e1956f1facbffd3f8fa53a326721950116b3b9dc9bd44939c01180fd4a745a9?s=96&d=mm&r=g\",\"contentUrl\":\"https:\/\/secure.gravatar.com\/avatar\/1e1956f1facbffd3f8fa53a326721950116b3b9dc9bd44939c01180fd4a745a9?s=96&d=mm&r=g\",\"caption\":\"Equipe G\u00e1vea News\"}}]}<\/script>\n<!-- \/ Yoast SEO Premium plugin. -->","yoast_head_json":{"title":"Convoca\u00e7\u00f5es s\u00e3o os principais rivais do Flamengo","robots":{"index":"index","follow":"follow","max-snippet":"max-snippet:-1","max-image-preview":"max-image-preview:large","max-video-preview":"max-video-preview:-1"},"canonical":"https:\/\/www.gaveanews.com\/index.php\/2021\/10\/06\/convocacoes-sao-os-principais-rivais-do-flamengo\/","og_locale":"pt_BR","og_type":"article","og_title":"Convoca\u00e7\u00f5es s\u00e3o os principais rivais do Flamengo","og_description":"O Flamengo inicia hoje a sequ\u00eancia que lhe tirou mais pontos no Campeonato Brasileiro no primeiro turno, no momento em que estava desfalcado pelas convoca\u00e7\u00f5es da Copa Am\u00e9rica. Diante do Bragantino, \u00e0s 20h30, fora de casa, o time de Renato Ga\u00facho n\u00e3o s\u00f3 n\u00e3o poder\u00e1 contar com Gabigol, Everton Ribeiro, Arrascaeta e Isla, que se [&hellip;]","og_url":"https:\/\/www.gaveanews.com\/index.php\/2021\/10\/06\/convocacoes-sao-os-principais-rivais-do-flamengo\/","og_site_name":"G\u00e1vea News","article_publisher":"https:\/\/facebook.com\/gaveaNews\/","article_published_time":"2021-10-06T11:00:00+00:00","og_image":[{"width":1024,"height":757,"url":"https:\/\/www.gaveanews.com\/wp-content\/uploads\/Gabigol-Lucas-Paqueta-e-Gerson-comemorando-gol-de-Everton-Ribeiro-pela-Selecao-Brasileira.webp","type":"image\/jpeg"}],"author":"Equipe G\u00e1vea News","twitter_card":"summary_large_image","twitter_misc":{"Escrito por":"Equipe G\u00e1vea News","Est. tempo de leitura":"3 minutos"},"schema":{"@context":"https:\/\/schema.org","@graph":[{"@type":"NewsArticle","@id":"https:\/\/www.gaveanews.com\/index.php\/2021\/10\/06\/convocacoes-sao-os-principais-rivais-do-flamengo\/#article","isPartOf":{"@id":"https:\/\/www.gaveanews.com\/index.php\/2021\/10\/06\/convocacoes-sao-os-principais-rivais-do-flamengo\/"},"author":{"name":"Equipe G\u00e1vea News","@id":"https:\/\/www.gaveanews.com\/#\/schema\/person\/2ec14f73fb96be2caf28f91afb14749d"},"headline":"Convoca\u00e7\u00f5es s\u00e3o os principais rivais do Flamengo","datePublished":"2021-10-06T11:00:00+00:00","mainEntityOfPage":{"@id":"https:\/\/www.gaveanews.com\/index.php\/2021\/10\/06\/convocacoes-sao-os-principais-rivais-do-flamengo\/"},"wordCount":576,"commentCount":8,"image":{"@id":"https:\/\/www.gaveanews.com\/index.php\/2021\/10\/06\/convocacoes-sao-os-principais-rivais-do-flamengo\/#primaryimage"},"thumbnailUrl":"https:\/\/www.gaveanews.com\/wp-content\/uploads\/Gabigol-Lucas-Paqueta-e-Gerson-comemorando-gol-de-Everton-Ribeiro-pela-Selecao-Brasileira.webp","articleSection":["Flamengo"],"inLanguage":"pt-BR","potentialAction":[{"@type":"CommentAction","name":"Comment","target":["https:\/\/www.gaveanews.com\/index.php\/2021\/10\/06\/convocacoes-sao-os-principais-rivais-do-flamengo\/#respond"]}],"copyrightYear":"2021","copyrightHolder":{"@id":"https:\/\/www.gaveanews.com\/#organization"}},{"@type":"WebPage","@id":"https:\/\/www.gaveanews.com\/index.php\/2021\/10\/06\/convocacoes-sao-os-principais-rivais-do-flamengo\/","url":"https:\/\/www.gaveanews.com\/index.php\/2021\/10\/06\/convocacoes-sao-os-principais-rivais-do-flamengo\/","name":"Convoca\u00e7\u00f5es s\u00e3o os principais rivais do Flamengo","isPartOf":{"@id":"https:\/\/www.gaveanews.com\/#website"},"primaryImageOfPage":{"@id":"https:\/\/www.gaveanews.com\/index.php\/2021\/10\/06\/convocacoes-sao-os-principais-rivais-do-flamengo\/#primaryimage"},"image":{"@id":"https:\/\/www.gaveanews.com\/index.php\/2021\/10\/06\/convocacoes-sao-os-principais-rivais-do-flamengo\/#primaryimage"},"thumbnailUrl":"https:\/\/www.gaveanews.com\/wp-content\/uploads\/Gabigol-Lucas-Paqueta-e-Gerson-comemorando-gol-de-Everton-Ribeiro-pela-Selecao-Brasileira.webp","datePublished":"2021-10-06T11:00:00+00:00","author":{"@id":"https:\/\/www.gaveanews.com\/#\/schema\/person\/2ec14f73fb96be2caf28f91afb14749d"},"breadcrumb":{"@id":"https:\/\/www.gaveanews.com\/index.php\/2021\/10\/06\/convocacoes-sao-os-principais-rivais-do-flamengo\/#breadcrumb"},"inLanguage":"pt-BR","potentialAction":[{"@type":"ReadAction","target":["https:\/\/www.gaveanews.com\/index.php\/2021\/10\/06\/convocacoes-sao-os-principais-rivais-do-flamengo\/"]}]},{"@type":"ImageObject","inLanguage":"pt-BR","@id":"https:\/\/www.gaveanews.com\/index.php\/2021\/10\/06\/convocacoes-sao-os-principais-rivais-do-flamengo\/#primaryimage","url":"https:\/\/www.gaveanews.com\/wp-content\/uploads\/Gabigol-Lucas-Paqueta-e-Gerson-comemorando-gol-de-Everton-Ribeiro-pela-Selecao-Brasileira.webp","contentUrl":"https:\/\/www.gaveanews.com\/wp-content\/uploads\/Gabigol-Lucas-Paqueta-e-Gerson-comemorando-gol-de-Everton-Ribeiro-pela-Selecao-Brasileira.webp","width":1024,"height":757,"caption":"Gabigol, Lucas Paquet\u00e1 e Gerson comemorando gol de Everton Ribeiro pela Sele\u00e7\u00e3o Brasileira (Foto: Lucas Figueiredo\/CBF)"},{"@type":"BreadcrumbList","@id":"https:\/\/www.gaveanews.com\/index.php\/2021\/10\/06\/convocacoes-sao-os-principais-rivais-do-flamengo\/#breadcrumb","itemListElement":[{"@type":"ListItem","position":1,"name":"Home","item":"https:\/\/www.gaveanews.com\/"},{"@type":"ListItem","position":2,"name":"Convoca\u00e7\u00f5es s\u00e3o os principais rivais do Flamengo"}]},{"@type":"WebSite","@id":"https:\/\/www.gaveanews.com\/#website","url":"https:\/\/www.gaveanews.com\/","name":"G\u00e1vea News","description":"Veja todas as not\u00edcias sobre o Flamengo: Contrata\u00e7\u00f5es, categorias de base, resultados das partidas, tabela de classifica\u00e7\u00e3o, pr\u00f3ximos jogos!","potentialAction":[{"@type":"SearchAction","target":{"@type":"EntryPoint","urlTemplate":"https:\/\/www.gaveanews.com\/?s={search_term_string}"},"query-input":{"@type":"PropertyValueSpecification","valueRequired":true,"valueName":"search_term_string"}}],"inLanguage":"pt-BR"},{"@type":"Person","@id":"https:\/\/www.gaveanews.com\/#\/schema\/person\/2ec14f73fb96be2caf28f91afb14749d","name":"Equipe G\u00e1vea News","image":{"@type":"ImageObject","inLanguage":"pt-BR","@id":"https:\/\/www.gaveanews.com\/#\/schema\/person\/image\/","url":"https:\/\/secure.gravatar.com\/avatar\/1e1956f1facbffd3f8fa53a326721950116b3b9dc9bd44939c01180fd4a745a9?s=96&d=mm&r=g","contentUrl":"https:\/\/secure.gravatar.com\/avatar\/1e1956f1facbffd3f8fa53a326721950116b3b9dc9bd44939c01180fd4a745a9?s=96&d=mm&r=g","caption":"Equipe G\u00e1vea News"}}]}},"_links":{"self":[{"href":"https:\/\/www.gaveanews.com\/index.php\/wp-json\/wp\/v2\/posts\/69461","targetHints":{"allow":["GET"]}}],"collection":[{"href":"https:\/\/www.gaveanews.com\/index.php\/wp-json\/wp\/v2\/posts"}],"about":[{"href":"https:\/\/www.gaveanews.com\/index.php\/wp-json\/wp\/v2\/types\/post"}],"author":[{"embeddable":true,"href":"https:\/\/www.gaveanews.com\/index.php\/wp-json\/wp\/v2\/users\/1"}],"replies":[{"embeddable":true,"href":"https:\/\/www.gaveanews.com\/index.php\/wp-json\/wp\/v2\/comments?post=69461"}],"version-history":[{"count":0,"href":"https:\/\/www.gaveanews.com\/index.php\/wp-json\/wp\/v2\/posts\/69461\/revisions"}],"wp:featuredmedia":[{"embeddable":true,"href":"https:\/\/www.gaveanews.com\/index.php\/wp-json\/wp\/v2\/media\/67397"}],"wp:attachment":[{"href":"https:\/\/www.gaveanews.com\/index.php\/wp-json\/wp\/v2\/media?parent=69461"}],"wp:term":[{"taxonomy":"category","embeddable":true,"href":"https:\/\/www.gaveanews.com\/index.php\/wp-json\/wp\/v2\/categories?post=69461"},{"taxonomy":"post_tag","embeddable":true,"href":"https:\/\/www.gaveanews.com\/index.php\/wp-json\/wp\/v2\/tags?post=69461"}],"curies":[{"name":"wp","href":"https:\/\/api.w.org\/{rel}","templated":true}]}}