{"id":69538,"date":"2021-10-07T07:50:00","date_gmt":"2021-10-07T10:50:00","guid":{"rendered":"https:\/\/www.gaveanews.com\/?p=69538"},"modified":"2021-10-07T01:23:00","modified_gmt":"2021-10-07T04:23:00","slug":"programa-de-socio-torcedor-do-flamengo-volta-a-crescer","status":"publish","type":"post","link":"https:\/\/www.gaveanews.com\/index.php\/2021\/10\/07\/programa-de-socio-torcedor-do-flamengo-volta-a-crescer\/","title":{"rendered":"Programa de s\u00f3cio-torcedor do Flamengo volta a crescer"},"content":{"rendered":"\n<p>Flamengo e Palmeiras tiveram um crescimento do n\u00famero de s\u00f3cios-torcedores desde suas classifica\u00e7\u00f5es \u00e0 final da Libertadores. No total, o Avanti e o Na\u00e7\u00e3o Rubro-Negra tiveram 8 mil ades\u00f5es na \u00faltima semana desde as conquistas das vagas na decis\u00e3o. Cada clube ter\u00e1 direito a vender 25% dos ingressos dispon\u00edveis para a final em Montevid\u00e9u (URU).<\/p>\n\n\n\n<p>Durante a pandemia, Flamengo e Palmeiras tiveram quedas em seus programas pela proibi\u00e7\u00e3o de torcidas nos est\u00e1dios. Esse \u00e9 o principal atrativo para quem adere ao produto. O Na\u00e7\u00e3o Rubro-Negra caiu para menos da metade para em torno de 50 mil, enquanto o n\u00famero de associados do Alviverde passou a girar no patamar de 30 mil.<\/p>\n\n\n\n<p>No caso do Flamengo, o programa de s\u00f3cio registrou 5,5 mil ades\u00f5es em cerca de uma semana. No dia da semifinal da Libertadores, havia 59 mil s\u00f3cios. No final desta ter\u00e7a-feira (5), o site do s\u00f3cio-torcedor registrava 64.624 membros.<\/p>\n\n\n\n<p>N\u00e3o foi apenas a final da Libertadores que elevou a procura pelo Na\u00e7\u00e3o Rubro-Negra. Anteriormente, o programa j\u00e1 tinha um crescimento de ades\u00f5es desde que se iniciou a volta do p\u00fablico aos est\u00e1dios. O Flamengo j\u00e1 jogou tr\u00eas partidas com a presen\u00e7a de torcedores, uma pela Copa do Brasil, outra pela competi\u00e7\u00e3o sul-americana e uma terceira pelo Brasileiro.<\/p>\n\n\n\n<p>\u00c9 certo que o s\u00f3cio-torcedor ser\u00e1 usado como crit\u00e9rio para compras de ingressos para a final da Libertadores. S\u00f3cios que ficaram no programa durante a pandemia tiveram um upgrade em seus status para comprar bilhetes. As regras para a decis\u00e3o, no entanto, ainda n\u00e3o foram definidas.<\/p>\n\n\n\n<p>O Palmeiras estima em um aumento de cerca de 2,5 mil no programa Avanti desde a confirma\u00e7\u00e3o da vaga. O crescimento \u00e9 atribu\u00eddo \u00e0 decis\u00e3o da Libertadores e tamb\u00e9m \u00e0 volta de p\u00fablico. Lembremos que, na semana passada, a reuni\u00e3o de clubes da S\u00e9rie A confirmou a volta das torcidas no Brasileiro, ap\u00f3s decis\u00e3o favor\u00e1vel do governo de S\u00e3o Paulo. Agora, o clube alviverde tem 34 mil s\u00f3cios.<\/p>\n\n\n\n<p>Ressalta-se que o Palmeiras ainda n\u00e3o tem nenhuma informa\u00e7\u00e3o sobre poss\u00edvel venda de ingresso para a Libertadores.<\/p>\n\n\n\n<p>A Conmebol espera para saber qual ser\u00e1 o percentual de p\u00fablico permitido na final. Atualmente, o Uruguai permite 50% de torcida nos est\u00e1dios. H\u00e1 uma expectativa de que esse percentual possa subir para 70% ou at\u00e9 para um est\u00e1dio cheio no futuro. O t\u00edtulo ser\u00e1 decidido apenas em 27 de novembro.<\/p>\n\n\n\n<p>A entidade ainda n\u00e3o tem prazo para determinar a venda de ingressos. Mas j\u00e1 \u00e9 certo que Flamengo e Palmeiras ter\u00e3o, cada um, direito a 25% dos bilhetes dispon\u00edveis, segundo apurou o blog. Os torcedores dos dois clubes ficar\u00e3o nos setores ao fundo do est\u00e1dio. Outros 50% ser\u00e3o da Conmebol para venda e distribui\u00e7\u00e3o para patrocinadores e parceiros.<\/p>\n\n\n\n<p>Assim, por exemplo, no caso de 70% do p\u00fablico dispon\u00edveis, o est\u00e1dio Centen\u00e1rio poderia receber uma torcida em torno de 40 mil pessoas. Neste caso, cada time teria cerca de 10 mil bilhetes para suas torcidas. Isso ainda depende, no entanto, de como a Conmebol faria a setoriza\u00e7\u00e3o do est\u00e1dio.<\/p>\n\n\n\n<p>Retirado de: Blog do Rodrigo Mattos<\/p>\n","protected":false},"excerpt":{"rendered":"<p>Flamengo e Palmeiras tiveram um crescimento do n\u00famero de s\u00f3cios-torcedores desde suas classifica\u00e7\u00f5es \u00e0 final da Libertadores. No total, o Avanti e o Na\u00e7\u00e3o Rubro-Negra tiveram 8 mil ades\u00f5es na \u00faltima semana desde as conquistas das vagas na decis\u00e3o. Cada clube ter\u00e1 direito a vender 25% dos ingressos dispon\u00edveis para a final em Montevid\u00e9u (URU). [&hellip;]<\/p>\n","protected":false},"author":1,"featured_media":69539,"comment_status":"open","ping_status":"closed","sticky":false,"template":"","format":"standard","meta":{"footnotes":""},"categories":[47],"tags":[],"class_list":["post-69538","post","type-post","status-publish","format-standard","has-post-thumbnail","hentry","category-destaques"],"yoast_head":"<!-- This site is optimized with the Yoast SEO Premium plugin v24.2 (Yoast SEO v26.9) - https:\/\/yoast.com\/product\/yoast-seo-premium-wordpress\/ -->\n<title>Programa de s\u00f3cio-torcedor do Flamengo volta a crescer<\/title>\n<meta name=\"robots\" content=\"index, follow, max-snippet:-1, max-image-preview:large, max-video-preview:-1\" \/>\n<link rel=\"canonical\" href=\"https:\/\/www.gaveanews.com\/index.php\/2021\/10\/07\/programa-de-socio-torcedor-do-flamengo-volta-a-crescer\/\" \/>\n<meta property=\"og:locale\" content=\"pt_BR\" \/>\n<meta property=\"og:type\" content=\"article\" \/>\n<meta property=\"og:title\" content=\"Programa de s\u00f3cio-torcedor do Flamengo volta a crescer\" \/>\n<meta property=\"og:description\" content=\"Flamengo e Palmeiras tiveram um crescimento do n\u00famero de s\u00f3cios-torcedores desde suas classifica\u00e7\u00f5es \u00e0 final da Libertadores. No total, o Avanti e o Na\u00e7\u00e3o Rubro-Negra tiveram 8 mil ades\u00f5es na \u00faltima semana desde as conquistas das vagas na decis\u00e3o. Cada clube ter\u00e1 direito a vender 25% dos ingressos dispon\u00edveis para a final em Montevid\u00e9u (URU). [&hellip;]\" \/>\n<meta property=\"og:url\" content=\"https:\/\/www.gaveanews.com\/index.php\/2021\/10\/07\/programa-de-socio-torcedor-do-flamengo-volta-a-crescer\/\" \/>\n<meta property=\"og:site_name\" content=\"G\u00e1vea News\" \/>\n<meta property=\"article:publisher\" content=\"https:\/\/facebook.com\/gaveaNews\/\" \/>\n<meta property=\"article:published_time\" content=\"2021-10-07T10:50:00+00:00\" \/>\n<meta property=\"og:image\" content=\"https:\/\/www.gaveanews.com\/wp-content\/uploads\/Socio-torcedor-do-Flamengo-ao-lado-do-trofeu-da-Libertadores.webp\" \/>\n\t<meta property=\"og:image:width\" content=\"1024\" \/>\n\t<meta property=\"og:image:height\" content=\"682\" \/>\n\t<meta property=\"og:image:type\" content=\"image\/jpeg\" \/>\n<meta name=\"author\" content=\"Equipe G\u00e1vea News\" \/>\n<meta name=\"twitter:card\" content=\"summary_large_image\" \/>\n<meta name=\"twitter:label1\" content=\"Escrito por\" \/>\n\t<meta name=\"twitter:data1\" content=\"Equipe G\u00e1vea News\" \/>\n\t<meta name=\"twitter:label2\" content=\"Est. tempo de leitura\" \/>\n\t<meta name=\"twitter:data2\" content=\"3 minutos\" \/>\n<script type=\"application\/ld+json\" class=\"yoast-schema-graph\">{\"@context\":\"https:\/\/schema.org\",\"@graph\":[{\"@type\":\"NewsArticle\",\"@id\":\"https:\/\/www.gaveanews.com\/index.php\/2021\/10\/07\/programa-de-socio-torcedor-do-flamengo-volta-a-crescer\/#article\",\"isPartOf\":{\"@id\":\"https:\/\/www.gaveanews.com\/index.php\/2021\/10\/07\/programa-de-socio-torcedor-do-flamengo-volta-a-crescer\/\"},\"author\":{\"name\":\"Equipe G\u00e1vea News\",\"@id\":\"https:\/\/www.gaveanews.com\/#\/schema\/person\/2ec14f73fb96be2caf28f91afb14749d\"},\"headline\":\"Programa de s\u00f3cio-torcedor do Flamengo volta a crescer\",\"datePublished\":\"2021-10-07T10:50:00+00:00\",\"mainEntityOfPage\":{\"@id\":\"https:\/\/www.gaveanews.com\/index.php\/2021\/10\/07\/programa-de-socio-torcedor-do-flamengo-volta-a-crescer\/\"},\"wordCount\":550,\"commentCount\":1,\"image\":{\"@id\":\"https:\/\/www.gaveanews.com\/index.php\/2021\/10\/07\/programa-de-socio-torcedor-do-flamengo-volta-a-crescer\/#primaryimage\"},\"thumbnailUrl\":\"https:\/\/www.gaveanews.com\/wp-content\/uploads\/Socio-torcedor-do-Flamengo-ao-lado-do-trofeu-da-Libertadores.webp\",\"articleSection\":[\"Destaques\"],\"inLanguage\":\"pt-BR\",\"potentialAction\":[{\"@type\":\"CommentAction\",\"name\":\"Comment\",\"target\":[\"https:\/\/www.gaveanews.com\/index.php\/2021\/10\/07\/programa-de-socio-torcedor-do-flamengo-volta-a-crescer\/#respond\"]}],\"copyrightYear\":\"2021\",\"copyrightHolder\":{\"@id\":\"https:\/\/www.gaveanews.com\/#organization\"}},{\"@type\":\"WebPage\",\"@id\":\"https:\/\/www.gaveanews.com\/index.php\/2021\/10\/07\/programa-de-socio-torcedor-do-flamengo-volta-a-crescer\/\",\"url\":\"https:\/\/www.gaveanews.com\/index.php\/2021\/10\/07\/programa-de-socio-torcedor-do-flamengo-volta-a-crescer\/\",\"name\":\"Programa de s\u00f3cio-torcedor do Flamengo volta a crescer\",\"isPartOf\":{\"@id\":\"https:\/\/www.gaveanews.com\/#website\"},\"primaryImageOfPage\":{\"@id\":\"https:\/\/www.gaveanews.com\/index.php\/2021\/10\/07\/programa-de-socio-torcedor-do-flamengo-volta-a-crescer\/#primaryimage\"},\"image\":{\"@id\":\"https:\/\/www.gaveanews.com\/index.php\/2021\/10\/07\/programa-de-socio-torcedor-do-flamengo-volta-a-crescer\/#primaryimage\"},\"thumbnailUrl\":\"https:\/\/www.gaveanews.com\/wp-content\/uploads\/Socio-torcedor-do-Flamengo-ao-lado-do-trofeu-da-Libertadores.webp\",\"datePublished\":\"2021-10-07T10:50:00+00:00\",\"author\":{\"@id\":\"https:\/\/www.gaveanews.com\/#\/schema\/person\/2ec14f73fb96be2caf28f91afb14749d\"},\"breadcrumb\":{\"@id\":\"https:\/\/www.gaveanews.com\/index.php\/2021\/10\/07\/programa-de-socio-torcedor-do-flamengo-volta-a-crescer\/#breadcrumb\"},\"inLanguage\":\"pt-BR\",\"potentialAction\":[{\"@type\":\"ReadAction\",\"target\":[\"https:\/\/www.gaveanews.com\/index.php\/2021\/10\/07\/programa-de-socio-torcedor-do-flamengo-volta-a-crescer\/\"]}]},{\"@type\":\"ImageObject\",\"inLanguage\":\"pt-BR\",\"@id\":\"https:\/\/www.gaveanews.com\/index.php\/2021\/10\/07\/programa-de-socio-torcedor-do-flamengo-volta-a-crescer\/#primaryimage\",\"url\":\"https:\/\/www.gaveanews.com\/wp-content\/uploads\/Socio-torcedor-do-Flamengo-ao-lado-do-trofeu-da-Libertadores.webp\",\"contentUrl\":\"https:\/\/www.gaveanews.com\/wp-content\/uploads\/Socio-torcedor-do-Flamengo-ao-lado-do-trofeu-da-Libertadores.webp\",\"width\":1024,\"height\":682,\"caption\":\"S\u00f3cio-torcedor do Flamengo ao lado do trof\u00e9u da Libertadores (Foto: Paula Reis\/Flamengo)\"},{\"@type\":\"BreadcrumbList\",\"@id\":\"https:\/\/www.gaveanews.com\/index.php\/2021\/10\/07\/programa-de-socio-torcedor-do-flamengo-volta-a-crescer\/#breadcrumb\",\"itemListElement\":[{\"@type\":\"ListItem\",\"position\":1,\"name\":\"Home\",\"item\":\"https:\/\/www.gaveanews.com\/\"},{\"@type\":\"ListItem\",\"position\":2,\"name\":\"Programa de s\u00f3cio-torcedor do Flamengo volta a crescer\"}]},{\"@type\":\"WebSite\",\"@id\":\"https:\/\/www.gaveanews.com\/#website\",\"url\":\"https:\/\/www.gaveanews.com\/\",\"name\":\"G\u00e1vea News\",\"description\":\"Veja todas as not\u00edcias sobre o Flamengo: Contrata\u00e7\u00f5es, categorias de base, resultados das partidas, tabela de classifica\u00e7\u00e3o, pr\u00f3ximos jogos!\",\"potentialAction\":[{\"@type\":\"SearchAction\",\"target\":{\"@type\":\"EntryPoint\",\"urlTemplate\":\"https:\/\/www.gaveanews.com\/?s={search_term_string}\"},\"query-input\":{\"@type\":\"PropertyValueSpecification\",\"valueRequired\":true,\"valueName\":\"search_term_string\"}}],\"inLanguage\":\"pt-BR\"},{\"@type\":\"Person\",\"@id\":\"https:\/\/www.gaveanews.com\/#\/schema\/person\/2ec14f73fb96be2caf28f91afb14749d\",\"name\":\"Equipe G\u00e1vea News\",\"image\":{\"@type\":\"ImageObject\",\"inLanguage\":\"pt-BR\",\"@id\":\"https:\/\/www.gaveanews.com\/#\/schema\/person\/image\/\",\"url\":\"https:\/\/secure.gravatar.com\/avatar\/1e1956f1facbffd3f8fa53a326721950116b3b9dc9bd44939c01180fd4a745a9?s=96&d=mm&r=g\",\"contentUrl\":\"https:\/\/secure.gravatar.com\/avatar\/1e1956f1facbffd3f8fa53a326721950116b3b9dc9bd44939c01180fd4a745a9?s=96&d=mm&r=g\",\"caption\":\"Equipe G\u00e1vea News\"}}]}<\/script>\n<!-- \/ Yoast SEO Premium plugin. -->","yoast_head_json":{"title":"Programa de s\u00f3cio-torcedor do Flamengo volta a crescer","robots":{"index":"index","follow":"follow","max-snippet":"max-snippet:-1","max-image-preview":"max-image-preview:large","max-video-preview":"max-video-preview:-1"},"canonical":"https:\/\/www.gaveanews.com\/index.php\/2021\/10\/07\/programa-de-socio-torcedor-do-flamengo-volta-a-crescer\/","og_locale":"pt_BR","og_type":"article","og_title":"Programa de s\u00f3cio-torcedor do Flamengo volta a crescer","og_description":"Flamengo e Palmeiras tiveram um crescimento do n\u00famero de s\u00f3cios-torcedores desde suas classifica\u00e7\u00f5es \u00e0 final da Libertadores. No total, o Avanti e o Na\u00e7\u00e3o Rubro-Negra tiveram 8 mil ades\u00f5es na \u00faltima semana desde as conquistas das vagas na decis\u00e3o. Cada clube ter\u00e1 direito a vender 25% dos ingressos dispon\u00edveis para a final em Montevid\u00e9u (URU). [&hellip;]","og_url":"https:\/\/www.gaveanews.com\/index.php\/2021\/10\/07\/programa-de-socio-torcedor-do-flamengo-volta-a-crescer\/","og_site_name":"G\u00e1vea News","article_publisher":"https:\/\/facebook.com\/gaveaNews\/","article_published_time":"2021-10-07T10:50:00+00:00","og_image":[{"width":1024,"height":682,"url":"https:\/\/www.gaveanews.com\/wp-content\/uploads\/Socio-torcedor-do-Flamengo-ao-lado-do-trofeu-da-Libertadores.webp","type":"image\/jpeg"}],"author":"Equipe G\u00e1vea News","twitter_card":"summary_large_image","twitter_misc":{"Escrito por":"Equipe G\u00e1vea News","Est. tempo de leitura":"3 minutos"},"schema":{"@context":"https:\/\/schema.org","@graph":[{"@type":"NewsArticle","@id":"https:\/\/www.gaveanews.com\/index.php\/2021\/10\/07\/programa-de-socio-torcedor-do-flamengo-volta-a-crescer\/#article","isPartOf":{"@id":"https:\/\/www.gaveanews.com\/index.php\/2021\/10\/07\/programa-de-socio-torcedor-do-flamengo-volta-a-crescer\/"},"author":{"name":"Equipe G\u00e1vea News","@id":"https:\/\/www.gaveanews.com\/#\/schema\/person\/2ec14f73fb96be2caf28f91afb14749d"},"headline":"Programa de s\u00f3cio-torcedor do Flamengo volta a crescer","datePublished":"2021-10-07T10:50:00+00:00","mainEntityOfPage":{"@id":"https:\/\/www.gaveanews.com\/index.php\/2021\/10\/07\/programa-de-socio-torcedor-do-flamengo-volta-a-crescer\/"},"wordCount":550,"commentCount":1,"image":{"@id":"https:\/\/www.gaveanews.com\/index.php\/2021\/10\/07\/programa-de-socio-torcedor-do-flamengo-volta-a-crescer\/#primaryimage"},"thumbnailUrl":"https:\/\/www.gaveanews.com\/wp-content\/uploads\/Socio-torcedor-do-Flamengo-ao-lado-do-trofeu-da-Libertadores.webp","articleSection":["Destaques"],"inLanguage":"pt-BR","potentialAction":[{"@type":"CommentAction","name":"Comment","target":["https:\/\/www.gaveanews.com\/index.php\/2021\/10\/07\/programa-de-socio-torcedor-do-flamengo-volta-a-crescer\/#respond"]}],"copyrightYear":"2021","copyrightHolder":{"@id":"https:\/\/www.gaveanews.com\/#organization"}},{"@type":"WebPage","@id":"https:\/\/www.gaveanews.com\/index.php\/2021\/10\/07\/programa-de-socio-torcedor-do-flamengo-volta-a-crescer\/","url":"https:\/\/www.gaveanews.com\/index.php\/2021\/10\/07\/programa-de-socio-torcedor-do-flamengo-volta-a-crescer\/","name":"Programa de s\u00f3cio-torcedor do Flamengo volta a crescer","isPartOf":{"@id":"https:\/\/www.gaveanews.com\/#website"},"primaryImageOfPage":{"@id":"https:\/\/www.gaveanews.com\/index.php\/2021\/10\/07\/programa-de-socio-torcedor-do-flamengo-volta-a-crescer\/#primaryimage"},"image":{"@id":"https:\/\/www.gaveanews.com\/index.php\/2021\/10\/07\/programa-de-socio-torcedor-do-flamengo-volta-a-crescer\/#primaryimage"},"thumbnailUrl":"https:\/\/www.gaveanews.com\/wp-content\/uploads\/Socio-torcedor-do-Flamengo-ao-lado-do-trofeu-da-Libertadores.webp","datePublished":"2021-10-07T10:50:00+00:00","author":{"@id":"https:\/\/www.gaveanews.com\/#\/schema\/person\/2ec14f73fb96be2caf28f91afb14749d"},"breadcrumb":{"@id":"https:\/\/www.gaveanews.com\/index.php\/2021\/10\/07\/programa-de-socio-torcedor-do-flamengo-volta-a-crescer\/#breadcrumb"},"inLanguage":"pt-BR","potentialAction":[{"@type":"ReadAction","target":["https:\/\/www.gaveanews.com\/index.php\/2021\/10\/07\/programa-de-socio-torcedor-do-flamengo-volta-a-crescer\/"]}]},{"@type":"ImageObject","inLanguage":"pt-BR","@id":"https:\/\/www.gaveanews.com\/index.php\/2021\/10\/07\/programa-de-socio-torcedor-do-flamengo-volta-a-crescer\/#primaryimage","url":"https:\/\/www.gaveanews.com\/wp-content\/uploads\/Socio-torcedor-do-Flamengo-ao-lado-do-trofeu-da-Libertadores.webp","contentUrl":"https:\/\/www.gaveanews.com\/wp-content\/uploads\/Socio-torcedor-do-Flamengo-ao-lado-do-trofeu-da-Libertadores.webp","width":1024,"height":682,"caption":"S\u00f3cio-torcedor do Flamengo ao lado do trof\u00e9u da Libertadores (Foto: Paula Reis\/Flamengo)"},{"@type":"BreadcrumbList","@id":"https:\/\/www.gaveanews.com\/index.php\/2021\/10\/07\/programa-de-socio-torcedor-do-flamengo-volta-a-crescer\/#breadcrumb","itemListElement":[{"@type":"ListItem","position":1,"name":"Home","item":"https:\/\/www.gaveanews.com\/"},{"@type":"ListItem","position":2,"name":"Programa de s\u00f3cio-torcedor do Flamengo volta a crescer"}]},{"@type":"WebSite","@id":"https:\/\/www.gaveanews.com\/#website","url":"https:\/\/www.gaveanews.com\/","name":"G\u00e1vea News","description":"Veja todas as not\u00edcias sobre o Flamengo: Contrata\u00e7\u00f5es, categorias de base, resultados das partidas, tabela de classifica\u00e7\u00e3o, pr\u00f3ximos jogos!","potentialAction":[{"@type":"SearchAction","target":{"@type":"EntryPoint","urlTemplate":"https:\/\/www.gaveanews.com\/?s={search_term_string}"},"query-input":{"@type":"PropertyValueSpecification","valueRequired":true,"valueName":"search_term_string"}}],"inLanguage":"pt-BR"},{"@type":"Person","@id":"https:\/\/www.gaveanews.com\/#\/schema\/person\/2ec14f73fb96be2caf28f91afb14749d","name":"Equipe G\u00e1vea News","image":{"@type":"ImageObject","inLanguage":"pt-BR","@id":"https:\/\/www.gaveanews.com\/#\/schema\/person\/image\/","url":"https:\/\/secure.gravatar.com\/avatar\/1e1956f1facbffd3f8fa53a326721950116b3b9dc9bd44939c01180fd4a745a9?s=96&d=mm&r=g","contentUrl":"https:\/\/secure.gravatar.com\/avatar\/1e1956f1facbffd3f8fa53a326721950116b3b9dc9bd44939c01180fd4a745a9?s=96&d=mm&r=g","caption":"Equipe G\u00e1vea News"}}]}},"_links":{"self":[{"href":"https:\/\/www.gaveanews.com\/index.php\/wp-json\/wp\/v2\/posts\/69538","targetHints":{"allow":["GET"]}}],"collection":[{"href":"https:\/\/www.gaveanews.com\/index.php\/wp-json\/wp\/v2\/posts"}],"about":[{"href":"https:\/\/www.gaveanews.com\/index.php\/wp-json\/wp\/v2\/types\/post"}],"author":[{"embeddable":true,"href":"https:\/\/www.gaveanews.com\/index.php\/wp-json\/wp\/v2\/users\/1"}],"replies":[{"embeddable":true,"href":"https:\/\/www.gaveanews.com\/index.php\/wp-json\/wp\/v2\/comments?post=69538"}],"version-history":[{"count":0,"href":"https:\/\/www.gaveanews.com\/index.php\/wp-json\/wp\/v2\/posts\/69538\/revisions"}],"wp:featuredmedia":[{"embeddable":true,"href":"https:\/\/www.gaveanews.com\/index.php\/wp-json\/wp\/v2\/media\/69539"}],"wp:attachment":[{"href":"https:\/\/www.gaveanews.com\/index.php\/wp-json\/wp\/v2\/media?parent=69538"}],"wp:term":[{"taxonomy":"category","embeddable":true,"href":"https:\/\/www.gaveanews.com\/index.php\/wp-json\/wp\/v2\/categories?post=69538"},{"taxonomy":"post_tag","embeddable":true,"href":"https:\/\/www.gaveanews.com\/index.php\/wp-json\/wp\/v2\/tags?post=69538"}],"curies":[{"name":"wp","href":"https:\/\/api.w.org\/{rel}","templated":true}]}}