{"id":69543,"date":"2021-10-07T08:28:08","date_gmt":"2021-10-07T11:28:08","guid":{"rendered":"https:\/\/www.gaveanews.com\/?p=69543"},"modified":"2021-10-07T08:28:43","modified_gmt":"2021-10-07T11:28:43","slug":"renato-gaucho-garante-que-flamengo-nao-vai-desistir-do-brasileirao","status":"publish","type":"post","link":"https:\/\/www.gaveanews.com\/index.php\/2021\/10\/07\/renato-gaucho-garante-que-flamengo-nao-vai-desistir-do-brasileirao\/","title":{"rendered":"Renato Ga\u00facho garante que o Flamengo n\u00e3o vai desistir do Brasileir\u00e3o"},"content":{"rendered":"\n<p>Com time desfalcado, Flamengo empatou o jogo contra o Red Bull Bragantino em 1 a 1, na noite de ontem. A partida foi v\u00e1lida pela 24\u00aa rodada do Campeonato Brasileiro e deu ao rubro-negro apenas um ponto, o suficiente para ultrapassar o Palmeiras pela 2\u00aa posi\u00e7\u00e3o, mas mantendo a dist\u00e2ncia do l\u00edder do campeonato, Atl\u00e9tico-MG, que tem 50 pontos.<\/p>\n\n\n\n<p>Na coletiva de imprensa p\u00f3s-jogo, Renato Ga\u00facho foi perguntado a respeito dos desfalques que podem estar sendo um problema na boa atua\u00e7\u00e3o da partida de hoje. Al\u00e9m disso, ressaltou o bom desempenho da equipe advers\u00e1ria, mas mostrou que o Flamengo brigou para vencer.<\/p>\n\n\n\n<p><strong><em>\u2014 \u00c9 um problema que a gente vai ter. Temos jogadores que est\u00e3o convocados, alguns jogadores entregues ao departamento m\u00e9dico. Ent\u00e3o, \u00e0s vezes, voc\u00ea precisa improvisar, coisa que eu n\u00e3o gosto. Alguns jogadores em outra posi\u00e7\u00e3o, \u00e9 \u00f3bvio que esse jogador n\u00e3o vai render totalmente em uma posi\u00e7\u00e3o que n\u00e3o seja a dele. Mas, mesmo assim, a gente enfrentou uma grande equipe hoje. \u00c9 bem dif\u00edcil jogar contra o Bragantino, seja aqui, seja fora, tanto \u00e9 que voc\u00ea v\u00ea a pontua\u00e7\u00e3o do advers\u00e1rio. Sempre muito dif\u00edcil de ser batido. A equipe lutou, brigou. At\u00e9 o chute [que levou ao gol de empate do time advers\u00e1rio] a equipe estava bem<\/em><\/strong>, disse ap\u00f3s o jogo desta quarta-feira.<\/p>\n\n\n\n<p>Tamb\u00e9m ressaltou que a falta de entrosamento e a falta de tempo para o time alternativo do Flamengo se entrosar \u00e9 um problema para os pr\u00f3ximos jogos.<\/p>\n\n\n\n<p>\u2014 <strong><em>\u00c9 falta de entrosamento. Falta de treinamento \u00e9 imposs\u00edvel. N\u00e3o tem tempo nem para descansar, nem para dormir direito. Agora seria o prazo, com o tempo da Sele\u00e7\u00e3o a gente teria tempo para treinar um pouco mais, mas o campeonato n\u00e3o parou. O Flamengo joga tr\u00eas vezes por semana, o Flamengo joga tr\u00eas competi\u00e7\u00f5es. Tempo para que? Ai depois eu ainda tenho que escutar as pessoas dizendo que o Flamengo n\u00e3o se interessa pelo Campeonato Brasileiro. O campeonato brasileiro, c\u00e1 para n\u00f3s n\u00e9, anda bem bagun\u00e7adinho. Mas a gente acredita ainda, a gente vai continuar lutando, a gente quer ganhar o Campeonato Brasileiro, mas dessa forma fica um pouco dif\u00edcil<\/em><\/strong>, afirmou.<\/p>\n\n\n\n<p>O treinador tamb\u00e9m foi perguntado a respeito das convoca\u00e7\u00f5es e da n\u00e3o cumprimento da Data Fifa e no quanto isso pode afetar no desempenho do Flamengo nos jogos.<\/p>\n\n\n\n<p><strong><em>\u2014 \u00c9 um problema que a gente vem comentando nos \u00faltimos dias. \u00c9 obvio que a gente tem um grupo bom. O que a gente peca nesses jogos \u00e9 a falta de entrosamento. Ent\u00e3o, eu vejo muita gente comentando que o Internacional, Atl\u00e9tico-MG e o pr\u00f3prio Palmeiras foram prejudicados tamb\u00e9m, mas a pergunta que eu fa\u00e7o \u00e9: Prejudicados no que em rela\u00e7\u00e3o ao Flamengo? Porque o Flamengo tem quatro jogadores convocados. Ent\u00e3o, n\u00e3o vem me falar que o Internacional, o Atl\u00e9tico, o Palmeiras tamb\u00e9m est\u00e3o sofrendo. Est\u00e3o sofrendo por falta de um jogador. O Flamengo est\u00e1 sofrendo por falta de quatro jogadores. N\u00e3o estou aqui para ir contra a CBF. Agora, \u00e9 a Data Fifa, era o combinado. Ent\u00e3o, tem gente l\u00e1 na CBF que est\u00e1 falando e n\u00e3o est\u00e1 cumprindo e quem \u00e9 o prejudicado \u00e9 o Flamengo. Eu s\u00f3 acho que deviam ser cumpridas as datas da Fifa e o que tinha sido comprometido l\u00e1 atr\u00e1s<\/em><\/strong>, disse.<\/p>\n\n\n\n<p>O treinador do time carioca tamb\u00e9m foi perguntado a respeito do estilo de jogo que apta por jogar com o Flamengo e ressaltou algumas dificuldades que s\u00e3o encontradas ao longo dos campeonatos.<\/p>\n\n\n\n<p><strong><em>\u2014 Eu costumo treinar minhas equipes em busca da vit\u00f3ria. A gente joga para vencer, mas o advers\u00e1rio tamb\u00e9m quer vencer. Ent\u00e3o, acredito que tecnicamente, por parte do Flamengo, n\u00e3o foi um jogo bonito, mas em compensa\u00e7\u00e3o n\u00e3o faltou luta. Ent\u00e3o \u00e9 isso que eu costumo sempre destacar. A falta de entrosamento, a falta de um jogador de uma posi\u00e7\u00e3o, mas n\u00e3o faltou luta<\/em><\/strong>, garantiu.<\/p>\n\n\n\n<p>Na coletiva tamb\u00e9m foi destacado uma confus\u00e3o que aconteceu no final do primeiro tempo, quando um torcedor do Bragantino cuspiu no banco de reservas do Flamengo. Entretanto, o treinador rubro-negro n\u00e3o se mostrou revoltado com toda a torcida advers\u00e1ria e disse:<\/p>\n\n\n\n<p>\u2014 <strong><em>Voc\u00ea n\u00e3o pode crucificar a torcida do Bragantino por causa de uma pessoa, que vem paro est\u00e1dio descarregar seus problemas. A pessoa veio e ficou cuspindo no banco do Flamengo. Ent\u00e3o, a torcida do Bragantino se comportou muito bem, apenas essa pessoa que n\u00e3o se comportou bem<\/em><\/strong>, disse.<\/p>\n\n\n\n<p>Por fim, o t\u00e9cnico foi perguntado a respeito da quantidade de jogadores que est\u00e3o no departamento m\u00e9dico e s\u00e3o desfalques no Flamengo.<\/p>\n\n\n\n<p><strong><em>\u2014 As decis\u00f5es est\u00e3o certas. \u00c9 o desgaste de jogos. Voc\u00ea v\u00ea que tem equipes que jogam uma vez por semana e tem jogador no departamento m\u00e9dico. Imagina o Flamengo, que disputa tr\u00eas competi\u00e7\u00f5es. Ent\u00e3o a gente sempre procura tomar as decis\u00f5es corretas. [\u2026] Se tiver algum departamento que precisa ser mudado a gente vai mudar. [\u2026] O Flamengo disputa tr\u00eas campeonatos, mas muitas vezes paga um pre\u00e7o muito alto, principalmente em termos de les\u00f5es. [\u2026] Mas vou falar uma coisa para voc\u00ea eu estou muito satisfeito com meu grupo. Independente do time que entra em campo e independente do que acontece, os n\u00fameros est\u00e3o a\u00ed. O Flamengo n\u00e3o vai ganhar todas as partidas<\/em><\/strong>, finalizou.<\/p>\n\n\n\n<p>Ap\u00f3s o empate de hoje, o Flamengo voltar\u00e1 a campo no pr\u00f3ximo s\u00e1bado (9), \u00e0s 19h. O rubro-negro enfrentar\u00e1 o Fortaleza fora de casa para a 25\u00aa rodada do Campeonato Brasileiro.<\/p>\n\n\n\n<p>Retirado de: UOL<\/p>\n","protected":false},"excerpt":{"rendered":"<p>Com time desfalcado, Flamengo empatou o jogo contra o Red Bull Bragantino em 1 a 1, na noite de ontem. A partida foi v\u00e1lida pela 24\u00aa rodada do Campeonato Brasileiro e deu ao rubro-negro apenas um ponto, o suficiente para ultrapassar o Palmeiras pela 2\u00aa posi\u00e7\u00e3o, mas mantendo a dist\u00e2ncia do l\u00edder do campeonato, Atl\u00e9tico-MG, [&hellip;]<\/p>\n","protected":false},"author":1,"featured_media":69508,"comment_status":"open","ping_status":"closed","sticky":false,"template":"","format":"standard","meta":{"footnotes":""},"categories":[1],"tags":[],"class_list":["post-69543","post","type-post","status-publish","format-standard","has-post-thumbnail","hentry","category-flamengo"],"yoast_head":"<!-- This site is optimized with the Yoast SEO Premium plugin v24.2 (Yoast SEO v26.9) - https:\/\/yoast.com\/product\/yoast-seo-premium-wordpress\/ -->\n<title>Renato Ga\u00facho garante que o Flamengo n\u00e3o vai desistir do Brasileir\u00e3o<\/title>\n<meta name=\"robots\" content=\"index, follow, max-snippet:-1, max-image-preview:large, max-video-preview:-1\" \/>\n<link rel=\"canonical\" href=\"https:\/\/www.gaveanews.com\/index.php\/2021\/10\/07\/renato-gaucho-garante-que-flamengo-nao-vai-desistir-do-brasileirao\/\" \/>\n<meta property=\"og:locale\" content=\"pt_BR\" \/>\n<meta property=\"og:type\" content=\"article\" \/>\n<meta property=\"og:title\" content=\"Renato Ga\u00facho garante que o Flamengo n\u00e3o vai desistir do Brasileir\u00e3o\" \/>\n<meta property=\"og:description\" content=\"Com time desfalcado, Flamengo empatou o jogo contra o Red Bull Bragantino em 1 a 1, na noite de ontem. A partida foi v\u00e1lida pela 24\u00aa rodada do Campeonato Brasileiro e deu ao rubro-negro apenas um ponto, o suficiente para ultrapassar o Palmeiras pela 2\u00aa posi\u00e7\u00e3o, mas mantendo a dist\u00e2ncia do l\u00edder do campeonato, Atl\u00e9tico-MG, [&hellip;]\" \/>\n<meta property=\"og:url\" content=\"https:\/\/www.gaveanews.com\/index.php\/2021\/10\/07\/renato-gaucho-garante-que-flamengo-nao-vai-desistir-do-brasileirao\/\" \/>\n<meta property=\"og:site_name\" content=\"G\u00e1vea News\" \/>\n<meta property=\"article:publisher\" content=\"https:\/\/facebook.com\/gaveaNews\/\" \/>\n<meta property=\"article:published_time\" content=\"2021-10-07T11:28:08+00:00\" \/>\n<meta property=\"article:modified_time\" content=\"2021-10-07T11:28:43+00:00\" \/>\n<meta property=\"og:image\" content=\"https:\/\/www.gaveanews.com\/wp-content\/uploads\/Renato-Gaucho-durante-o-jogo-entre-Flamengo-e-Bragantino-no-Estadio-Nabi-Abi-Chedid-pelo-Campeonato-Brasileiro-de-2021.webp\" \/>\n\t<meta property=\"og:image:width\" content=\"799\" \/>\n\t<meta property=\"og:image:height\" content=\"533\" \/>\n\t<meta property=\"og:image:type\" content=\"image\/jpeg\" \/>\n<meta name=\"author\" content=\"Equipe G\u00e1vea News\" \/>\n<meta name=\"twitter:card\" content=\"summary_large_image\" \/>\n<meta name=\"twitter:label1\" content=\"Escrito por\" \/>\n\t<meta name=\"twitter:data1\" content=\"Equipe G\u00e1vea News\" \/>\n\t<meta name=\"twitter:label2\" content=\"Est. tempo de leitura\" \/>\n\t<meta name=\"twitter:data2\" content=\"4 minutos\" \/>\n<script type=\"application\/ld+json\" class=\"yoast-schema-graph\">{\"@context\":\"https:\/\/schema.org\",\"@graph\":[{\"@type\":\"NewsArticle\",\"@id\":\"https:\/\/www.gaveanews.com\/index.php\/2021\/10\/07\/renato-gaucho-garante-que-flamengo-nao-vai-desistir-do-brasileirao\/#article\",\"isPartOf\":{\"@id\":\"https:\/\/www.gaveanews.com\/index.php\/2021\/10\/07\/renato-gaucho-garante-que-flamengo-nao-vai-desistir-do-brasileirao\/\"},\"author\":{\"name\":\"Equipe G\u00e1vea News\",\"@id\":\"https:\/\/www.gaveanews.com\/#\/schema\/person\/2ec14f73fb96be2caf28f91afb14749d\"},\"headline\":\"Renato Ga\u00facho garante que o Flamengo n\u00e3o vai desistir do Brasileir\u00e3o\",\"datePublished\":\"2021-10-07T11:28:08+00:00\",\"dateModified\":\"2021-10-07T11:28:43+00:00\",\"mainEntityOfPage\":{\"@id\":\"https:\/\/www.gaveanews.com\/index.php\/2021\/10\/07\/renato-gaucho-garante-que-flamengo-nao-vai-desistir-do-brasileirao\/\"},\"wordCount\":979,\"commentCount\":19,\"image\":{\"@id\":\"https:\/\/www.gaveanews.com\/index.php\/2021\/10\/07\/renato-gaucho-garante-que-flamengo-nao-vai-desistir-do-brasileirao\/#primaryimage\"},\"thumbnailUrl\":\"https:\/\/www.gaveanews.com\/wp-content\/uploads\/Renato-Gaucho-durante-o-jogo-entre-Flamengo-e-Bragantino-no-Estadio-Nabi-Abi-Chedid-pelo-Campeonato-Brasileiro-de-2021.webp\",\"articleSection\":[\"Flamengo\"],\"inLanguage\":\"pt-BR\",\"potentialAction\":[{\"@type\":\"CommentAction\",\"name\":\"Comment\",\"target\":[\"https:\/\/www.gaveanews.com\/index.php\/2021\/10\/07\/renato-gaucho-garante-que-flamengo-nao-vai-desistir-do-brasileirao\/#respond\"]}],\"copyrightYear\":\"2021\",\"copyrightHolder\":{\"@id\":\"https:\/\/www.gaveanews.com\/#organization\"}},{\"@type\":\"WebPage\",\"@id\":\"https:\/\/www.gaveanews.com\/index.php\/2021\/10\/07\/renato-gaucho-garante-que-flamengo-nao-vai-desistir-do-brasileirao\/\",\"url\":\"https:\/\/www.gaveanews.com\/index.php\/2021\/10\/07\/renato-gaucho-garante-que-flamengo-nao-vai-desistir-do-brasileirao\/\",\"name\":\"Renato Ga\u00facho garante que o Flamengo n\u00e3o vai desistir do Brasileir\u00e3o\",\"isPartOf\":{\"@id\":\"https:\/\/www.gaveanews.com\/#website\"},\"primaryImageOfPage\":{\"@id\":\"https:\/\/www.gaveanews.com\/index.php\/2021\/10\/07\/renato-gaucho-garante-que-flamengo-nao-vai-desistir-do-brasileirao\/#primaryimage\"},\"image\":{\"@id\":\"https:\/\/www.gaveanews.com\/index.php\/2021\/10\/07\/renato-gaucho-garante-que-flamengo-nao-vai-desistir-do-brasileirao\/#primaryimage\"},\"thumbnailUrl\":\"https:\/\/www.gaveanews.com\/wp-content\/uploads\/Renato-Gaucho-durante-o-jogo-entre-Flamengo-e-Bragantino-no-Estadio-Nabi-Abi-Chedid-pelo-Campeonato-Brasileiro-de-2021.webp\",\"datePublished\":\"2021-10-07T11:28:08+00:00\",\"dateModified\":\"2021-10-07T11:28:43+00:00\",\"author\":{\"@id\":\"https:\/\/www.gaveanews.com\/#\/schema\/person\/2ec14f73fb96be2caf28f91afb14749d\"},\"breadcrumb\":{\"@id\":\"https:\/\/www.gaveanews.com\/index.php\/2021\/10\/07\/renato-gaucho-garante-que-flamengo-nao-vai-desistir-do-brasileirao\/#breadcrumb\"},\"inLanguage\":\"pt-BR\",\"potentialAction\":[{\"@type\":\"ReadAction\",\"target\":[\"https:\/\/www.gaveanews.com\/index.php\/2021\/10\/07\/renato-gaucho-garante-que-flamengo-nao-vai-desistir-do-brasileirao\/\"]}]},{\"@type\":\"ImageObject\",\"inLanguage\":\"pt-BR\",\"@id\":\"https:\/\/www.gaveanews.com\/index.php\/2021\/10\/07\/renato-gaucho-garante-que-flamengo-nao-vai-desistir-do-brasileirao\/#primaryimage\",\"url\":\"https:\/\/www.gaveanews.com\/wp-content\/uploads\/Renato-Gaucho-durante-o-jogo-entre-Flamengo-e-Bragantino-no-Estadio-Nabi-Abi-Chedid-pelo-Campeonato-Brasileiro-de-2021.webp\",\"contentUrl\":\"https:\/\/www.gaveanews.com\/wp-content\/uploads\/Renato-Gaucho-durante-o-jogo-entre-Flamengo-e-Bragantino-no-Estadio-Nabi-Abi-Chedid-pelo-Campeonato-Brasileiro-de-2021.webp\",\"width\":799,\"height\":533,\"caption\":\"Renato Ga\u00facho durante o jogo entre Flamengo e Bragantino no Est\u00e1dio Nabi Abi Chedid pelo Campeonato Brasileiro de 2021 (Foto: Alexandre Vidal\/Flamengo)\"},{\"@type\":\"BreadcrumbList\",\"@id\":\"https:\/\/www.gaveanews.com\/index.php\/2021\/10\/07\/renato-gaucho-garante-que-flamengo-nao-vai-desistir-do-brasileirao\/#breadcrumb\",\"itemListElement\":[{\"@type\":\"ListItem\",\"position\":1,\"name\":\"Home\",\"item\":\"https:\/\/www.gaveanews.com\/\"},{\"@type\":\"ListItem\",\"position\":2,\"name\":\"Renato Ga\u00facho garante que o Flamengo n\u00e3o vai desistir do Brasileir\u00e3o\"}]},{\"@type\":\"WebSite\",\"@id\":\"https:\/\/www.gaveanews.com\/#website\",\"url\":\"https:\/\/www.gaveanews.com\/\",\"name\":\"G\u00e1vea News\",\"description\":\"Veja todas as not\u00edcias sobre o Flamengo: Contrata\u00e7\u00f5es, categorias de base, resultados das partidas, tabela de classifica\u00e7\u00e3o, pr\u00f3ximos jogos!\",\"potentialAction\":[{\"@type\":\"SearchAction\",\"target\":{\"@type\":\"EntryPoint\",\"urlTemplate\":\"https:\/\/www.gaveanews.com\/?s={search_term_string}\"},\"query-input\":{\"@type\":\"PropertyValueSpecification\",\"valueRequired\":true,\"valueName\":\"search_term_string\"}}],\"inLanguage\":\"pt-BR\"},{\"@type\":\"Person\",\"@id\":\"https:\/\/www.gaveanews.com\/#\/schema\/person\/2ec14f73fb96be2caf28f91afb14749d\",\"name\":\"Equipe G\u00e1vea News\",\"image\":{\"@type\":\"ImageObject\",\"inLanguage\":\"pt-BR\",\"@id\":\"https:\/\/www.gaveanews.com\/#\/schema\/person\/image\/\",\"url\":\"https:\/\/secure.gravatar.com\/avatar\/1e1956f1facbffd3f8fa53a326721950116b3b9dc9bd44939c01180fd4a745a9?s=96&d=mm&r=g\",\"contentUrl\":\"https:\/\/secure.gravatar.com\/avatar\/1e1956f1facbffd3f8fa53a326721950116b3b9dc9bd44939c01180fd4a745a9?s=96&d=mm&r=g\",\"caption\":\"Equipe G\u00e1vea News\"}}]}<\/script>\n<!-- \/ Yoast SEO Premium plugin. -->","yoast_head_json":{"title":"Renato Ga\u00facho garante que o Flamengo n\u00e3o vai desistir do Brasileir\u00e3o","robots":{"index":"index","follow":"follow","max-snippet":"max-snippet:-1","max-image-preview":"max-image-preview:large","max-video-preview":"max-video-preview:-1"},"canonical":"https:\/\/www.gaveanews.com\/index.php\/2021\/10\/07\/renato-gaucho-garante-que-flamengo-nao-vai-desistir-do-brasileirao\/","og_locale":"pt_BR","og_type":"article","og_title":"Renato Ga\u00facho garante que o Flamengo n\u00e3o vai desistir do Brasileir\u00e3o","og_description":"Com time desfalcado, Flamengo empatou o jogo contra o Red Bull Bragantino em 1 a 1, na noite de ontem. A partida foi v\u00e1lida pela 24\u00aa rodada do Campeonato Brasileiro e deu ao rubro-negro apenas um ponto, o suficiente para ultrapassar o Palmeiras pela 2\u00aa posi\u00e7\u00e3o, mas mantendo a dist\u00e2ncia do l\u00edder do campeonato, Atl\u00e9tico-MG, [&hellip;]","og_url":"https:\/\/www.gaveanews.com\/index.php\/2021\/10\/07\/renato-gaucho-garante-que-flamengo-nao-vai-desistir-do-brasileirao\/","og_site_name":"G\u00e1vea News","article_publisher":"https:\/\/facebook.com\/gaveaNews\/","article_published_time":"2021-10-07T11:28:08+00:00","article_modified_time":"2021-10-07T11:28:43+00:00","og_image":[{"width":799,"height":533,"url":"https:\/\/www.gaveanews.com\/wp-content\/uploads\/Renato-Gaucho-durante-o-jogo-entre-Flamengo-e-Bragantino-no-Estadio-Nabi-Abi-Chedid-pelo-Campeonato-Brasileiro-de-2021.webp","type":"image\/jpeg"}],"author":"Equipe G\u00e1vea News","twitter_card":"summary_large_image","twitter_misc":{"Escrito por":"Equipe G\u00e1vea News","Est. tempo de leitura":"4 minutos"},"schema":{"@context":"https:\/\/schema.org","@graph":[{"@type":"NewsArticle","@id":"https:\/\/www.gaveanews.com\/index.php\/2021\/10\/07\/renato-gaucho-garante-que-flamengo-nao-vai-desistir-do-brasileirao\/#article","isPartOf":{"@id":"https:\/\/www.gaveanews.com\/index.php\/2021\/10\/07\/renato-gaucho-garante-que-flamengo-nao-vai-desistir-do-brasileirao\/"},"author":{"name":"Equipe G\u00e1vea News","@id":"https:\/\/www.gaveanews.com\/#\/schema\/person\/2ec14f73fb96be2caf28f91afb14749d"},"headline":"Renato Ga\u00facho garante que o Flamengo n\u00e3o vai desistir do Brasileir\u00e3o","datePublished":"2021-10-07T11:28:08+00:00","dateModified":"2021-10-07T11:28:43+00:00","mainEntityOfPage":{"@id":"https:\/\/www.gaveanews.com\/index.php\/2021\/10\/07\/renato-gaucho-garante-que-flamengo-nao-vai-desistir-do-brasileirao\/"},"wordCount":979,"commentCount":19,"image":{"@id":"https:\/\/www.gaveanews.com\/index.php\/2021\/10\/07\/renato-gaucho-garante-que-flamengo-nao-vai-desistir-do-brasileirao\/#primaryimage"},"thumbnailUrl":"https:\/\/www.gaveanews.com\/wp-content\/uploads\/Renato-Gaucho-durante-o-jogo-entre-Flamengo-e-Bragantino-no-Estadio-Nabi-Abi-Chedid-pelo-Campeonato-Brasileiro-de-2021.webp","articleSection":["Flamengo"],"inLanguage":"pt-BR","potentialAction":[{"@type":"CommentAction","name":"Comment","target":["https:\/\/www.gaveanews.com\/index.php\/2021\/10\/07\/renato-gaucho-garante-que-flamengo-nao-vai-desistir-do-brasileirao\/#respond"]}],"copyrightYear":"2021","copyrightHolder":{"@id":"https:\/\/www.gaveanews.com\/#organization"}},{"@type":"WebPage","@id":"https:\/\/www.gaveanews.com\/index.php\/2021\/10\/07\/renato-gaucho-garante-que-flamengo-nao-vai-desistir-do-brasileirao\/","url":"https:\/\/www.gaveanews.com\/index.php\/2021\/10\/07\/renato-gaucho-garante-que-flamengo-nao-vai-desistir-do-brasileirao\/","name":"Renato Ga\u00facho garante que o Flamengo n\u00e3o vai desistir do Brasileir\u00e3o","isPartOf":{"@id":"https:\/\/www.gaveanews.com\/#website"},"primaryImageOfPage":{"@id":"https:\/\/www.gaveanews.com\/index.php\/2021\/10\/07\/renato-gaucho-garante-que-flamengo-nao-vai-desistir-do-brasileirao\/#primaryimage"},"image":{"@id":"https:\/\/www.gaveanews.com\/index.php\/2021\/10\/07\/renato-gaucho-garante-que-flamengo-nao-vai-desistir-do-brasileirao\/#primaryimage"},"thumbnailUrl":"https:\/\/www.gaveanews.com\/wp-content\/uploads\/Renato-Gaucho-durante-o-jogo-entre-Flamengo-e-Bragantino-no-Estadio-Nabi-Abi-Chedid-pelo-Campeonato-Brasileiro-de-2021.webp","datePublished":"2021-10-07T11:28:08+00:00","dateModified":"2021-10-07T11:28:43+00:00","author":{"@id":"https:\/\/www.gaveanews.com\/#\/schema\/person\/2ec14f73fb96be2caf28f91afb14749d"},"breadcrumb":{"@id":"https:\/\/www.gaveanews.com\/index.php\/2021\/10\/07\/renato-gaucho-garante-que-flamengo-nao-vai-desistir-do-brasileirao\/#breadcrumb"},"inLanguage":"pt-BR","potentialAction":[{"@type":"ReadAction","target":["https:\/\/www.gaveanews.com\/index.php\/2021\/10\/07\/renato-gaucho-garante-que-flamengo-nao-vai-desistir-do-brasileirao\/"]}]},{"@type":"ImageObject","inLanguage":"pt-BR","@id":"https:\/\/www.gaveanews.com\/index.php\/2021\/10\/07\/renato-gaucho-garante-que-flamengo-nao-vai-desistir-do-brasileirao\/#primaryimage","url":"https:\/\/www.gaveanews.com\/wp-content\/uploads\/Renato-Gaucho-durante-o-jogo-entre-Flamengo-e-Bragantino-no-Estadio-Nabi-Abi-Chedid-pelo-Campeonato-Brasileiro-de-2021.webp","contentUrl":"https:\/\/www.gaveanews.com\/wp-content\/uploads\/Renato-Gaucho-durante-o-jogo-entre-Flamengo-e-Bragantino-no-Estadio-Nabi-Abi-Chedid-pelo-Campeonato-Brasileiro-de-2021.webp","width":799,"height":533,"caption":"Renato Ga\u00facho durante o jogo entre Flamengo e Bragantino no Est\u00e1dio Nabi Abi Chedid pelo Campeonato Brasileiro de 2021 (Foto: Alexandre Vidal\/Flamengo)"},{"@type":"BreadcrumbList","@id":"https:\/\/www.gaveanews.com\/index.php\/2021\/10\/07\/renato-gaucho-garante-que-flamengo-nao-vai-desistir-do-brasileirao\/#breadcrumb","itemListElement":[{"@type":"ListItem","position":1,"name":"Home","item":"https:\/\/www.gaveanews.com\/"},{"@type":"ListItem","position":2,"name":"Renato Ga\u00facho garante que o Flamengo n\u00e3o vai desistir do Brasileir\u00e3o"}]},{"@type":"WebSite","@id":"https:\/\/www.gaveanews.com\/#website","url":"https:\/\/www.gaveanews.com\/","name":"G\u00e1vea News","description":"Veja todas as not\u00edcias sobre o Flamengo: Contrata\u00e7\u00f5es, categorias de base, resultados das partidas, tabela de classifica\u00e7\u00e3o, pr\u00f3ximos jogos!","potentialAction":[{"@type":"SearchAction","target":{"@type":"EntryPoint","urlTemplate":"https:\/\/www.gaveanews.com\/?s={search_term_string}"},"query-input":{"@type":"PropertyValueSpecification","valueRequired":true,"valueName":"search_term_string"}}],"inLanguage":"pt-BR"},{"@type":"Person","@id":"https:\/\/www.gaveanews.com\/#\/schema\/person\/2ec14f73fb96be2caf28f91afb14749d","name":"Equipe G\u00e1vea News","image":{"@type":"ImageObject","inLanguage":"pt-BR","@id":"https:\/\/www.gaveanews.com\/#\/schema\/person\/image\/","url":"https:\/\/secure.gravatar.com\/avatar\/1e1956f1facbffd3f8fa53a326721950116b3b9dc9bd44939c01180fd4a745a9?s=96&d=mm&r=g","contentUrl":"https:\/\/secure.gravatar.com\/avatar\/1e1956f1facbffd3f8fa53a326721950116b3b9dc9bd44939c01180fd4a745a9?s=96&d=mm&r=g","caption":"Equipe G\u00e1vea News"}}]}},"_links":{"self":[{"href":"https:\/\/www.gaveanews.com\/index.php\/wp-json\/wp\/v2\/posts\/69543","targetHints":{"allow":["GET"]}}],"collection":[{"href":"https:\/\/www.gaveanews.com\/index.php\/wp-json\/wp\/v2\/posts"}],"about":[{"href":"https:\/\/www.gaveanews.com\/index.php\/wp-json\/wp\/v2\/types\/post"}],"author":[{"embeddable":true,"href":"https:\/\/www.gaveanews.com\/index.php\/wp-json\/wp\/v2\/users\/1"}],"replies":[{"embeddable":true,"href":"https:\/\/www.gaveanews.com\/index.php\/wp-json\/wp\/v2\/comments?post=69543"}],"version-history":[{"count":0,"href":"https:\/\/www.gaveanews.com\/index.php\/wp-json\/wp\/v2\/posts\/69543\/revisions"}],"wp:featuredmedia":[{"embeddable":true,"href":"https:\/\/www.gaveanews.com\/index.php\/wp-json\/wp\/v2\/media\/69508"}],"wp:attachment":[{"href":"https:\/\/www.gaveanews.com\/index.php\/wp-json\/wp\/v2\/media?parent=69543"}],"wp:term":[{"taxonomy":"category","embeddable":true,"href":"https:\/\/www.gaveanews.com\/index.php\/wp-json\/wp\/v2\/categories?post=69543"},{"taxonomy":"post_tag","embeddable":true,"href":"https:\/\/www.gaveanews.com\/index.php\/wp-json\/wp\/v2\/tags?post=69543"}],"curies":[{"name":"wp","href":"https:\/\/api.w.org\/{rel}","templated":true}]}}