{"id":69584,"date":"2021-10-07T14:36:54","date_gmt":"2021-10-07T17:36:54","guid":{"rendered":"https:\/\/www.gaveanews.com\/?p=69584"},"modified":"2021-10-07T14:38:12","modified_gmt":"2021-10-07T17:38:12","slug":"convocacoes-e-lesoes-continuam-sendo-um-grande-problema-no-flamengo","status":"publish","type":"post","link":"https:\/\/www.gaveanews.com\/index.php\/2021\/10\/07\/convocacoes-e-lesoes-continuam-sendo-um-grande-problema-no-flamengo\/","title":{"rendered":"Convoca\u00e7\u00f5es e les\u00f5es continuam sendo um grande problema no Flamengo"},"content":{"rendered":"\n<p>O Flamengo tem sofrido muito com as convoca\u00e7\u00f5es e as les\u00f5es. Na partida contra o Bragantino, Renato Ga\u00facho s\u00f3 tinha quatro titulares \u00e0 disposi\u00e7\u00e3o. O treinador rubro-negro ter\u00e1 esses mesmos problemas nas duas pr\u00f3ximas partidas contra Fortaleza e Juventude.<\/p>\n\n\n\n<p>A falta que Arrascaeta, Gabigol e Everton Ribeiro fazem ao time \u00e9 imensa. O trio, juntamente, com Bruno Henrique, \u00e9 considerado o melhor setor ofensivo do futebol Sul-Americano. N\u00e3o sabemos se o resultado contra o Bragantino seria diferente se o trio estivesse em campo, mas o entrosamento \u00e9 indiscut\u00edvel. Lembrando, que em Novembro tamb\u00e9m teremos datas-Fifa e os tr\u00eas devem desfalcar novamente o time em momento importantes. An\u00e1lise T\u00e1tica Bragantino 1 x 1 Flamengo: Chance desperdi\u00e7ada.<\/p>\n\n\n\n<p>Outro grande problema que vem sendo uma pedra no sapato rubro-negro s\u00e3o as les\u00f5es. David Luiz, Diego Ribas e Gustavo Henrique est\u00e3o no departamento m\u00e9dico. Bruno Henrique, com dores na coxa, era d\u00favida pro jogo, Andreas Pereira foi substitu\u00eddo e preciso colocar gelo no adutor, Filipe Lu\u00eds foi poupado porque estava desgastado e poderia acabar se lesionando se for\u00e7asse muito. Ent\u00e3o, esse ritmo fren\u00e9tico de um jogo atr\u00e1s do outro \u00e9 um dos fatores respons\u00e1veis por esse aumento n\u00famero de les\u00f5es. Inclusive, essa sequ\u00eancia absurda de jogos foi um dos pontos abordados por Renato na coletiva.<\/p>\n\n\n\n<p><strong><em>\u2014 N\u00e3o temos tempo nem para descansar, nem para dormir direto. Vivemos dentro de hotel e avi\u00e3o. Agora seria o prazo, com os jogos da sele\u00e7\u00e3o, ter\u00edamos tempo, mas o campeonato n\u00e3o parou. Tem equipes que jogam duas, uma vez por semana, e o Flamengo joga tr\u00eas. Depois temos que ver as pessoas falando que o Fla n\u00e3o se interessa pelo Brasileiro.<\/em><\/strong><\/p>\n\n\n\n<p>Retirado de: Di\u00e1rio do Fla<\/p>\n","protected":false},"excerpt":{"rendered":"<p>O Flamengo tem sofrido muito com as convoca\u00e7\u00f5es e as les\u00f5es. Na partida contra o Bragantino, Renato Ga\u00facho s\u00f3 tinha quatro titulares \u00e0 disposi\u00e7\u00e3o. O treinador rubro-negro ter\u00e1 esses mesmos problemas nas duas pr\u00f3ximas partidas contra Fortaleza e Juventude. A falta que Arrascaeta, Gabigol e Everton Ribeiro fazem ao time \u00e9 imensa. O trio, juntamente, [&hellip;]<\/p>\n","protected":false},"author":1,"featured_media":67571,"comment_status":"open","ping_status":"closed","sticky":false,"template":"","format":"standard","meta":{"footnotes":""},"categories":[1],"tags":[],"class_list":["post-69584","post","type-post","status-publish","format-standard","has-post-thumbnail","hentry","category-flamengo"],"yoast_head":"<!-- This site is optimized with the Yoast SEO Premium plugin v24.2 (Yoast SEO v26.9) - https:\/\/yoast.com\/product\/yoast-seo-premium-wordpress\/ -->\n<title>Convoca\u00e7\u00f5es e les\u00f5es continuam sendo um grande problema no Flamengo<\/title>\n<meta name=\"robots\" content=\"index, follow, max-snippet:-1, max-image-preview:large, max-video-preview:-1\" \/>\n<link rel=\"canonical\" href=\"https:\/\/www.gaveanews.com\/index.php\/2021\/10\/07\/convocacoes-e-lesoes-continuam-sendo-um-grande-problema-no-flamengo\/\" \/>\n<meta property=\"og:locale\" content=\"pt_BR\" \/>\n<meta property=\"og:type\" content=\"article\" \/>\n<meta property=\"og:title\" content=\"Convoca\u00e7\u00f5es e les\u00f5es continuam sendo um grande problema no Flamengo\" \/>\n<meta property=\"og:description\" content=\"O Flamengo tem sofrido muito com as convoca\u00e7\u00f5es e as les\u00f5es. Na partida contra o Bragantino, Renato Ga\u00facho s\u00f3 tinha quatro titulares \u00e0 disposi\u00e7\u00e3o. O treinador rubro-negro ter\u00e1 esses mesmos problemas nas duas pr\u00f3ximas partidas contra Fortaleza e Juventude. A falta que Arrascaeta, Gabigol e Everton Ribeiro fazem ao time \u00e9 imensa. O trio, juntamente, [&hellip;]\" \/>\n<meta property=\"og:url\" content=\"https:\/\/www.gaveanews.com\/index.php\/2021\/10\/07\/convocacoes-e-lesoes-continuam-sendo-um-grande-problema-no-flamengo\/\" \/>\n<meta property=\"og:site_name\" content=\"G\u00e1vea News\" \/>\n<meta property=\"article:publisher\" content=\"https:\/\/facebook.com\/gaveaNews\/\" \/>\n<meta property=\"article:published_time\" content=\"2021-10-07T17:36:54+00:00\" \/>\n<meta property=\"article:modified_time\" content=\"2021-10-07T17:38:12+00:00\" \/>\n<meta property=\"og:image\" content=\"https:\/\/www.gaveanews.com\/wp-content\/uploads\/Arrascaeta-comemorando-gol-marcado-pela-Selecao-Uruguaia.webp\" \/>\n\t<meta property=\"og:image:width\" content=\"1080\" \/>\n\t<meta property=\"og:image:height\" content=\"969\" \/>\n\t<meta property=\"og:image:type\" content=\"image\/jpeg\" \/>\n<meta name=\"author\" content=\"Equipe G\u00e1vea News\" \/>\n<meta name=\"twitter:card\" content=\"summary_large_image\" \/>\n<meta name=\"twitter:label1\" content=\"Escrito por\" \/>\n\t<meta name=\"twitter:data1\" content=\"Equipe G\u00e1vea News\" \/>\n\t<meta name=\"twitter:label2\" content=\"Est. tempo de leitura\" \/>\n\t<meta name=\"twitter:data2\" content=\"2 minutos\" \/>\n<script type=\"application\/ld+json\" class=\"yoast-schema-graph\">{\"@context\":\"https:\/\/schema.org\",\"@graph\":[{\"@type\":\"NewsArticle\",\"@id\":\"https:\/\/www.gaveanews.com\/index.php\/2021\/10\/07\/convocacoes-e-lesoes-continuam-sendo-um-grande-problema-no-flamengo\/#article\",\"isPartOf\":{\"@id\":\"https:\/\/www.gaveanews.com\/index.php\/2021\/10\/07\/convocacoes-e-lesoes-continuam-sendo-um-grande-problema-no-flamengo\/\"},\"author\":{\"name\":\"Equipe G\u00e1vea News\",\"@id\":\"https:\/\/www.gaveanews.com\/#\/schema\/person\/2ec14f73fb96be2caf28f91afb14749d\"},\"headline\":\"Convoca\u00e7\u00f5es e les\u00f5es continuam sendo um grande problema no Flamengo\",\"datePublished\":\"2021-10-07T17:36:54+00:00\",\"dateModified\":\"2021-10-07T17:38:12+00:00\",\"mainEntityOfPage\":{\"@id\":\"https:\/\/www.gaveanews.com\/index.php\/2021\/10\/07\/convocacoes-e-lesoes-continuam-sendo-um-grande-problema-no-flamengo\/\"},\"wordCount\":317,\"commentCount\":4,\"image\":{\"@id\":\"https:\/\/www.gaveanews.com\/index.php\/2021\/10\/07\/convocacoes-e-lesoes-continuam-sendo-um-grande-problema-no-flamengo\/#primaryimage\"},\"thumbnailUrl\":\"https:\/\/www.gaveanews.com\/wp-content\/uploads\/Arrascaeta-comemorando-gol-marcado-pela-Selecao-Uruguaia.webp\",\"articleSection\":[\"Flamengo\"],\"inLanguage\":\"pt-BR\",\"potentialAction\":[{\"@type\":\"CommentAction\",\"name\":\"Comment\",\"target\":[\"https:\/\/www.gaveanews.com\/index.php\/2021\/10\/07\/convocacoes-e-lesoes-continuam-sendo-um-grande-problema-no-flamengo\/#respond\"]}],\"copyrightYear\":\"2021\",\"copyrightHolder\":{\"@id\":\"https:\/\/www.gaveanews.com\/#organization\"}},{\"@type\":\"WebPage\",\"@id\":\"https:\/\/www.gaveanews.com\/index.php\/2021\/10\/07\/convocacoes-e-lesoes-continuam-sendo-um-grande-problema-no-flamengo\/\",\"url\":\"https:\/\/www.gaveanews.com\/index.php\/2021\/10\/07\/convocacoes-e-lesoes-continuam-sendo-um-grande-problema-no-flamengo\/\",\"name\":\"Convoca\u00e7\u00f5es e les\u00f5es continuam sendo um grande problema no Flamengo\",\"isPartOf\":{\"@id\":\"https:\/\/www.gaveanews.com\/#website\"},\"primaryImageOfPage\":{\"@id\":\"https:\/\/www.gaveanews.com\/index.php\/2021\/10\/07\/convocacoes-e-lesoes-continuam-sendo-um-grande-problema-no-flamengo\/#primaryimage\"},\"image\":{\"@id\":\"https:\/\/www.gaveanews.com\/index.php\/2021\/10\/07\/convocacoes-e-lesoes-continuam-sendo-um-grande-problema-no-flamengo\/#primaryimage\"},\"thumbnailUrl\":\"https:\/\/www.gaveanews.com\/wp-content\/uploads\/Arrascaeta-comemorando-gol-marcado-pela-Selecao-Uruguaia.webp\",\"datePublished\":\"2021-10-07T17:36:54+00:00\",\"dateModified\":\"2021-10-07T17:38:12+00:00\",\"author\":{\"@id\":\"https:\/\/www.gaveanews.com\/#\/schema\/person\/2ec14f73fb96be2caf28f91afb14749d\"},\"breadcrumb\":{\"@id\":\"https:\/\/www.gaveanews.com\/index.php\/2021\/10\/07\/convocacoes-e-lesoes-continuam-sendo-um-grande-problema-no-flamengo\/#breadcrumb\"},\"inLanguage\":\"pt-BR\",\"potentialAction\":[{\"@type\":\"ReadAction\",\"target\":[\"https:\/\/www.gaveanews.com\/index.php\/2021\/10\/07\/convocacoes-e-lesoes-continuam-sendo-um-grande-problema-no-flamengo\/\"]}]},{\"@type\":\"ImageObject\",\"inLanguage\":\"pt-BR\",\"@id\":\"https:\/\/www.gaveanews.com\/index.php\/2021\/10\/07\/convocacoes-e-lesoes-continuam-sendo-um-grande-problema-no-flamengo\/#primaryimage\",\"url\":\"https:\/\/www.gaveanews.com\/wp-content\/uploads\/Arrascaeta-comemorando-gol-marcado-pela-Selecao-Uruguaia.webp\",\"contentUrl\":\"https:\/\/www.gaveanews.com\/wp-content\/uploads\/Arrascaeta-comemorando-gol-marcado-pela-Selecao-Uruguaia.webp\",\"width\":1080,\"height\":969,\"caption\":\"Arrascaeta comemorando gol marcado pela Sele\u00e7\u00e3o Uruguaia (Foto: Reprodu\u00e7\u00e3o\/Instagram@GiorgianDeArrascaeta)\"},{\"@type\":\"BreadcrumbList\",\"@id\":\"https:\/\/www.gaveanews.com\/index.php\/2021\/10\/07\/convocacoes-e-lesoes-continuam-sendo-um-grande-problema-no-flamengo\/#breadcrumb\",\"itemListElement\":[{\"@type\":\"ListItem\",\"position\":1,\"name\":\"Home\",\"item\":\"https:\/\/www.gaveanews.com\/\"},{\"@type\":\"ListItem\",\"position\":2,\"name\":\"Convoca\u00e7\u00f5es e les\u00f5es continuam sendo um grande problema no Flamengo\"}]},{\"@type\":\"WebSite\",\"@id\":\"https:\/\/www.gaveanews.com\/#website\",\"url\":\"https:\/\/www.gaveanews.com\/\",\"name\":\"G\u00e1vea News\",\"description\":\"Veja todas as not\u00edcias sobre o Flamengo: Contrata\u00e7\u00f5es, categorias de base, resultados das partidas, tabela de classifica\u00e7\u00e3o, pr\u00f3ximos jogos!\",\"potentialAction\":[{\"@type\":\"SearchAction\",\"target\":{\"@type\":\"EntryPoint\",\"urlTemplate\":\"https:\/\/www.gaveanews.com\/?s={search_term_string}\"},\"query-input\":{\"@type\":\"PropertyValueSpecification\",\"valueRequired\":true,\"valueName\":\"search_term_string\"}}],\"inLanguage\":\"pt-BR\"},{\"@type\":\"Person\",\"@id\":\"https:\/\/www.gaveanews.com\/#\/schema\/person\/2ec14f73fb96be2caf28f91afb14749d\",\"name\":\"Equipe G\u00e1vea News\",\"image\":{\"@type\":\"ImageObject\",\"inLanguage\":\"pt-BR\",\"@id\":\"https:\/\/www.gaveanews.com\/#\/schema\/person\/image\/\",\"url\":\"https:\/\/secure.gravatar.com\/avatar\/1e1956f1facbffd3f8fa53a326721950116b3b9dc9bd44939c01180fd4a745a9?s=96&d=mm&r=g\",\"contentUrl\":\"https:\/\/secure.gravatar.com\/avatar\/1e1956f1facbffd3f8fa53a326721950116b3b9dc9bd44939c01180fd4a745a9?s=96&d=mm&r=g\",\"caption\":\"Equipe G\u00e1vea News\"}}]}<\/script>\n<!-- \/ Yoast SEO Premium plugin. -->","yoast_head_json":{"title":"Convoca\u00e7\u00f5es e les\u00f5es continuam sendo um grande problema no Flamengo","robots":{"index":"index","follow":"follow","max-snippet":"max-snippet:-1","max-image-preview":"max-image-preview:large","max-video-preview":"max-video-preview:-1"},"canonical":"https:\/\/www.gaveanews.com\/index.php\/2021\/10\/07\/convocacoes-e-lesoes-continuam-sendo-um-grande-problema-no-flamengo\/","og_locale":"pt_BR","og_type":"article","og_title":"Convoca\u00e7\u00f5es e les\u00f5es continuam sendo um grande problema no Flamengo","og_description":"O Flamengo tem sofrido muito com as convoca\u00e7\u00f5es e as les\u00f5es. Na partida contra o Bragantino, Renato Ga\u00facho s\u00f3 tinha quatro titulares \u00e0 disposi\u00e7\u00e3o. O treinador rubro-negro ter\u00e1 esses mesmos problemas nas duas pr\u00f3ximas partidas contra Fortaleza e Juventude. A falta que Arrascaeta, Gabigol e Everton Ribeiro fazem ao time \u00e9 imensa. O trio, juntamente, [&hellip;]","og_url":"https:\/\/www.gaveanews.com\/index.php\/2021\/10\/07\/convocacoes-e-lesoes-continuam-sendo-um-grande-problema-no-flamengo\/","og_site_name":"G\u00e1vea News","article_publisher":"https:\/\/facebook.com\/gaveaNews\/","article_published_time":"2021-10-07T17:36:54+00:00","article_modified_time":"2021-10-07T17:38:12+00:00","og_image":[{"width":1080,"height":969,"url":"https:\/\/www.gaveanews.com\/wp-content\/uploads\/Arrascaeta-comemorando-gol-marcado-pela-Selecao-Uruguaia.webp","type":"image\/jpeg"}],"author":"Equipe G\u00e1vea News","twitter_card":"summary_large_image","twitter_misc":{"Escrito por":"Equipe G\u00e1vea News","Est. tempo de leitura":"2 minutos"},"schema":{"@context":"https:\/\/schema.org","@graph":[{"@type":"NewsArticle","@id":"https:\/\/www.gaveanews.com\/index.php\/2021\/10\/07\/convocacoes-e-lesoes-continuam-sendo-um-grande-problema-no-flamengo\/#article","isPartOf":{"@id":"https:\/\/www.gaveanews.com\/index.php\/2021\/10\/07\/convocacoes-e-lesoes-continuam-sendo-um-grande-problema-no-flamengo\/"},"author":{"name":"Equipe G\u00e1vea News","@id":"https:\/\/www.gaveanews.com\/#\/schema\/person\/2ec14f73fb96be2caf28f91afb14749d"},"headline":"Convoca\u00e7\u00f5es e les\u00f5es continuam sendo um grande problema no Flamengo","datePublished":"2021-10-07T17:36:54+00:00","dateModified":"2021-10-07T17:38:12+00:00","mainEntityOfPage":{"@id":"https:\/\/www.gaveanews.com\/index.php\/2021\/10\/07\/convocacoes-e-lesoes-continuam-sendo-um-grande-problema-no-flamengo\/"},"wordCount":317,"commentCount":4,"image":{"@id":"https:\/\/www.gaveanews.com\/index.php\/2021\/10\/07\/convocacoes-e-lesoes-continuam-sendo-um-grande-problema-no-flamengo\/#primaryimage"},"thumbnailUrl":"https:\/\/www.gaveanews.com\/wp-content\/uploads\/Arrascaeta-comemorando-gol-marcado-pela-Selecao-Uruguaia.webp","articleSection":["Flamengo"],"inLanguage":"pt-BR","potentialAction":[{"@type":"CommentAction","name":"Comment","target":["https:\/\/www.gaveanews.com\/index.php\/2021\/10\/07\/convocacoes-e-lesoes-continuam-sendo-um-grande-problema-no-flamengo\/#respond"]}],"copyrightYear":"2021","copyrightHolder":{"@id":"https:\/\/www.gaveanews.com\/#organization"}},{"@type":"WebPage","@id":"https:\/\/www.gaveanews.com\/index.php\/2021\/10\/07\/convocacoes-e-lesoes-continuam-sendo-um-grande-problema-no-flamengo\/","url":"https:\/\/www.gaveanews.com\/index.php\/2021\/10\/07\/convocacoes-e-lesoes-continuam-sendo-um-grande-problema-no-flamengo\/","name":"Convoca\u00e7\u00f5es e les\u00f5es continuam sendo um grande problema no Flamengo","isPartOf":{"@id":"https:\/\/www.gaveanews.com\/#website"},"primaryImageOfPage":{"@id":"https:\/\/www.gaveanews.com\/index.php\/2021\/10\/07\/convocacoes-e-lesoes-continuam-sendo-um-grande-problema-no-flamengo\/#primaryimage"},"image":{"@id":"https:\/\/www.gaveanews.com\/index.php\/2021\/10\/07\/convocacoes-e-lesoes-continuam-sendo-um-grande-problema-no-flamengo\/#primaryimage"},"thumbnailUrl":"https:\/\/www.gaveanews.com\/wp-content\/uploads\/Arrascaeta-comemorando-gol-marcado-pela-Selecao-Uruguaia.webp","datePublished":"2021-10-07T17:36:54+00:00","dateModified":"2021-10-07T17:38:12+00:00","author":{"@id":"https:\/\/www.gaveanews.com\/#\/schema\/person\/2ec14f73fb96be2caf28f91afb14749d"},"breadcrumb":{"@id":"https:\/\/www.gaveanews.com\/index.php\/2021\/10\/07\/convocacoes-e-lesoes-continuam-sendo-um-grande-problema-no-flamengo\/#breadcrumb"},"inLanguage":"pt-BR","potentialAction":[{"@type":"ReadAction","target":["https:\/\/www.gaveanews.com\/index.php\/2021\/10\/07\/convocacoes-e-lesoes-continuam-sendo-um-grande-problema-no-flamengo\/"]}]},{"@type":"ImageObject","inLanguage":"pt-BR","@id":"https:\/\/www.gaveanews.com\/index.php\/2021\/10\/07\/convocacoes-e-lesoes-continuam-sendo-um-grande-problema-no-flamengo\/#primaryimage","url":"https:\/\/www.gaveanews.com\/wp-content\/uploads\/Arrascaeta-comemorando-gol-marcado-pela-Selecao-Uruguaia.webp","contentUrl":"https:\/\/www.gaveanews.com\/wp-content\/uploads\/Arrascaeta-comemorando-gol-marcado-pela-Selecao-Uruguaia.webp","width":1080,"height":969,"caption":"Arrascaeta comemorando gol marcado pela Sele\u00e7\u00e3o Uruguaia (Foto: Reprodu\u00e7\u00e3o\/Instagram@GiorgianDeArrascaeta)"},{"@type":"BreadcrumbList","@id":"https:\/\/www.gaveanews.com\/index.php\/2021\/10\/07\/convocacoes-e-lesoes-continuam-sendo-um-grande-problema-no-flamengo\/#breadcrumb","itemListElement":[{"@type":"ListItem","position":1,"name":"Home","item":"https:\/\/www.gaveanews.com\/"},{"@type":"ListItem","position":2,"name":"Convoca\u00e7\u00f5es e les\u00f5es continuam sendo um grande problema no Flamengo"}]},{"@type":"WebSite","@id":"https:\/\/www.gaveanews.com\/#website","url":"https:\/\/www.gaveanews.com\/","name":"G\u00e1vea News","description":"Veja todas as not\u00edcias sobre o Flamengo: Contrata\u00e7\u00f5es, categorias de base, resultados das partidas, tabela de classifica\u00e7\u00e3o, pr\u00f3ximos jogos!","potentialAction":[{"@type":"SearchAction","target":{"@type":"EntryPoint","urlTemplate":"https:\/\/www.gaveanews.com\/?s={search_term_string}"},"query-input":{"@type":"PropertyValueSpecification","valueRequired":true,"valueName":"search_term_string"}}],"inLanguage":"pt-BR"},{"@type":"Person","@id":"https:\/\/www.gaveanews.com\/#\/schema\/person\/2ec14f73fb96be2caf28f91afb14749d","name":"Equipe G\u00e1vea News","image":{"@type":"ImageObject","inLanguage":"pt-BR","@id":"https:\/\/www.gaveanews.com\/#\/schema\/person\/image\/","url":"https:\/\/secure.gravatar.com\/avatar\/1e1956f1facbffd3f8fa53a326721950116b3b9dc9bd44939c01180fd4a745a9?s=96&d=mm&r=g","contentUrl":"https:\/\/secure.gravatar.com\/avatar\/1e1956f1facbffd3f8fa53a326721950116b3b9dc9bd44939c01180fd4a745a9?s=96&d=mm&r=g","caption":"Equipe G\u00e1vea News"}}]}},"_links":{"self":[{"href":"https:\/\/www.gaveanews.com\/index.php\/wp-json\/wp\/v2\/posts\/69584","targetHints":{"allow":["GET"]}}],"collection":[{"href":"https:\/\/www.gaveanews.com\/index.php\/wp-json\/wp\/v2\/posts"}],"about":[{"href":"https:\/\/www.gaveanews.com\/index.php\/wp-json\/wp\/v2\/types\/post"}],"author":[{"embeddable":true,"href":"https:\/\/www.gaveanews.com\/index.php\/wp-json\/wp\/v2\/users\/1"}],"replies":[{"embeddable":true,"href":"https:\/\/www.gaveanews.com\/index.php\/wp-json\/wp\/v2\/comments?post=69584"}],"version-history":[{"count":0,"href":"https:\/\/www.gaveanews.com\/index.php\/wp-json\/wp\/v2\/posts\/69584\/revisions"}],"wp:featuredmedia":[{"embeddable":true,"href":"https:\/\/www.gaveanews.com\/index.php\/wp-json\/wp\/v2\/media\/67571"}],"wp:attachment":[{"href":"https:\/\/www.gaveanews.com\/index.php\/wp-json\/wp\/v2\/media?parent=69584"}],"wp:term":[{"taxonomy":"category","embeddable":true,"href":"https:\/\/www.gaveanews.com\/index.php\/wp-json\/wp\/v2\/categories?post=69584"},{"taxonomy":"post_tag","embeddable":true,"href":"https:\/\/www.gaveanews.com\/index.php\/wp-json\/wp\/v2\/tags?post=69584"}],"curies":[{"name":"wp","href":"https:\/\/api.w.org\/{rel}","templated":true}]}}