{"id":69642,"date":"2021-10-09T17:59:44","date_gmt":"2021-10-09T20:59:44","guid":{"rendered":"https:\/\/www.gaveanews.com\/?p=69642"},"modified":"2022-01-29T14:44:47","modified_gmt":"2022-01-29T17:44:47","slug":"saiu-confira-a-escalacao-oficial-do-flamengo-contra-o-fortaleza","status":"publish","type":"post","link":"https:\/\/www.gaveanews.com\/index.php\/2021\/10\/09\/saiu-confira-a-escalacao-oficial-do-flamengo-contra-o-fortaleza\/","title":{"rendered":"Saiu! Confira a escala\u00e7\u00e3o oficial do Flamengo contra o Fortaleza"},"content":{"rendered":"\n<p>Daqui a pouco, \u00e0s 19h (hor\u00e1rio de Bras\u00edlia), o Flamengo entrar\u00e1 em campo em jogo v\u00e1lido pela 25\u00aa rodada do Campeonato Brasileiro. Precisando melhorar seu rendimento no torneio nacional, o clube enfrentar\u00e1 seu advers\u00e1rio com a miss\u00e3o de vencer a partida e levar mais tr\u00eas ponto para casa.<\/p>\n\n\n\n<p>Por\u00e9m, vale lembrar que mesmo tendo empatado no jogo contra o Bragantino, o Fla conseguiu ganhar mais uma posi\u00e7\u00e3o e assumiu a vice-lideran\u00e7a da tabela. Com tantas informa\u00e7\u00f5es sobre o time neste confronto, a equipe do <a href=\"http:\/\/gaveanews.com\">GaveaNews.com<\/a> preparou uma mat\u00e9ria com as principais not\u00edcias sobre o duelo. <strong>Confira as informa\u00e7\u00f5es abaixo<\/strong>:<\/p>\n\n\n\n<h2 class=\"wp-block-heading\" id=\"h-retrospecto\">Retrospecto:<\/h2>\n\n\n\n<p>No primeiro turno, ainda sob o comando de Rog\u00e9rio Ceni, o Flamengo venceu o Le\u00e3o do Pici por 2 a 1, com ambos os gols marcados por Bruno Henrique. Na ocasi\u00e3o, o Rubro-Negro contava com os mesmos desfalques por convoca\u00e7\u00f5es que possui hoje. Contudo, houveram algumas mudan\u00e7as no elenco, como a sa\u00edda de dois dos titulares daquele time (Gerson e Hugo Moura) e a chagada de outro atleta (Andreas Pereira).<\/p>\n\n\n\n<h2 class=\"wp-block-heading\" id=\"h-transmissao\">Transmiss\u00e3o:<\/h2>\n\n\n\n<p>Com o confronto acontecendo em hor\u00e1rio pouco convencional, a transmiss\u00e3o do evento ser\u00e1 feita exclusivamente pelo canal Premiere.<\/p>\n\n\n\n<h2 class=\"wp-block-heading\" id=\"h-desfalques\">Desfalques:<\/h2>\n\n\n\n<p>Assim como no jogo contra o Bragantino, o elenco contar\u00e1 com quatro baixas por convoca\u00e7\u00f5es (Everton, Gabigol, Arrascaeta e Isla) e outras que se sucederam por raz\u00f5es m\u00e9dicas. Ainda sem data para retorno, David Luiz mant\u00e9m seu tratamento de les\u00e3o na coxa esquerda. <\/p>\n\n\n\n<p>Diego Ribas e Gustavo Henrique trabalham com o DM para se recuperarem de edema. Por fim, o goleiro Diego Alves apresentou quadro gripal na \u00faltima quarta-feira (06) e foi afastado do grupo por precau\u00e7\u00e3o. J\u00e1 Bruno Henrique, foi poupado por op\u00e7\u00e3o de Renato Ga\u00facho.<\/p>\n\n\n\n<h2 class=\"wp-block-heading\" id=\"h-pendurados\">Pendurados:<\/h2>\n\n\n\n<p>Atualmente, dois dos titulares deste confronto est\u00e3o a um cart\u00e3o amarelo de desfalcarem o grupo. S\u00e3o eles: Bruno Henrique e Vitinho.<\/p>\n\n\n\n<h2 class=\"wp-block-heading\" id=\"h-escalacao-oficial\">Escala\u00e7\u00e3o oficial:<\/h2>\n\n\n\n<p>Gabriel Batista; Matheuzinho, Rodrigo Caio, L\u00e9o Pereira e Filipe Lu\u00eds; Ar\u00e3o, Thiago Maia e Andreas Pereira; Vitinho, Michael e Pedro.<\/p>\n\n\n\n<h2 class=\"wp-block-heading\" id=\"h-arbitragem\">Arbitragem:<\/h2>\n\n\n\n<ul class=\"wp-block-list\"><li><strong>\u00c1rbitro:<\/strong> Felipe Fernandes de Lima &#8211; MG<\/li><li><strong>\u00c1rbitro Assistente 1:<\/strong> Felipe Alan Costa de Oliveira &#8211; MG<\/li><li><strong>\u00c1rbitro Assistente 2:<\/strong> Fernanda N\u00e2ndrea Gomes Antunes &#8211; MG<\/li><li><strong>Quarto \u00c1rbitro:<\/strong> Luiz C\u00e9sar de Oliveira Magalh\u00e3es &#8211; CE<\/li><li><strong>\u00c1rbitro de V\u00eddeo:<\/strong> Igor Junio Benevenuto de Oliveira &#8211; MG<\/li><\/ul>\n\n\n\n<h2 class=\"wp-block-heading\" id=\"h-proximo-compromisso\">Pr\u00f3ximo compromisso:<\/h2>\n\n\n\n<p>Prosseguindo na maratona do m\u00eas de outubro, o Flamengo voltar\u00e1 a campo na pr\u00f3xima quarta-feira (09), quando o clube enfrentar\u00e1 o Juventude pela 26\u00aa rodada do Brasileir\u00e3o. Retornando para casa depois de dois jogos fora, o Fla receber\u00e1 seu advers\u00e1rio em partida que ocorrer\u00e1 \u00e0s 19h (hor\u00e1rio de Bras\u00edlia), no Maracan\u00e3.<\/p>\n","protected":false},"excerpt":{"rendered":"<p>Daqui a pouco, \u00e0s 19h (hor\u00e1rio de Bras\u00edlia), o Flamengo entrar\u00e1 em campo em jogo v\u00e1lido pela 25\u00aa rodada do Campeonato Brasileiro. Precisando melhorar seu rendimento no torneio nacional, o clube enfrentar\u00e1 seu advers\u00e1rio com a miss\u00e3o de vencer a partida e levar mais tr\u00eas ponto para casa. Por\u00e9m, vale lembrar que mesmo tendo empatado [&hellip;]<\/p>\n","protected":false},"author":4,"featured_media":30000,"comment_status":"open","ping_status":"closed","sticky":false,"template":"","format":"standard","meta":{"footnotes":""},"categories":[1],"tags":[],"class_list":["post-69642","post","type-post","status-publish","format-standard","has-post-thumbnail","hentry","category-flamengo"],"yoast_head":"<!-- This site is optimized with the Yoast SEO Premium plugin v24.2 (Yoast SEO v26.9) - https:\/\/yoast.com\/product\/yoast-seo-premium-wordpress\/ -->\n<title>Saiu! Confira a escala\u00e7\u00e3o oficial do Flamengo contra o Fortaleza<\/title>\n<meta name=\"robots\" content=\"index, follow, max-snippet:-1, max-image-preview:large, max-video-preview:-1\" \/>\n<link rel=\"canonical\" href=\"https:\/\/www.gaveanews.com\/index.php\/2021\/10\/09\/saiu-confira-a-escalacao-oficial-do-flamengo-contra-o-fortaleza\/\" \/>\n<meta property=\"og:locale\" content=\"pt_BR\" \/>\n<meta property=\"og:type\" content=\"article\" \/>\n<meta property=\"og:title\" content=\"Saiu! Confira a escala\u00e7\u00e3o oficial do Flamengo contra o Fortaleza\" \/>\n<meta property=\"og:description\" content=\"Daqui a pouco, \u00e0s 19h (hor\u00e1rio de Bras\u00edlia), o Flamengo entrar\u00e1 em campo em jogo v\u00e1lido pela 25\u00aa rodada do Campeonato Brasileiro. Precisando melhorar seu rendimento no torneio nacional, o clube enfrentar\u00e1 seu advers\u00e1rio com a miss\u00e3o de vencer a partida e levar mais tr\u00eas ponto para casa. Por\u00e9m, vale lembrar que mesmo tendo empatado [&hellip;]\" \/>\n<meta property=\"og:url\" content=\"https:\/\/www.gaveanews.com\/index.php\/2021\/10\/09\/saiu-confira-a-escalacao-oficial-do-flamengo-contra-o-fortaleza\/\" \/>\n<meta property=\"og:site_name\" content=\"G\u00e1vea News\" \/>\n<meta property=\"article:publisher\" content=\"https:\/\/facebook.com\/gaveaNews\/\" \/>\n<meta property=\"article:published_time\" content=\"2021-10-09T20:59:44+00:00\" \/>\n<meta property=\"article:modified_time\" content=\"2022-01-29T17:44:47+00:00\" \/>\n<meta property=\"og:image\" content=\"https:\/\/www.gaveanews.com\/wp-content\/uploads\/Escalacao-oficial-do-Flamengo.webp\" \/>\n\t<meta property=\"og:image:width\" content=\"1\" \/>\n\t<meta property=\"og:image:height\" content=\"1\" \/>\n\t<meta property=\"og:image:type\" content=\"image\/jpeg\" \/>\n<meta name=\"author\" content=\"Let\u00edcia Gerheim\" \/>\n<meta name=\"twitter:card\" content=\"summary_large_image\" \/>\n<meta name=\"twitter:label1\" content=\"Escrito por\" \/>\n\t<meta name=\"twitter:data1\" content=\"Let\u00edcia Gerheim\" \/>\n\t<meta name=\"twitter:label2\" content=\"Est. tempo de leitura\" \/>\n\t<meta name=\"twitter:data2\" content=\"3 minutos\" \/>\n<script type=\"application\/ld+json\" class=\"yoast-schema-graph\">{\"@context\":\"https:\/\/schema.org\",\"@graph\":[{\"@type\":\"NewsArticle\",\"@id\":\"https:\/\/www.gaveanews.com\/index.php\/2021\/10\/09\/saiu-confira-a-escalacao-oficial-do-flamengo-contra-o-fortaleza\/#article\",\"isPartOf\":{\"@id\":\"https:\/\/www.gaveanews.com\/index.php\/2021\/10\/09\/saiu-confira-a-escalacao-oficial-do-flamengo-contra-o-fortaleza\/\"},\"author\":{\"name\":\"Let\u00edcia Gerheim\",\"@id\":\"https:\/\/www.gaveanews.com\/#\/schema\/person\/714c67050b836198af2450ba1c142a67\"},\"headline\":\"Saiu! Confira a escala\u00e7\u00e3o oficial do Flamengo contra o Fortaleza\",\"datePublished\":\"2021-10-09T20:59:44+00:00\",\"dateModified\":\"2022-01-29T17:44:47+00:00\",\"mainEntityOfPage\":{\"@id\":\"https:\/\/www.gaveanews.com\/index.php\/2021\/10\/09\/saiu-confira-a-escalacao-oficial-do-flamengo-contra-o-fortaleza\/\"},\"wordCount\":472,\"commentCount\":31,\"image\":{\"@id\":\"https:\/\/www.gaveanews.com\/index.php\/2021\/10\/09\/saiu-confira-a-escalacao-oficial-do-flamengo-contra-o-fortaleza\/#primaryimage\"},\"thumbnailUrl\":\"https:\/\/www.gaveanews.com\/wp-content\/uploads\/Escalacao-oficial-do-Flamengo.webp\",\"articleSection\":[\"Flamengo\"],\"inLanguage\":\"pt-BR\",\"potentialAction\":[{\"@type\":\"CommentAction\",\"name\":\"Comment\",\"target\":[\"https:\/\/www.gaveanews.com\/index.php\/2021\/10\/09\/saiu-confira-a-escalacao-oficial-do-flamengo-contra-o-fortaleza\/#respond\"]}],\"copyrightYear\":\"2021\",\"copyrightHolder\":{\"@id\":\"https:\/\/www.gaveanews.com\/#organization\"}},{\"@type\":\"WebPage\",\"@id\":\"https:\/\/www.gaveanews.com\/index.php\/2021\/10\/09\/saiu-confira-a-escalacao-oficial-do-flamengo-contra-o-fortaleza\/\",\"url\":\"https:\/\/www.gaveanews.com\/index.php\/2021\/10\/09\/saiu-confira-a-escalacao-oficial-do-flamengo-contra-o-fortaleza\/\",\"name\":\"Saiu! Confira a escala\u00e7\u00e3o oficial do Flamengo contra o Fortaleza\",\"isPartOf\":{\"@id\":\"https:\/\/www.gaveanews.com\/#website\"},\"primaryImageOfPage\":{\"@id\":\"https:\/\/www.gaveanews.com\/index.php\/2021\/10\/09\/saiu-confira-a-escalacao-oficial-do-flamengo-contra-o-fortaleza\/#primaryimage\"},\"image\":{\"@id\":\"https:\/\/www.gaveanews.com\/index.php\/2021\/10\/09\/saiu-confira-a-escalacao-oficial-do-flamengo-contra-o-fortaleza\/#primaryimage\"},\"thumbnailUrl\":\"https:\/\/www.gaveanews.com\/wp-content\/uploads\/Escalacao-oficial-do-Flamengo.webp\",\"datePublished\":\"2021-10-09T20:59:44+00:00\",\"dateModified\":\"2022-01-29T17:44:47+00:00\",\"author\":{\"@id\":\"https:\/\/www.gaveanews.com\/#\/schema\/person\/714c67050b836198af2450ba1c142a67\"},\"breadcrumb\":{\"@id\":\"https:\/\/www.gaveanews.com\/index.php\/2021\/10\/09\/saiu-confira-a-escalacao-oficial-do-flamengo-contra-o-fortaleza\/#breadcrumb\"},\"inLanguage\":\"pt-BR\",\"potentialAction\":[{\"@type\":\"ReadAction\",\"target\":[\"https:\/\/www.gaveanews.com\/index.php\/2021\/10\/09\/saiu-confira-a-escalacao-oficial-do-flamengo-contra-o-fortaleza\/\"]}]},{\"@type\":\"ImageObject\",\"inLanguage\":\"pt-BR\",\"@id\":\"https:\/\/www.gaveanews.com\/index.php\/2021\/10\/09\/saiu-confira-a-escalacao-oficial-do-flamengo-contra-o-fortaleza\/#primaryimage\",\"url\":\"https:\/\/www.gaveanews.com\/wp-content\/uploads\/Escalacao-oficial-do-Flamengo.webp\",\"contentUrl\":\"https:\/\/www.gaveanews.com\/wp-content\/uploads\/Escalacao-oficial-do-Flamengo.webp\",\"caption\":\"Confira a escala\u00e7\u00e3o oficial do Flamengo (Ilustra\u00e7\u00e3o: Editoria de Arte\/GaveaNews.com)\"},{\"@type\":\"BreadcrumbList\",\"@id\":\"https:\/\/www.gaveanews.com\/index.php\/2021\/10\/09\/saiu-confira-a-escalacao-oficial-do-flamengo-contra-o-fortaleza\/#breadcrumb\",\"itemListElement\":[{\"@type\":\"ListItem\",\"position\":1,\"name\":\"Home\",\"item\":\"https:\/\/www.gaveanews.com\/\"},{\"@type\":\"ListItem\",\"position\":2,\"name\":\"Saiu! Confira a escala\u00e7\u00e3o oficial do Flamengo contra o Fortaleza\"}]},{\"@type\":\"WebSite\",\"@id\":\"https:\/\/www.gaveanews.com\/#website\",\"url\":\"https:\/\/www.gaveanews.com\/\",\"name\":\"G\u00e1vea News\",\"description\":\"Veja todas as not\u00edcias sobre o Flamengo: Contrata\u00e7\u00f5es, categorias de base, resultados das partidas, tabela de classifica\u00e7\u00e3o, pr\u00f3ximos jogos!\",\"potentialAction\":[{\"@type\":\"SearchAction\",\"target\":{\"@type\":\"EntryPoint\",\"urlTemplate\":\"https:\/\/www.gaveanews.com\/?s={search_term_string}\"},\"query-input\":{\"@type\":\"PropertyValueSpecification\",\"valueRequired\":true,\"valueName\":\"search_term_string\"}}],\"inLanguage\":\"pt-BR\"},{\"@type\":\"Person\",\"@id\":\"https:\/\/www.gaveanews.com\/#\/schema\/person\/714c67050b836198af2450ba1c142a67\",\"name\":\"Let\u00edcia Gerheim\",\"image\":{\"@type\":\"ImageObject\",\"inLanguage\":\"pt-BR\",\"@id\":\"https:\/\/www.gaveanews.com\/#\/schema\/person\/image\/\",\"url\":\"https:\/\/secure.gravatar.com\/avatar\/60734739c50fcebfbac509e2a826ccd0ff405c019bc73aab9354f19ecad1dcb4?s=96&d=mm&r=g\",\"contentUrl\":\"https:\/\/secure.gravatar.com\/avatar\/60734739c50fcebfbac509e2a826ccd0ff405c019bc73aab9354f19ecad1dcb4?s=96&d=mm&r=g\",\"caption\":\"Let\u00edcia Gerheim\"}}]}<\/script>\n<!-- \/ Yoast SEO Premium plugin. -->","yoast_head_json":{"title":"Saiu! Confira a escala\u00e7\u00e3o oficial do Flamengo contra o Fortaleza","robots":{"index":"index","follow":"follow","max-snippet":"max-snippet:-1","max-image-preview":"max-image-preview:large","max-video-preview":"max-video-preview:-1"},"canonical":"https:\/\/www.gaveanews.com\/index.php\/2021\/10\/09\/saiu-confira-a-escalacao-oficial-do-flamengo-contra-o-fortaleza\/","og_locale":"pt_BR","og_type":"article","og_title":"Saiu! Confira a escala\u00e7\u00e3o oficial do Flamengo contra o Fortaleza","og_description":"Daqui a pouco, \u00e0s 19h (hor\u00e1rio de Bras\u00edlia), o Flamengo entrar\u00e1 em campo em jogo v\u00e1lido pela 25\u00aa rodada do Campeonato Brasileiro. Precisando melhorar seu rendimento no torneio nacional, o clube enfrentar\u00e1 seu advers\u00e1rio com a miss\u00e3o de vencer a partida e levar mais tr\u00eas ponto para casa. Por\u00e9m, vale lembrar que mesmo tendo empatado [&hellip;]","og_url":"https:\/\/www.gaveanews.com\/index.php\/2021\/10\/09\/saiu-confira-a-escalacao-oficial-do-flamengo-contra-o-fortaleza\/","og_site_name":"G\u00e1vea News","article_publisher":"https:\/\/facebook.com\/gaveaNews\/","article_published_time":"2021-10-09T20:59:44+00:00","article_modified_time":"2022-01-29T17:44:47+00:00","og_image":[{"url":"https:\/\/www.gaveanews.com\/wp-content\/uploads\/Escalacao-oficial-do-Flamengo.webp","width":1,"height":1,"type":"image\/jpeg"}],"author":"Let\u00edcia Gerheim","twitter_card":"summary_large_image","twitter_misc":{"Escrito por":"Let\u00edcia Gerheim","Est. tempo de leitura":"3 minutos"},"schema":{"@context":"https:\/\/schema.org","@graph":[{"@type":"NewsArticle","@id":"https:\/\/www.gaveanews.com\/index.php\/2021\/10\/09\/saiu-confira-a-escalacao-oficial-do-flamengo-contra-o-fortaleza\/#article","isPartOf":{"@id":"https:\/\/www.gaveanews.com\/index.php\/2021\/10\/09\/saiu-confira-a-escalacao-oficial-do-flamengo-contra-o-fortaleza\/"},"author":{"name":"Let\u00edcia Gerheim","@id":"https:\/\/www.gaveanews.com\/#\/schema\/person\/714c67050b836198af2450ba1c142a67"},"headline":"Saiu! Confira a escala\u00e7\u00e3o oficial do Flamengo contra o Fortaleza","datePublished":"2021-10-09T20:59:44+00:00","dateModified":"2022-01-29T17:44:47+00:00","mainEntityOfPage":{"@id":"https:\/\/www.gaveanews.com\/index.php\/2021\/10\/09\/saiu-confira-a-escalacao-oficial-do-flamengo-contra-o-fortaleza\/"},"wordCount":472,"commentCount":31,"image":{"@id":"https:\/\/www.gaveanews.com\/index.php\/2021\/10\/09\/saiu-confira-a-escalacao-oficial-do-flamengo-contra-o-fortaleza\/#primaryimage"},"thumbnailUrl":"https:\/\/www.gaveanews.com\/wp-content\/uploads\/Escalacao-oficial-do-Flamengo.webp","articleSection":["Flamengo"],"inLanguage":"pt-BR","potentialAction":[{"@type":"CommentAction","name":"Comment","target":["https:\/\/www.gaveanews.com\/index.php\/2021\/10\/09\/saiu-confira-a-escalacao-oficial-do-flamengo-contra-o-fortaleza\/#respond"]}],"copyrightYear":"2021","copyrightHolder":{"@id":"https:\/\/www.gaveanews.com\/#organization"}},{"@type":"WebPage","@id":"https:\/\/www.gaveanews.com\/index.php\/2021\/10\/09\/saiu-confira-a-escalacao-oficial-do-flamengo-contra-o-fortaleza\/","url":"https:\/\/www.gaveanews.com\/index.php\/2021\/10\/09\/saiu-confira-a-escalacao-oficial-do-flamengo-contra-o-fortaleza\/","name":"Saiu! Confira a escala\u00e7\u00e3o oficial do Flamengo contra o Fortaleza","isPartOf":{"@id":"https:\/\/www.gaveanews.com\/#website"},"primaryImageOfPage":{"@id":"https:\/\/www.gaveanews.com\/index.php\/2021\/10\/09\/saiu-confira-a-escalacao-oficial-do-flamengo-contra-o-fortaleza\/#primaryimage"},"image":{"@id":"https:\/\/www.gaveanews.com\/index.php\/2021\/10\/09\/saiu-confira-a-escalacao-oficial-do-flamengo-contra-o-fortaleza\/#primaryimage"},"thumbnailUrl":"https:\/\/www.gaveanews.com\/wp-content\/uploads\/Escalacao-oficial-do-Flamengo.webp","datePublished":"2021-10-09T20:59:44+00:00","dateModified":"2022-01-29T17:44:47+00:00","author":{"@id":"https:\/\/www.gaveanews.com\/#\/schema\/person\/714c67050b836198af2450ba1c142a67"},"breadcrumb":{"@id":"https:\/\/www.gaveanews.com\/index.php\/2021\/10\/09\/saiu-confira-a-escalacao-oficial-do-flamengo-contra-o-fortaleza\/#breadcrumb"},"inLanguage":"pt-BR","potentialAction":[{"@type":"ReadAction","target":["https:\/\/www.gaveanews.com\/index.php\/2021\/10\/09\/saiu-confira-a-escalacao-oficial-do-flamengo-contra-o-fortaleza\/"]}]},{"@type":"ImageObject","inLanguage":"pt-BR","@id":"https:\/\/www.gaveanews.com\/index.php\/2021\/10\/09\/saiu-confira-a-escalacao-oficial-do-flamengo-contra-o-fortaleza\/#primaryimage","url":"https:\/\/www.gaveanews.com\/wp-content\/uploads\/Escalacao-oficial-do-Flamengo.webp","contentUrl":"https:\/\/www.gaveanews.com\/wp-content\/uploads\/Escalacao-oficial-do-Flamengo.webp","caption":"Confira a escala\u00e7\u00e3o oficial do Flamengo (Ilustra\u00e7\u00e3o: Editoria de Arte\/GaveaNews.com)"},{"@type":"BreadcrumbList","@id":"https:\/\/www.gaveanews.com\/index.php\/2021\/10\/09\/saiu-confira-a-escalacao-oficial-do-flamengo-contra-o-fortaleza\/#breadcrumb","itemListElement":[{"@type":"ListItem","position":1,"name":"Home","item":"https:\/\/www.gaveanews.com\/"},{"@type":"ListItem","position":2,"name":"Saiu! Confira a escala\u00e7\u00e3o oficial do Flamengo contra o Fortaleza"}]},{"@type":"WebSite","@id":"https:\/\/www.gaveanews.com\/#website","url":"https:\/\/www.gaveanews.com\/","name":"G\u00e1vea News","description":"Veja todas as not\u00edcias sobre o Flamengo: Contrata\u00e7\u00f5es, categorias de base, resultados das partidas, tabela de classifica\u00e7\u00e3o, pr\u00f3ximos jogos!","potentialAction":[{"@type":"SearchAction","target":{"@type":"EntryPoint","urlTemplate":"https:\/\/www.gaveanews.com\/?s={search_term_string}"},"query-input":{"@type":"PropertyValueSpecification","valueRequired":true,"valueName":"search_term_string"}}],"inLanguage":"pt-BR"},{"@type":"Person","@id":"https:\/\/www.gaveanews.com\/#\/schema\/person\/714c67050b836198af2450ba1c142a67","name":"Let\u00edcia Gerheim","image":{"@type":"ImageObject","inLanguage":"pt-BR","@id":"https:\/\/www.gaveanews.com\/#\/schema\/person\/image\/","url":"https:\/\/secure.gravatar.com\/avatar\/60734739c50fcebfbac509e2a826ccd0ff405c019bc73aab9354f19ecad1dcb4?s=96&d=mm&r=g","contentUrl":"https:\/\/secure.gravatar.com\/avatar\/60734739c50fcebfbac509e2a826ccd0ff405c019bc73aab9354f19ecad1dcb4?s=96&d=mm&r=g","caption":"Let\u00edcia Gerheim"}}]}},"_links":{"self":[{"href":"https:\/\/www.gaveanews.com\/index.php\/wp-json\/wp\/v2\/posts\/69642","targetHints":{"allow":["GET"]}}],"collection":[{"href":"https:\/\/www.gaveanews.com\/index.php\/wp-json\/wp\/v2\/posts"}],"about":[{"href":"https:\/\/www.gaveanews.com\/index.php\/wp-json\/wp\/v2\/types\/post"}],"author":[{"embeddable":true,"href":"https:\/\/www.gaveanews.com\/index.php\/wp-json\/wp\/v2\/users\/4"}],"replies":[{"embeddable":true,"href":"https:\/\/www.gaveanews.com\/index.php\/wp-json\/wp\/v2\/comments?post=69642"}],"version-history":[{"count":0,"href":"https:\/\/www.gaveanews.com\/index.php\/wp-json\/wp\/v2\/posts\/69642\/revisions"}],"wp:featuredmedia":[{"embeddable":true,"href":"https:\/\/www.gaveanews.com\/index.php\/wp-json\/wp\/v2\/media\/30000"}],"wp:attachment":[{"href":"https:\/\/www.gaveanews.com\/index.php\/wp-json\/wp\/v2\/media?parent=69642"}],"wp:term":[{"taxonomy":"category","embeddable":true,"href":"https:\/\/www.gaveanews.com\/index.php\/wp-json\/wp\/v2\/categories?post=69642"},{"taxonomy":"post_tag","embeddable":true,"href":"https:\/\/www.gaveanews.com\/index.php\/wp-json\/wp\/v2\/tags?post=69642"}],"curies":[{"name":"wp","href":"https:\/\/api.w.org\/{rel}","templated":true}]}}