{"id":69658,"date":"2021-10-08T15:45:30","date_gmt":"2021-10-08T18:45:30","guid":{"rendered":"https:\/\/www.gaveanews.com\/?p=69658"},"modified":"2021-10-23T19:51:01","modified_gmt":"2021-10-23T22:51:01","slug":"flamengo-nao-perde-para-o-fortaleza-no-brasileirao-ha-16-anos","status":"publish","type":"post","link":"https:\/\/www.gaveanews.com\/index.php\/2021\/10\/08\/flamengo-nao-perde-para-o-fortaleza-no-brasileirao-ha-16-anos\/","title":{"rendered":"Flamengo n\u00e3o perde para o Fortaleza no Brasileir\u00e3o h\u00e1 16 anos"},"content":{"rendered":"\n<p>Depois de empatar com o Bragantino e perder uma boa chance de encostar no Atl\u00e9tico-MG, o Flamengo tenta virar a p\u00e1gina e mira em vit\u00f3ria nesta pr\u00f3xima rodada. Ainda muito desfalcado, o elenco de Renato Ga\u00facho pode ter ganhado uma boa not\u00edcia e <a href=\"https:\/\/www.gaveanews.com\/index.php\/2021\/10\/08\/diego-alves-treina-normalmente-e-indica-volta-ao-gol-do-flamengo\/\">contar com dois retornos<\/a>.<\/p>\n\n\n\n<p>Al\u00e9m dos poss\u00edveis &#8220;refor\u00e7os&#8221;, o Rubro-Negro poder\u00e1 contar com retrospecto favor\u00e1vel para seu pr\u00f3ximo compromisso. Isso porque o Fortaleza, advers\u00e1rio da vez, n\u00e3o ganha do Fla pelo Campeonato Brasileiro h\u00e1 16 anos.<\/p>\n\n\n\n<p>Ao todo, as equipes se enfrentaram 21 vezes pelo torneio, resultando em 13 vit\u00f3rias do Mais Querido, 3 empates e apenas 5 partidas em que o Le\u00e3o do Pici levou a melhor. Nestes confrontos, o clube da G\u00e1vea marcou o total de 44 gols e sofreu 21 pelo Tricolor.<\/p>\n\n\n\n<p>O \u00faltimo rev\u00e9s do Flamengo pelo Fortaleza aconteceu no dia 7 de agosto de 2005, quando a equipe cearense venceu por 2 a 1 na Arena Castel\u00e3o, mesmo palco do duelo deste fim de semana.<\/p>\n\n\n\n<h2 class=\"wp-block-heading\" id=\"h-confira-a-sequ-ncia-de-invencibilidade-do-flamengo\">Confira a sequ\u00eancia de invencibilidade do Flamengo:<\/h2>\n\n\n\n<ul class=\"wp-block-list\"><li>3 x 0 \u2013 16\/11\/2005 \u2013 Luso Brasileiro<\/li><li>0 x 0 \u2013 14\/05\/2006 \u2013 Maracan\u00e3<\/li><li>3 x 4 \u2013 17\/09\/2006 \u2013 Castel\u00e3o<\/li><li>2 x 0 \u2013 01\/06\/2019 \u2013 Engenh\u00e3o<\/li><li>1 x 2 \u2013 16\/10\/2019 \u2013 Castel\u00e3o<\/li><li>2 x 1 \u2013 05\/09\/2020 \u2013 Maracan\u00e3<\/li><li>0 x 0 \u2013 26\/12\/2020 \u2013 Castel\u00e3o<\/li><li>2 x 1 \u2013 23\/06\/2021 \u2013 Maracan\u00e3<\/li><\/ul>\n\n\n\n<p>No tocante a este pr\u00f3ximo confronto, diferentemente do Fla, o Fortaleza possui apenas um desfalque e dever\u00e1 ir a campo com seu time principal. A \u00fanica baixa do clube \u00e9 Marcelo Benevenuto, suspenso pelo excesso de cart\u00f5es amarelos. <\/p>\n\n\n\n<p>Desta forma, a equipe de Vojvoda dever\u00e1 ir a campo com a seguinte escala\u00e7\u00e3o: Felipe Alves; Tinga, Titi e Jussa (Jackson); Pikachu, Ederson, Felipe e Crispim; Romarinho (Robson) e Ronald; Henriquez (David).<\/p>\n\n\n\n<p>Neste contexto, os times se enfrentar\u00e3o neste s\u00e1bado (09), \u00e0s 19h (hor\u00e1rio de Bras\u00edlia), em partida v\u00e1lida pela 25\u00aa rodada do Brasileir\u00e3o. A transmiss\u00e3o do evento ficar\u00e1 por conta do Premiere.<\/p>\n","protected":false},"excerpt":{"rendered":"<p>Depois de empatar com o Bragantino e perder uma boa chance de encostar no Atl\u00e9tico-MG, o Flamengo tenta virar a p\u00e1gina e mira em vit\u00f3ria nesta pr\u00f3xima rodada. Ainda muito desfalcado, o elenco de Renato Ga\u00facho pode ter ganhado uma boa not\u00edcia e contar com dois retornos. Al\u00e9m dos poss\u00edveis &#8220;refor\u00e7os&#8221;, o Rubro-Negro poder\u00e1 contar [&hellip;]<\/p>\n","protected":false},"author":4,"featured_media":46931,"comment_status":"open","ping_status":"closed","sticky":false,"template":"","format":"standard","meta":{"footnotes":""},"categories":[1],"tags":[],"class_list":["post-69658","post","type-post","status-publish","format-standard","has-post-thumbnail","hentry","category-flamengo"],"yoast_head":"<!-- This site is optimized with the Yoast SEO Premium plugin v24.2 (Yoast SEO v26.9) - https:\/\/yoast.com\/product\/yoast-seo-premium-wordpress\/ -->\n<title>Flamengo n\u00e3o perde para o Fortaleza no Brasileir\u00e3o h\u00e1 16 anos<\/title>\n<meta name=\"robots\" content=\"index, follow, max-snippet:-1, max-image-preview:large, max-video-preview:-1\" \/>\n<link rel=\"canonical\" href=\"https:\/\/www.gaveanews.com\/index.php\/2021\/10\/08\/flamengo-nao-perde-para-o-fortaleza-no-brasileirao-ha-16-anos\/\" \/>\n<meta property=\"og:locale\" content=\"pt_BR\" \/>\n<meta property=\"og:type\" content=\"article\" \/>\n<meta property=\"og:title\" content=\"Flamengo n\u00e3o perde para o Fortaleza no Brasileir\u00e3o h\u00e1 16 anos\" \/>\n<meta property=\"og:description\" content=\"Depois de empatar com o Bragantino e perder uma boa chance de encostar no Atl\u00e9tico-MG, o Flamengo tenta virar a p\u00e1gina e mira em vit\u00f3ria nesta pr\u00f3xima rodada. Ainda muito desfalcado, o elenco de Renato Ga\u00facho pode ter ganhado uma boa not\u00edcia e contar com dois retornos. Al\u00e9m dos poss\u00edveis &#8220;refor\u00e7os&#8221;, o Rubro-Negro poder\u00e1 contar [&hellip;]\" \/>\n<meta property=\"og:url\" content=\"https:\/\/www.gaveanews.com\/index.php\/2021\/10\/08\/flamengo-nao-perde-para-o-fortaleza-no-brasileirao-ha-16-anos\/\" \/>\n<meta property=\"og:site_name\" content=\"G\u00e1vea News\" \/>\n<meta property=\"article:publisher\" content=\"https:\/\/facebook.com\/gaveaNews\/\" \/>\n<meta property=\"article:published_time\" content=\"2021-10-08T18:45:30+00:00\" \/>\n<meta property=\"article:modified_time\" content=\"2021-10-23T22:51:01+00:00\" \/>\n<meta property=\"og:image\" content=\"https:\/\/www.gaveanews.com\/wp-content\/uploads\/Everton-Ribeiro-em-acao-contra-o-Fortaleza.webp\" \/>\n\t<meta property=\"og:image:width\" content=\"800\" \/>\n\t<meta property=\"og:image:height\" content=\"533\" \/>\n\t<meta property=\"og:image:type\" content=\"image\/jpeg\" \/>\n<meta name=\"author\" content=\"Let\u00edcia Gerheim\" \/>\n<meta name=\"twitter:card\" content=\"summary_large_image\" \/>\n<meta name=\"twitter:label1\" content=\"Escrito por\" \/>\n\t<meta name=\"twitter:data1\" content=\"Let\u00edcia Gerheim\" \/>\n\t<meta name=\"twitter:label2\" content=\"Est. tempo de leitura\" \/>\n\t<meta name=\"twitter:data2\" content=\"2 minutos\" \/>\n<script type=\"application\/ld+json\" class=\"yoast-schema-graph\">{\"@context\":\"https:\/\/schema.org\",\"@graph\":[{\"@type\":\"NewsArticle\",\"@id\":\"https:\/\/www.gaveanews.com\/index.php\/2021\/10\/08\/flamengo-nao-perde-para-o-fortaleza-no-brasileirao-ha-16-anos\/#article\",\"isPartOf\":{\"@id\":\"https:\/\/www.gaveanews.com\/index.php\/2021\/10\/08\/flamengo-nao-perde-para-o-fortaleza-no-brasileirao-ha-16-anos\/\"},\"author\":{\"name\":\"Let\u00edcia Gerheim\",\"@id\":\"https:\/\/www.gaveanews.com\/#\/schema\/person\/714c67050b836198af2450ba1c142a67\"},\"headline\":\"Flamengo n\u00e3o perde para o Fortaleza no Brasileir\u00e3o h\u00e1 16 anos\",\"datePublished\":\"2021-10-08T18:45:30+00:00\",\"dateModified\":\"2021-10-23T22:51:01+00:00\",\"mainEntityOfPage\":{\"@id\":\"https:\/\/www.gaveanews.com\/index.php\/2021\/10\/08\/flamengo-nao-perde-para-o-fortaleza-no-brasileirao-ha-16-anos\/\"},\"wordCount\":319,\"commentCount\":4,\"image\":{\"@id\":\"https:\/\/www.gaveanews.com\/index.php\/2021\/10\/08\/flamengo-nao-perde-para-o-fortaleza-no-brasileirao-ha-16-anos\/#primaryimage\"},\"thumbnailUrl\":\"https:\/\/www.gaveanews.com\/wp-content\/uploads\/Everton-Ribeiro-em-acao-contra-o-Fortaleza.webp\",\"articleSection\":[\"Flamengo\"],\"inLanguage\":\"pt-BR\",\"potentialAction\":[{\"@type\":\"CommentAction\",\"name\":\"Comment\",\"target\":[\"https:\/\/www.gaveanews.com\/index.php\/2021\/10\/08\/flamengo-nao-perde-para-o-fortaleza-no-brasileirao-ha-16-anos\/#respond\"]}],\"copyrightYear\":\"2021\",\"copyrightHolder\":{\"@id\":\"https:\/\/www.gaveanews.com\/#organization\"}},{\"@type\":\"WebPage\",\"@id\":\"https:\/\/www.gaveanews.com\/index.php\/2021\/10\/08\/flamengo-nao-perde-para-o-fortaleza-no-brasileirao-ha-16-anos\/\",\"url\":\"https:\/\/www.gaveanews.com\/index.php\/2021\/10\/08\/flamengo-nao-perde-para-o-fortaleza-no-brasileirao-ha-16-anos\/\",\"name\":\"Flamengo n\u00e3o perde para o Fortaleza no Brasileir\u00e3o h\u00e1 16 anos\",\"isPartOf\":{\"@id\":\"https:\/\/www.gaveanews.com\/#website\"},\"primaryImageOfPage\":{\"@id\":\"https:\/\/www.gaveanews.com\/index.php\/2021\/10\/08\/flamengo-nao-perde-para-o-fortaleza-no-brasileirao-ha-16-anos\/#primaryimage\"},\"image\":{\"@id\":\"https:\/\/www.gaveanews.com\/index.php\/2021\/10\/08\/flamengo-nao-perde-para-o-fortaleza-no-brasileirao-ha-16-anos\/#primaryimage\"},\"thumbnailUrl\":\"https:\/\/www.gaveanews.com\/wp-content\/uploads\/Everton-Ribeiro-em-acao-contra-o-Fortaleza.webp\",\"datePublished\":\"2021-10-08T18:45:30+00:00\",\"dateModified\":\"2021-10-23T22:51:01+00:00\",\"author\":{\"@id\":\"https:\/\/www.gaveanews.com\/#\/schema\/person\/714c67050b836198af2450ba1c142a67\"},\"breadcrumb\":{\"@id\":\"https:\/\/www.gaveanews.com\/index.php\/2021\/10\/08\/flamengo-nao-perde-para-o-fortaleza-no-brasileirao-ha-16-anos\/#breadcrumb\"},\"inLanguage\":\"pt-BR\",\"potentialAction\":[{\"@type\":\"ReadAction\",\"target\":[\"https:\/\/www.gaveanews.com\/index.php\/2021\/10\/08\/flamengo-nao-perde-para-o-fortaleza-no-brasileirao-ha-16-anos\/\"]}]},{\"@type\":\"ImageObject\",\"inLanguage\":\"pt-BR\",\"@id\":\"https:\/\/www.gaveanews.com\/index.php\/2021\/10\/08\/flamengo-nao-perde-para-o-fortaleza-no-brasileirao-ha-16-anos\/#primaryimage\",\"url\":\"https:\/\/www.gaveanews.com\/wp-content\/uploads\/Everton-Ribeiro-em-acao-contra-o-Fortaleza.webp\",\"contentUrl\":\"https:\/\/www.gaveanews.com\/wp-content\/uploads\/Everton-Ribeiro-em-acao-contra-o-Fortaleza.webp\",\"width\":800,\"height\":533,\"caption\":\"Everton Ribeiro em a\u00e7\u00e3o contra o Fortaleza (Foto: Alexandre Vidal\/Flamengo)\"},{\"@type\":\"BreadcrumbList\",\"@id\":\"https:\/\/www.gaveanews.com\/index.php\/2021\/10\/08\/flamengo-nao-perde-para-o-fortaleza-no-brasileirao-ha-16-anos\/#breadcrumb\",\"itemListElement\":[{\"@type\":\"ListItem\",\"position\":1,\"name\":\"Home\",\"item\":\"https:\/\/www.gaveanews.com\/\"},{\"@type\":\"ListItem\",\"position\":2,\"name\":\"Flamengo n\u00e3o perde para o Fortaleza no Brasileir\u00e3o h\u00e1 16 anos\"}]},{\"@type\":\"WebSite\",\"@id\":\"https:\/\/www.gaveanews.com\/#website\",\"url\":\"https:\/\/www.gaveanews.com\/\",\"name\":\"G\u00e1vea News\",\"description\":\"Veja todas as not\u00edcias sobre o Flamengo: Contrata\u00e7\u00f5es, categorias de base, resultados das partidas, tabela de classifica\u00e7\u00e3o, pr\u00f3ximos jogos!\",\"potentialAction\":[{\"@type\":\"SearchAction\",\"target\":{\"@type\":\"EntryPoint\",\"urlTemplate\":\"https:\/\/www.gaveanews.com\/?s={search_term_string}\"},\"query-input\":{\"@type\":\"PropertyValueSpecification\",\"valueRequired\":true,\"valueName\":\"search_term_string\"}}],\"inLanguage\":\"pt-BR\"},{\"@type\":\"Person\",\"@id\":\"https:\/\/www.gaveanews.com\/#\/schema\/person\/714c67050b836198af2450ba1c142a67\",\"name\":\"Let\u00edcia Gerheim\",\"image\":{\"@type\":\"ImageObject\",\"inLanguage\":\"pt-BR\",\"@id\":\"https:\/\/www.gaveanews.com\/#\/schema\/person\/image\/\",\"url\":\"https:\/\/secure.gravatar.com\/avatar\/60734739c50fcebfbac509e2a826ccd0ff405c019bc73aab9354f19ecad1dcb4?s=96&d=mm&r=g\",\"contentUrl\":\"https:\/\/secure.gravatar.com\/avatar\/60734739c50fcebfbac509e2a826ccd0ff405c019bc73aab9354f19ecad1dcb4?s=96&d=mm&r=g\",\"caption\":\"Let\u00edcia Gerheim\"}}]}<\/script>\n<!-- \/ Yoast SEO Premium plugin. -->","yoast_head_json":{"title":"Flamengo n\u00e3o perde para o Fortaleza no Brasileir\u00e3o h\u00e1 16 anos","robots":{"index":"index","follow":"follow","max-snippet":"max-snippet:-1","max-image-preview":"max-image-preview:large","max-video-preview":"max-video-preview:-1"},"canonical":"https:\/\/www.gaveanews.com\/index.php\/2021\/10\/08\/flamengo-nao-perde-para-o-fortaleza-no-brasileirao-ha-16-anos\/","og_locale":"pt_BR","og_type":"article","og_title":"Flamengo n\u00e3o perde para o Fortaleza no Brasileir\u00e3o h\u00e1 16 anos","og_description":"Depois de empatar com o Bragantino e perder uma boa chance de encostar no Atl\u00e9tico-MG, o Flamengo tenta virar a p\u00e1gina e mira em vit\u00f3ria nesta pr\u00f3xima rodada. Ainda muito desfalcado, o elenco de Renato Ga\u00facho pode ter ganhado uma boa not\u00edcia e contar com dois retornos. Al\u00e9m dos poss\u00edveis &#8220;refor\u00e7os&#8221;, o Rubro-Negro poder\u00e1 contar [&hellip;]","og_url":"https:\/\/www.gaveanews.com\/index.php\/2021\/10\/08\/flamengo-nao-perde-para-o-fortaleza-no-brasileirao-ha-16-anos\/","og_site_name":"G\u00e1vea News","article_publisher":"https:\/\/facebook.com\/gaveaNews\/","article_published_time":"2021-10-08T18:45:30+00:00","article_modified_time":"2021-10-23T22:51:01+00:00","og_image":[{"width":800,"height":533,"url":"https:\/\/www.gaveanews.com\/wp-content\/uploads\/Everton-Ribeiro-em-acao-contra-o-Fortaleza.webp","type":"image\/jpeg"}],"author":"Let\u00edcia Gerheim","twitter_card":"summary_large_image","twitter_misc":{"Escrito por":"Let\u00edcia Gerheim","Est. tempo de leitura":"2 minutos"},"schema":{"@context":"https:\/\/schema.org","@graph":[{"@type":"NewsArticle","@id":"https:\/\/www.gaveanews.com\/index.php\/2021\/10\/08\/flamengo-nao-perde-para-o-fortaleza-no-brasileirao-ha-16-anos\/#article","isPartOf":{"@id":"https:\/\/www.gaveanews.com\/index.php\/2021\/10\/08\/flamengo-nao-perde-para-o-fortaleza-no-brasileirao-ha-16-anos\/"},"author":{"name":"Let\u00edcia Gerheim","@id":"https:\/\/www.gaveanews.com\/#\/schema\/person\/714c67050b836198af2450ba1c142a67"},"headline":"Flamengo n\u00e3o perde para o Fortaleza no Brasileir\u00e3o h\u00e1 16 anos","datePublished":"2021-10-08T18:45:30+00:00","dateModified":"2021-10-23T22:51:01+00:00","mainEntityOfPage":{"@id":"https:\/\/www.gaveanews.com\/index.php\/2021\/10\/08\/flamengo-nao-perde-para-o-fortaleza-no-brasileirao-ha-16-anos\/"},"wordCount":319,"commentCount":4,"image":{"@id":"https:\/\/www.gaveanews.com\/index.php\/2021\/10\/08\/flamengo-nao-perde-para-o-fortaleza-no-brasileirao-ha-16-anos\/#primaryimage"},"thumbnailUrl":"https:\/\/www.gaveanews.com\/wp-content\/uploads\/Everton-Ribeiro-em-acao-contra-o-Fortaleza.webp","articleSection":["Flamengo"],"inLanguage":"pt-BR","potentialAction":[{"@type":"CommentAction","name":"Comment","target":["https:\/\/www.gaveanews.com\/index.php\/2021\/10\/08\/flamengo-nao-perde-para-o-fortaleza-no-brasileirao-ha-16-anos\/#respond"]}],"copyrightYear":"2021","copyrightHolder":{"@id":"https:\/\/www.gaveanews.com\/#organization"}},{"@type":"WebPage","@id":"https:\/\/www.gaveanews.com\/index.php\/2021\/10\/08\/flamengo-nao-perde-para-o-fortaleza-no-brasileirao-ha-16-anos\/","url":"https:\/\/www.gaveanews.com\/index.php\/2021\/10\/08\/flamengo-nao-perde-para-o-fortaleza-no-brasileirao-ha-16-anos\/","name":"Flamengo n\u00e3o perde para o Fortaleza no Brasileir\u00e3o h\u00e1 16 anos","isPartOf":{"@id":"https:\/\/www.gaveanews.com\/#website"},"primaryImageOfPage":{"@id":"https:\/\/www.gaveanews.com\/index.php\/2021\/10\/08\/flamengo-nao-perde-para-o-fortaleza-no-brasileirao-ha-16-anos\/#primaryimage"},"image":{"@id":"https:\/\/www.gaveanews.com\/index.php\/2021\/10\/08\/flamengo-nao-perde-para-o-fortaleza-no-brasileirao-ha-16-anos\/#primaryimage"},"thumbnailUrl":"https:\/\/www.gaveanews.com\/wp-content\/uploads\/Everton-Ribeiro-em-acao-contra-o-Fortaleza.webp","datePublished":"2021-10-08T18:45:30+00:00","dateModified":"2021-10-23T22:51:01+00:00","author":{"@id":"https:\/\/www.gaveanews.com\/#\/schema\/person\/714c67050b836198af2450ba1c142a67"},"breadcrumb":{"@id":"https:\/\/www.gaveanews.com\/index.php\/2021\/10\/08\/flamengo-nao-perde-para-o-fortaleza-no-brasileirao-ha-16-anos\/#breadcrumb"},"inLanguage":"pt-BR","potentialAction":[{"@type":"ReadAction","target":["https:\/\/www.gaveanews.com\/index.php\/2021\/10\/08\/flamengo-nao-perde-para-o-fortaleza-no-brasileirao-ha-16-anos\/"]}]},{"@type":"ImageObject","inLanguage":"pt-BR","@id":"https:\/\/www.gaveanews.com\/index.php\/2021\/10\/08\/flamengo-nao-perde-para-o-fortaleza-no-brasileirao-ha-16-anos\/#primaryimage","url":"https:\/\/www.gaveanews.com\/wp-content\/uploads\/Everton-Ribeiro-em-acao-contra-o-Fortaleza.webp","contentUrl":"https:\/\/www.gaveanews.com\/wp-content\/uploads\/Everton-Ribeiro-em-acao-contra-o-Fortaleza.webp","width":800,"height":533,"caption":"Everton Ribeiro em a\u00e7\u00e3o contra o Fortaleza (Foto: Alexandre Vidal\/Flamengo)"},{"@type":"BreadcrumbList","@id":"https:\/\/www.gaveanews.com\/index.php\/2021\/10\/08\/flamengo-nao-perde-para-o-fortaleza-no-brasileirao-ha-16-anos\/#breadcrumb","itemListElement":[{"@type":"ListItem","position":1,"name":"Home","item":"https:\/\/www.gaveanews.com\/"},{"@type":"ListItem","position":2,"name":"Flamengo n\u00e3o perde para o Fortaleza no Brasileir\u00e3o h\u00e1 16 anos"}]},{"@type":"WebSite","@id":"https:\/\/www.gaveanews.com\/#website","url":"https:\/\/www.gaveanews.com\/","name":"G\u00e1vea News","description":"Veja todas as not\u00edcias sobre o Flamengo: Contrata\u00e7\u00f5es, categorias de base, resultados das partidas, tabela de classifica\u00e7\u00e3o, pr\u00f3ximos jogos!","potentialAction":[{"@type":"SearchAction","target":{"@type":"EntryPoint","urlTemplate":"https:\/\/www.gaveanews.com\/?s={search_term_string}"},"query-input":{"@type":"PropertyValueSpecification","valueRequired":true,"valueName":"search_term_string"}}],"inLanguage":"pt-BR"},{"@type":"Person","@id":"https:\/\/www.gaveanews.com\/#\/schema\/person\/714c67050b836198af2450ba1c142a67","name":"Let\u00edcia Gerheim","image":{"@type":"ImageObject","inLanguage":"pt-BR","@id":"https:\/\/www.gaveanews.com\/#\/schema\/person\/image\/","url":"https:\/\/secure.gravatar.com\/avatar\/60734739c50fcebfbac509e2a826ccd0ff405c019bc73aab9354f19ecad1dcb4?s=96&d=mm&r=g","contentUrl":"https:\/\/secure.gravatar.com\/avatar\/60734739c50fcebfbac509e2a826ccd0ff405c019bc73aab9354f19ecad1dcb4?s=96&d=mm&r=g","caption":"Let\u00edcia Gerheim"}}]}},"_links":{"self":[{"href":"https:\/\/www.gaveanews.com\/index.php\/wp-json\/wp\/v2\/posts\/69658","targetHints":{"allow":["GET"]}}],"collection":[{"href":"https:\/\/www.gaveanews.com\/index.php\/wp-json\/wp\/v2\/posts"}],"about":[{"href":"https:\/\/www.gaveanews.com\/index.php\/wp-json\/wp\/v2\/types\/post"}],"author":[{"embeddable":true,"href":"https:\/\/www.gaveanews.com\/index.php\/wp-json\/wp\/v2\/users\/4"}],"replies":[{"embeddable":true,"href":"https:\/\/www.gaveanews.com\/index.php\/wp-json\/wp\/v2\/comments?post=69658"}],"version-history":[{"count":0,"href":"https:\/\/www.gaveanews.com\/index.php\/wp-json\/wp\/v2\/posts\/69658\/revisions"}],"wp:featuredmedia":[{"embeddable":true,"href":"https:\/\/www.gaveanews.com\/index.php\/wp-json\/wp\/v2\/media\/46931"}],"wp:attachment":[{"href":"https:\/\/www.gaveanews.com\/index.php\/wp-json\/wp\/v2\/media?parent=69658"}],"wp:term":[{"taxonomy":"category","embeddable":true,"href":"https:\/\/www.gaveanews.com\/index.php\/wp-json\/wp\/v2\/categories?post=69658"},{"taxonomy":"post_tag","embeddable":true,"href":"https:\/\/www.gaveanews.com\/index.php\/wp-json\/wp\/v2\/tags?post=69658"}],"curies":[{"name":"wp","href":"https:\/\/api.w.org\/{rel}","templated":true}]}}