{"id":69676,"date":"2021-10-09T18:04:38","date_gmt":"2021-10-09T21:04:38","guid":{"rendered":"https:\/\/www.gaveanews.com\/?p=69676"},"modified":"2021-10-09T18:07:48","modified_gmt":"2021-10-09T21:07:48","slug":"presidente-do-fortaleza-elogia-trabalho-de-gestao-do-flamengo","status":"publish","type":"post","link":"https:\/\/www.gaveanews.com\/index.php\/2021\/10\/09\/presidente-do-fortaleza-elogia-trabalho-de-gestao-do-flamengo\/","title":{"rendered":"Presidente do Fortaleza elogia trabalho de gest\u00e3o do Flamengo"},"content":{"rendered":"\n<p>O Fortaleza encara o Flamengo neste s\u00e1bado, \u00e0s 19h, no Castel\u00e3o, exatamente com o mesmo n\u00famero de pontos: 39 cada um. Se as \u00faltimas boas campanhas do rubro-negro carioca n\u00e3o surpreendem mais, afinal, o time \u00e9 o atual bicampe\u00e3o nacional, a temporada do Le\u00e3o do Pici chama a aten\u00e7\u00e3o por ser uma das melhores do clube em toda a hist\u00f3ria.<\/p>\n\n\n\n<p>O presidente do time nordestino, Marcelo Paz, entende que isso s\u00f3 est\u00e1 acontecendo por causa da boa gest\u00e3o. E aponta que, guardada as devidas propor\u00e7\u00f5es, \u00e9 poss\u00edvel comparar o trabalho executado pelas duas diretorias.<\/p>\n\n\n\n<p>\u2014 <strong><em>Eu acho que \u00e9 poss\u00edvel, sim, comparar dentro da realidade de cada um. Fazer uma boa gest\u00e3o n\u00e3o \u00e9 s\u00f3 ter mais ou menos dinheiro, mas \u00e9 fazer resultados esportivos coerentes ou acima da sua capacidade financeira. Eu acho que o Flamengo faz um belo trabalho h\u00e1 alguns anos, \u00e9 um clube que, hoje, sabe usar a compet\u00eancia do tamanho da torcida que tem e transformar isso em dinheiro e receita com patrocinadores, s\u00f3cio-torcedores \u2013 o marketing em si, conseguindo grandes resultados. J\u00e1 o Fortaleza tamb\u00e9m com a gest\u00e3o, dentro da sua possibilidade, com 20x menos torcedores do que o Flamengo, consegue tamb\u00e9m entregar resultados dentro da sua capacidade financeira e at\u00e9 mais, como \u00e9 o caso da atual coloca\u00e7\u00e3o no Campeonato Brasileiro<\/em><\/strong>, explica.<\/p>\n\n\n\n<p>Nas \u00faltimas semanas, o mandat\u00e1rio do Le\u00e3o se posicionou firmemente contra a decis\u00e3o do Flamengo de voltar a ter p\u00fablico nos est\u00e1dios por meio de uma liminar, quebrando um acordo feito entre todas as 20 agremia\u00e7\u00f5es durante Conselho T\u00e9cnico da CBF. Apesar disso, Paz faz quest\u00e3o de dizer que as diferen\u00e7as de opini\u00f5es s\u00e3o naturais dentro do futebol, e que a rela\u00e7\u00e3o com o Flamengo sempre foi respeitosa.<\/p>\n\n\n\n<p>\u2014 <strong><em>Eu entendo que a rela\u00e7\u00e3o institucional dos dois clubes \u00e9 muito boa. O fato de termos discordado e se posicionado contr\u00e1rio n\u00e3o significa um azedamento da rela\u00e7\u00e3o; eu acho que faz parte da conviv\u00eancia institucional essa discord\u00e2ncia, esse pensamento diferente. Mas eu respeito muito o Flamengo como institui\u00e7\u00e3o, gosto do presidente Landim, acho que \u00e9 um cara que faz um grande trabalho e sempre tive um \u00f3timo acesso a ele. Da nossa parte do Fortaleza, posso garantir que permanece inabalado o respeito institucional, a ci\u00eancia da grandeza que \u00e9 o Flamengo \u2013 porque jogar com o Flamengo \u00e9 sempre dific\u00edlimo. E as disputas ficam dentro do campo, coincidentemente, as duas equipes chegam com a mesma pontua\u00e7\u00e3o para o jogo de amanh\u00e3, o que d\u00e1 um ingrediente ainda melhor. E sempre muito respeito pelo Flamengo, pelo seu presidente e pela sua torcida.<\/em><\/strong><\/p>\n\n\n\n<div class=\"wp-block-image\"><figure class=\"aligncenter size-large\"><img decoding=\"async\" src=\"https:\/\/www.flaresenha.com\/wp-content\/uploads\/2021\/10\/20211009155213-cats.webp\" alt=\"\"\/><figcaption>Presidente do Fortaleza<\/figcaption><\/figure><\/div>\n\n\n\n<p>Outro ponto bastante debatido em f\u00f3runs \u00e9 sobre a conquista de torcedores no Nordeste, regi\u00e3o reconhecidamente dominada por torcedores de clubes de outros estados, em especial do Flamengo. Em 2019, ano pr\u00e9-pandemia, coincidentemente Flamengo e Fortaleza terminaram a competi\u00e7\u00e3o com a maior m\u00e9dia de p\u00fablico; 55.025 e 32.999, respectivamente.<\/p>\n\n\n\n<p>\u2014 <strong><em>O Fortaleza \u00e9 uma marca regional, mas que vem come\u00e7ando a ter torcedores tamb\u00e9m fora do nosso estado. E eu acho que essa conquista dos torcedores que s\u00e3o do nosso estado e torcem para times de S\u00e3o Paulo e do Rio \u00e9 natural. N\u00e3o pode ser for\u00e7ado: \u2018Voc\u00ea tem que torcer para um time daqui\u2019. Eu acho que \u00e9 o trabalho, o dia-a-dia, a proximidade, a possibilidade de ir para o jogo, de estar mais perto do clube em diversas campanhas e a\u00e7\u00f5es. Isso faz com que, naturalmente, esse torcedor migre e passe a torcer pelo Fortaleza<\/em><\/strong>, explica.<\/p>\n\n\n\n<p>Neste ano, o Fortaleza levantou pela terceira vez seguida a ta\u00e7a do Campeonato Estadual neste ano, ao bater o rival Cear\u00e1 na decis\u00e3o, e sacramentou mais um momento de solidez e equil\u00edbrio entre as for\u00e7as do futebol nordestino no cen\u00e1rio nacional.<\/p>\n\n\n\n<p>J\u00e1 sob a gest\u00e3o do atual presidente Marcelo Paz, o clube deixou a S\u00e9rie C em 2017 depois de oito anos, e desde ent\u00e3o, vem acumulando conquistas dentro e fora dos gramados. Assim que assumiu o cargo, h\u00e1 quatro anos, o mandat\u00e1rio profissionalizou departamentos internos, organizou as finan\u00e7as do Fortaleza e colocou o time de volta nas principais competi\u00e7\u00f5es do futebol brasileiro. Tudo isso, \u00e9 claro, com a contribui\u00e7\u00e3o dos profissionais de diferentes \u00e1reas do clube.<\/p>\n\n\n\n<p>Nos \u00faltimos dois anos, o Tricolor de A\u00e7o conquistou o t\u00edtulo da S\u00e9rie B em 2018, a Copa do Nordeste em 2019 e agora o tricampeonato estadual (2019\/20\/21). Al\u00e9m disso alcan\u00e7ou, tamb\u00e9m em 2019, a segunda melhor campanha de uma equipe nordestina no Brasileir\u00e3o, considerando o atual formato, disputado desde 2006. Na ocasi\u00e3o, terminou em 9\u00ba lugar na tabela e 53 pontos, posi\u00e7\u00e3o que garantiu uma in\u00e9dita participa\u00e7\u00e3o na Copa Sul-Americana.<\/p>\n\n\n\n<p>Retirado de: O Dia<\/p>\n","protected":false},"excerpt":{"rendered":"<p>O Fortaleza encara o Flamengo neste s\u00e1bado, \u00e0s 19h, no Castel\u00e3o, exatamente com o mesmo n\u00famero de pontos: 39 cada um. Se as \u00faltimas boas campanhas do rubro-negro carioca n\u00e3o surpreendem mais, afinal, o time \u00e9 o atual bicampe\u00e3o nacional, a temporada do Le\u00e3o do Pici chama a aten\u00e7\u00e3o por ser uma das melhores do [&hellip;]<\/p>\n","protected":false},"author":1,"featured_media":41279,"comment_status":"open","ping_status":"closed","sticky":false,"template":"","format":"standard","meta":{"footnotes":""},"categories":[1],"tags":[],"class_list":["post-69676","post","type-post","status-publish","format-standard","has-post-thumbnail","hentry","category-flamengo"],"yoast_head":"<!-- This site is optimized with the Yoast SEO Premium plugin v24.2 (Yoast SEO v26.9) - https:\/\/yoast.com\/product\/yoast-seo-premium-wordpress\/ -->\n<title>Presidente do Fortaleza elogia trabalho de gest\u00e3o do Flamengo<\/title>\n<meta name=\"robots\" content=\"index, follow, max-snippet:-1, max-image-preview:large, max-video-preview:-1\" \/>\n<link rel=\"canonical\" href=\"https:\/\/www.gaveanews.com\/index.php\/2021\/10\/09\/presidente-do-fortaleza-elogia-trabalho-de-gestao-do-flamengo\/\" \/>\n<meta property=\"og:locale\" content=\"pt_BR\" \/>\n<meta property=\"og:type\" content=\"article\" \/>\n<meta property=\"og:title\" content=\"Presidente do Fortaleza elogia trabalho de gest\u00e3o do Flamengo\" \/>\n<meta property=\"og:description\" content=\"O Fortaleza encara o Flamengo neste s\u00e1bado, \u00e0s 19h, no Castel\u00e3o, exatamente com o mesmo n\u00famero de pontos: 39 cada um. Se as \u00faltimas boas campanhas do rubro-negro carioca n\u00e3o surpreendem mais, afinal, o time \u00e9 o atual bicampe\u00e3o nacional, a temporada do Le\u00e3o do Pici chama a aten\u00e7\u00e3o por ser uma das melhores do [&hellip;]\" \/>\n<meta property=\"og:url\" content=\"https:\/\/www.gaveanews.com\/index.php\/2021\/10\/09\/presidente-do-fortaleza-elogia-trabalho-de-gestao-do-flamengo\/\" \/>\n<meta property=\"og:site_name\" content=\"G\u00e1vea News\" \/>\n<meta property=\"article:publisher\" content=\"https:\/\/facebook.com\/gaveaNews\/\" \/>\n<meta property=\"article:published_time\" content=\"2021-10-09T21:04:38+00:00\" \/>\n<meta property=\"article:modified_time\" content=\"2021-10-09T21:07:48+00:00\" \/>\n<meta property=\"og:image\" content=\"https:\/\/www.gaveanews.com\/wp-content\/uploads\/Reinaldo-Belotti-esquerda-Rodolfo-Landim-centro-e-Rodrigo-Dunshee-de-Abranches-direita.webp\" \/>\n\t<meta property=\"og:image:width\" content=\"1920\" \/>\n\t<meta property=\"og:image:height\" content=\"1277\" \/>\n\t<meta property=\"og:image:type\" content=\"image\/jpeg\" \/>\n<meta name=\"author\" content=\"Equipe G\u00e1vea News\" \/>\n<meta name=\"twitter:card\" content=\"summary_large_image\" \/>\n<meta name=\"twitter:label1\" content=\"Escrito por\" \/>\n\t<meta name=\"twitter:data1\" content=\"Equipe G\u00e1vea News\" \/>\n\t<meta name=\"twitter:label2\" content=\"Est. tempo de leitura\" \/>\n\t<meta name=\"twitter:data2\" content=\"4 minutos\" \/>\n<script type=\"application\/ld+json\" class=\"yoast-schema-graph\">{\"@context\":\"https:\/\/schema.org\",\"@graph\":[{\"@type\":\"NewsArticle\",\"@id\":\"https:\/\/www.gaveanews.com\/index.php\/2021\/10\/09\/presidente-do-fortaleza-elogia-trabalho-de-gestao-do-flamengo\/#article\",\"isPartOf\":{\"@id\":\"https:\/\/www.gaveanews.com\/index.php\/2021\/10\/09\/presidente-do-fortaleza-elogia-trabalho-de-gestao-do-flamengo\/\"},\"author\":{\"name\":\"Equipe G\u00e1vea News\",\"@id\":\"https:\/\/www.gaveanews.com\/#\/schema\/person\/2ec14f73fb96be2caf28f91afb14749d\"},\"headline\":\"Presidente do Fortaleza elogia trabalho de gest\u00e3o do Flamengo\",\"datePublished\":\"2021-10-09T21:04:38+00:00\",\"dateModified\":\"2021-10-09T21:07:48+00:00\",\"mainEntityOfPage\":{\"@id\":\"https:\/\/www.gaveanews.com\/index.php\/2021\/10\/09\/presidente-do-fortaleza-elogia-trabalho-de-gestao-do-flamengo\/\"},\"wordCount\":826,\"commentCount\":3,\"image\":{\"@id\":\"https:\/\/www.gaveanews.com\/index.php\/2021\/10\/09\/presidente-do-fortaleza-elogia-trabalho-de-gestao-do-flamengo\/#primaryimage\"},\"thumbnailUrl\":\"https:\/\/www.gaveanews.com\/wp-content\/uploads\/Reinaldo-Belotti-esquerda-Rodolfo-Landim-centro-e-Rodrigo-Dunshee-de-Abranches-direita.webp\",\"articleSection\":[\"Flamengo\"],\"inLanguage\":\"pt-BR\",\"potentialAction\":[{\"@type\":\"CommentAction\",\"name\":\"Comment\",\"target\":[\"https:\/\/www.gaveanews.com\/index.php\/2021\/10\/09\/presidente-do-fortaleza-elogia-trabalho-de-gestao-do-flamengo\/#respond\"]}],\"copyrightYear\":\"2021\",\"copyrightHolder\":{\"@id\":\"https:\/\/www.gaveanews.com\/#organization\"}},{\"@type\":\"WebPage\",\"@id\":\"https:\/\/www.gaveanews.com\/index.php\/2021\/10\/09\/presidente-do-fortaleza-elogia-trabalho-de-gestao-do-flamengo\/\",\"url\":\"https:\/\/www.gaveanews.com\/index.php\/2021\/10\/09\/presidente-do-fortaleza-elogia-trabalho-de-gestao-do-flamengo\/\",\"name\":\"Presidente do Fortaleza elogia trabalho de gest\u00e3o do Flamengo\",\"isPartOf\":{\"@id\":\"https:\/\/www.gaveanews.com\/#website\"},\"primaryImageOfPage\":{\"@id\":\"https:\/\/www.gaveanews.com\/index.php\/2021\/10\/09\/presidente-do-fortaleza-elogia-trabalho-de-gestao-do-flamengo\/#primaryimage\"},\"image\":{\"@id\":\"https:\/\/www.gaveanews.com\/index.php\/2021\/10\/09\/presidente-do-fortaleza-elogia-trabalho-de-gestao-do-flamengo\/#primaryimage\"},\"thumbnailUrl\":\"https:\/\/www.gaveanews.com\/wp-content\/uploads\/Reinaldo-Belotti-esquerda-Rodolfo-Landim-centro-e-Rodrigo-Dunshee-de-Abranches-direita.webp\",\"datePublished\":\"2021-10-09T21:04:38+00:00\",\"dateModified\":\"2021-10-09T21:07:48+00:00\",\"author\":{\"@id\":\"https:\/\/www.gaveanews.com\/#\/schema\/person\/2ec14f73fb96be2caf28f91afb14749d\"},\"breadcrumb\":{\"@id\":\"https:\/\/www.gaveanews.com\/index.php\/2021\/10\/09\/presidente-do-fortaleza-elogia-trabalho-de-gestao-do-flamengo\/#breadcrumb\"},\"inLanguage\":\"pt-BR\",\"potentialAction\":[{\"@type\":\"ReadAction\",\"target\":[\"https:\/\/www.gaveanews.com\/index.php\/2021\/10\/09\/presidente-do-fortaleza-elogia-trabalho-de-gestao-do-flamengo\/\"]}]},{\"@type\":\"ImageObject\",\"inLanguage\":\"pt-BR\",\"@id\":\"https:\/\/www.gaveanews.com\/index.php\/2021\/10\/09\/presidente-do-fortaleza-elogia-trabalho-de-gestao-do-flamengo\/#primaryimage\",\"url\":\"https:\/\/www.gaveanews.com\/wp-content\/uploads\/Reinaldo-Belotti-esquerda-Rodolfo-Landim-centro-e-Rodrigo-Dunshee-de-Abranches-direita.webp\",\"contentUrl\":\"https:\/\/www.gaveanews.com\/wp-content\/uploads\/Reinaldo-Belotti-esquerda-Rodolfo-Landim-centro-e-Rodrigo-Dunshee-de-Abranches-direita.webp\",\"width\":1920,\"height\":1277,\"caption\":\"Reinaldo Belotti (esquerda), Rodolfo Landim (centro) e Rodrigo Dunshee de Abranches (direita) (Foto: Marcelo Cortes\/Flamengo)\"},{\"@type\":\"BreadcrumbList\",\"@id\":\"https:\/\/www.gaveanews.com\/index.php\/2021\/10\/09\/presidente-do-fortaleza-elogia-trabalho-de-gestao-do-flamengo\/#breadcrumb\",\"itemListElement\":[{\"@type\":\"ListItem\",\"position\":1,\"name\":\"Home\",\"item\":\"https:\/\/www.gaveanews.com\/\"},{\"@type\":\"ListItem\",\"position\":2,\"name\":\"Presidente do Fortaleza elogia trabalho de gest\u00e3o do Flamengo\"}]},{\"@type\":\"WebSite\",\"@id\":\"https:\/\/www.gaveanews.com\/#website\",\"url\":\"https:\/\/www.gaveanews.com\/\",\"name\":\"G\u00e1vea News\",\"description\":\"Veja todas as not\u00edcias sobre o Flamengo: Contrata\u00e7\u00f5es, categorias de base, resultados das partidas, tabela de classifica\u00e7\u00e3o, pr\u00f3ximos jogos!\",\"potentialAction\":[{\"@type\":\"SearchAction\",\"target\":{\"@type\":\"EntryPoint\",\"urlTemplate\":\"https:\/\/www.gaveanews.com\/?s={search_term_string}\"},\"query-input\":{\"@type\":\"PropertyValueSpecification\",\"valueRequired\":true,\"valueName\":\"search_term_string\"}}],\"inLanguage\":\"pt-BR\"},{\"@type\":\"Person\",\"@id\":\"https:\/\/www.gaveanews.com\/#\/schema\/person\/2ec14f73fb96be2caf28f91afb14749d\",\"name\":\"Equipe G\u00e1vea News\",\"image\":{\"@type\":\"ImageObject\",\"inLanguage\":\"pt-BR\",\"@id\":\"https:\/\/www.gaveanews.com\/#\/schema\/person\/image\/\",\"url\":\"https:\/\/secure.gravatar.com\/avatar\/1e1956f1facbffd3f8fa53a326721950116b3b9dc9bd44939c01180fd4a745a9?s=96&d=mm&r=g\",\"contentUrl\":\"https:\/\/secure.gravatar.com\/avatar\/1e1956f1facbffd3f8fa53a326721950116b3b9dc9bd44939c01180fd4a745a9?s=96&d=mm&r=g\",\"caption\":\"Equipe G\u00e1vea News\"}}]}<\/script>\n<!-- \/ Yoast SEO Premium plugin. -->","yoast_head_json":{"title":"Presidente do Fortaleza elogia trabalho de gest\u00e3o do Flamengo","robots":{"index":"index","follow":"follow","max-snippet":"max-snippet:-1","max-image-preview":"max-image-preview:large","max-video-preview":"max-video-preview:-1"},"canonical":"https:\/\/www.gaveanews.com\/index.php\/2021\/10\/09\/presidente-do-fortaleza-elogia-trabalho-de-gestao-do-flamengo\/","og_locale":"pt_BR","og_type":"article","og_title":"Presidente do Fortaleza elogia trabalho de gest\u00e3o do Flamengo","og_description":"O Fortaleza encara o Flamengo neste s\u00e1bado, \u00e0s 19h, no Castel\u00e3o, exatamente com o mesmo n\u00famero de pontos: 39 cada um. Se as \u00faltimas boas campanhas do rubro-negro carioca n\u00e3o surpreendem mais, afinal, o time \u00e9 o atual bicampe\u00e3o nacional, a temporada do Le\u00e3o do Pici chama a aten\u00e7\u00e3o por ser uma das melhores do [&hellip;]","og_url":"https:\/\/www.gaveanews.com\/index.php\/2021\/10\/09\/presidente-do-fortaleza-elogia-trabalho-de-gestao-do-flamengo\/","og_site_name":"G\u00e1vea News","article_publisher":"https:\/\/facebook.com\/gaveaNews\/","article_published_time":"2021-10-09T21:04:38+00:00","article_modified_time":"2021-10-09T21:07:48+00:00","og_image":[{"width":1920,"height":1277,"url":"https:\/\/www.gaveanews.com\/wp-content\/uploads\/Reinaldo-Belotti-esquerda-Rodolfo-Landim-centro-e-Rodrigo-Dunshee-de-Abranches-direita.webp","type":"image\/jpeg"}],"author":"Equipe G\u00e1vea News","twitter_card":"summary_large_image","twitter_misc":{"Escrito por":"Equipe G\u00e1vea News","Est. tempo de leitura":"4 minutos"},"schema":{"@context":"https:\/\/schema.org","@graph":[{"@type":"NewsArticle","@id":"https:\/\/www.gaveanews.com\/index.php\/2021\/10\/09\/presidente-do-fortaleza-elogia-trabalho-de-gestao-do-flamengo\/#article","isPartOf":{"@id":"https:\/\/www.gaveanews.com\/index.php\/2021\/10\/09\/presidente-do-fortaleza-elogia-trabalho-de-gestao-do-flamengo\/"},"author":{"name":"Equipe G\u00e1vea News","@id":"https:\/\/www.gaveanews.com\/#\/schema\/person\/2ec14f73fb96be2caf28f91afb14749d"},"headline":"Presidente do Fortaleza elogia trabalho de gest\u00e3o do Flamengo","datePublished":"2021-10-09T21:04:38+00:00","dateModified":"2021-10-09T21:07:48+00:00","mainEntityOfPage":{"@id":"https:\/\/www.gaveanews.com\/index.php\/2021\/10\/09\/presidente-do-fortaleza-elogia-trabalho-de-gestao-do-flamengo\/"},"wordCount":826,"commentCount":3,"image":{"@id":"https:\/\/www.gaveanews.com\/index.php\/2021\/10\/09\/presidente-do-fortaleza-elogia-trabalho-de-gestao-do-flamengo\/#primaryimage"},"thumbnailUrl":"https:\/\/www.gaveanews.com\/wp-content\/uploads\/Reinaldo-Belotti-esquerda-Rodolfo-Landim-centro-e-Rodrigo-Dunshee-de-Abranches-direita.webp","articleSection":["Flamengo"],"inLanguage":"pt-BR","potentialAction":[{"@type":"CommentAction","name":"Comment","target":["https:\/\/www.gaveanews.com\/index.php\/2021\/10\/09\/presidente-do-fortaleza-elogia-trabalho-de-gestao-do-flamengo\/#respond"]}],"copyrightYear":"2021","copyrightHolder":{"@id":"https:\/\/www.gaveanews.com\/#organization"}},{"@type":"WebPage","@id":"https:\/\/www.gaveanews.com\/index.php\/2021\/10\/09\/presidente-do-fortaleza-elogia-trabalho-de-gestao-do-flamengo\/","url":"https:\/\/www.gaveanews.com\/index.php\/2021\/10\/09\/presidente-do-fortaleza-elogia-trabalho-de-gestao-do-flamengo\/","name":"Presidente do Fortaleza elogia trabalho de gest\u00e3o do Flamengo","isPartOf":{"@id":"https:\/\/www.gaveanews.com\/#website"},"primaryImageOfPage":{"@id":"https:\/\/www.gaveanews.com\/index.php\/2021\/10\/09\/presidente-do-fortaleza-elogia-trabalho-de-gestao-do-flamengo\/#primaryimage"},"image":{"@id":"https:\/\/www.gaveanews.com\/index.php\/2021\/10\/09\/presidente-do-fortaleza-elogia-trabalho-de-gestao-do-flamengo\/#primaryimage"},"thumbnailUrl":"https:\/\/www.gaveanews.com\/wp-content\/uploads\/Reinaldo-Belotti-esquerda-Rodolfo-Landim-centro-e-Rodrigo-Dunshee-de-Abranches-direita.webp","datePublished":"2021-10-09T21:04:38+00:00","dateModified":"2021-10-09T21:07:48+00:00","author":{"@id":"https:\/\/www.gaveanews.com\/#\/schema\/person\/2ec14f73fb96be2caf28f91afb14749d"},"breadcrumb":{"@id":"https:\/\/www.gaveanews.com\/index.php\/2021\/10\/09\/presidente-do-fortaleza-elogia-trabalho-de-gestao-do-flamengo\/#breadcrumb"},"inLanguage":"pt-BR","potentialAction":[{"@type":"ReadAction","target":["https:\/\/www.gaveanews.com\/index.php\/2021\/10\/09\/presidente-do-fortaleza-elogia-trabalho-de-gestao-do-flamengo\/"]}]},{"@type":"ImageObject","inLanguage":"pt-BR","@id":"https:\/\/www.gaveanews.com\/index.php\/2021\/10\/09\/presidente-do-fortaleza-elogia-trabalho-de-gestao-do-flamengo\/#primaryimage","url":"https:\/\/www.gaveanews.com\/wp-content\/uploads\/Reinaldo-Belotti-esquerda-Rodolfo-Landim-centro-e-Rodrigo-Dunshee-de-Abranches-direita.webp","contentUrl":"https:\/\/www.gaveanews.com\/wp-content\/uploads\/Reinaldo-Belotti-esquerda-Rodolfo-Landim-centro-e-Rodrigo-Dunshee-de-Abranches-direita.webp","width":1920,"height":1277,"caption":"Reinaldo Belotti (esquerda), Rodolfo Landim (centro) e Rodrigo Dunshee de Abranches (direita) (Foto: Marcelo Cortes\/Flamengo)"},{"@type":"BreadcrumbList","@id":"https:\/\/www.gaveanews.com\/index.php\/2021\/10\/09\/presidente-do-fortaleza-elogia-trabalho-de-gestao-do-flamengo\/#breadcrumb","itemListElement":[{"@type":"ListItem","position":1,"name":"Home","item":"https:\/\/www.gaveanews.com\/"},{"@type":"ListItem","position":2,"name":"Presidente do Fortaleza elogia trabalho de gest\u00e3o do Flamengo"}]},{"@type":"WebSite","@id":"https:\/\/www.gaveanews.com\/#website","url":"https:\/\/www.gaveanews.com\/","name":"G\u00e1vea News","description":"Veja todas as not\u00edcias sobre o Flamengo: Contrata\u00e7\u00f5es, categorias de base, resultados das partidas, tabela de classifica\u00e7\u00e3o, pr\u00f3ximos jogos!","potentialAction":[{"@type":"SearchAction","target":{"@type":"EntryPoint","urlTemplate":"https:\/\/www.gaveanews.com\/?s={search_term_string}"},"query-input":{"@type":"PropertyValueSpecification","valueRequired":true,"valueName":"search_term_string"}}],"inLanguage":"pt-BR"},{"@type":"Person","@id":"https:\/\/www.gaveanews.com\/#\/schema\/person\/2ec14f73fb96be2caf28f91afb14749d","name":"Equipe G\u00e1vea News","image":{"@type":"ImageObject","inLanguage":"pt-BR","@id":"https:\/\/www.gaveanews.com\/#\/schema\/person\/image\/","url":"https:\/\/secure.gravatar.com\/avatar\/1e1956f1facbffd3f8fa53a326721950116b3b9dc9bd44939c01180fd4a745a9?s=96&d=mm&r=g","contentUrl":"https:\/\/secure.gravatar.com\/avatar\/1e1956f1facbffd3f8fa53a326721950116b3b9dc9bd44939c01180fd4a745a9?s=96&d=mm&r=g","caption":"Equipe G\u00e1vea News"}}]}},"_links":{"self":[{"href":"https:\/\/www.gaveanews.com\/index.php\/wp-json\/wp\/v2\/posts\/69676","targetHints":{"allow":["GET"]}}],"collection":[{"href":"https:\/\/www.gaveanews.com\/index.php\/wp-json\/wp\/v2\/posts"}],"about":[{"href":"https:\/\/www.gaveanews.com\/index.php\/wp-json\/wp\/v2\/types\/post"}],"author":[{"embeddable":true,"href":"https:\/\/www.gaveanews.com\/index.php\/wp-json\/wp\/v2\/users\/1"}],"replies":[{"embeddable":true,"href":"https:\/\/www.gaveanews.com\/index.php\/wp-json\/wp\/v2\/comments?post=69676"}],"version-history":[{"count":0,"href":"https:\/\/www.gaveanews.com\/index.php\/wp-json\/wp\/v2\/posts\/69676\/revisions"}],"wp:featuredmedia":[{"embeddable":true,"href":"https:\/\/www.gaveanews.com\/index.php\/wp-json\/wp\/v2\/media\/41279"}],"wp:attachment":[{"href":"https:\/\/www.gaveanews.com\/index.php\/wp-json\/wp\/v2\/media?parent=69676"}],"wp:term":[{"taxonomy":"category","embeddable":true,"href":"https:\/\/www.gaveanews.com\/index.php\/wp-json\/wp\/v2\/categories?post=69676"},{"taxonomy":"post_tag","embeddable":true,"href":"https:\/\/www.gaveanews.com\/index.php\/wp-json\/wp\/v2\/tags?post=69676"}],"curies":[{"name":"wp","href":"https:\/\/api.w.org\/{rel}","templated":true}]}}