{"id":69758,"date":"2021-10-11T09:26:26","date_gmt":"2021-10-11T12:26:26","guid":{"rendered":"https:\/\/www.gaveanews.com\/?p=69758"},"modified":"2021-10-11T09:26:29","modified_gmt":"2021-10-11T12:26:29","slug":"flamengo-tera-defensor-em-prova-dos-9-para-carimbar-merecimento-como-titular","status":"publish","type":"post","link":"https:\/\/www.gaveanews.com\/index.php\/2021\/10\/11\/flamengo-tera-defensor-em-prova-dos-9-para-carimbar-merecimento-como-titular\/","title":{"rendered":"Flamengo ter\u00e1 defensor em \u2018prova dos 9\u2019 para carimbar merecimento como titular"},"content":{"rendered":"\n<p>Um dos assuntos em voga h\u00e1 meses sobre o Flamengo tem Isla e Matheuzinho como protagonistas. A lateral direita tem o chileno como o dono da posi\u00e7\u00e3o, mas atua\u00e7\u00f5es aqu\u00e9m das expectativas fizeram a prata da casa virar um apelo quase un\u00e2nime da torcida (levando em conta o barulho nas redes sociais) quanto \u00e0 titularidade. E o camisa 34 pode tirar \u201cprova dos 9\u201d contra o Juventude, nesta quarta-feira, e carimbar tal merecimento.<\/p>\n\n\n\n<p>Isso porque, com Isla a servi\u00e7o da sele\u00e7\u00e3o chilena, Matheuzinho jogou os dois \u00faltimos jogos e oscilou. No empate com o Red Bull Bragantino, em 1 a 1, falhou em sa\u00edda de bola, que culminou num gola\u00e7o de Artur, e comprometeu diretamente no trope\u00e7o da equipe. J\u00e1 no \u00faltimo jogo, na vit\u00f3ria sobre o Fortaleza, voltou a apresentar um rendimento de destaque e deu uma bela assist\u00eancia para o terceiro gol &#8211; o Flamengo venceu por 3 a 0.<\/p>\n\n\n\n<p>Matheuzinho, ali\u00e1s, chegou a oito assist\u00eancias na temporada e passou a ser o terceiro jogador do Flamengo com mais passes para gol. O jovem agora s\u00f3 fica atr\u00e1s de Arrascaeta e Vitinho, que t\u00eam 13 cada.<\/p>\n\n\n\n<p>Portanto, d\u00e1 para dizer que, nessa Data Fifa, Matheuzinho est\u00e1 com o saldo neutro, j\u00e1 que provocou rea\u00e7\u00f5es extremas nos dois \u00faltimos jogos, e agora ter\u00e1 a oportunidade de, diante da torcida, no Maracan\u00e3, tirar a &#8220;prova dos 9&#8221;, arrebentar, ser ovacionado e mostrar para o Renato Ga\u00facho que os pedidos da Na\u00e7\u00e3o pela titularidade n\u00e3o s\u00e3o em v\u00e3o.<\/p>\n\n\n\n<p>Em tempo: o Flamengo receber\u00e1 o Juventude \u00e0s 19h desta quarta-feira, pela 26\u00aa rodada do Brasileir\u00e3o. O time de Portaluppi soma 42 pontos, 11 a menos em rela\u00e7\u00e3o ao Atl\u00e9tico-MG, l\u00edder da competi\u00e7\u00e3o e com dois jogos a mais.<\/p>\n\n\n\n<p>Retirado de: Lance<\/p>\n","protected":false},"excerpt":{"rendered":"<p>Um dos assuntos em voga h\u00e1 meses sobre o Flamengo tem Isla e Matheuzinho como protagonistas. A lateral direita tem o chileno como o dono da posi\u00e7\u00e3o, mas atua\u00e7\u00f5es aqu\u00e9m das expectativas fizeram a prata da casa virar um apelo quase un\u00e2nime da torcida (levando em conta o barulho nas redes sociais) quanto \u00e0 titularidade. [&hellip;]<\/p>\n","protected":false},"author":1,"featured_media":67392,"comment_status":"open","ping_status":"closed","sticky":false,"template":"","format":"standard","meta":{"footnotes":""},"categories":[1],"tags":[],"class_list":["post-69758","post","type-post","status-publish","format-standard","has-post-thumbnail","hentry","category-flamengo"],"yoast_head":"<!-- This site is optimized with the Yoast SEO Premium plugin v24.2 (Yoast SEO v26.9) - https:\/\/yoast.com\/product\/yoast-seo-premium-wordpress\/ -->\n<title>Flamengo ter\u00e1 defensor em \u2018prova dos 9\u2019 para carimbar merecimento como titular<\/title>\n<meta name=\"robots\" content=\"index, follow, max-snippet:-1, max-image-preview:large, max-video-preview:-1\" \/>\n<link rel=\"canonical\" href=\"https:\/\/www.gaveanews.com\/index.php\/2021\/10\/11\/flamengo-tera-defensor-em-prova-dos-9-para-carimbar-merecimento-como-titular\/\" \/>\n<meta property=\"og:locale\" content=\"pt_BR\" \/>\n<meta property=\"og:type\" content=\"article\" \/>\n<meta property=\"og:title\" content=\"Flamengo ter\u00e1 defensor em \u2018prova dos 9\u2019 para carimbar merecimento como titular\" \/>\n<meta property=\"og:description\" content=\"Um dos assuntos em voga h\u00e1 meses sobre o Flamengo tem Isla e Matheuzinho como protagonistas. A lateral direita tem o chileno como o dono da posi\u00e7\u00e3o, mas atua\u00e7\u00f5es aqu\u00e9m das expectativas fizeram a prata da casa virar um apelo quase un\u00e2nime da torcida (levando em conta o barulho nas redes sociais) quanto \u00e0 titularidade. [&hellip;]\" \/>\n<meta property=\"og:url\" content=\"https:\/\/www.gaveanews.com\/index.php\/2021\/10\/11\/flamengo-tera-defensor-em-prova-dos-9-para-carimbar-merecimento-como-titular\/\" \/>\n<meta property=\"og:site_name\" content=\"G\u00e1vea News\" \/>\n<meta property=\"article:publisher\" content=\"https:\/\/facebook.com\/gaveaNews\/\" \/>\n<meta property=\"article:published_time\" content=\"2021-10-11T12:26:26+00:00\" \/>\n<meta property=\"article:modified_time\" content=\"2021-10-11T12:26:29+00:00\" \/>\n<meta property=\"og:image\" content=\"https:\/\/www.gaveanews.com\/wp-content\/uploads\/Matheuzinho-em-acao-pelo-Flamengo-contra-o-Santos-no-Campeoanto-Brasileiro-2021.webp\" \/>\n\t<meta property=\"og:image:width\" content=\"799\" \/>\n\t<meta property=\"og:image:height\" content=\"533\" \/>\n\t<meta property=\"og:image:type\" content=\"image\/jpeg\" \/>\n<meta name=\"author\" content=\"Equipe G\u00e1vea News\" \/>\n<meta name=\"twitter:card\" content=\"summary_large_image\" \/>\n<meta name=\"twitter:label1\" content=\"Escrito por\" \/>\n\t<meta name=\"twitter:data1\" content=\"Equipe G\u00e1vea News\" \/>\n\t<meta name=\"twitter:label2\" content=\"Est. tempo de leitura\" \/>\n\t<meta name=\"twitter:data2\" content=\"2 minutos\" \/>\n<script type=\"application\/ld+json\" class=\"yoast-schema-graph\">{\"@context\":\"https:\/\/schema.org\",\"@graph\":[{\"@type\":\"NewsArticle\",\"@id\":\"https:\/\/www.gaveanews.com\/index.php\/2021\/10\/11\/flamengo-tera-defensor-em-prova-dos-9-para-carimbar-merecimento-como-titular\/#article\",\"isPartOf\":{\"@id\":\"https:\/\/www.gaveanews.com\/index.php\/2021\/10\/11\/flamengo-tera-defensor-em-prova-dos-9-para-carimbar-merecimento-como-titular\/\"},\"author\":{\"name\":\"Equipe G\u00e1vea News\",\"@id\":\"https:\/\/www.gaveanews.com\/#\/schema\/person\/2ec14f73fb96be2caf28f91afb14749d\"},\"headline\":\"Flamengo ter\u00e1 defensor em \u2018prova dos 9\u2019 para carimbar merecimento como titular\",\"datePublished\":\"2021-10-11T12:26:26+00:00\",\"dateModified\":\"2021-10-11T12:26:29+00:00\",\"mainEntityOfPage\":{\"@id\":\"https:\/\/www.gaveanews.com\/index.php\/2021\/10\/11\/flamengo-tera-defensor-em-prova-dos-9-para-carimbar-merecimento-como-titular\/\"},\"wordCount\":314,\"commentCount\":21,\"image\":{\"@id\":\"https:\/\/www.gaveanews.com\/index.php\/2021\/10\/11\/flamengo-tera-defensor-em-prova-dos-9-para-carimbar-merecimento-como-titular\/#primaryimage\"},\"thumbnailUrl\":\"https:\/\/www.gaveanews.com\/wp-content\/uploads\/Matheuzinho-em-acao-pelo-Flamengo-contra-o-Santos-no-Campeoanto-Brasileiro-2021.webp\",\"articleSection\":[\"Flamengo\"],\"inLanguage\":\"pt-BR\",\"potentialAction\":[{\"@type\":\"CommentAction\",\"name\":\"Comment\",\"target\":[\"https:\/\/www.gaveanews.com\/index.php\/2021\/10\/11\/flamengo-tera-defensor-em-prova-dos-9-para-carimbar-merecimento-como-titular\/#respond\"]}],\"copyrightYear\":\"2021\",\"copyrightHolder\":{\"@id\":\"https:\/\/www.gaveanews.com\/#organization\"}},{\"@type\":\"WebPage\",\"@id\":\"https:\/\/www.gaveanews.com\/index.php\/2021\/10\/11\/flamengo-tera-defensor-em-prova-dos-9-para-carimbar-merecimento-como-titular\/\",\"url\":\"https:\/\/www.gaveanews.com\/index.php\/2021\/10\/11\/flamengo-tera-defensor-em-prova-dos-9-para-carimbar-merecimento-como-titular\/\",\"name\":\"Flamengo ter\u00e1 defensor em \u2018prova dos 9\u2019 para carimbar merecimento como titular\",\"isPartOf\":{\"@id\":\"https:\/\/www.gaveanews.com\/#website\"},\"primaryImageOfPage\":{\"@id\":\"https:\/\/www.gaveanews.com\/index.php\/2021\/10\/11\/flamengo-tera-defensor-em-prova-dos-9-para-carimbar-merecimento-como-titular\/#primaryimage\"},\"image\":{\"@id\":\"https:\/\/www.gaveanews.com\/index.php\/2021\/10\/11\/flamengo-tera-defensor-em-prova-dos-9-para-carimbar-merecimento-como-titular\/#primaryimage\"},\"thumbnailUrl\":\"https:\/\/www.gaveanews.com\/wp-content\/uploads\/Matheuzinho-em-acao-pelo-Flamengo-contra-o-Santos-no-Campeoanto-Brasileiro-2021.webp\",\"datePublished\":\"2021-10-11T12:26:26+00:00\",\"dateModified\":\"2021-10-11T12:26:29+00:00\",\"author\":{\"@id\":\"https:\/\/www.gaveanews.com\/#\/schema\/person\/2ec14f73fb96be2caf28f91afb14749d\"},\"breadcrumb\":{\"@id\":\"https:\/\/www.gaveanews.com\/index.php\/2021\/10\/11\/flamengo-tera-defensor-em-prova-dos-9-para-carimbar-merecimento-como-titular\/#breadcrumb\"},\"inLanguage\":\"pt-BR\",\"potentialAction\":[{\"@type\":\"ReadAction\",\"target\":[\"https:\/\/www.gaveanews.com\/index.php\/2021\/10\/11\/flamengo-tera-defensor-em-prova-dos-9-para-carimbar-merecimento-como-titular\/\"]}]},{\"@type\":\"ImageObject\",\"inLanguage\":\"pt-BR\",\"@id\":\"https:\/\/www.gaveanews.com\/index.php\/2021\/10\/11\/flamengo-tera-defensor-em-prova-dos-9-para-carimbar-merecimento-como-titular\/#primaryimage\",\"url\":\"https:\/\/www.gaveanews.com\/wp-content\/uploads\/Matheuzinho-em-acao-pelo-Flamengo-contra-o-Santos-no-Campeoanto-Brasileiro-2021.webp\",\"contentUrl\":\"https:\/\/www.gaveanews.com\/wp-content\/uploads\/Matheuzinho-em-acao-pelo-Flamengo-contra-o-Santos-no-Campeoanto-Brasileiro-2021.webp\",\"width\":799,\"height\":533,\"caption\":\"Matheuzinho em a\u00e7\u00e3o pelo Flamengo contra o Santos no Campeonato Brasileiro 2021 (Foto: Alexandre Vidal\/Flamengo)\"},{\"@type\":\"BreadcrumbList\",\"@id\":\"https:\/\/www.gaveanews.com\/index.php\/2021\/10\/11\/flamengo-tera-defensor-em-prova-dos-9-para-carimbar-merecimento-como-titular\/#breadcrumb\",\"itemListElement\":[{\"@type\":\"ListItem\",\"position\":1,\"name\":\"Home\",\"item\":\"https:\/\/www.gaveanews.com\/\"},{\"@type\":\"ListItem\",\"position\":2,\"name\":\"Flamengo ter\u00e1 defensor em \u2018prova dos 9\u2019 para carimbar merecimento como titular\"}]},{\"@type\":\"WebSite\",\"@id\":\"https:\/\/www.gaveanews.com\/#website\",\"url\":\"https:\/\/www.gaveanews.com\/\",\"name\":\"G\u00e1vea News\",\"description\":\"Veja todas as not\u00edcias sobre o Flamengo: Contrata\u00e7\u00f5es, categorias de base, resultados das partidas, tabela de classifica\u00e7\u00e3o, pr\u00f3ximos jogos!\",\"potentialAction\":[{\"@type\":\"SearchAction\",\"target\":{\"@type\":\"EntryPoint\",\"urlTemplate\":\"https:\/\/www.gaveanews.com\/?s={search_term_string}\"},\"query-input\":{\"@type\":\"PropertyValueSpecification\",\"valueRequired\":true,\"valueName\":\"search_term_string\"}}],\"inLanguage\":\"pt-BR\"},{\"@type\":\"Person\",\"@id\":\"https:\/\/www.gaveanews.com\/#\/schema\/person\/2ec14f73fb96be2caf28f91afb14749d\",\"name\":\"Equipe G\u00e1vea News\",\"image\":{\"@type\":\"ImageObject\",\"inLanguage\":\"pt-BR\",\"@id\":\"https:\/\/www.gaveanews.com\/#\/schema\/person\/image\/\",\"url\":\"https:\/\/secure.gravatar.com\/avatar\/1e1956f1facbffd3f8fa53a326721950116b3b9dc9bd44939c01180fd4a745a9?s=96&d=mm&r=g\",\"contentUrl\":\"https:\/\/secure.gravatar.com\/avatar\/1e1956f1facbffd3f8fa53a326721950116b3b9dc9bd44939c01180fd4a745a9?s=96&d=mm&r=g\",\"caption\":\"Equipe G\u00e1vea News\"}}]}<\/script>\n<!-- \/ Yoast SEO Premium plugin. -->","yoast_head_json":{"title":"Flamengo ter\u00e1 defensor em \u2018prova dos 9\u2019 para carimbar merecimento como titular","robots":{"index":"index","follow":"follow","max-snippet":"max-snippet:-1","max-image-preview":"max-image-preview:large","max-video-preview":"max-video-preview:-1"},"canonical":"https:\/\/www.gaveanews.com\/index.php\/2021\/10\/11\/flamengo-tera-defensor-em-prova-dos-9-para-carimbar-merecimento-como-titular\/","og_locale":"pt_BR","og_type":"article","og_title":"Flamengo ter\u00e1 defensor em \u2018prova dos 9\u2019 para carimbar merecimento como titular","og_description":"Um dos assuntos em voga h\u00e1 meses sobre o Flamengo tem Isla e Matheuzinho como protagonistas. A lateral direita tem o chileno como o dono da posi\u00e7\u00e3o, mas atua\u00e7\u00f5es aqu\u00e9m das expectativas fizeram a prata da casa virar um apelo quase un\u00e2nime da torcida (levando em conta o barulho nas redes sociais) quanto \u00e0 titularidade. [&hellip;]","og_url":"https:\/\/www.gaveanews.com\/index.php\/2021\/10\/11\/flamengo-tera-defensor-em-prova-dos-9-para-carimbar-merecimento-como-titular\/","og_site_name":"G\u00e1vea News","article_publisher":"https:\/\/facebook.com\/gaveaNews\/","article_published_time":"2021-10-11T12:26:26+00:00","article_modified_time":"2021-10-11T12:26:29+00:00","og_image":[{"width":799,"height":533,"url":"https:\/\/www.gaveanews.com\/wp-content\/uploads\/Matheuzinho-em-acao-pelo-Flamengo-contra-o-Santos-no-Campeoanto-Brasileiro-2021.webp","type":"image\/jpeg"}],"author":"Equipe G\u00e1vea News","twitter_card":"summary_large_image","twitter_misc":{"Escrito por":"Equipe G\u00e1vea News","Est. tempo de leitura":"2 minutos"},"schema":{"@context":"https:\/\/schema.org","@graph":[{"@type":"NewsArticle","@id":"https:\/\/www.gaveanews.com\/index.php\/2021\/10\/11\/flamengo-tera-defensor-em-prova-dos-9-para-carimbar-merecimento-como-titular\/#article","isPartOf":{"@id":"https:\/\/www.gaveanews.com\/index.php\/2021\/10\/11\/flamengo-tera-defensor-em-prova-dos-9-para-carimbar-merecimento-como-titular\/"},"author":{"name":"Equipe G\u00e1vea News","@id":"https:\/\/www.gaveanews.com\/#\/schema\/person\/2ec14f73fb96be2caf28f91afb14749d"},"headline":"Flamengo ter\u00e1 defensor em \u2018prova dos 9\u2019 para carimbar merecimento como titular","datePublished":"2021-10-11T12:26:26+00:00","dateModified":"2021-10-11T12:26:29+00:00","mainEntityOfPage":{"@id":"https:\/\/www.gaveanews.com\/index.php\/2021\/10\/11\/flamengo-tera-defensor-em-prova-dos-9-para-carimbar-merecimento-como-titular\/"},"wordCount":314,"commentCount":21,"image":{"@id":"https:\/\/www.gaveanews.com\/index.php\/2021\/10\/11\/flamengo-tera-defensor-em-prova-dos-9-para-carimbar-merecimento-como-titular\/#primaryimage"},"thumbnailUrl":"https:\/\/www.gaveanews.com\/wp-content\/uploads\/Matheuzinho-em-acao-pelo-Flamengo-contra-o-Santos-no-Campeoanto-Brasileiro-2021.webp","articleSection":["Flamengo"],"inLanguage":"pt-BR","potentialAction":[{"@type":"CommentAction","name":"Comment","target":["https:\/\/www.gaveanews.com\/index.php\/2021\/10\/11\/flamengo-tera-defensor-em-prova-dos-9-para-carimbar-merecimento-como-titular\/#respond"]}],"copyrightYear":"2021","copyrightHolder":{"@id":"https:\/\/www.gaveanews.com\/#organization"}},{"@type":"WebPage","@id":"https:\/\/www.gaveanews.com\/index.php\/2021\/10\/11\/flamengo-tera-defensor-em-prova-dos-9-para-carimbar-merecimento-como-titular\/","url":"https:\/\/www.gaveanews.com\/index.php\/2021\/10\/11\/flamengo-tera-defensor-em-prova-dos-9-para-carimbar-merecimento-como-titular\/","name":"Flamengo ter\u00e1 defensor em \u2018prova dos 9\u2019 para carimbar merecimento como titular","isPartOf":{"@id":"https:\/\/www.gaveanews.com\/#website"},"primaryImageOfPage":{"@id":"https:\/\/www.gaveanews.com\/index.php\/2021\/10\/11\/flamengo-tera-defensor-em-prova-dos-9-para-carimbar-merecimento-como-titular\/#primaryimage"},"image":{"@id":"https:\/\/www.gaveanews.com\/index.php\/2021\/10\/11\/flamengo-tera-defensor-em-prova-dos-9-para-carimbar-merecimento-como-titular\/#primaryimage"},"thumbnailUrl":"https:\/\/www.gaveanews.com\/wp-content\/uploads\/Matheuzinho-em-acao-pelo-Flamengo-contra-o-Santos-no-Campeoanto-Brasileiro-2021.webp","datePublished":"2021-10-11T12:26:26+00:00","dateModified":"2021-10-11T12:26:29+00:00","author":{"@id":"https:\/\/www.gaveanews.com\/#\/schema\/person\/2ec14f73fb96be2caf28f91afb14749d"},"breadcrumb":{"@id":"https:\/\/www.gaveanews.com\/index.php\/2021\/10\/11\/flamengo-tera-defensor-em-prova-dos-9-para-carimbar-merecimento-como-titular\/#breadcrumb"},"inLanguage":"pt-BR","potentialAction":[{"@type":"ReadAction","target":["https:\/\/www.gaveanews.com\/index.php\/2021\/10\/11\/flamengo-tera-defensor-em-prova-dos-9-para-carimbar-merecimento-como-titular\/"]}]},{"@type":"ImageObject","inLanguage":"pt-BR","@id":"https:\/\/www.gaveanews.com\/index.php\/2021\/10\/11\/flamengo-tera-defensor-em-prova-dos-9-para-carimbar-merecimento-como-titular\/#primaryimage","url":"https:\/\/www.gaveanews.com\/wp-content\/uploads\/Matheuzinho-em-acao-pelo-Flamengo-contra-o-Santos-no-Campeoanto-Brasileiro-2021.webp","contentUrl":"https:\/\/www.gaveanews.com\/wp-content\/uploads\/Matheuzinho-em-acao-pelo-Flamengo-contra-o-Santos-no-Campeoanto-Brasileiro-2021.webp","width":799,"height":533,"caption":"Matheuzinho em a\u00e7\u00e3o pelo Flamengo contra o Santos no Campeonato Brasileiro 2021 (Foto: Alexandre Vidal\/Flamengo)"},{"@type":"BreadcrumbList","@id":"https:\/\/www.gaveanews.com\/index.php\/2021\/10\/11\/flamengo-tera-defensor-em-prova-dos-9-para-carimbar-merecimento-como-titular\/#breadcrumb","itemListElement":[{"@type":"ListItem","position":1,"name":"Home","item":"https:\/\/www.gaveanews.com\/"},{"@type":"ListItem","position":2,"name":"Flamengo ter\u00e1 defensor em \u2018prova dos 9\u2019 para carimbar merecimento como titular"}]},{"@type":"WebSite","@id":"https:\/\/www.gaveanews.com\/#website","url":"https:\/\/www.gaveanews.com\/","name":"G\u00e1vea News","description":"Veja todas as not\u00edcias sobre o Flamengo: Contrata\u00e7\u00f5es, categorias de base, resultados das partidas, tabela de classifica\u00e7\u00e3o, pr\u00f3ximos jogos!","potentialAction":[{"@type":"SearchAction","target":{"@type":"EntryPoint","urlTemplate":"https:\/\/www.gaveanews.com\/?s={search_term_string}"},"query-input":{"@type":"PropertyValueSpecification","valueRequired":true,"valueName":"search_term_string"}}],"inLanguage":"pt-BR"},{"@type":"Person","@id":"https:\/\/www.gaveanews.com\/#\/schema\/person\/2ec14f73fb96be2caf28f91afb14749d","name":"Equipe G\u00e1vea News","image":{"@type":"ImageObject","inLanguage":"pt-BR","@id":"https:\/\/www.gaveanews.com\/#\/schema\/person\/image\/","url":"https:\/\/secure.gravatar.com\/avatar\/1e1956f1facbffd3f8fa53a326721950116b3b9dc9bd44939c01180fd4a745a9?s=96&d=mm&r=g","contentUrl":"https:\/\/secure.gravatar.com\/avatar\/1e1956f1facbffd3f8fa53a326721950116b3b9dc9bd44939c01180fd4a745a9?s=96&d=mm&r=g","caption":"Equipe G\u00e1vea News"}}]}},"_links":{"self":[{"href":"https:\/\/www.gaveanews.com\/index.php\/wp-json\/wp\/v2\/posts\/69758","targetHints":{"allow":["GET"]}}],"collection":[{"href":"https:\/\/www.gaveanews.com\/index.php\/wp-json\/wp\/v2\/posts"}],"about":[{"href":"https:\/\/www.gaveanews.com\/index.php\/wp-json\/wp\/v2\/types\/post"}],"author":[{"embeddable":true,"href":"https:\/\/www.gaveanews.com\/index.php\/wp-json\/wp\/v2\/users\/1"}],"replies":[{"embeddable":true,"href":"https:\/\/www.gaveanews.com\/index.php\/wp-json\/wp\/v2\/comments?post=69758"}],"version-history":[{"count":0,"href":"https:\/\/www.gaveanews.com\/index.php\/wp-json\/wp\/v2\/posts\/69758\/revisions"}],"wp:featuredmedia":[{"embeddable":true,"href":"https:\/\/www.gaveanews.com\/index.php\/wp-json\/wp\/v2\/media\/67392"}],"wp:attachment":[{"href":"https:\/\/www.gaveanews.com\/index.php\/wp-json\/wp\/v2\/media?parent=69758"}],"wp:term":[{"taxonomy":"category","embeddable":true,"href":"https:\/\/www.gaveanews.com\/index.php\/wp-json\/wp\/v2\/categories?post=69758"},{"taxonomy":"post_tag","embeddable":true,"href":"https:\/\/www.gaveanews.com\/index.php\/wp-json\/wp\/v2\/tags?post=69758"}],"curies":[{"name":"wp","href":"https:\/\/api.w.org\/{rel}","templated":true}]}}