{"id":69770,"date":"2021-10-11T12:48:02","date_gmt":"2021-10-11T15:48:02","guid":{"rendered":"https:\/\/www.gaveanews.com\/?p=69770"},"modified":"2021-10-11T12:48:05","modified_gmt":"2021-10-11T15:48:05","slug":"flamengo-se-manifesta-oficialmente-sobre-torcedor-agredido-em-fortaleza","status":"publish","type":"post","link":"https:\/\/www.gaveanews.com\/index.php\/2021\/10\/11\/flamengo-se-manifesta-oficialmente-sobre-torcedor-agredido-em-fortaleza\/","title":{"rendered":"Flamengo se manifesta oficialmente sobre torcedor agredido em Fortaleza"},"content":{"rendered":"\n<p>O Flamengo venceu o Fortaleza no \u00faltimo s\u00e1bado pelo placar de 3 a 0, na Arena Castel\u00e3o, dando um importante passo na ca\u00e7ada ao l\u00edder Atl\u00e9tico-MG. Por\u00e9m um fato fora do campo chamou aten\u00e7\u00e3o, um v\u00eddeo de torcedores do Fortaleza agredindo um torcedor do Flamengo acabou repercutindo bastante nas redes sociais. No v\u00eddeo d\u00e1 para ouvir nitidamente os torcedores da TUF, que \u00e9 uma torcida organizada do Fortaleza, darem ordens para matarem o flamenguista.<\/p>\n\n\n\n<p>Com a repercuss\u00e3o do v\u00eddeo, o Flamengo se manifestou atrav\u00e9s do Twitter oficial repudiando qualquer tipo de viol\u00eancia a torcedores, o tweet feito pelo Mais Querido diz as seguintes palavras \u201cO Clube de Regatas do Flamengo repudia qualquer tipo de viol\u00eancia. \u00c9 revoltante que isso ainda aconte\u00e7a nos dias de hoje. Esperamos que todos os envolvidos na agress\u00e3o ao torcedor rubro-negro, ontem, em Forraleza, sejam punidos. Aos rubro-negros do Nordeste, todo o nosso apoio\u201d.<\/p>\n\n\n\n<p>A Pol\u00edcia Militar do Cear\u00e1 informou que uma equipe foi acionada para atuar na ocorr\u00eancia. Os policiais apuram mais detalhes sobre as circunst\u00e2ncias da les\u00e3o corporal sofrida. A Pol\u00edcia informou que est\u00e3o em busca dos suspeitos que acabaram deixando o local da agress\u00e3o.<\/p>\n\n\n\n<p>Retirado de: Di\u00e1rio do Fla<\/p>\n","protected":false},"excerpt":{"rendered":"<p>O Flamengo venceu o Fortaleza no \u00faltimo s\u00e1bado pelo placar de 3 a 0, na Arena Castel\u00e3o, dando um importante passo na ca\u00e7ada ao l\u00edder Atl\u00e9tico-MG. Por\u00e9m um fato fora do campo chamou aten\u00e7\u00e3o, um v\u00eddeo de torcedores do Fortaleza agredindo um torcedor do Flamengo acabou repercutindo bastante nas redes sociais. No v\u00eddeo d\u00e1 para [&hellip;]<\/p>\n","protected":false},"author":1,"featured_media":15081,"comment_status":"open","ping_status":"closed","sticky":false,"template":"","format":"standard","meta":{"footnotes":""},"categories":[1],"tags":[],"class_list":["post-69770","post","type-post","status-publish","format-standard","has-post-thumbnail","hentry","category-flamengo"],"yoast_head":"<!-- This site is optimized with the Yoast SEO Premium plugin v24.2 (Yoast SEO v26.9) - https:\/\/yoast.com\/product\/yoast-seo-premium-wordpress\/ -->\n<title>Flamengo se manifesta oficialmente sobre torcedor agredido em Fortaleza<\/title>\n<meta name=\"robots\" content=\"index, follow, max-snippet:-1, max-image-preview:large, max-video-preview:-1\" \/>\n<link rel=\"canonical\" href=\"https:\/\/www.gaveanews.com\/index.php\/2021\/10\/11\/flamengo-se-manifesta-oficialmente-sobre-torcedor-agredido-em-fortaleza\/\" \/>\n<meta property=\"og:locale\" content=\"pt_BR\" \/>\n<meta property=\"og:type\" content=\"article\" \/>\n<meta property=\"og:title\" content=\"Flamengo se manifesta oficialmente sobre torcedor agredido em Fortaleza\" \/>\n<meta property=\"og:description\" content=\"O Flamengo venceu o Fortaleza no \u00faltimo s\u00e1bado pelo placar de 3 a 0, na Arena Castel\u00e3o, dando um importante passo na ca\u00e7ada ao l\u00edder Atl\u00e9tico-MG. Por\u00e9m um fato fora do campo chamou aten\u00e7\u00e3o, um v\u00eddeo de torcedores do Fortaleza agredindo um torcedor do Flamengo acabou repercutindo bastante nas redes sociais. No v\u00eddeo d\u00e1 para [&hellip;]\" \/>\n<meta property=\"og:url\" content=\"https:\/\/www.gaveanews.com\/index.php\/2021\/10\/11\/flamengo-se-manifesta-oficialmente-sobre-torcedor-agredido-em-fortaleza\/\" \/>\n<meta property=\"og:site_name\" content=\"G\u00e1vea News\" \/>\n<meta property=\"article:publisher\" content=\"https:\/\/facebook.com\/gaveaNews\/\" \/>\n<meta property=\"article:published_time\" content=\"2021-10-11T15:48:02+00:00\" \/>\n<meta property=\"article:modified_time\" content=\"2021-10-11T15:48:05+00:00\" \/>\n<meta property=\"og:image\" content=\"https:\/\/www.gaveanews.com\/wp-content\/uploads\/2019\/03\/Escudo-do-Flamengo-e-exposto-proximo-a-um-dos-gols-no-gramado-do-Maracana.webp\" \/>\n\t<meta property=\"og:image:width\" content=\"1\" \/>\n\t<meta property=\"og:image:height\" content=\"1\" \/>\n\t<meta property=\"og:image:type\" content=\"image\/jpeg\" \/>\n<meta name=\"author\" content=\"Equipe G\u00e1vea News\" \/>\n<meta name=\"twitter:card\" content=\"summary_large_image\" \/>\n<meta name=\"twitter:label1\" content=\"Escrito por\" \/>\n\t<meta name=\"twitter:data1\" content=\"Equipe G\u00e1vea News\" \/>\n\t<meta name=\"twitter:label2\" content=\"Est. tempo de leitura\" \/>\n\t<meta name=\"twitter:data2\" content=\"1 minuto\" \/>\n<script type=\"application\/ld+json\" class=\"yoast-schema-graph\">{\"@context\":\"https:\/\/schema.org\",\"@graph\":[{\"@type\":\"NewsArticle\",\"@id\":\"https:\/\/www.gaveanews.com\/index.php\/2021\/10\/11\/flamengo-se-manifesta-oficialmente-sobre-torcedor-agredido-em-fortaleza\/#article\",\"isPartOf\":{\"@id\":\"https:\/\/www.gaveanews.com\/index.php\/2021\/10\/11\/flamengo-se-manifesta-oficialmente-sobre-torcedor-agredido-em-fortaleza\/\"},\"author\":{\"name\":\"Equipe G\u00e1vea News\",\"@id\":\"https:\/\/www.gaveanews.com\/#\/schema\/person\/2ec14f73fb96be2caf28f91afb14749d\"},\"headline\":\"Flamengo se manifesta oficialmente sobre torcedor agredido em Fortaleza\",\"datePublished\":\"2021-10-11T15:48:02+00:00\",\"dateModified\":\"2021-10-11T15:48:05+00:00\",\"mainEntityOfPage\":{\"@id\":\"https:\/\/www.gaveanews.com\/index.php\/2021\/10\/11\/flamengo-se-manifesta-oficialmente-sobre-torcedor-agredido-em-fortaleza\/\"},\"wordCount\":225,\"commentCount\":20,\"image\":{\"@id\":\"https:\/\/www.gaveanews.com\/index.php\/2021\/10\/11\/flamengo-se-manifesta-oficialmente-sobre-torcedor-agredido-em-fortaleza\/#primaryimage\"},\"thumbnailUrl\":\"https:\/\/www.gaveanews.com\/wp-content\/uploads\/2019\/03\/Escudo-do-Flamengo-e-exposto-proximo-a-um-dos-gols-no-gramado-do-Maracana.webp\",\"articleSection\":[\"Flamengo\"],\"inLanguage\":\"pt-BR\",\"potentialAction\":[{\"@type\":\"CommentAction\",\"name\":\"Comment\",\"target\":[\"https:\/\/www.gaveanews.com\/index.php\/2021\/10\/11\/flamengo-se-manifesta-oficialmente-sobre-torcedor-agredido-em-fortaleza\/#respond\"]}],\"copyrightYear\":\"2021\",\"copyrightHolder\":{\"@id\":\"https:\/\/www.gaveanews.com\/#organization\"}},{\"@type\":\"WebPage\",\"@id\":\"https:\/\/www.gaveanews.com\/index.php\/2021\/10\/11\/flamengo-se-manifesta-oficialmente-sobre-torcedor-agredido-em-fortaleza\/\",\"url\":\"https:\/\/www.gaveanews.com\/index.php\/2021\/10\/11\/flamengo-se-manifesta-oficialmente-sobre-torcedor-agredido-em-fortaleza\/\",\"name\":\"Flamengo se manifesta oficialmente sobre torcedor agredido em Fortaleza\",\"isPartOf\":{\"@id\":\"https:\/\/www.gaveanews.com\/#website\"},\"primaryImageOfPage\":{\"@id\":\"https:\/\/www.gaveanews.com\/index.php\/2021\/10\/11\/flamengo-se-manifesta-oficialmente-sobre-torcedor-agredido-em-fortaleza\/#primaryimage\"},\"image\":{\"@id\":\"https:\/\/www.gaveanews.com\/index.php\/2021\/10\/11\/flamengo-se-manifesta-oficialmente-sobre-torcedor-agredido-em-fortaleza\/#primaryimage\"},\"thumbnailUrl\":\"https:\/\/www.gaveanews.com\/wp-content\/uploads\/2019\/03\/Escudo-do-Flamengo-e-exposto-proximo-a-um-dos-gols-no-gramado-do-Maracana.webp\",\"datePublished\":\"2021-10-11T15:48:02+00:00\",\"dateModified\":\"2021-10-11T15:48:05+00:00\",\"author\":{\"@id\":\"https:\/\/www.gaveanews.com\/#\/schema\/person\/2ec14f73fb96be2caf28f91afb14749d\"},\"breadcrumb\":{\"@id\":\"https:\/\/www.gaveanews.com\/index.php\/2021\/10\/11\/flamengo-se-manifesta-oficialmente-sobre-torcedor-agredido-em-fortaleza\/#breadcrumb\"},\"inLanguage\":\"pt-BR\",\"potentialAction\":[{\"@type\":\"ReadAction\",\"target\":[\"https:\/\/www.gaveanews.com\/index.php\/2021\/10\/11\/flamengo-se-manifesta-oficialmente-sobre-torcedor-agredido-em-fortaleza\/\"]}]},{\"@type\":\"ImageObject\",\"inLanguage\":\"pt-BR\",\"@id\":\"https:\/\/www.gaveanews.com\/index.php\/2021\/10\/11\/flamengo-se-manifesta-oficialmente-sobre-torcedor-agredido-em-fortaleza\/#primaryimage\",\"url\":\"https:\/\/www.gaveanews.com\/wp-content\/uploads\/2019\/03\/Escudo-do-Flamengo-e-exposto-proximo-a-um-dos-gols-no-gramado-do-Maracana.webp\",\"contentUrl\":\"https:\/\/www.gaveanews.com\/wp-content\/uploads\/2019\/03\/Escudo-do-Flamengo-e-exposto-proximo-a-um-dos-gols-no-gramado-do-Maracana.webp\",\"caption\":\"Escudo do Flamengo \u00e9 exposto pr\u00f3ximo a um dos gols, no gramado do Maracan\u00e3 (Foto: Daniel Castelo Branco)\"},{\"@type\":\"BreadcrumbList\",\"@id\":\"https:\/\/www.gaveanews.com\/index.php\/2021\/10\/11\/flamengo-se-manifesta-oficialmente-sobre-torcedor-agredido-em-fortaleza\/#breadcrumb\",\"itemListElement\":[{\"@type\":\"ListItem\",\"position\":1,\"name\":\"Home\",\"item\":\"https:\/\/www.gaveanews.com\/\"},{\"@type\":\"ListItem\",\"position\":2,\"name\":\"Flamengo se manifesta oficialmente sobre torcedor agredido em Fortaleza\"}]},{\"@type\":\"WebSite\",\"@id\":\"https:\/\/www.gaveanews.com\/#website\",\"url\":\"https:\/\/www.gaveanews.com\/\",\"name\":\"G\u00e1vea News\",\"description\":\"Veja todas as not\u00edcias sobre o Flamengo: Contrata\u00e7\u00f5es, categorias de base, resultados das partidas, tabela de classifica\u00e7\u00e3o, pr\u00f3ximos jogos!\",\"potentialAction\":[{\"@type\":\"SearchAction\",\"target\":{\"@type\":\"EntryPoint\",\"urlTemplate\":\"https:\/\/www.gaveanews.com\/?s={search_term_string}\"},\"query-input\":{\"@type\":\"PropertyValueSpecification\",\"valueRequired\":true,\"valueName\":\"search_term_string\"}}],\"inLanguage\":\"pt-BR\"},{\"@type\":\"Person\",\"@id\":\"https:\/\/www.gaveanews.com\/#\/schema\/person\/2ec14f73fb96be2caf28f91afb14749d\",\"name\":\"Equipe G\u00e1vea News\",\"image\":{\"@type\":\"ImageObject\",\"inLanguage\":\"pt-BR\",\"@id\":\"https:\/\/www.gaveanews.com\/#\/schema\/person\/image\/\",\"url\":\"https:\/\/secure.gravatar.com\/avatar\/1e1956f1facbffd3f8fa53a326721950116b3b9dc9bd44939c01180fd4a745a9?s=96&d=mm&r=g\",\"contentUrl\":\"https:\/\/secure.gravatar.com\/avatar\/1e1956f1facbffd3f8fa53a326721950116b3b9dc9bd44939c01180fd4a745a9?s=96&d=mm&r=g\",\"caption\":\"Equipe G\u00e1vea News\"}}]}<\/script>\n<!-- \/ Yoast SEO Premium plugin. -->","yoast_head_json":{"title":"Flamengo se manifesta oficialmente sobre torcedor agredido em Fortaleza","robots":{"index":"index","follow":"follow","max-snippet":"max-snippet:-1","max-image-preview":"max-image-preview:large","max-video-preview":"max-video-preview:-1"},"canonical":"https:\/\/www.gaveanews.com\/index.php\/2021\/10\/11\/flamengo-se-manifesta-oficialmente-sobre-torcedor-agredido-em-fortaleza\/","og_locale":"pt_BR","og_type":"article","og_title":"Flamengo se manifesta oficialmente sobre torcedor agredido em Fortaleza","og_description":"O Flamengo venceu o Fortaleza no \u00faltimo s\u00e1bado pelo placar de 3 a 0, na Arena Castel\u00e3o, dando um importante passo na ca\u00e7ada ao l\u00edder Atl\u00e9tico-MG. Por\u00e9m um fato fora do campo chamou aten\u00e7\u00e3o, um v\u00eddeo de torcedores do Fortaleza agredindo um torcedor do Flamengo acabou repercutindo bastante nas redes sociais. No v\u00eddeo d\u00e1 para [&hellip;]","og_url":"https:\/\/www.gaveanews.com\/index.php\/2021\/10\/11\/flamengo-se-manifesta-oficialmente-sobre-torcedor-agredido-em-fortaleza\/","og_site_name":"G\u00e1vea News","article_publisher":"https:\/\/facebook.com\/gaveaNews\/","article_published_time":"2021-10-11T15:48:02+00:00","article_modified_time":"2021-10-11T15:48:05+00:00","og_image":[{"url":"https:\/\/www.gaveanews.com\/wp-content\/uploads\/2019\/03\/Escudo-do-Flamengo-e-exposto-proximo-a-um-dos-gols-no-gramado-do-Maracana.webp","width":1,"height":1,"type":"image\/jpeg"}],"author":"Equipe G\u00e1vea News","twitter_card":"summary_large_image","twitter_misc":{"Escrito por":"Equipe G\u00e1vea News","Est. tempo de leitura":"1 minuto"},"schema":{"@context":"https:\/\/schema.org","@graph":[{"@type":"NewsArticle","@id":"https:\/\/www.gaveanews.com\/index.php\/2021\/10\/11\/flamengo-se-manifesta-oficialmente-sobre-torcedor-agredido-em-fortaleza\/#article","isPartOf":{"@id":"https:\/\/www.gaveanews.com\/index.php\/2021\/10\/11\/flamengo-se-manifesta-oficialmente-sobre-torcedor-agredido-em-fortaleza\/"},"author":{"name":"Equipe G\u00e1vea News","@id":"https:\/\/www.gaveanews.com\/#\/schema\/person\/2ec14f73fb96be2caf28f91afb14749d"},"headline":"Flamengo se manifesta oficialmente sobre torcedor agredido em Fortaleza","datePublished":"2021-10-11T15:48:02+00:00","dateModified":"2021-10-11T15:48:05+00:00","mainEntityOfPage":{"@id":"https:\/\/www.gaveanews.com\/index.php\/2021\/10\/11\/flamengo-se-manifesta-oficialmente-sobre-torcedor-agredido-em-fortaleza\/"},"wordCount":225,"commentCount":20,"image":{"@id":"https:\/\/www.gaveanews.com\/index.php\/2021\/10\/11\/flamengo-se-manifesta-oficialmente-sobre-torcedor-agredido-em-fortaleza\/#primaryimage"},"thumbnailUrl":"https:\/\/www.gaveanews.com\/wp-content\/uploads\/2019\/03\/Escudo-do-Flamengo-e-exposto-proximo-a-um-dos-gols-no-gramado-do-Maracana.webp","articleSection":["Flamengo"],"inLanguage":"pt-BR","potentialAction":[{"@type":"CommentAction","name":"Comment","target":["https:\/\/www.gaveanews.com\/index.php\/2021\/10\/11\/flamengo-se-manifesta-oficialmente-sobre-torcedor-agredido-em-fortaleza\/#respond"]}],"copyrightYear":"2021","copyrightHolder":{"@id":"https:\/\/www.gaveanews.com\/#organization"}},{"@type":"WebPage","@id":"https:\/\/www.gaveanews.com\/index.php\/2021\/10\/11\/flamengo-se-manifesta-oficialmente-sobre-torcedor-agredido-em-fortaleza\/","url":"https:\/\/www.gaveanews.com\/index.php\/2021\/10\/11\/flamengo-se-manifesta-oficialmente-sobre-torcedor-agredido-em-fortaleza\/","name":"Flamengo se manifesta oficialmente sobre torcedor agredido em Fortaleza","isPartOf":{"@id":"https:\/\/www.gaveanews.com\/#website"},"primaryImageOfPage":{"@id":"https:\/\/www.gaveanews.com\/index.php\/2021\/10\/11\/flamengo-se-manifesta-oficialmente-sobre-torcedor-agredido-em-fortaleza\/#primaryimage"},"image":{"@id":"https:\/\/www.gaveanews.com\/index.php\/2021\/10\/11\/flamengo-se-manifesta-oficialmente-sobre-torcedor-agredido-em-fortaleza\/#primaryimage"},"thumbnailUrl":"https:\/\/www.gaveanews.com\/wp-content\/uploads\/2019\/03\/Escudo-do-Flamengo-e-exposto-proximo-a-um-dos-gols-no-gramado-do-Maracana.webp","datePublished":"2021-10-11T15:48:02+00:00","dateModified":"2021-10-11T15:48:05+00:00","author":{"@id":"https:\/\/www.gaveanews.com\/#\/schema\/person\/2ec14f73fb96be2caf28f91afb14749d"},"breadcrumb":{"@id":"https:\/\/www.gaveanews.com\/index.php\/2021\/10\/11\/flamengo-se-manifesta-oficialmente-sobre-torcedor-agredido-em-fortaleza\/#breadcrumb"},"inLanguage":"pt-BR","potentialAction":[{"@type":"ReadAction","target":["https:\/\/www.gaveanews.com\/index.php\/2021\/10\/11\/flamengo-se-manifesta-oficialmente-sobre-torcedor-agredido-em-fortaleza\/"]}]},{"@type":"ImageObject","inLanguage":"pt-BR","@id":"https:\/\/www.gaveanews.com\/index.php\/2021\/10\/11\/flamengo-se-manifesta-oficialmente-sobre-torcedor-agredido-em-fortaleza\/#primaryimage","url":"https:\/\/www.gaveanews.com\/wp-content\/uploads\/2019\/03\/Escudo-do-Flamengo-e-exposto-proximo-a-um-dos-gols-no-gramado-do-Maracana.webp","contentUrl":"https:\/\/www.gaveanews.com\/wp-content\/uploads\/2019\/03\/Escudo-do-Flamengo-e-exposto-proximo-a-um-dos-gols-no-gramado-do-Maracana.webp","caption":"Escudo do Flamengo \u00e9 exposto pr\u00f3ximo a um dos gols, no gramado do Maracan\u00e3 (Foto: Daniel Castelo Branco)"},{"@type":"BreadcrumbList","@id":"https:\/\/www.gaveanews.com\/index.php\/2021\/10\/11\/flamengo-se-manifesta-oficialmente-sobre-torcedor-agredido-em-fortaleza\/#breadcrumb","itemListElement":[{"@type":"ListItem","position":1,"name":"Home","item":"https:\/\/www.gaveanews.com\/"},{"@type":"ListItem","position":2,"name":"Flamengo se manifesta oficialmente sobre torcedor agredido em Fortaleza"}]},{"@type":"WebSite","@id":"https:\/\/www.gaveanews.com\/#website","url":"https:\/\/www.gaveanews.com\/","name":"G\u00e1vea News","description":"Veja todas as not\u00edcias sobre o Flamengo: Contrata\u00e7\u00f5es, categorias de base, resultados das partidas, tabela de classifica\u00e7\u00e3o, pr\u00f3ximos jogos!","potentialAction":[{"@type":"SearchAction","target":{"@type":"EntryPoint","urlTemplate":"https:\/\/www.gaveanews.com\/?s={search_term_string}"},"query-input":{"@type":"PropertyValueSpecification","valueRequired":true,"valueName":"search_term_string"}}],"inLanguage":"pt-BR"},{"@type":"Person","@id":"https:\/\/www.gaveanews.com\/#\/schema\/person\/2ec14f73fb96be2caf28f91afb14749d","name":"Equipe G\u00e1vea News","image":{"@type":"ImageObject","inLanguage":"pt-BR","@id":"https:\/\/www.gaveanews.com\/#\/schema\/person\/image\/","url":"https:\/\/secure.gravatar.com\/avatar\/1e1956f1facbffd3f8fa53a326721950116b3b9dc9bd44939c01180fd4a745a9?s=96&d=mm&r=g","contentUrl":"https:\/\/secure.gravatar.com\/avatar\/1e1956f1facbffd3f8fa53a326721950116b3b9dc9bd44939c01180fd4a745a9?s=96&d=mm&r=g","caption":"Equipe G\u00e1vea News"}}]}},"_links":{"self":[{"href":"https:\/\/www.gaveanews.com\/index.php\/wp-json\/wp\/v2\/posts\/69770","targetHints":{"allow":["GET"]}}],"collection":[{"href":"https:\/\/www.gaveanews.com\/index.php\/wp-json\/wp\/v2\/posts"}],"about":[{"href":"https:\/\/www.gaveanews.com\/index.php\/wp-json\/wp\/v2\/types\/post"}],"author":[{"embeddable":true,"href":"https:\/\/www.gaveanews.com\/index.php\/wp-json\/wp\/v2\/users\/1"}],"replies":[{"embeddable":true,"href":"https:\/\/www.gaveanews.com\/index.php\/wp-json\/wp\/v2\/comments?post=69770"}],"version-history":[{"count":0,"href":"https:\/\/www.gaveanews.com\/index.php\/wp-json\/wp\/v2\/posts\/69770\/revisions"}],"wp:featuredmedia":[{"embeddable":true,"href":"https:\/\/www.gaveanews.com\/index.php\/wp-json\/wp\/v2\/media\/15081"}],"wp:attachment":[{"href":"https:\/\/www.gaveanews.com\/index.php\/wp-json\/wp\/v2\/media?parent=69770"}],"wp:term":[{"taxonomy":"category","embeddable":true,"href":"https:\/\/www.gaveanews.com\/index.php\/wp-json\/wp\/v2\/categories?post=69770"},{"taxonomy":"post_tag","embeddable":true,"href":"https:\/\/www.gaveanews.com\/index.php\/wp-json\/wp\/v2\/tags?post=69770"}],"curies":[{"name":"wp","href":"https:\/\/api.w.org\/{rel}","templated":true}]}}