{"id":69796,"date":"2021-10-11T16:18:24","date_gmt":"2021-10-11T19:18:24","guid":{"rendered":"https:\/\/www.gaveanews.com\/?p=69796"},"modified":"2021-10-11T16:18:26","modified_gmt":"2021-10-11T19:18:26","slug":"michael-atinge-melhor-media-da-carreira-com-renato-no-flamengo","status":"publish","type":"post","link":"https:\/\/www.gaveanews.com\/index.php\/2021\/10\/11\/michael-atinge-melhor-media-da-carreira-com-renato-no-flamengo\/","title":{"rendered":"Michael atinge melhor m\u00e9dia da carreira com Renato no Flamengo"},"content":{"rendered":"\n<p>Michael ganhou destaque no futebol brasileiro em 2019, quando foi a revela\u00e7\u00e3o do Campeonato Brasileiro daquele ano, atuando pelo Goi\u00e1s. Foi disputado na temporada seguinte por diversos clubes, mas optou pelo Flamengo. Cheio de desconfian\u00e7a demorou para engrenar, seja com Jorge Jesus, que aprovou sua contrata\u00e7\u00e3o, e com Rog\u00e9rio Ceni. Quando chegou Renato Ga\u00facho, as coisas mudaram. Michael j\u00e1 participou diretamente de 19 gols na temporada, melhor momento com a camisa rubro-negra.<\/p>\n\n\n\n<p>Como efeito de compara\u00e7\u00e3o, Michael, no Goi\u00e1s, em 2019, ele teve participa\u00e7\u00e3o direta em 21 gols, dois a menos que os n\u00fameros atuais. Foram 16 gols e cinco assist\u00eancias. Isso em 54 jogos, sendo titular em 97% deles. No Fla, s\u00e3o 11 gols e oito assist\u00eancias, em 46 jogos. Contudo, foi titular em apenas 16, o que faz dos n\u00fameros de Michael impressionantes.<\/p>\n\n\n\n<p>E sem d\u00favidas, o fator diferencial dessa evolu\u00e7\u00e3o foi Renato Ga\u00facho. O treinador fez sua estreia no dia 1 de agosto, contra o Defensa y Justicia, na Argentina, e o Robo\u00f4zinho da G\u00e1vea j\u00e1 deu o cart\u00e3o de visitas, com o gol da vit\u00f3ria, que deu uma boa vantagem ao Fla, na Copa Libertadores. Desde a estreia de Renato, Michael atuou em 23 jogos, metade do que tinha feito em toda a temporada.<\/p>\n\n\n\n<p>Com o treinador novo, s\u00e3o oito gols e duas assist\u00eancias. Antes de Renato, Michael at\u00e9 que conseguiu dar assist\u00eancias, porem em sua maioria no Campeonato Carioca, quando o Flamengo atuou a maior parte do tempo com time alternativo. Dos tr\u00eas gols restantes, um foi diante da Chapecoense, j\u00e1 com Renato no camarote, acompanhando e os outros dois diante do Volta Redonda, no Estadual \u2013 em partidas diferentes.<\/p>\n\n\n\n<p><strong><em>\u2014 Tenho vivido um momento muito feliz aqui dentro. Considero muito ele pelo carinho e pela aten\u00e7\u00e3o que me deu desde sempre. Brinquei com ele como brinco no dia a dia no CT. \u00c9 como um paiz\u00e3o. Me d\u00e1 apoio, carinho, conselho mas puxa a orelha quando tem que puxar tamb\u00e9m, assim como faz com todos. Sou muito grato pelo que ele fez na minha vida, assim como sou aos meus companheiros tamb\u00e9m. Sem eles, a gente n\u00e3o teria feito o que fez aqui<\/em><\/strong>, comemorou Michael ap\u00f3s os dois gols diante do Fortaleza.<\/p>\n\n\n\n<p>No Flamengo, em seu primeiro ano, Michael atuou em 43 partidas, fez quatro gols e deu quatro assist\u00eancia. O pr\u00f3prio atleta revelou que recentemente teve problemas de depress\u00e3o e que os colegas de Flamengo o ajudaram a se recuperar, f\u00edsica e mentalmente.<\/p>\n\n\n\n<p>Ao todo, pelo Rubro-Negro, s\u00e3o 89 jogos, com 15 gols marcados e 12 assist\u00eancias. Michael \u00e9 o terceiro jogador, na temporada atual, com mais participa\u00e7\u00f5es em gols da equipe \u2013 no quesito assist\u00eancias. \u00c9 o jogador que mais vezes decidiu saindo do banco, al\u00e9m de ser o primeiro em assist\u00eancias em um campeonato s\u00f3 (seis no Carioca). O Rob\u00f4zinho da G\u00e1vea est\u00e1 cada vez mais decisivo.<\/p>\n\n\n\n<p>Retirado de: Jogada 10<\/p>\n","protected":false},"excerpt":{"rendered":"<p>Michael ganhou destaque no futebol brasileiro em 2019, quando foi a revela\u00e7\u00e3o do Campeonato Brasileiro daquele ano, atuando pelo Goi\u00e1s. Foi disputado na temporada seguinte por diversos clubes, mas optou pelo Flamengo. Cheio de desconfian\u00e7a demorou para engrenar, seja com Jorge Jesus, que aprovou sua contrata\u00e7\u00e3o, e com Rog\u00e9rio Ceni. Quando chegou Renato Ga\u00facho, as [&hellip;]<\/p>\n","protected":false},"author":1,"featured_media":69690,"comment_status":"open","ping_status":"closed","sticky":false,"template":"","format":"standard","meta":{"footnotes":""},"categories":[1],"tags":[],"class_list":["post-69796","post","type-post","status-publish","format-standard","has-post-thumbnail","hentry","category-flamengo"],"yoast_head":"<!-- This site is optimized with the Yoast SEO Premium plugin v24.2 (Yoast SEO v26.9) - https:\/\/yoast.com\/product\/yoast-seo-premium-wordpress\/ -->\n<title>Michael atinge melhor m\u00e9dia da carreira com Renato no Flamengo<\/title>\n<meta name=\"robots\" content=\"index, follow, max-snippet:-1, max-image-preview:large, max-video-preview:-1\" \/>\n<link rel=\"canonical\" href=\"https:\/\/www.gaveanews.com\/index.php\/2021\/10\/11\/michael-atinge-melhor-media-da-carreira-com-renato-no-flamengo\/\" \/>\n<meta property=\"og:locale\" content=\"pt_BR\" \/>\n<meta property=\"og:type\" content=\"article\" \/>\n<meta property=\"og:title\" content=\"Michael atinge melhor m\u00e9dia da carreira com Renato no Flamengo\" \/>\n<meta property=\"og:description\" content=\"Michael ganhou destaque no futebol brasileiro em 2019, quando foi a revela\u00e7\u00e3o do Campeonato Brasileiro daquele ano, atuando pelo Goi\u00e1s. Foi disputado na temporada seguinte por diversos clubes, mas optou pelo Flamengo. Cheio de desconfian\u00e7a demorou para engrenar, seja com Jorge Jesus, que aprovou sua contrata\u00e7\u00e3o, e com Rog\u00e9rio Ceni. Quando chegou Renato Ga\u00facho, as [&hellip;]\" \/>\n<meta property=\"og:url\" content=\"https:\/\/www.gaveanews.com\/index.php\/2021\/10\/11\/michael-atinge-melhor-media-da-carreira-com-renato-no-flamengo\/\" \/>\n<meta property=\"og:site_name\" content=\"G\u00e1vea News\" \/>\n<meta property=\"article:publisher\" content=\"https:\/\/facebook.com\/gaveaNews\/\" \/>\n<meta property=\"article:published_time\" content=\"2021-10-11T19:18:24+00:00\" \/>\n<meta property=\"article:modified_time\" content=\"2021-10-11T19:18:26+00:00\" \/>\n<meta property=\"og:image\" content=\"https:\/\/www.gaveanews.com\/wp-content\/uploads\/Michael-em-acao-pelo-Flamengo-durante-a-partida-contra-o-Fortaleza-pelo-Campeonato-Brasileiro-da-temporada-de-2021.webp\" \/>\n\t<meta property=\"og:image:width\" content=\"799\" \/>\n\t<meta property=\"og:image:height\" content=\"533\" \/>\n\t<meta property=\"og:image:type\" content=\"image\/jpeg\" \/>\n<meta name=\"author\" content=\"Equipe G\u00e1vea News\" \/>\n<meta name=\"twitter:card\" content=\"summary_large_image\" \/>\n<meta name=\"twitter:label1\" content=\"Escrito por\" \/>\n\t<meta name=\"twitter:data1\" content=\"Equipe G\u00e1vea News\" \/>\n\t<meta name=\"twitter:label2\" content=\"Est. tempo de leitura\" \/>\n\t<meta name=\"twitter:data2\" content=\"3 minutos\" \/>\n<script type=\"application\/ld+json\" class=\"yoast-schema-graph\">{\"@context\":\"https:\/\/schema.org\",\"@graph\":[{\"@type\":\"NewsArticle\",\"@id\":\"https:\/\/www.gaveanews.com\/index.php\/2021\/10\/11\/michael-atinge-melhor-media-da-carreira-com-renato-no-flamengo\/#article\",\"isPartOf\":{\"@id\":\"https:\/\/www.gaveanews.com\/index.php\/2021\/10\/11\/michael-atinge-melhor-media-da-carreira-com-renato-no-flamengo\/\"},\"author\":{\"name\":\"Equipe G\u00e1vea News\",\"@id\":\"https:\/\/www.gaveanews.com\/#\/schema\/person\/2ec14f73fb96be2caf28f91afb14749d\"},\"headline\":\"Michael atinge melhor m\u00e9dia da carreira com Renato no Flamengo\",\"datePublished\":\"2021-10-11T19:18:24+00:00\",\"dateModified\":\"2021-10-11T19:18:26+00:00\",\"mainEntityOfPage\":{\"@id\":\"https:\/\/www.gaveanews.com\/index.php\/2021\/10\/11\/michael-atinge-melhor-media-da-carreira-com-renato-no-flamengo\/\"},\"wordCount\":511,\"commentCount\":5,\"image\":{\"@id\":\"https:\/\/www.gaveanews.com\/index.php\/2021\/10\/11\/michael-atinge-melhor-media-da-carreira-com-renato-no-flamengo\/#primaryimage\"},\"thumbnailUrl\":\"https:\/\/www.gaveanews.com\/wp-content\/uploads\/Michael-em-acao-pelo-Flamengo-durante-a-partida-contra-o-Fortaleza-pelo-Campeonato-Brasileiro-da-temporada-de-2021.webp\",\"articleSection\":[\"Flamengo\"],\"inLanguage\":\"pt-BR\",\"potentialAction\":[{\"@type\":\"CommentAction\",\"name\":\"Comment\",\"target\":[\"https:\/\/www.gaveanews.com\/index.php\/2021\/10\/11\/michael-atinge-melhor-media-da-carreira-com-renato-no-flamengo\/#respond\"]}],\"copyrightYear\":\"2021\",\"copyrightHolder\":{\"@id\":\"https:\/\/www.gaveanews.com\/#organization\"}},{\"@type\":\"WebPage\",\"@id\":\"https:\/\/www.gaveanews.com\/index.php\/2021\/10\/11\/michael-atinge-melhor-media-da-carreira-com-renato-no-flamengo\/\",\"url\":\"https:\/\/www.gaveanews.com\/index.php\/2021\/10\/11\/michael-atinge-melhor-media-da-carreira-com-renato-no-flamengo\/\",\"name\":\"Michael atinge melhor m\u00e9dia da carreira com Renato no Flamengo\",\"isPartOf\":{\"@id\":\"https:\/\/www.gaveanews.com\/#website\"},\"primaryImageOfPage\":{\"@id\":\"https:\/\/www.gaveanews.com\/index.php\/2021\/10\/11\/michael-atinge-melhor-media-da-carreira-com-renato-no-flamengo\/#primaryimage\"},\"image\":{\"@id\":\"https:\/\/www.gaveanews.com\/index.php\/2021\/10\/11\/michael-atinge-melhor-media-da-carreira-com-renato-no-flamengo\/#primaryimage\"},\"thumbnailUrl\":\"https:\/\/www.gaveanews.com\/wp-content\/uploads\/Michael-em-acao-pelo-Flamengo-durante-a-partida-contra-o-Fortaleza-pelo-Campeonato-Brasileiro-da-temporada-de-2021.webp\",\"datePublished\":\"2021-10-11T19:18:24+00:00\",\"dateModified\":\"2021-10-11T19:18:26+00:00\",\"author\":{\"@id\":\"https:\/\/www.gaveanews.com\/#\/schema\/person\/2ec14f73fb96be2caf28f91afb14749d\"},\"breadcrumb\":{\"@id\":\"https:\/\/www.gaveanews.com\/index.php\/2021\/10\/11\/michael-atinge-melhor-media-da-carreira-com-renato-no-flamengo\/#breadcrumb\"},\"inLanguage\":\"pt-BR\",\"potentialAction\":[{\"@type\":\"ReadAction\",\"target\":[\"https:\/\/www.gaveanews.com\/index.php\/2021\/10\/11\/michael-atinge-melhor-media-da-carreira-com-renato-no-flamengo\/\"]}]},{\"@type\":\"ImageObject\",\"inLanguage\":\"pt-BR\",\"@id\":\"https:\/\/www.gaveanews.com\/index.php\/2021\/10\/11\/michael-atinge-melhor-media-da-carreira-com-renato-no-flamengo\/#primaryimage\",\"url\":\"https:\/\/www.gaveanews.com\/wp-content\/uploads\/Michael-em-acao-pelo-Flamengo-durante-a-partida-contra-o-Fortaleza-pelo-Campeonato-Brasileiro-da-temporada-de-2021.webp\",\"contentUrl\":\"https:\/\/www.gaveanews.com\/wp-content\/uploads\/Michael-em-acao-pelo-Flamengo-durante-a-partida-contra-o-Fortaleza-pelo-Campeonato-Brasileiro-da-temporada-de-2021.webp\",\"width\":799,\"height\":533,\"caption\":\"Michael em a\u00e7\u00e3o pelo Flamengo durante a partida contra o Fortaleza pelo Campeonato Brasileiro da temporada de 2021 (Foto: Alexandre Vidal\/Flamengo)\"},{\"@type\":\"BreadcrumbList\",\"@id\":\"https:\/\/www.gaveanews.com\/index.php\/2021\/10\/11\/michael-atinge-melhor-media-da-carreira-com-renato-no-flamengo\/#breadcrumb\",\"itemListElement\":[{\"@type\":\"ListItem\",\"position\":1,\"name\":\"Home\",\"item\":\"https:\/\/www.gaveanews.com\/\"},{\"@type\":\"ListItem\",\"position\":2,\"name\":\"Michael atinge melhor m\u00e9dia da carreira com Renato no Flamengo\"}]},{\"@type\":\"WebSite\",\"@id\":\"https:\/\/www.gaveanews.com\/#website\",\"url\":\"https:\/\/www.gaveanews.com\/\",\"name\":\"G\u00e1vea News\",\"description\":\"Veja todas as not\u00edcias sobre o Flamengo: Contrata\u00e7\u00f5es, categorias de base, resultados das partidas, tabela de classifica\u00e7\u00e3o, pr\u00f3ximos jogos!\",\"potentialAction\":[{\"@type\":\"SearchAction\",\"target\":{\"@type\":\"EntryPoint\",\"urlTemplate\":\"https:\/\/www.gaveanews.com\/?s={search_term_string}\"},\"query-input\":{\"@type\":\"PropertyValueSpecification\",\"valueRequired\":true,\"valueName\":\"search_term_string\"}}],\"inLanguage\":\"pt-BR\"},{\"@type\":\"Person\",\"@id\":\"https:\/\/www.gaveanews.com\/#\/schema\/person\/2ec14f73fb96be2caf28f91afb14749d\",\"name\":\"Equipe G\u00e1vea News\",\"image\":{\"@type\":\"ImageObject\",\"inLanguage\":\"pt-BR\",\"@id\":\"https:\/\/www.gaveanews.com\/#\/schema\/person\/image\/\",\"url\":\"https:\/\/secure.gravatar.com\/avatar\/1e1956f1facbffd3f8fa53a326721950116b3b9dc9bd44939c01180fd4a745a9?s=96&d=mm&r=g\",\"contentUrl\":\"https:\/\/secure.gravatar.com\/avatar\/1e1956f1facbffd3f8fa53a326721950116b3b9dc9bd44939c01180fd4a745a9?s=96&d=mm&r=g\",\"caption\":\"Equipe G\u00e1vea News\"}}]}<\/script>\n<!-- \/ Yoast SEO Premium plugin. -->","yoast_head_json":{"title":"Michael atinge melhor m\u00e9dia da carreira com Renato no Flamengo","robots":{"index":"index","follow":"follow","max-snippet":"max-snippet:-1","max-image-preview":"max-image-preview:large","max-video-preview":"max-video-preview:-1"},"canonical":"https:\/\/www.gaveanews.com\/index.php\/2021\/10\/11\/michael-atinge-melhor-media-da-carreira-com-renato-no-flamengo\/","og_locale":"pt_BR","og_type":"article","og_title":"Michael atinge melhor m\u00e9dia da carreira com Renato no Flamengo","og_description":"Michael ganhou destaque no futebol brasileiro em 2019, quando foi a revela\u00e7\u00e3o do Campeonato Brasileiro daquele ano, atuando pelo Goi\u00e1s. Foi disputado na temporada seguinte por diversos clubes, mas optou pelo Flamengo. Cheio de desconfian\u00e7a demorou para engrenar, seja com Jorge Jesus, que aprovou sua contrata\u00e7\u00e3o, e com Rog\u00e9rio Ceni. Quando chegou Renato Ga\u00facho, as [&hellip;]","og_url":"https:\/\/www.gaveanews.com\/index.php\/2021\/10\/11\/michael-atinge-melhor-media-da-carreira-com-renato-no-flamengo\/","og_site_name":"G\u00e1vea News","article_publisher":"https:\/\/facebook.com\/gaveaNews\/","article_published_time":"2021-10-11T19:18:24+00:00","article_modified_time":"2021-10-11T19:18:26+00:00","og_image":[{"width":799,"height":533,"url":"https:\/\/www.gaveanews.com\/wp-content\/uploads\/Michael-em-acao-pelo-Flamengo-durante-a-partida-contra-o-Fortaleza-pelo-Campeonato-Brasileiro-da-temporada-de-2021.webp","type":"image\/jpeg"}],"author":"Equipe G\u00e1vea News","twitter_card":"summary_large_image","twitter_misc":{"Escrito por":"Equipe G\u00e1vea News","Est. tempo de leitura":"3 minutos"},"schema":{"@context":"https:\/\/schema.org","@graph":[{"@type":"NewsArticle","@id":"https:\/\/www.gaveanews.com\/index.php\/2021\/10\/11\/michael-atinge-melhor-media-da-carreira-com-renato-no-flamengo\/#article","isPartOf":{"@id":"https:\/\/www.gaveanews.com\/index.php\/2021\/10\/11\/michael-atinge-melhor-media-da-carreira-com-renato-no-flamengo\/"},"author":{"name":"Equipe G\u00e1vea News","@id":"https:\/\/www.gaveanews.com\/#\/schema\/person\/2ec14f73fb96be2caf28f91afb14749d"},"headline":"Michael atinge melhor m\u00e9dia da carreira com Renato no Flamengo","datePublished":"2021-10-11T19:18:24+00:00","dateModified":"2021-10-11T19:18:26+00:00","mainEntityOfPage":{"@id":"https:\/\/www.gaveanews.com\/index.php\/2021\/10\/11\/michael-atinge-melhor-media-da-carreira-com-renato-no-flamengo\/"},"wordCount":511,"commentCount":5,"image":{"@id":"https:\/\/www.gaveanews.com\/index.php\/2021\/10\/11\/michael-atinge-melhor-media-da-carreira-com-renato-no-flamengo\/#primaryimage"},"thumbnailUrl":"https:\/\/www.gaveanews.com\/wp-content\/uploads\/Michael-em-acao-pelo-Flamengo-durante-a-partida-contra-o-Fortaleza-pelo-Campeonato-Brasileiro-da-temporada-de-2021.webp","articleSection":["Flamengo"],"inLanguage":"pt-BR","potentialAction":[{"@type":"CommentAction","name":"Comment","target":["https:\/\/www.gaveanews.com\/index.php\/2021\/10\/11\/michael-atinge-melhor-media-da-carreira-com-renato-no-flamengo\/#respond"]}],"copyrightYear":"2021","copyrightHolder":{"@id":"https:\/\/www.gaveanews.com\/#organization"}},{"@type":"WebPage","@id":"https:\/\/www.gaveanews.com\/index.php\/2021\/10\/11\/michael-atinge-melhor-media-da-carreira-com-renato-no-flamengo\/","url":"https:\/\/www.gaveanews.com\/index.php\/2021\/10\/11\/michael-atinge-melhor-media-da-carreira-com-renato-no-flamengo\/","name":"Michael atinge melhor m\u00e9dia da carreira com Renato no Flamengo","isPartOf":{"@id":"https:\/\/www.gaveanews.com\/#website"},"primaryImageOfPage":{"@id":"https:\/\/www.gaveanews.com\/index.php\/2021\/10\/11\/michael-atinge-melhor-media-da-carreira-com-renato-no-flamengo\/#primaryimage"},"image":{"@id":"https:\/\/www.gaveanews.com\/index.php\/2021\/10\/11\/michael-atinge-melhor-media-da-carreira-com-renato-no-flamengo\/#primaryimage"},"thumbnailUrl":"https:\/\/www.gaveanews.com\/wp-content\/uploads\/Michael-em-acao-pelo-Flamengo-durante-a-partida-contra-o-Fortaleza-pelo-Campeonato-Brasileiro-da-temporada-de-2021.webp","datePublished":"2021-10-11T19:18:24+00:00","dateModified":"2021-10-11T19:18:26+00:00","author":{"@id":"https:\/\/www.gaveanews.com\/#\/schema\/person\/2ec14f73fb96be2caf28f91afb14749d"},"breadcrumb":{"@id":"https:\/\/www.gaveanews.com\/index.php\/2021\/10\/11\/michael-atinge-melhor-media-da-carreira-com-renato-no-flamengo\/#breadcrumb"},"inLanguage":"pt-BR","potentialAction":[{"@type":"ReadAction","target":["https:\/\/www.gaveanews.com\/index.php\/2021\/10\/11\/michael-atinge-melhor-media-da-carreira-com-renato-no-flamengo\/"]}]},{"@type":"ImageObject","inLanguage":"pt-BR","@id":"https:\/\/www.gaveanews.com\/index.php\/2021\/10\/11\/michael-atinge-melhor-media-da-carreira-com-renato-no-flamengo\/#primaryimage","url":"https:\/\/www.gaveanews.com\/wp-content\/uploads\/Michael-em-acao-pelo-Flamengo-durante-a-partida-contra-o-Fortaleza-pelo-Campeonato-Brasileiro-da-temporada-de-2021.webp","contentUrl":"https:\/\/www.gaveanews.com\/wp-content\/uploads\/Michael-em-acao-pelo-Flamengo-durante-a-partida-contra-o-Fortaleza-pelo-Campeonato-Brasileiro-da-temporada-de-2021.webp","width":799,"height":533,"caption":"Michael em a\u00e7\u00e3o pelo Flamengo durante a partida contra o Fortaleza pelo Campeonato Brasileiro da temporada de 2021 (Foto: Alexandre Vidal\/Flamengo)"},{"@type":"BreadcrumbList","@id":"https:\/\/www.gaveanews.com\/index.php\/2021\/10\/11\/michael-atinge-melhor-media-da-carreira-com-renato-no-flamengo\/#breadcrumb","itemListElement":[{"@type":"ListItem","position":1,"name":"Home","item":"https:\/\/www.gaveanews.com\/"},{"@type":"ListItem","position":2,"name":"Michael atinge melhor m\u00e9dia da carreira com Renato no Flamengo"}]},{"@type":"WebSite","@id":"https:\/\/www.gaveanews.com\/#website","url":"https:\/\/www.gaveanews.com\/","name":"G\u00e1vea News","description":"Veja todas as not\u00edcias sobre o Flamengo: Contrata\u00e7\u00f5es, categorias de base, resultados das partidas, tabela de classifica\u00e7\u00e3o, pr\u00f3ximos jogos!","potentialAction":[{"@type":"SearchAction","target":{"@type":"EntryPoint","urlTemplate":"https:\/\/www.gaveanews.com\/?s={search_term_string}"},"query-input":{"@type":"PropertyValueSpecification","valueRequired":true,"valueName":"search_term_string"}}],"inLanguage":"pt-BR"},{"@type":"Person","@id":"https:\/\/www.gaveanews.com\/#\/schema\/person\/2ec14f73fb96be2caf28f91afb14749d","name":"Equipe G\u00e1vea News","image":{"@type":"ImageObject","inLanguage":"pt-BR","@id":"https:\/\/www.gaveanews.com\/#\/schema\/person\/image\/","url":"https:\/\/secure.gravatar.com\/avatar\/1e1956f1facbffd3f8fa53a326721950116b3b9dc9bd44939c01180fd4a745a9?s=96&d=mm&r=g","contentUrl":"https:\/\/secure.gravatar.com\/avatar\/1e1956f1facbffd3f8fa53a326721950116b3b9dc9bd44939c01180fd4a745a9?s=96&d=mm&r=g","caption":"Equipe G\u00e1vea News"}}]}},"_links":{"self":[{"href":"https:\/\/www.gaveanews.com\/index.php\/wp-json\/wp\/v2\/posts\/69796","targetHints":{"allow":["GET"]}}],"collection":[{"href":"https:\/\/www.gaveanews.com\/index.php\/wp-json\/wp\/v2\/posts"}],"about":[{"href":"https:\/\/www.gaveanews.com\/index.php\/wp-json\/wp\/v2\/types\/post"}],"author":[{"embeddable":true,"href":"https:\/\/www.gaveanews.com\/index.php\/wp-json\/wp\/v2\/users\/1"}],"replies":[{"embeddable":true,"href":"https:\/\/www.gaveanews.com\/index.php\/wp-json\/wp\/v2\/comments?post=69796"}],"version-history":[{"count":0,"href":"https:\/\/www.gaveanews.com\/index.php\/wp-json\/wp\/v2\/posts\/69796\/revisions"}],"wp:featuredmedia":[{"embeddable":true,"href":"https:\/\/www.gaveanews.com\/index.php\/wp-json\/wp\/v2\/media\/69690"}],"wp:attachment":[{"href":"https:\/\/www.gaveanews.com\/index.php\/wp-json\/wp\/v2\/media?parent=69796"}],"wp:term":[{"taxonomy":"category","embeddable":true,"href":"https:\/\/www.gaveanews.com\/index.php\/wp-json\/wp\/v2\/categories?post=69796"},{"taxonomy":"post_tag","embeddable":true,"href":"https:\/\/www.gaveanews.com\/index.php\/wp-json\/wp\/v2\/tags?post=69796"}],"curies":[{"name":"wp","href":"https:\/\/api.w.org\/{rel}","templated":true}]}}