{"id":69825,"date":"2021-10-11T23:12:00","date_gmt":"2021-10-12T02:12:00","guid":{"rendered":"https:\/\/www.gaveanews.com\/?p=69825"},"modified":"2021-10-12T00:06:01","modified_gmt":"2021-10-12T03:06:01","slug":"astro-do-atletico-de-madrid-cogita-jogar-pelo-flamengo","status":"publish","type":"post","link":"https:\/\/www.gaveanews.com\/index.php\/2021\/10\/11\/astro-do-atletico-de-madrid-cogita-jogar-pelo-flamengo\/","title":{"rendered":"Astro do Atl\u00e9tico de Madrid cogita jogar pelo Flamengo"},"content":{"rendered":"\n<p>Craques mundo afora vem cada vez mais revelando o desejo de jogar no Flamengo. Com contrata\u00e7\u00f5es de peso e uma boa sequ\u00eancia de t\u00edtulos, o Rubro-Negro vem consolidando sua hegemonia. A bola da vez \u00e9 o craque portugu\u00eas Jo\u00e3o F\u00e9lix. Em entrevista ao \u2018TNT Sports\u2019, o jovem atacante revelou que acompanha o Brasileir\u00e3o e disse que caso um dia atuasse no Brasil, preferiria a camisa vermelha, confira:<\/p>\n\n\n\n<p><strong><em>\u2014 N\u00e3o tenho uma equipe favorita. At\u00e9 acompanho o Brasileir\u00e3o e a Libertadores, porque cada vez mais jogadores que jogavam na Europa foram para l\u00e1, ent\u00e3o acompanho. Mas n\u00e3o, n\u00e3o me chamaram. Acho [que preferiria a vermelha]. Sempre gostei de jogar de vermelho. Quem sabe um dia?<\/em><\/strong>, declarou Jo\u00e3o F\u00e9lix.<\/p>\n\n\n\n<p>Segundo o jornal espanhol \u2018As\u2019, desde 2016, o Meng\u00e3o refor\u00e7ou seu elenco com 14 jogadores vindos da Europa. Confira a lista dos atletas:<\/p>\n\n\n\n<ul class=\"wp-block-list\"><li>Diego Ribas (2016) \u2013 Depois de rescindir com o Fenerbahce<\/li><li>Diego Alves (2017) \u2013 Val\u00eancia<\/li><li>Vitinho (2018) \u2013 CSKA Moscou<\/li><li>Filipe Lu\u00eds (2019) \u2013 Depois de rescindir com o Atl\u00e9tico de Madrid<\/li><li>Rafinha (2019) &#8211; Depois de rescindir com o Bayern\u00a0<\/li><li>Pablo Mar\u00ed (2019) &#8211; Manchester City<\/li><li>Mauricio Isla (2019) \u2013 Depois de rescindir com o Fenerbahce<\/li><li>Thiago Maia (2020) \u2013 Emprestado pelo Lille<\/li><li>Gabriel Barbosa (2020) \u2013 Inter de Mil\u00e3o<\/li><li>Pedro (2020)\u00a0\u2013 Fiorentina<\/li><li>Bruno Viana (2021)\u00a0\u2013 SC Braga<\/li><li>Kenedy (2021)\u00a0\u2013 Chelsea<\/li><li>Andreas Pereira (2021)\u00a0\u2013 Manchester United<\/li><li>David Luiz (2021) \u2013 Depois de rescindir com o Arsenal<\/li><\/ul>\n\n\n\n<p>Se o portugu\u00eas vir\u00e1, n\u00e3o sabemos, mas pela sua idade, ele ainda tem muito o que realizar no futebol europeu. Por\u00e9m, a declara\u00e7\u00e3o do jogador s\u00f3 comprova cada vez mais a internacionaliza\u00e7\u00e3o da marca \u2018Flamengo\u2019 e consolida a hegemonia do Meng\u00e3o no continente.<\/p>\n\n\n\n<p>Retirado de: Di\u00e1rio do Fla<\/p>\n","protected":false},"excerpt":{"rendered":"<p>Craques mundo afora vem cada vez mais revelando o desejo de jogar no Flamengo. Com contrata\u00e7\u00f5es de peso e uma boa sequ\u00eancia de t\u00edtulos, o Rubro-Negro vem consolidando sua hegemonia. A bola da vez \u00e9 o craque portugu\u00eas Jo\u00e3o F\u00e9lix. Em entrevista ao \u2018TNT Sports\u2019, o jovem atacante revelou que acompanha o Brasileir\u00e3o e disse [&hellip;]<\/p>\n","protected":false},"author":1,"featured_media":69826,"comment_status":"open","ping_status":"closed","sticky":false,"template":"","format":"standard","meta":{"footnotes":""},"categories":[1],"tags":[],"class_list":["post-69825","post","type-post","status-publish","format-standard","has-post-thumbnail","hentry","category-flamengo"],"yoast_head":"<!-- This site is optimized with the Yoast SEO Premium plugin v24.2 (Yoast SEO v26.9) - https:\/\/yoast.com\/product\/yoast-seo-premium-wordpress\/ -->\n<title>Astro do Atl\u00e9tico de Madrid cogita jogar pelo Flamengo<\/title>\n<meta name=\"robots\" content=\"index, follow, max-snippet:-1, max-image-preview:large, max-video-preview:-1\" \/>\n<link rel=\"canonical\" href=\"https:\/\/www.gaveanews.com\/index.php\/2021\/10\/11\/astro-do-atletico-de-madrid-cogita-jogar-pelo-flamengo\/\" \/>\n<meta property=\"og:locale\" content=\"pt_BR\" \/>\n<meta property=\"og:type\" content=\"article\" \/>\n<meta property=\"og:title\" content=\"Astro do Atl\u00e9tico de Madrid cogita jogar pelo Flamengo\" \/>\n<meta property=\"og:description\" content=\"Craques mundo afora vem cada vez mais revelando o desejo de jogar no Flamengo. Com contrata\u00e7\u00f5es de peso e uma boa sequ\u00eancia de t\u00edtulos, o Rubro-Negro vem consolidando sua hegemonia. A bola da vez \u00e9 o craque portugu\u00eas Jo\u00e3o F\u00e9lix. Em entrevista ao \u2018TNT Sports\u2019, o jovem atacante revelou que acompanha o Brasileir\u00e3o e disse [&hellip;]\" \/>\n<meta property=\"og:url\" content=\"https:\/\/www.gaveanews.com\/index.php\/2021\/10\/11\/astro-do-atletico-de-madrid-cogita-jogar-pelo-flamengo\/\" \/>\n<meta property=\"og:site_name\" content=\"G\u00e1vea News\" \/>\n<meta property=\"article:publisher\" content=\"https:\/\/facebook.com\/gaveaNews\/\" \/>\n<meta property=\"article:published_time\" content=\"2021-10-12T02:12:00+00:00\" \/>\n<meta property=\"article:modified_time\" content=\"2021-10-12T03:06:01+00:00\" \/>\n<meta property=\"og:image\" content=\"https:\/\/www.gaveanews.com\/wp-content\/uploads\/Joao-Felix-durante-um-jogo-de-Portugal.webp\" \/>\n\t<meta property=\"og:image:width\" content=\"860\" \/>\n\t<meta property=\"og:image:height\" content=\"573\" \/>\n\t<meta property=\"og:image:type\" content=\"image\/webp\" \/>\n<meta name=\"author\" content=\"Equipe G\u00e1vea News\" \/>\n<meta name=\"twitter:card\" content=\"summary_large_image\" \/>\n<meta name=\"twitter:label1\" content=\"Escrito por\" \/>\n\t<meta name=\"twitter:data1\" content=\"Equipe G\u00e1vea News\" \/>\n\t<meta name=\"twitter:label2\" content=\"Est. tempo de leitura\" \/>\n\t<meta name=\"twitter:data2\" content=\"2 minutos\" \/>\n<script type=\"application\/ld+json\" class=\"yoast-schema-graph\">{\"@context\":\"https:\/\/schema.org\",\"@graph\":[{\"@type\":\"NewsArticle\",\"@id\":\"https:\/\/www.gaveanews.com\/index.php\/2021\/10\/11\/astro-do-atletico-de-madrid-cogita-jogar-pelo-flamengo\/#article\",\"isPartOf\":{\"@id\":\"https:\/\/www.gaveanews.com\/index.php\/2021\/10\/11\/astro-do-atletico-de-madrid-cogita-jogar-pelo-flamengo\/\"},\"author\":{\"name\":\"Equipe G\u00e1vea News\",\"@id\":\"https:\/\/www.gaveanews.com\/#\/schema\/person\/2ec14f73fb96be2caf28f91afb14749d\"},\"headline\":\"Astro do Atl\u00e9tico de Madrid cogita jogar pelo Flamengo\",\"datePublished\":\"2021-10-12T02:12:00+00:00\",\"dateModified\":\"2021-10-12T03:06:01+00:00\",\"mainEntityOfPage\":{\"@id\":\"https:\/\/www.gaveanews.com\/index.php\/2021\/10\/11\/astro-do-atletico-de-madrid-cogita-jogar-pelo-flamengo\/\"},\"wordCount\":296,\"commentCount\":18,\"image\":{\"@id\":\"https:\/\/www.gaveanews.com\/index.php\/2021\/10\/11\/astro-do-atletico-de-madrid-cogita-jogar-pelo-flamengo\/#primaryimage\"},\"thumbnailUrl\":\"https:\/\/www.gaveanews.com\/wp-content\/uploads\/Joao-Felix-durante-um-jogo-de-Portugal.webp\",\"articleSection\":[\"Flamengo\"],\"inLanguage\":\"pt-BR\",\"potentialAction\":[{\"@type\":\"CommentAction\",\"name\":\"Comment\",\"target\":[\"https:\/\/www.gaveanews.com\/index.php\/2021\/10\/11\/astro-do-atletico-de-madrid-cogita-jogar-pelo-flamengo\/#respond\"]}],\"copyrightYear\":\"2021\",\"copyrightHolder\":{\"@id\":\"https:\/\/www.gaveanews.com\/#organization\"}},{\"@type\":\"WebPage\",\"@id\":\"https:\/\/www.gaveanews.com\/index.php\/2021\/10\/11\/astro-do-atletico-de-madrid-cogita-jogar-pelo-flamengo\/\",\"url\":\"https:\/\/www.gaveanews.com\/index.php\/2021\/10\/11\/astro-do-atletico-de-madrid-cogita-jogar-pelo-flamengo\/\",\"name\":\"Astro do Atl\u00e9tico de Madrid cogita jogar pelo Flamengo\",\"isPartOf\":{\"@id\":\"https:\/\/www.gaveanews.com\/#website\"},\"primaryImageOfPage\":{\"@id\":\"https:\/\/www.gaveanews.com\/index.php\/2021\/10\/11\/astro-do-atletico-de-madrid-cogita-jogar-pelo-flamengo\/#primaryimage\"},\"image\":{\"@id\":\"https:\/\/www.gaveanews.com\/index.php\/2021\/10\/11\/astro-do-atletico-de-madrid-cogita-jogar-pelo-flamengo\/#primaryimage\"},\"thumbnailUrl\":\"https:\/\/www.gaveanews.com\/wp-content\/uploads\/Joao-Felix-durante-um-jogo-de-Portugal.webp\",\"datePublished\":\"2021-10-12T02:12:00+00:00\",\"dateModified\":\"2021-10-12T03:06:01+00:00\",\"author\":{\"@id\":\"https:\/\/www.gaveanews.com\/#\/schema\/person\/2ec14f73fb96be2caf28f91afb14749d\"},\"breadcrumb\":{\"@id\":\"https:\/\/www.gaveanews.com\/index.php\/2021\/10\/11\/astro-do-atletico-de-madrid-cogita-jogar-pelo-flamengo\/#breadcrumb\"},\"inLanguage\":\"pt-BR\",\"potentialAction\":[{\"@type\":\"ReadAction\",\"target\":[\"https:\/\/www.gaveanews.com\/index.php\/2021\/10\/11\/astro-do-atletico-de-madrid-cogita-jogar-pelo-flamengo\/\"]}]},{\"@type\":\"ImageObject\",\"inLanguage\":\"pt-BR\",\"@id\":\"https:\/\/www.gaveanews.com\/index.php\/2021\/10\/11\/astro-do-atletico-de-madrid-cogita-jogar-pelo-flamengo\/#primaryimage\",\"url\":\"https:\/\/www.gaveanews.com\/wp-content\/uploads\/Joao-Felix-durante-um-jogo-de-Portugal.webp\",\"contentUrl\":\"https:\/\/www.gaveanews.com\/wp-content\/uploads\/Joao-Felix-durante-um-jogo-de-Portugal.webp\",\"width\":860,\"height\":573,\"caption\":\"Jo\u00e3o F\u00e9lix durante um jogo de Portugal (Foto: Jonathan Moscrop\/Getty)\"},{\"@type\":\"BreadcrumbList\",\"@id\":\"https:\/\/www.gaveanews.com\/index.php\/2021\/10\/11\/astro-do-atletico-de-madrid-cogita-jogar-pelo-flamengo\/#breadcrumb\",\"itemListElement\":[{\"@type\":\"ListItem\",\"position\":1,\"name\":\"Home\",\"item\":\"https:\/\/www.gaveanews.com\/\"},{\"@type\":\"ListItem\",\"position\":2,\"name\":\"Astro do Atl\u00e9tico de Madrid cogita jogar pelo Flamengo\"}]},{\"@type\":\"WebSite\",\"@id\":\"https:\/\/www.gaveanews.com\/#website\",\"url\":\"https:\/\/www.gaveanews.com\/\",\"name\":\"G\u00e1vea News\",\"description\":\"Veja todas as not\u00edcias sobre o Flamengo: Contrata\u00e7\u00f5es, categorias de base, resultados das partidas, tabela de classifica\u00e7\u00e3o, pr\u00f3ximos jogos!\",\"potentialAction\":[{\"@type\":\"SearchAction\",\"target\":{\"@type\":\"EntryPoint\",\"urlTemplate\":\"https:\/\/www.gaveanews.com\/?s={search_term_string}\"},\"query-input\":{\"@type\":\"PropertyValueSpecification\",\"valueRequired\":true,\"valueName\":\"search_term_string\"}}],\"inLanguage\":\"pt-BR\"},{\"@type\":\"Person\",\"@id\":\"https:\/\/www.gaveanews.com\/#\/schema\/person\/2ec14f73fb96be2caf28f91afb14749d\",\"name\":\"Equipe G\u00e1vea News\",\"image\":{\"@type\":\"ImageObject\",\"inLanguage\":\"pt-BR\",\"@id\":\"https:\/\/www.gaveanews.com\/#\/schema\/person\/image\/\",\"url\":\"https:\/\/secure.gravatar.com\/avatar\/1e1956f1facbffd3f8fa53a326721950116b3b9dc9bd44939c01180fd4a745a9?s=96&d=mm&r=g\",\"contentUrl\":\"https:\/\/secure.gravatar.com\/avatar\/1e1956f1facbffd3f8fa53a326721950116b3b9dc9bd44939c01180fd4a745a9?s=96&d=mm&r=g\",\"caption\":\"Equipe G\u00e1vea News\"}}]}<\/script>\n<!-- \/ Yoast SEO Premium plugin. -->","yoast_head_json":{"title":"Astro do Atl\u00e9tico de Madrid cogita jogar pelo Flamengo","robots":{"index":"index","follow":"follow","max-snippet":"max-snippet:-1","max-image-preview":"max-image-preview:large","max-video-preview":"max-video-preview:-1"},"canonical":"https:\/\/www.gaveanews.com\/index.php\/2021\/10\/11\/astro-do-atletico-de-madrid-cogita-jogar-pelo-flamengo\/","og_locale":"pt_BR","og_type":"article","og_title":"Astro do Atl\u00e9tico de Madrid cogita jogar pelo Flamengo","og_description":"Craques mundo afora vem cada vez mais revelando o desejo de jogar no Flamengo. Com contrata\u00e7\u00f5es de peso e uma boa sequ\u00eancia de t\u00edtulos, o Rubro-Negro vem consolidando sua hegemonia. A bola da vez \u00e9 o craque portugu\u00eas Jo\u00e3o F\u00e9lix. Em entrevista ao \u2018TNT Sports\u2019, o jovem atacante revelou que acompanha o Brasileir\u00e3o e disse [&hellip;]","og_url":"https:\/\/www.gaveanews.com\/index.php\/2021\/10\/11\/astro-do-atletico-de-madrid-cogita-jogar-pelo-flamengo\/","og_site_name":"G\u00e1vea News","article_publisher":"https:\/\/facebook.com\/gaveaNews\/","article_published_time":"2021-10-12T02:12:00+00:00","article_modified_time":"2021-10-12T03:06:01+00:00","og_image":[{"width":860,"height":573,"url":"https:\/\/www.gaveanews.com\/wp-content\/uploads\/Joao-Felix-durante-um-jogo-de-Portugal.webp","type":"image\/webp"}],"author":"Equipe G\u00e1vea News","twitter_card":"summary_large_image","twitter_misc":{"Escrito por":"Equipe G\u00e1vea News","Est. tempo de leitura":"2 minutos"},"schema":{"@context":"https:\/\/schema.org","@graph":[{"@type":"NewsArticle","@id":"https:\/\/www.gaveanews.com\/index.php\/2021\/10\/11\/astro-do-atletico-de-madrid-cogita-jogar-pelo-flamengo\/#article","isPartOf":{"@id":"https:\/\/www.gaveanews.com\/index.php\/2021\/10\/11\/astro-do-atletico-de-madrid-cogita-jogar-pelo-flamengo\/"},"author":{"name":"Equipe G\u00e1vea News","@id":"https:\/\/www.gaveanews.com\/#\/schema\/person\/2ec14f73fb96be2caf28f91afb14749d"},"headline":"Astro do Atl\u00e9tico de Madrid cogita jogar pelo Flamengo","datePublished":"2021-10-12T02:12:00+00:00","dateModified":"2021-10-12T03:06:01+00:00","mainEntityOfPage":{"@id":"https:\/\/www.gaveanews.com\/index.php\/2021\/10\/11\/astro-do-atletico-de-madrid-cogita-jogar-pelo-flamengo\/"},"wordCount":296,"commentCount":18,"image":{"@id":"https:\/\/www.gaveanews.com\/index.php\/2021\/10\/11\/astro-do-atletico-de-madrid-cogita-jogar-pelo-flamengo\/#primaryimage"},"thumbnailUrl":"https:\/\/www.gaveanews.com\/wp-content\/uploads\/Joao-Felix-durante-um-jogo-de-Portugal.webp","articleSection":["Flamengo"],"inLanguage":"pt-BR","potentialAction":[{"@type":"CommentAction","name":"Comment","target":["https:\/\/www.gaveanews.com\/index.php\/2021\/10\/11\/astro-do-atletico-de-madrid-cogita-jogar-pelo-flamengo\/#respond"]}],"copyrightYear":"2021","copyrightHolder":{"@id":"https:\/\/www.gaveanews.com\/#organization"}},{"@type":"WebPage","@id":"https:\/\/www.gaveanews.com\/index.php\/2021\/10\/11\/astro-do-atletico-de-madrid-cogita-jogar-pelo-flamengo\/","url":"https:\/\/www.gaveanews.com\/index.php\/2021\/10\/11\/astro-do-atletico-de-madrid-cogita-jogar-pelo-flamengo\/","name":"Astro do Atl\u00e9tico de Madrid cogita jogar pelo Flamengo","isPartOf":{"@id":"https:\/\/www.gaveanews.com\/#website"},"primaryImageOfPage":{"@id":"https:\/\/www.gaveanews.com\/index.php\/2021\/10\/11\/astro-do-atletico-de-madrid-cogita-jogar-pelo-flamengo\/#primaryimage"},"image":{"@id":"https:\/\/www.gaveanews.com\/index.php\/2021\/10\/11\/astro-do-atletico-de-madrid-cogita-jogar-pelo-flamengo\/#primaryimage"},"thumbnailUrl":"https:\/\/www.gaveanews.com\/wp-content\/uploads\/Joao-Felix-durante-um-jogo-de-Portugal.webp","datePublished":"2021-10-12T02:12:00+00:00","dateModified":"2021-10-12T03:06:01+00:00","author":{"@id":"https:\/\/www.gaveanews.com\/#\/schema\/person\/2ec14f73fb96be2caf28f91afb14749d"},"breadcrumb":{"@id":"https:\/\/www.gaveanews.com\/index.php\/2021\/10\/11\/astro-do-atletico-de-madrid-cogita-jogar-pelo-flamengo\/#breadcrumb"},"inLanguage":"pt-BR","potentialAction":[{"@type":"ReadAction","target":["https:\/\/www.gaveanews.com\/index.php\/2021\/10\/11\/astro-do-atletico-de-madrid-cogita-jogar-pelo-flamengo\/"]}]},{"@type":"ImageObject","inLanguage":"pt-BR","@id":"https:\/\/www.gaveanews.com\/index.php\/2021\/10\/11\/astro-do-atletico-de-madrid-cogita-jogar-pelo-flamengo\/#primaryimage","url":"https:\/\/www.gaveanews.com\/wp-content\/uploads\/Joao-Felix-durante-um-jogo-de-Portugal.webp","contentUrl":"https:\/\/www.gaveanews.com\/wp-content\/uploads\/Joao-Felix-durante-um-jogo-de-Portugal.webp","width":860,"height":573,"caption":"Jo\u00e3o F\u00e9lix durante um jogo de Portugal (Foto: Jonathan Moscrop\/Getty)"},{"@type":"BreadcrumbList","@id":"https:\/\/www.gaveanews.com\/index.php\/2021\/10\/11\/astro-do-atletico-de-madrid-cogita-jogar-pelo-flamengo\/#breadcrumb","itemListElement":[{"@type":"ListItem","position":1,"name":"Home","item":"https:\/\/www.gaveanews.com\/"},{"@type":"ListItem","position":2,"name":"Astro do Atl\u00e9tico de Madrid cogita jogar pelo Flamengo"}]},{"@type":"WebSite","@id":"https:\/\/www.gaveanews.com\/#website","url":"https:\/\/www.gaveanews.com\/","name":"G\u00e1vea News","description":"Veja todas as not\u00edcias sobre o Flamengo: Contrata\u00e7\u00f5es, categorias de base, resultados das partidas, tabela de classifica\u00e7\u00e3o, pr\u00f3ximos jogos!","potentialAction":[{"@type":"SearchAction","target":{"@type":"EntryPoint","urlTemplate":"https:\/\/www.gaveanews.com\/?s={search_term_string}"},"query-input":{"@type":"PropertyValueSpecification","valueRequired":true,"valueName":"search_term_string"}}],"inLanguage":"pt-BR"},{"@type":"Person","@id":"https:\/\/www.gaveanews.com\/#\/schema\/person\/2ec14f73fb96be2caf28f91afb14749d","name":"Equipe G\u00e1vea News","image":{"@type":"ImageObject","inLanguage":"pt-BR","@id":"https:\/\/www.gaveanews.com\/#\/schema\/person\/image\/","url":"https:\/\/secure.gravatar.com\/avatar\/1e1956f1facbffd3f8fa53a326721950116b3b9dc9bd44939c01180fd4a745a9?s=96&d=mm&r=g","contentUrl":"https:\/\/secure.gravatar.com\/avatar\/1e1956f1facbffd3f8fa53a326721950116b3b9dc9bd44939c01180fd4a745a9?s=96&d=mm&r=g","caption":"Equipe G\u00e1vea News"}}]}},"_links":{"self":[{"href":"https:\/\/www.gaveanews.com\/index.php\/wp-json\/wp\/v2\/posts\/69825","targetHints":{"allow":["GET"]}}],"collection":[{"href":"https:\/\/www.gaveanews.com\/index.php\/wp-json\/wp\/v2\/posts"}],"about":[{"href":"https:\/\/www.gaveanews.com\/index.php\/wp-json\/wp\/v2\/types\/post"}],"author":[{"embeddable":true,"href":"https:\/\/www.gaveanews.com\/index.php\/wp-json\/wp\/v2\/users\/1"}],"replies":[{"embeddable":true,"href":"https:\/\/www.gaveanews.com\/index.php\/wp-json\/wp\/v2\/comments?post=69825"}],"version-history":[{"count":0,"href":"https:\/\/www.gaveanews.com\/index.php\/wp-json\/wp\/v2\/posts\/69825\/revisions"}],"wp:featuredmedia":[{"embeddable":true,"href":"https:\/\/www.gaveanews.com\/index.php\/wp-json\/wp\/v2\/media\/69826"}],"wp:attachment":[{"href":"https:\/\/www.gaveanews.com\/index.php\/wp-json\/wp\/v2\/media?parent=69825"}],"wp:term":[{"taxonomy":"category","embeddable":true,"href":"https:\/\/www.gaveanews.com\/index.php\/wp-json\/wp\/v2\/categories?post=69825"},{"taxonomy":"post_tag","embeddable":true,"href":"https:\/\/www.gaveanews.com\/index.php\/wp-json\/wp\/v2\/tags?post=69825"}],"curies":[{"name":"wp","href":"https:\/\/api.w.org\/{rel}","templated":true}]}}