{"id":69837,"date":"2021-10-12T00:56:13","date_gmt":"2021-10-12T03:56:13","guid":{"rendered":"https:\/\/www.gaveanews.com\/?p=69837"},"modified":"2021-10-12T00:56:16","modified_gmt":"2021-10-12T03:56:16","slug":"flamengo-apela-para-cbf-nao-convocar-jogadores-do-clube","status":"publish","type":"post","link":"https:\/\/www.gaveanews.com\/index.php\/2021\/10\/12\/flamengo-apela-para-cbf-nao-convocar-jogadores-do-clube\/","title":{"rendered":"Flamengo apela para CBF n\u00e3o convocar jogadores do clube"},"content":{"rendered":"\n<p>O Flamengo entrou em contato oficialmente com a Confedera\u00e7\u00e3o Brasileira de Futebol (CBF) para tentar fazer com que seus jogadores n\u00e3o sejam convocados na pr\u00f3xima Data FIFA. As informa\u00e7\u00f5es foram divulgadas primeiramente pela Goal.com.<\/p>\n\n\n\n<p>Os dirigentes rubro-negros entendem que n\u00e3o haveria necessidade de desfalcar a equipe pelo fato da sele\u00e7\u00e3o brasileira estar com vaga praticamente assegurada na pr\u00f3xima Copa do Mundo.<\/p>\n\n\n\n<p>Por\u00e9m, a pr\u00f3xima Data FIFA reserva duelos importantes em novembro contra as sele\u00e7\u00f5es da Col\u00f4mbia e Argentina, v\u00e1lidos pelas Eliminat\u00f3rias da Copa do Mundo.<\/p>\n\n\n\n<p>A maior preocupa\u00e7\u00e3o do Flamengo est\u00e1 na condi\u00e7\u00e3o f\u00edsica dos jogadores ao retornarem das sele\u00e7\u00f5es em novembro, quando restar\u00e3o apenas 11 dias para a grande decis\u00e3o da Conmebol Libertadores 2021 em Montevid\u00e9u contra o Palmeiras.<\/p>\n\n\n\n<h2 class=\"wp-block-heading\" id=\"h-dirigente-do-flamengo-j-se-posicionou-publicamente\">Dirigente do Flamengo j\u00e1 se posicionou publicamente<\/h2>\n\n\n\n<p>No \u00faltimo domingo (10), Luiz Eduardo Baptista (vice-presidente de rela\u00e7\u00f5es externas do Flamengo) utilizou o Twitter para opinar sobre esta situa\u00e7\u00e3o envolvendo a sele\u00e7\u00e3o brasileira.<\/p>\n\n\n\n<p><strong><em>\u2014 Nas tr\u00eas \u00faltimas eliminat\u00f3rias sul-americanas para a Copa do Mundo, toda sele\u00e7\u00e3o que fez 27 pontos classificou-se. O Brasil j\u00e1 tem 28, estando, portanto, classificado. Tite n\u00e3o devia mais convocar atletas de times nacionais, desprestigiando campeonatos, patrocinadores e prejudicando clubes<\/em><\/strong>, Luiz Eduardo Baptista<\/p>\n\n\n\n<p>A comiss\u00e3o t\u00e9cnica da CBF avaliar\u00e1 o pedido do Flamengo ap\u00f3s o t\u00e9rmino da atual rodada das Eliminat\u00f3rias, ou seja, depois de enfrentar o Uruguai na pr\u00f3xima quinta-feira (14, na Arena da Amaz\u00f4nia, a partir das 21h30 pelo hor\u00e1rio de Bras\u00edlia.<\/p>\n\n\n\n<p>Retirado de: Torcedores<\/p>\n","protected":false},"excerpt":{"rendered":"<p>O Flamengo entrou em contato oficialmente com a Confedera\u00e7\u00e3o Brasileira de Futebol (CBF) para tentar fazer com que seus jogadores n\u00e3o sejam convocados na pr\u00f3xima Data FIFA. As informa\u00e7\u00f5es foram divulgadas primeiramente pela Goal.com. Os dirigentes rubro-negros entendem que n\u00e3o haveria necessidade de desfalcar a equipe pelo fato da sele\u00e7\u00e3o brasileira estar com vaga praticamente [&hellip;]<\/p>\n","protected":false},"author":1,"featured_media":51867,"comment_status":"open","ping_status":"closed","sticky":false,"template":"","format":"standard","meta":{"footnotes":""},"categories":[1],"tags":[],"class_list":["post-69837","post","type-post","status-publish","format-standard","has-post-thumbnail","hentry","category-flamengo"],"yoast_head":"<!-- This site is optimized with the Yoast SEO Premium plugin v24.2 (Yoast SEO v26.9) - https:\/\/yoast.com\/product\/yoast-seo-premium-wordpress\/ -->\n<title>Flamengo apela para CBF n\u00e3o convocar jogadores do clube<\/title>\n<meta name=\"robots\" content=\"index, follow, max-snippet:-1, max-image-preview:large, max-video-preview:-1\" \/>\n<link rel=\"canonical\" href=\"https:\/\/www.gaveanews.com\/index.php\/2021\/10\/12\/flamengo-apela-para-cbf-nao-convocar-jogadores-do-clube\/\" \/>\n<meta property=\"og:locale\" content=\"pt_BR\" \/>\n<meta property=\"og:type\" content=\"article\" \/>\n<meta property=\"og:title\" content=\"Flamengo apela para CBF n\u00e3o convocar jogadores do clube\" \/>\n<meta property=\"og:description\" content=\"O Flamengo entrou em contato oficialmente com a Confedera\u00e7\u00e3o Brasileira de Futebol (CBF) para tentar fazer com que seus jogadores n\u00e3o sejam convocados na pr\u00f3xima Data FIFA. As informa\u00e7\u00f5es foram divulgadas primeiramente pela Goal.com. Os dirigentes rubro-negros entendem que n\u00e3o haveria necessidade de desfalcar a equipe pelo fato da sele\u00e7\u00e3o brasileira estar com vaga praticamente [&hellip;]\" \/>\n<meta property=\"og:url\" content=\"https:\/\/www.gaveanews.com\/index.php\/2021\/10\/12\/flamengo-apela-para-cbf-nao-convocar-jogadores-do-clube\/\" \/>\n<meta property=\"og:site_name\" content=\"G\u00e1vea News\" \/>\n<meta property=\"article:publisher\" content=\"https:\/\/facebook.com\/gaveaNews\/\" \/>\n<meta property=\"article:published_time\" content=\"2021-10-12T03:56:13+00:00\" \/>\n<meta property=\"article:modified_time\" content=\"2021-10-12T03:56:16+00:00\" \/>\n<meta property=\"og:image\" content=\"https:\/\/www.gaveanews.com\/wp-content\/uploads\/Everton-Ribeiro-em-acao-pelo-Brasil.webp\" \/>\n\t<meta property=\"og:image:width\" content=\"900\" \/>\n\t<meta property=\"og:image:height\" content=\"506\" \/>\n\t<meta property=\"og:image:type\" content=\"image\/jpeg\" \/>\n<meta name=\"author\" content=\"Equipe G\u00e1vea News\" \/>\n<meta name=\"twitter:card\" content=\"summary_large_image\" \/>\n<meta name=\"twitter:label1\" content=\"Escrito por\" \/>\n\t<meta name=\"twitter:data1\" content=\"Equipe G\u00e1vea News\" \/>\n\t<meta name=\"twitter:label2\" content=\"Est. tempo de leitura\" \/>\n\t<meta name=\"twitter:data2\" content=\"2 minutos\" \/>\n<script type=\"application\/ld+json\" class=\"yoast-schema-graph\">{\"@context\":\"https:\/\/schema.org\",\"@graph\":[{\"@type\":\"NewsArticle\",\"@id\":\"https:\/\/www.gaveanews.com\/index.php\/2021\/10\/12\/flamengo-apela-para-cbf-nao-convocar-jogadores-do-clube\/#article\",\"isPartOf\":{\"@id\":\"https:\/\/www.gaveanews.com\/index.php\/2021\/10\/12\/flamengo-apela-para-cbf-nao-convocar-jogadores-do-clube\/\"},\"author\":{\"name\":\"Equipe G\u00e1vea News\",\"@id\":\"https:\/\/www.gaveanews.com\/#\/schema\/person\/2ec14f73fb96be2caf28f91afb14749d\"},\"headline\":\"Flamengo apela para CBF n\u00e3o convocar jogadores do clube\",\"datePublished\":\"2021-10-12T03:56:13+00:00\",\"dateModified\":\"2021-10-12T03:56:16+00:00\",\"mainEntityOfPage\":{\"@id\":\"https:\/\/www.gaveanews.com\/index.php\/2021\/10\/12\/flamengo-apela-para-cbf-nao-convocar-jogadores-do-clube\/\"},\"wordCount\":280,\"commentCount\":11,\"image\":{\"@id\":\"https:\/\/www.gaveanews.com\/index.php\/2021\/10\/12\/flamengo-apela-para-cbf-nao-convocar-jogadores-do-clube\/#primaryimage\"},\"thumbnailUrl\":\"https:\/\/www.gaveanews.com\/wp-content\/uploads\/Everton-Ribeiro-em-acao-pelo-Brasil.webp\",\"articleSection\":[\"Flamengo\"],\"inLanguage\":\"pt-BR\",\"potentialAction\":[{\"@type\":\"CommentAction\",\"name\":\"Comment\",\"target\":[\"https:\/\/www.gaveanews.com\/index.php\/2021\/10\/12\/flamengo-apela-para-cbf-nao-convocar-jogadores-do-clube\/#respond\"]}],\"copyrightYear\":\"2021\",\"copyrightHolder\":{\"@id\":\"https:\/\/www.gaveanews.com\/#organization\"}},{\"@type\":\"WebPage\",\"@id\":\"https:\/\/www.gaveanews.com\/index.php\/2021\/10\/12\/flamengo-apela-para-cbf-nao-convocar-jogadores-do-clube\/\",\"url\":\"https:\/\/www.gaveanews.com\/index.php\/2021\/10\/12\/flamengo-apela-para-cbf-nao-convocar-jogadores-do-clube\/\",\"name\":\"Flamengo apela para CBF n\u00e3o convocar jogadores do clube\",\"isPartOf\":{\"@id\":\"https:\/\/www.gaveanews.com\/#website\"},\"primaryImageOfPage\":{\"@id\":\"https:\/\/www.gaveanews.com\/index.php\/2021\/10\/12\/flamengo-apela-para-cbf-nao-convocar-jogadores-do-clube\/#primaryimage\"},\"image\":{\"@id\":\"https:\/\/www.gaveanews.com\/index.php\/2021\/10\/12\/flamengo-apela-para-cbf-nao-convocar-jogadores-do-clube\/#primaryimage\"},\"thumbnailUrl\":\"https:\/\/www.gaveanews.com\/wp-content\/uploads\/Everton-Ribeiro-em-acao-pelo-Brasil.webp\",\"datePublished\":\"2021-10-12T03:56:13+00:00\",\"dateModified\":\"2021-10-12T03:56:16+00:00\",\"author\":{\"@id\":\"https:\/\/www.gaveanews.com\/#\/schema\/person\/2ec14f73fb96be2caf28f91afb14749d\"},\"breadcrumb\":{\"@id\":\"https:\/\/www.gaveanews.com\/index.php\/2021\/10\/12\/flamengo-apela-para-cbf-nao-convocar-jogadores-do-clube\/#breadcrumb\"},\"inLanguage\":\"pt-BR\",\"potentialAction\":[{\"@type\":\"ReadAction\",\"target\":[\"https:\/\/www.gaveanews.com\/index.php\/2021\/10\/12\/flamengo-apela-para-cbf-nao-convocar-jogadores-do-clube\/\"]}]},{\"@type\":\"ImageObject\",\"inLanguage\":\"pt-BR\",\"@id\":\"https:\/\/www.gaveanews.com\/index.php\/2021\/10\/12\/flamengo-apela-para-cbf-nao-convocar-jogadores-do-clube\/#primaryimage\",\"url\":\"https:\/\/www.gaveanews.com\/wp-content\/uploads\/Everton-Ribeiro-em-acao-pelo-Brasil.webp\",\"contentUrl\":\"https:\/\/www.gaveanews.com\/wp-content\/uploads\/Everton-Ribeiro-em-acao-pelo-Brasil.webp\",\"width\":900,\"height\":506,\"caption\":\"Everton Ribeiro em a\u00e7\u00e3o pelo Brasil (Foto: Lucas Figueiredo\/CBF)\"},{\"@type\":\"BreadcrumbList\",\"@id\":\"https:\/\/www.gaveanews.com\/index.php\/2021\/10\/12\/flamengo-apela-para-cbf-nao-convocar-jogadores-do-clube\/#breadcrumb\",\"itemListElement\":[{\"@type\":\"ListItem\",\"position\":1,\"name\":\"Home\",\"item\":\"https:\/\/www.gaveanews.com\/\"},{\"@type\":\"ListItem\",\"position\":2,\"name\":\"Flamengo apela para CBF n\u00e3o convocar jogadores do clube\"}]},{\"@type\":\"WebSite\",\"@id\":\"https:\/\/www.gaveanews.com\/#website\",\"url\":\"https:\/\/www.gaveanews.com\/\",\"name\":\"G\u00e1vea News\",\"description\":\"Veja todas as not\u00edcias sobre o Flamengo: Contrata\u00e7\u00f5es, categorias de base, resultados das partidas, tabela de classifica\u00e7\u00e3o, pr\u00f3ximos jogos!\",\"potentialAction\":[{\"@type\":\"SearchAction\",\"target\":{\"@type\":\"EntryPoint\",\"urlTemplate\":\"https:\/\/www.gaveanews.com\/?s={search_term_string}\"},\"query-input\":{\"@type\":\"PropertyValueSpecification\",\"valueRequired\":true,\"valueName\":\"search_term_string\"}}],\"inLanguage\":\"pt-BR\"},{\"@type\":\"Person\",\"@id\":\"https:\/\/www.gaveanews.com\/#\/schema\/person\/2ec14f73fb96be2caf28f91afb14749d\",\"name\":\"Equipe G\u00e1vea News\",\"image\":{\"@type\":\"ImageObject\",\"inLanguage\":\"pt-BR\",\"@id\":\"https:\/\/www.gaveanews.com\/#\/schema\/person\/image\/\",\"url\":\"https:\/\/secure.gravatar.com\/avatar\/1e1956f1facbffd3f8fa53a326721950116b3b9dc9bd44939c01180fd4a745a9?s=96&d=mm&r=g\",\"contentUrl\":\"https:\/\/secure.gravatar.com\/avatar\/1e1956f1facbffd3f8fa53a326721950116b3b9dc9bd44939c01180fd4a745a9?s=96&d=mm&r=g\",\"caption\":\"Equipe G\u00e1vea News\"}}]}<\/script>\n<!-- \/ Yoast SEO Premium plugin. -->","yoast_head_json":{"title":"Flamengo apela para CBF n\u00e3o convocar jogadores do clube","robots":{"index":"index","follow":"follow","max-snippet":"max-snippet:-1","max-image-preview":"max-image-preview:large","max-video-preview":"max-video-preview:-1"},"canonical":"https:\/\/www.gaveanews.com\/index.php\/2021\/10\/12\/flamengo-apela-para-cbf-nao-convocar-jogadores-do-clube\/","og_locale":"pt_BR","og_type":"article","og_title":"Flamengo apela para CBF n\u00e3o convocar jogadores do clube","og_description":"O Flamengo entrou em contato oficialmente com a Confedera\u00e7\u00e3o Brasileira de Futebol (CBF) para tentar fazer com que seus jogadores n\u00e3o sejam convocados na pr\u00f3xima Data FIFA. As informa\u00e7\u00f5es foram divulgadas primeiramente pela Goal.com. Os dirigentes rubro-negros entendem que n\u00e3o haveria necessidade de desfalcar a equipe pelo fato da sele\u00e7\u00e3o brasileira estar com vaga praticamente [&hellip;]","og_url":"https:\/\/www.gaveanews.com\/index.php\/2021\/10\/12\/flamengo-apela-para-cbf-nao-convocar-jogadores-do-clube\/","og_site_name":"G\u00e1vea News","article_publisher":"https:\/\/facebook.com\/gaveaNews\/","article_published_time":"2021-10-12T03:56:13+00:00","article_modified_time":"2021-10-12T03:56:16+00:00","og_image":[{"width":900,"height":506,"url":"https:\/\/www.gaveanews.com\/wp-content\/uploads\/Everton-Ribeiro-em-acao-pelo-Brasil.webp","type":"image\/jpeg"}],"author":"Equipe G\u00e1vea News","twitter_card":"summary_large_image","twitter_misc":{"Escrito por":"Equipe G\u00e1vea News","Est. tempo de leitura":"2 minutos"},"schema":{"@context":"https:\/\/schema.org","@graph":[{"@type":"NewsArticle","@id":"https:\/\/www.gaveanews.com\/index.php\/2021\/10\/12\/flamengo-apela-para-cbf-nao-convocar-jogadores-do-clube\/#article","isPartOf":{"@id":"https:\/\/www.gaveanews.com\/index.php\/2021\/10\/12\/flamengo-apela-para-cbf-nao-convocar-jogadores-do-clube\/"},"author":{"name":"Equipe G\u00e1vea News","@id":"https:\/\/www.gaveanews.com\/#\/schema\/person\/2ec14f73fb96be2caf28f91afb14749d"},"headline":"Flamengo apela para CBF n\u00e3o convocar jogadores do clube","datePublished":"2021-10-12T03:56:13+00:00","dateModified":"2021-10-12T03:56:16+00:00","mainEntityOfPage":{"@id":"https:\/\/www.gaveanews.com\/index.php\/2021\/10\/12\/flamengo-apela-para-cbf-nao-convocar-jogadores-do-clube\/"},"wordCount":280,"commentCount":11,"image":{"@id":"https:\/\/www.gaveanews.com\/index.php\/2021\/10\/12\/flamengo-apela-para-cbf-nao-convocar-jogadores-do-clube\/#primaryimage"},"thumbnailUrl":"https:\/\/www.gaveanews.com\/wp-content\/uploads\/Everton-Ribeiro-em-acao-pelo-Brasil.webp","articleSection":["Flamengo"],"inLanguage":"pt-BR","potentialAction":[{"@type":"CommentAction","name":"Comment","target":["https:\/\/www.gaveanews.com\/index.php\/2021\/10\/12\/flamengo-apela-para-cbf-nao-convocar-jogadores-do-clube\/#respond"]}],"copyrightYear":"2021","copyrightHolder":{"@id":"https:\/\/www.gaveanews.com\/#organization"}},{"@type":"WebPage","@id":"https:\/\/www.gaveanews.com\/index.php\/2021\/10\/12\/flamengo-apela-para-cbf-nao-convocar-jogadores-do-clube\/","url":"https:\/\/www.gaveanews.com\/index.php\/2021\/10\/12\/flamengo-apela-para-cbf-nao-convocar-jogadores-do-clube\/","name":"Flamengo apela para CBF n\u00e3o convocar jogadores do clube","isPartOf":{"@id":"https:\/\/www.gaveanews.com\/#website"},"primaryImageOfPage":{"@id":"https:\/\/www.gaveanews.com\/index.php\/2021\/10\/12\/flamengo-apela-para-cbf-nao-convocar-jogadores-do-clube\/#primaryimage"},"image":{"@id":"https:\/\/www.gaveanews.com\/index.php\/2021\/10\/12\/flamengo-apela-para-cbf-nao-convocar-jogadores-do-clube\/#primaryimage"},"thumbnailUrl":"https:\/\/www.gaveanews.com\/wp-content\/uploads\/Everton-Ribeiro-em-acao-pelo-Brasil.webp","datePublished":"2021-10-12T03:56:13+00:00","dateModified":"2021-10-12T03:56:16+00:00","author":{"@id":"https:\/\/www.gaveanews.com\/#\/schema\/person\/2ec14f73fb96be2caf28f91afb14749d"},"breadcrumb":{"@id":"https:\/\/www.gaveanews.com\/index.php\/2021\/10\/12\/flamengo-apela-para-cbf-nao-convocar-jogadores-do-clube\/#breadcrumb"},"inLanguage":"pt-BR","potentialAction":[{"@type":"ReadAction","target":["https:\/\/www.gaveanews.com\/index.php\/2021\/10\/12\/flamengo-apela-para-cbf-nao-convocar-jogadores-do-clube\/"]}]},{"@type":"ImageObject","inLanguage":"pt-BR","@id":"https:\/\/www.gaveanews.com\/index.php\/2021\/10\/12\/flamengo-apela-para-cbf-nao-convocar-jogadores-do-clube\/#primaryimage","url":"https:\/\/www.gaveanews.com\/wp-content\/uploads\/Everton-Ribeiro-em-acao-pelo-Brasil.webp","contentUrl":"https:\/\/www.gaveanews.com\/wp-content\/uploads\/Everton-Ribeiro-em-acao-pelo-Brasil.webp","width":900,"height":506,"caption":"Everton Ribeiro em a\u00e7\u00e3o pelo Brasil (Foto: Lucas Figueiredo\/CBF)"},{"@type":"BreadcrumbList","@id":"https:\/\/www.gaveanews.com\/index.php\/2021\/10\/12\/flamengo-apela-para-cbf-nao-convocar-jogadores-do-clube\/#breadcrumb","itemListElement":[{"@type":"ListItem","position":1,"name":"Home","item":"https:\/\/www.gaveanews.com\/"},{"@type":"ListItem","position":2,"name":"Flamengo apela para CBF n\u00e3o convocar jogadores do clube"}]},{"@type":"WebSite","@id":"https:\/\/www.gaveanews.com\/#website","url":"https:\/\/www.gaveanews.com\/","name":"G\u00e1vea News","description":"Veja todas as not\u00edcias sobre o Flamengo: Contrata\u00e7\u00f5es, categorias de base, resultados das partidas, tabela de classifica\u00e7\u00e3o, pr\u00f3ximos jogos!","potentialAction":[{"@type":"SearchAction","target":{"@type":"EntryPoint","urlTemplate":"https:\/\/www.gaveanews.com\/?s={search_term_string}"},"query-input":{"@type":"PropertyValueSpecification","valueRequired":true,"valueName":"search_term_string"}}],"inLanguage":"pt-BR"},{"@type":"Person","@id":"https:\/\/www.gaveanews.com\/#\/schema\/person\/2ec14f73fb96be2caf28f91afb14749d","name":"Equipe G\u00e1vea News","image":{"@type":"ImageObject","inLanguage":"pt-BR","@id":"https:\/\/www.gaveanews.com\/#\/schema\/person\/image\/","url":"https:\/\/secure.gravatar.com\/avatar\/1e1956f1facbffd3f8fa53a326721950116b3b9dc9bd44939c01180fd4a745a9?s=96&d=mm&r=g","contentUrl":"https:\/\/secure.gravatar.com\/avatar\/1e1956f1facbffd3f8fa53a326721950116b3b9dc9bd44939c01180fd4a745a9?s=96&d=mm&r=g","caption":"Equipe G\u00e1vea News"}}]}},"_links":{"self":[{"href":"https:\/\/www.gaveanews.com\/index.php\/wp-json\/wp\/v2\/posts\/69837","targetHints":{"allow":["GET"]}}],"collection":[{"href":"https:\/\/www.gaveanews.com\/index.php\/wp-json\/wp\/v2\/posts"}],"about":[{"href":"https:\/\/www.gaveanews.com\/index.php\/wp-json\/wp\/v2\/types\/post"}],"author":[{"embeddable":true,"href":"https:\/\/www.gaveanews.com\/index.php\/wp-json\/wp\/v2\/users\/1"}],"replies":[{"embeddable":true,"href":"https:\/\/www.gaveanews.com\/index.php\/wp-json\/wp\/v2\/comments?post=69837"}],"version-history":[{"count":0,"href":"https:\/\/www.gaveanews.com\/index.php\/wp-json\/wp\/v2\/posts\/69837\/revisions"}],"wp:featuredmedia":[{"embeddable":true,"href":"https:\/\/www.gaveanews.com\/index.php\/wp-json\/wp\/v2\/media\/51867"}],"wp:attachment":[{"href":"https:\/\/www.gaveanews.com\/index.php\/wp-json\/wp\/v2\/media?parent=69837"}],"wp:term":[{"taxonomy":"category","embeddable":true,"href":"https:\/\/www.gaveanews.com\/index.php\/wp-json\/wp\/v2\/categories?post=69837"},{"taxonomy":"post_tag","embeddable":true,"href":"https:\/\/www.gaveanews.com\/index.php\/wp-json\/wp\/v2\/tags?post=69837"}],"curies":[{"name":"wp","href":"https:\/\/api.w.org\/{rel}","templated":true}]}}