{"id":69979,"date":"2021-10-14T15:22:32","date_gmt":"2021-10-14T18:22:32","guid":{"rendered":"https:\/\/www.gaveanews.com\/?p=69979"},"modified":"2021-10-23T19:50:30","modified_gmt":"2021-10-23T22:50:30","slug":"com-gol-de-falta-na-conta-andreas-acumula-numeros-expressivos-no-fla","status":"publish","type":"post","link":"https:\/\/www.gaveanews.com\/index.php\/2021\/10\/14\/com-gol-de-falta-na-conta-andreas-acumula-numeros-expressivos-no-fla\/","title":{"rendered":"Com gol de falta na conta, Andreas acumula n\u00fameros expressivos no Fla"},"content":{"rendered":"\n<p>O Flamengo venceu o Juventude por 3 a 1 na noite da \u00faltima quarta-feira (13) e se manteve em boa sequ\u00eancia no Campeonato Brasileiro. A partida contou com excelentes participa\u00e7\u00f5es de v\u00e1rios jogadores rubro-negros, mas o principal nome do confronto foi Andreas Pereira, que encerrou o jejum de gols de falta do clube da G\u00e1vea.<\/p>\n\n\n\n<p>O meia deu mais um show vestindo o Manto Sagrado e cresceu nas estat\u00edsticas. Com seu gol, ele acumula quatro participa\u00e7\u00f5es diretas em tentos do Fla no Brasileir\u00e3o. No entanto, sua bola na rede foi apenas uma das seis finaliza\u00e7\u00f5es dele no jogo, o que o garantiu excelentes n\u00fameros pelo Rubro-Negro no torneio.<\/p>\n\n\n\n<p>Com o \u00faltimo resultado j\u00e1 calculado, Andreas precisa de menos de 30 minutos em campo para finalizar pelo time no Brasileiro. Titular em oito ocasi\u00f5es, o belga soma tr\u00eas gols marcados e uma assist\u00eancia distribu\u00edda, al\u00e9m de seis chutes no alvo e sete passes para finaliza\u00e7\u00e3o de companheiros. Assim, o camisa 18 precisa de apenas 121 minutos em campo para se envolver em jogadas que resultam em tentos para o Flamengo.<\/p>\n\n\n\n<p>Sem parte do elenco principal dispon\u00edvel devido a convoca\u00e7\u00f5es e les\u00f5es, Andreas tem assumido o protagonismo no time e proporcionado shows para a torcida. Tendo tantos pontos positivos em t\u00e3o pouco tempo, chega a ser impressionante pensar que ele est\u00e1 no Fla h\u00e1 menos de dois meses.<\/p>\n\n\n\n<p>Com Andreas brilhando pelo clube, o Flamengo aguarda para receber de volta os atletas convocados nos pr\u00f3ximos dias. Enquanto isso, Renato Ga\u00facho j\u00e1 prepara sua equipe para enfrentar o Cuiab\u00e1 no pr\u00f3ximo domingo (17). A partida, v\u00e1lida pela 27\u00aa rodada do Brasileir\u00e3o, ocorrer\u00e1 \u00e0s 20h30 (hor\u00e1rio de Bras\u00edlia), no Maracan\u00e3.<\/p>\n","protected":false},"excerpt":{"rendered":"<p>O Flamengo venceu o Juventude por 3 a 1 na noite da \u00faltima quarta-feira (13) e se manteve em boa sequ\u00eancia no Campeonato Brasileiro. A partida contou com excelentes participa\u00e7\u00f5es de v\u00e1rios jogadores rubro-negros, mas o principal nome do confronto foi Andreas Pereira, que encerrou o jejum de gols de falta do clube da G\u00e1vea. [&hellip;]<\/p>\n","protected":false},"author":4,"featured_media":69980,"comment_status":"open","ping_status":"closed","sticky":false,"template":"","format":"standard","meta":{"footnotes":""},"categories":[1],"tags":[],"class_list":["post-69979","post","type-post","status-publish","format-standard","has-post-thumbnail","hentry","category-flamengo"],"yoast_head":"<!-- This site is optimized with the Yoast SEO Premium plugin v24.2 (Yoast SEO v26.9) - https:\/\/yoast.com\/product\/yoast-seo-premium-wordpress\/ -->\n<title>Com gol de falta na conta, Andreas acumula n\u00fameros expressivos no Fla<\/title>\n<meta name=\"robots\" content=\"index, follow, max-snippet:-1, max-image-preview:large, max-video-preview:-1\" \/>\n<link rel=\"canonical\" href=\"https:\/\/www.gaveanews.com\/index.php\/2021\/10\/14\/com-gol-de-falta-na-conta-andreas-acumula-numeros-expressivos-no-fla\/\" \/>\n<meta property=\"og:locale\" content=\"pt_BR\" \/>\n<meta property=\"og:type\" content=\"article\" \/>\n<meta property=\"og:title\" content=\"Com gol de falta na conta, Andreas acumula n\u00fameros expressivos no Fla\" \/>\n<meta property=\"og:description\" content=\"O Flamengo venceu o Juventude por 3 a 1 na noite da \u00faltima quarta-feira (13) e se manteve em boa sequ\u00eancia no Campeonato Brasileiro. A partida contou com excelentes participa\u00e7\u00f5es de v\u00e1rios jogadores rubro-negros, mas o principal nome do confronto foi Andreas Pereira, que encerrou o jejum de gols de falta do clube da G\u00e1vea. [&hellip;]\" \/>\n<meta property=\"og:url\" content=\"https:\/\/www.gaveanews.com\/index.php\/2021\/10\/14\/com-gol-de-falta-na-conta-andreas-acumula-numeros-expressivos-no-fla\/\" \/>\n<meta property=\"og:site_name\" content=\"G\u00e1vea News\" \/>\n<meta property=\"article:publisher\" content=\"https:\/\/facebook.com\/gaveaNews\/\" \/>\n<meta property=\"article:published_time\" content=\"2021-10-14T18:22:32+00:00\" \/>\n<meta property=\"article:modified_time\" content=\"2021-10-23T22:50:30+00:00\" \/>\n<meta property=\"og:image\" content=\"https:\/\/www.gaveanews.com\/wp-content\/uploads\/Andreas-Pereira-em-acao-pelo-Flamengo-contra-o-Juventude-no-Campeonato-Brasileiro-2021.webp\" \/>\n\t<meta property=\"og:image:width\" content=\"800\" \/>\n\t<meta property=\"og:image:height\" content=\"533\" \/>\n\t<meta property=\"og:image:type\" content=\"image\/jpeg\" \/>\n<meta name=\"author\" content=\"Let\u00edcia Gerheim\" \/>\n<meta name=\"twitter:card\" content=\"summary_large_image\" \/>\n<meta name=\"twitter:label1\" content=\"Escrito por\" \/>\n\t<meta name=\"twitter:data1\" content=\"Let\u00edcia Gerheim\" \/>\n\t<meta name=\"twitter:label2\" content=\"Est. tempo de leitura\" \/>\n\t<meta name=\"twitter:data2\" content=\"2 minutos\" \/>\n<script type=\"application\/ld+json\" class=\"yoast-schema-graph\">{\"@context\":\"https:\/\/schema.org\",\"@graph\":[{\"@type\":\"NewsArticle\",\"@id\":\"https:\/\/www.gaveanews.com\/index.php\/2021\/10\/14\/com-gol-de-falta-na-conta-andreas-acumula-numeros-expressivos-no-fla\/#article\",\"isPartOf\":{\"@id\":\"https:\/\/www.gaveanews.com\/index.php\/2021\/10\/14\/com-gol-de-falta-na-conta-andreas-acumula-numeros-expressivos-no-fla\/\"},\"author\":{\"name\":\"Let\u00edcia Gerheim\",\"@id\":\"https:\/\/www.gaveanews.com\/#\/schema\/person\/714c67050b836198af2450ba1c142a67\"},\"headline\":\"Com gol de falta na conta, Andreas acumula n\u00fameros expressivos no Fla\",\"datePublished\":\"2021-10-14T18:22:32+00:00\",\"dateModified\":\"2021-10-23T22:50:30+00:00\",\"mainEntityOfPage\":{\"@id\":\"https:\/\/www.gaveanews.com\/index.php\/2021\/10\/14\/com-gol-de-falta-na-conta-andreas-acumula-numeros-expressivos-no-fla\/\"},\"wordCount\":307,\"commentCount\":0,\"image\":{\"@id\":\"https:\/\/www.gaveanews.com\/index.php\/2021\/10\/14\/com-gol-de-falta-na-conta-andreas-acumula-numeros-expressivos-no-fla\/#primaryimage\"},\"thumbnailUrl\":\"https:\/\/www.gaveanews.com\/wp-content\/uploads\/Andreas-Pereira-em-acao-pelo-Flamengo-contra-o-Juventude-no-Campeonato-Brasileiro-2021.webp\",\"articleSection\":[\"Flamengo\"],\"inLanguage\":\"pt-BR\",\"potentialAction\":[{\"@type\":\"CommentAction\",\"name\":\"Comment\",\"target\":[\"https:\/\/www.gaveanews.com\/index.php\/2021\/10\/14\/com-gol-de-falta-na-conta-andreas-acumula-numeros-expressivos-no-fla\/#respond\"]}],\"copyrightYear\":\"2021\",\"copyrightHolder\":{\"@id\":\"https:\/\/www.gaveanews.com\/#organization\"}},{\"@type\":\"WebPage\",\"@id\":\"https:\/\/www.gaveanews.com\/index.php\/2021\/10\/14\/com-gol-de-falta-na-conta-andreas-acumula-numeros-expressivos-no-fla\/\",\"url\":\"https:\/\/www.gaveanews.com\/index.php\/2021\/10\/14\/com-gol-de-falta-na-conta-andreas-acumula-numeros-expressivos-no-fla\/\",\"name\":\"Com gol de falta na conta, Andreas acumula n\u00fameros expressivos no Fla\",\"isPartOf\":{\"@id\":\"https:\/\/www.gaveanews.com\/#website\"},\"primaryImageOfPage\":{\"@id\":\"https:\/\/www.gaveanews.com\/index.php\/2021\/10\/14\/com-gol-de-falta-na-conta-andreas-acumula-numeros-expressivos-no-fla\/#primaryimage\"},\"image\":{\"@id\":\"https:\/\/www.gaveanews.com\/index.php\/2021\/10\/14\/com-gol-de-falta-na-conta-andreas-acumula-numeros-expressivos-no-fla\/#primaryimage\"},\"thumbnailUrl\":\"https:\/\/www.gaveanews.com\/wp-content\/uploads\/Andreas-Pereira-em-acao-pelo-Flamengo-contra-o-Juventude-no-Campeonato-Brasileiro-2021.webp\",\"datePublished\":\"2021-10-14T18:22:32+00:00\",\"dateModified\":\"2021-10-23T22:50:30+00:00\",\"author\":{\"@id\":\"https:\/\/www.gaveanews.com\/#\/schema\/person\/714c67050b836198af2450ba1c142a67\"},\"breadcrumb\":{\"@id\":\"https:\/\/www.gaveanews.com\/index.php\/2021\/10\/14\/com-gol-de-falta-na-conta-andreas-acumula-numeros-expressivos-no-fla\/#breadcrumb\"},\"inLanguage\":\"pt-BR\",\"potentialAction\":[{\"@type\":\"ReadAction\",\"target\":[\"https:\/\/www.gaveanews.com\/index.php\/2021\/10\/14\/com-gol-de-falta-na-conta-andreas-acumula-numeros-expressivos-no-fla\/\"]}]},{\"@type\":\"ImageObject\",\"inLanguage\":\"pt-BR\",\"@id\":\"https:\/\/www.gaveanews.com\/index.php\/2021\/10\/14\/com-gol-de-falta-na-conta-andreas-acumula-numeros-expressivos-no-fla\/#primaryimage\",\"url\":\"https:\/\/www.gaveanews.com\/wp-content\/uploads\/Andreas-Pereira-em-acao-pelo-Flamengo-contra-o-Juventude-no-Campeonato-Brasileiro-2021.webp\",\"contentUrl\":\"https:\/\/www.gaveanews.com\/wp-content\/uploads\/Andreas-Pereira-em-acao-pelo-Flamengo-contra-o-Juventude-no-Campeonato-Brasileiro-2021.webp\",\"width\":800,\"height\":533,\"caption\":\"Andreas Pereira em a\u00e7\u00e3o pelo Flamengo contra o Juventude no Campeonato Brasileiro 2021 (Foto: Marcelo Cortes\/Flamengo)\"},{\"@type\":\"BreadcrumbList\",\"@id\":\"https:\/\/www.gaveanews.com\/index.php\/2021\/10\/14\/com-gol-de-falta-na-conta-andreas-acumula-numeros-expressivos-no-fla\/#breadcrumb\",\"itemListElement\":[{\"@type\":\"ListItem\",\"position\":1,\"name\":\"Home\",\"item\":\"https:\/\/www.gaveanews.com\/\"},{\"@type\":\"ListItem\",\"position\":2,\"name\":\"Com gol de falta na conta, Andreas acumula n\u00fameros expressivos no Fla\"}]},{\"@type\":\"WebSite\",\"@id\":\"https:\/\/www.gaveanews.com\/#website\",\"url\":\"https:\/\/www.gaveanews.com\/\",\"name\":\"G\u00e1vea News\",\"description\":\"Veja todas as not\u00edcias sobre o Flamengo: Contrata\u00e7\u00f5es, categorias de base, resultados das partidas, tabela de classifica\u00e7\u00e3o, pr\u00f3ximos jogos!\",\"potentialAction\":[{\"@type\":\"SearchAction\",\"target\":{\"@type\":\"EntryPoint\",\"urlTemplate\":\"https:\/\/www.gaveanews.com\/?s={search_term_string}\"},\"query-input\":{\"@type\":\"PropertyValueSpecification\",\"valueRequired\":true,\"valueName\":\"search_term_string\"}}],\"inLanguage\":\"pt-BR\"},{\"@type\":\"Person\",\"@id\":\"https:\/\/www.gaveanews.com\/#\/schema\/person\/714c67050b836198af2450ba1c142a67\",\"name\":\"Let\u00edcia Gerheim\",\"image\":{\"@type\":\"ImageObject\",\"inLanguage\":\"pt-BR\",\"@id\":\"https:\/\/www.gaveanews.com\/#\/schema\/person\/image\/\",\"url\":\"https:\/\/secure.gravatar.com\/avatar\/60734739c50fcebfbac509e2a826ccd0ff405c019bc73aab9354f19ecad1dcb4?s=96&d=mm&r=g\",\"contentUrl\":\"https:\/\/secure.gravatar.com\/avatar\/60734739c50fcebfbac509e2a826ccd0ff405c019bc73aab9354f19ecad1dcb4?s=96&d=mm&r=g\",\"caption\":\"Let\u00edcia Gerheim\"}}]}<\/script>\n<!-- \/ Yoast SEO Premium plugin. -->","yoast_head_json":{"title":"Com gol de falta na conta, Andreas acumula n\u00fameros expressivos no Fla","robots":{"index":"index","follow":"follow","max-snippet":"max-snippet:-1","max-image-preview":"max-image-preview:large","max-video-preview":"max-video-preview:-1"},"canonical":"https:\/\/www.gaveanews.com\/index.php\/2021\/10\/14\/com-gol-de-falta-na-conta-andreas-acumula-numeros-expressivos-no-fla\/","og_locale":"pt_BR","og_type":"article","og_title":"Com gol de falta na conta, Andreas acumula n\u00fameros expressivos no Fla","og_description":"O Flamengo venceu o Juventude por 3 a 1 na noite da \u00faltima quarta-feira (13) e se manteve em boa sequ\u00eancia no Campeonato Brasileiro. A partida contou com excelentes participa\u00e7\u00f5es de v\u00e1rios jogadores rubro-negros, mas o principal nome do confronto foi Andreas Pereira, que encerrou o jejum de gols de falta do clube da G\u00e1vea. [&hellip;]","og_url":"https:\/\/www.gaveanews.com\/index.php\/2021\/10\/14\/com-gol-de-falta-na-conta-andreas-acumula-numeros-expressivos-no-fla\/","og_site_name":"G\u00e1vea News","article_publisher":"https:\/\/facebook.com\/gaveaNews\/","article_published_time":"2021-10-14T18:22:32+00:00","article_modified_time":"2021-10-23T22:50:30+00:00","og_image":[{"width":800,"height":533,"url":"https:\/\/www.gaveanews.com\/wp-content\/uploads\/Andreas-Pereira-em-acao-pelo-Flamengo-contra-o-Juventude-no-Campeonato-Brasileiro-2021.webp","type":"image\/jpeg"}],"author":"Let\u00edcia Gerheim","twitter_card":"summary_large_image","twitter_misc":{"Escrito por":"Let\u00edcia Gerheim","Est. tempo de leitura":"2 minutos"},"schema":{"@context":"https:\/\/schema.org","@graph":[{"@type":"NewsArticle","@id":"https:\/\/www.gaveanews.com\/index.php\/2021\/10\/14\/com-gol-de-falta-na-conta-andreas-acumula-numeros-expressivos-no-fla\/#article","isPartOf":{"@id":"https:\/\/www.gaveanews.com\/index.php\/2021\/10\/14\/com-gol-de-falta-na-conta-andreas-acumula-numeros-expressivos-no-fla\/"},"author":{"name":"Let\u00edcia Gerheim","@id":"https:\/\/www.gaveanews.com\/#\/schema\/person\/714c67050b836198af2450ba1c142a67"},"headline":"Com gol de falta na conta, Andreas acumula n\u00fameros expressivos no Fla","datePublished":"2021-10-14T18:22:32+00:00","dateModified":"2021-10-23T22:50:30+00:00","mainEntityOfPage":{"@id":"https:\/\/www.gaveanews.com\/index.php\/2021\/10\/14\/com-gol-de-falta-na-conta-andreas-acumula-numeros-expressivos-no-fla\/"},"wordCount":307,"commentCount":0,"image":{"@id":"https:\/\/www.gaveanews.com\/index.php\/2021\/10\/14\/com-gol-de-falta-na-conta-andreas-acumula-numeros-expressivos-no-fla\/#primaryimage"},"thumbnailUrl":"https:\/\/www.gaveanews.com\/wp-content\/uploads\/Andreas-Pereira-em-acao-pelo-Flamengo-contra-o-Juventude-no-Campeonato-Brasileiro-2021.webp","articleSection":["Flamengo"],"inLanguage":"pt-BR","potentialAction":[{"@type":"CommentAction","name":"Comment","target":["https:\/\/www.gaveanews.com\/index.php\/2021\/10\/14\/com-gol-de-falta-na-conta-andreas-acumula-numeros-expressivos-no-fla\/#respond"]}],"copyrightYear":"2021","copyrightHolder":{"@id":"https:\/\/www.gaveanews.com\/#organization"}},{"@type":"WebPage","@id":"https:\/\/www.gaveanews.com\/index.php\/2021\/10\/14\/com-gol-de-falta-na-conta-andreas-acumula-numeros-expressivos-no-fla\/","url":"https:\/\/www.gaveanews.com\/index.php\/2021\/10\/14\/com-gol-de-falta-na-conta-andreas-acumula-numeros-expressivos-no-fla\/","name":"Com gol de falta na conta, Andreas acumula n\u00fameros expressivos no Fla","isPartOf":{"@id":"https:\/\/www.gaveanews.com\/#website"},"primaryImageOfPage":{"@id":"https:\/\/www.gaveanews.com\/index.php\/2021\/10\/14\/com-gol-de-falta-na-conta-andreas-acumula-numeros-expressivos-no-fla\/#primaryimage"},"image":{"@id":"https:\/\/www.gaveanews.com\/index.php\/2021\/10\/14\/com-gol-de-falta-na-conta-andreas-acumula-numeros-expressivos-no-fla\/#primaryimage"},"thumbnailUrl":"https:\/\/www.gaveanews.com\/wp-content\/uploads\/Andreas-Pereira-em-acao-pelo-Flamengo-contra-o-Juventude-no-Campeonato-Brasileiro-2021.webp","datePublished":"2021-10-14T18:22:32+00:00","dateModified":"2021-10-23T22:50:30+00:00","author":{"@id":"https:\/\/www.gaveanews.com\/#\/schema\/person\/714c67050b836198af2450ba1c142a67"},"breadcrumb":{"@id":"https:\/\/www.gaveanews.com\/index.php\/2021\/10\/14\/com-gol-de-falta-na-conta-andreas-acumula-numeros-expressivos-no-fla\/#breadcrumb"},"inLanguage":"pt-BR","potentialAction":[{"@type":"ReadAction","target":["https:\/\/www.gaveanews.com\/index.php\/2021\/10\/14\/com-gol-de-falta-na-conta-andreas-acumula-numeros-expressivos-no-fla\/"]}]},{"@type":"ImageObject","inLanguage":"pt-BR","@id":"https:\/\/www.gaveanews.com\/index.php\/2021\/10\/14\/com-gol-de-falta-na-conta-andreas-acumula-numeros-expressivos-no-fla\/#primaryimage","url":"https:\/\/www.gaveanews.com\/wp-content\/uploads\/Andreas-Pereira-em-acao-pelo-Flamengo-contra-o-Juventude-no-Campeonato-Brasileiro-2021.webp","contentUrl":"https:\/\/www.gaveanews.com\/wp-content\/uploads\/Andreas-Pereira-em-acao-pelo-Flamengo-contra-o-Juventude-no-Campeonato-Brasileiro-2021.webp","width":800,"height":533,"caption":"Andreas Pereira em a\u00e7\u00e3o pelo Flamengo contra o Juventude no Campeonato Brasileiro 2021 (Foto: Marcelo Cortes\/Flamengo)"},{"@type":"BreadcrumbList","@id":"https:\/\/www.gaveanews.com\/index.php\/2021\/10\/14\/com-gol-de-falta-na-conta-andreas-acumula-numeros-expressivos-no-fla\/#breadcrumb","itemListElement":[{"@type":"ListItem","position":1,"name":"Home","item":"https:\/\/www.gaveanews.com\/"},{"@type":"ListItem","position":2,"name":"Com gol de falta na conta, Andreas acumula n\u00fameros expressivos no Fla"}]},{"@type":"WebSite","@id":"https:\/\/www.gaveanews.com\/#website","url":"https:\/\/www.gaveanews.com\/","name":"G\u00e1vea News","description":"Veja todas as not\u00edcias sobre o Flamengo: Contrata\u00e7\u00f5es, categorias de base, resultados das partidas, tabela de classifica\u00e7\u00e3o, pr\u00f3ximos jogos!","potentialAction":[{"@type":"SearchAction","target":{"@type":"EntryPoint","urlTemplate":"https:\/\/www.gaveanews.com\/?s={search_term_string}"},"query-input":{"@type":"PropertyValueSpecification","valueRequired":true,"valueName":"search_term_string"}}],"inLanguage":"pt-BR"},{"@type":"Person","@id":"https:\/\/www.gaveanews.com\/#\/schema\/person\/714c67050b836198af2450ba1c142a67","name":"Let\u00edcia Gerheim","image":{"@type":"ImageObject","inLanguage":"pt-BR","@id":"https:\/\/www.gaveanews.com\/#\/schema\/person\/image\/","url":"https:\/\/secure.gravatar.com\/avatar\/60734739c50fcebfbac509e2a826ccd0ff405c019bc73aab9354f19ecad1dcb4?s=96&d=mm&r=g","contentUrl":"https:\/\/secure.gravatar.com\/avatar\/60734739c50fcebfbac509e2a826ccd0ff405c019bc73aab9354f19ecad1dcb4?s=96&d=mm&r=g","caption":"Let\u00edcia Gerheim"}}]}},"_links":{"self":[{"href":"https:\/\/www.gaveanews.com\/index.php\/wp-json\/wp\/v2\/posts\/69979","targetHints":{"allow":["GET"]}}],"collection":[{"href":"https:\/\/www.gaveanews.com\/index.php\/wp-json\/wp\/v2\/posts"}],"about":[{"href":"https:\/\/www.gaveanews.com\/index.php\/wp-json\/wp\/v2\/types\/post"}],"author":[{"embeddable":true,"href":"https:\/\/www.gaveanews.com\/index.php\/wp-json\/wp\/v2\/users\/4"}],"replies":[{"embeddable":true,"href":"https:\/\/www.gaveanews.com\/index.php\/wp-json\/wp\/v2\/comments?post=69979"}],"version-history":[{"count":0,"href":"https:\/\/www.gaveanews.com\/index.php\/wp-json\/wp\/v2\/posts\/69979\/revisions"}],"wp:featuredmedia":[{"embeddable":true,"href":"https:\/\/www.gaveanews.com\/index.php\/wp-json\/wp\/v2\/media\/69980"}],"wp:attachment":[{"href":"https:\/\/www.gaveanews.com\/index.php\/wp-json\/wp\/v2\/media?parent=69979"}],"wp:term":[{"taxonomy":"category","embeddable":true,"href":"https:\/\/www.gaveanews.com\/index.php\/wp-json\/wp\/v2\/categories?post=69979"},{"taxonomy":"post_tag","embeddable":true,"href":"https:\/\/www.gaveanews.com\/index.php\/wp-json\/wp\/v2\/tags?post=69979"}],"curies":[{"name":"wp","href":"https:\/\/api.w.org\/{rel}","templated":true}]}}