{"id":70027,"date":"2021-10-14T17:59:26","date_gmt":"2021-10-14T20:59:26","guid":{"rendered":"https:\/\/www.gaveanews.com\/?p=70027"},"modified":"2021-10-14T17:59:29","modified_gmt":"2021-10-14T20:59:29","slug":"michael-vence-a-depressao-e-faz-a-diferenca-no-flamengo","status":"publish","type":"post","link":"https:\/\/www.gaveanews.com\/index.php\/2021\/10\/14\/michael-vence-a-depressao-e-faz-a-diferenca-no-flamengo\/","title":{"rendered":"Michael vence a depress\u00e3o e faz a diferen\u00e7a no Flamengo"},"content":{"rendered":"\n<p>Desde que chegou ao Flamengo, em janeiro de 2020, Michael passou por v\u00e1rios momentos dentro do clube. Da expectativa alta depois do grande Brasileir\u00e3o que fez com a camisa do Goi\u00e1s, as cr\u00edticas ferrenhas nas redes sociais e at\u00e9 mesmo a campanha para que fosse negociado. Hoje, no entanto, assumiu papel de jogador fundamental na equipe, seja come\u00e7ando uma partida, ou seja saindo do banco de reservas para fazer a diferen\u00e7a.<\/p>\n\n\n\n<p>Boa parte desta evolu\u00e7\u00e3o tem o dedo do t\u00e9cnico Renato Ga\u00facho. Desde os tempos de Gr\u00eamio, o comandante era entusiasta do futebol do camisa 19 e chegou a pedir a contrata\u00e7\u00e3o de Michael no in\u00edcio desde ano para o Tricolor Ga\u00facho.<\/p>\n\n\n\n<p>Quis o destino que Micha, como \u00e9 carinhosamente chamado pelos companheiros, ficasse no Flamengo, e meses depois, Renato Ga\u00facho desembarcasse na G\u00e1vea. Logo nos primeiros dias de clube, o t\u00e9cnico fez quest\u00e3o de dar aten\u00e7\u00e3o especial ao atacante. Foi direto e disse que queria o jogador do Goi\u00e1s, que ningu\u00e9m desaprende a jogar futebol.<\/p>\n\n\n\n<p>Desde ent\u00e3o, a rela\u00e7\u00e3o dos dois tem ficado cada vez mais forte. \u00c9 normal ver Michael na beira do campo brincando com Renato ap\u00f3s um gol ou uma boa jogada. Tamb\u00e9m \u00e9 normal ver os dois se cumprimentando carinhosamente ap\u00f3s os jogos. Ou at\u00e9 mesmo declara\u00e7\u00f5es do treinador em entrevistas coletivas. Em uma recente, chamou o camisa 21 de \u201cchatinho\u201d e elogiou a desenvoltura que tem para jogar futebol.<\/p>\n\n\n\n<p>Na importante vit\u00f3ria sobre o Juventude, na \u00faltima quarta-feira (13), Michael n\u00e3o fez gol, mas deu bela assist\u00eancia para Pedro anotar o segundo. Al\u00e9m disso, infernizou a defesa do time de Caxias do Sul, ajudando a levar a marca\u00e7\u00e3o. O drible, inclusive, \u00e9 uma caracter\u00edstica importante de Micha, que faz a diferen\u00e7a dentro de um elenco estrelado como o do Flamengo. Ele tamb\u00e9m sofreu a falta, cobrada por Andreas Pereira, que encerrou o jejum de 235 jogos sem gols de tiro livre direto.<\/p>\n\n\n\n<p>Apesar dos grandes nomes, Michael \u00e9 dos poucos no grupo que tem o recurso do drible e o utiliza bastante, sempre sendo incentivado por Renato. N\u00e3o \u00e0 toa, desde que o t\u00e9cnico chegou ao clube, o camisa 21 \u00e9 quem mais dribla na equipe. Foram 43 dribles certos at\u00e9 aqui.<\/p>\n\n\n\n<p>Al\u00e9m de ajudar muito no setor ofensivo, Michael \u00e9 pe\u00e7a fundamental tamb\u00e9m ajudando a defesa. Desde que Renato Ga\u00facho desembarcou no clube, o camisa 21 \u00e9 o segundo do elenco que mais ganha duelos, foram 99 at\u00e9 aqui. N\u00fameros que comprovam a intensidade do baixinho.<\/p>\n\n\n\n<p>Com a assist\u00eancia para Pedro, se tornou o terceiro jogador do elenco que mais d\u00e1 passe para gols, com 9 assist\u00eancias, atr\u00e1s apenas de Arrascaeta e Vitinho. Na partida contra o Fortaleza, anotou dois gols e chegou aos 11 tentos na atual temporada.<\/p>\n\n\n\n<p>Para brilhar no Flamengo, Michael superou tamb\u00e9m uma depress\u00e3o, pela qual passou em 2020. O camisa 21 chegou a declarar num entrevista recente que teve vontade de se matar, mas o time carioca deu todo suporte ao jogador. Na ocasi\u00e3o, Jorge Jesus ainda era o treinador da equipe e tamb\u00e9m foi importante no processo assim como Rafinha.<\/p>\n\n\n\n<p>Hoje, Micha colhe os frutos da persist\u00eancia e a import\u00e2ncia de ouvir para evoluir. Ele est\u00e1 sempre escutando e pedindo conselhos aos mais experientes e, principalmente, a Renato Ga\u00facho.<\/p>\n\n\n\n<p>Retirado de: Goal<\/p>\n","protected":false},"excerpt":{"rendered":"<p>Desde que chegou ao Flamengo, em janeiro de 2020, Michael passou por v\u00e1rios momentos dentro do clube. Da expectativa alta depois do grande Brasileir\u00e3o que fez com a camisa do Goi\u00e1s, as cr\u00edticas ferrenhas nas redes sociais e at\u00e9 mesmo a campanha para que fosse negociado. Hoje, no entanto, assumiu papel de jogador fundamental na [&hellip;]<\/p>\n","protected":false},"author":1,"featured_media":68836,"comment_status":"open","ping_status":"closed","sticky":false,"template":"","format":"standard","meta":{"footnotes":""},"categories":[1],"tags":[],"class_list":["post-70027","post","type-post","status-publish","format-standard","has-post-thumbnail","hentry","category-flamengo"],"yoast_head":"<!-- This site is optimized with the Yoast SEO Premium plugin v24.2 (Yoast SEO v26.9) - https:\/\/yoast.com\/product\/yoast-seo-premium-wordpress\/ -->\n<title>Michael vence a depress\u00e3o e faz a diferen\u00e7a no Flamengo<\/title>\n<meta name=\"robots\" content=\"index, follow, max-snippet:-1, max-image-preview:large, max-video-preview:-1\" \/>\n<link rel=\"canonical\" href=\"https:\/\/www.gaveanews.com\/index.php\/2021\/10\/14\/michael-vence-a-depressao-e-faz-a-diferenca-no-flamengo\/\" \/>\n<meta property=\"og:locale\" content=\"pt_BR\" \/>\n<meta property=\"og:type\" content=\"article\" \/>\n<meta property=\"og:title\" content=\"Michael vence a depress\u00e3o e faz a diferen\u00e7a no Flamengo\" \/>\n<meta property=\"og:description\" content=\"Desde que chegou ao Flamengo, em janeiro de 2020, Michael passou por v\u00e1rios momentos dentro do clube. Da expectativa alta depois do grande Brasileir\u00e3o que fez com a camisa do Goi\u00e1s, as cr\u00edticas ferrenhas nas redes sociais e at\u00e9 mesmo a campanha para que fosse negociado. Hoje, no entanto, assumiu papel de jogador fundamental na [&hellip;]\" \/>\n<meta property=\"og:url\" content=\"https:\/\/www.gaveanews.com\/index.php\/2021\/10\/14\/michael-vence-a-depressao-e-faz-a-diferenca-no-flamengo\/\" \/>\n<meta property=\"og:site_name\" content=\"G\u00e1vea News\" \/>\n<meta property=\"article:publisher\" content=\"https:\/\/facebook.com\/gaveaNews\/\" \/>\n<meta property=\"article:published_time\" content=\"2021-10-14T20:59:26+00:00\" \/>\n<meta property=\"article:modified_time\" content=\"2021-10-14T20:59:29+00:00\" \/>\n<meta property=\"og:image\" content=\"https:\/\/www.gaveanews.com\/wp-content\/uploads\/Michael-em-acao-pelo-Flamengo-durante-a-partida-contra-o-America-MG-pelo-Campeonato-Brasileiro-da-temporada-de-2021.webp\" \/>\n\t<meta property=\"og:image:width\" content=\"800\" \/>\n\t<meta property=\"og:image:height\" content=\"533\" \/>\n\t<meta property=\"og:image:type\" content=\"image\/jpeg\" \/>\n<meta name=\"author\" content=\"Equipe G\u00e1vea News\" \/>\n<meta name=\"twitter:card\" content=\"summary_large_image\" \/>\n<meta name=\"twitter:label1\" content=\"Escrito por\" \/>\n\t<meta name=\"twitter:data1\" content=\"Equipe G\u00e1vea News\" \/>\n\t<meta name=\"twitter:label2\" content=\"Est. tempo de leitura\" \/>\n\t<meta name=\"twitter:data2\" content=\"3 minutos\" \/>\n<script type=\"application\/ld+json\" class=\"yoast-schema-graph\">{\"@context\":\"https:\/\/schema.org\",\"@graph\":[{\"@type\":\"NewsArticle\",\"@id\":\"https:\/\/www.gaveanews.com\/index.php\/2021\/10\/14\/michael-vence-a-depressao-e-faz-a-diferenca-no-flamengo\/#article\",\"isPartOf\":{\"@id\":\"https:\/\/www.gaveanews.com\/index.php\/2021\/10\/14\/michael-vence-a-depressao-e-faz-a-diferenca-no-flamengo\/\"},\"author\":{\"name\":\"Equipe G\u00e1vea News\",\"@id\":\"https:\/\/www.gaveanews.com\/#\/schema\/person\/2ec14f73fb96be2caf28f91afb14749d\"},\"headline\":\"Michael vence a depress\u00e3o e faz a diferen\u00e7a no Flamengo\",\"datePublished\":\"2021-10-14T20:59:26+00:00\",\"dateModified\":\"2021-10-14T20:59:29+00:00\",\"mainEntityOfPage\":{\"@id\":\"https:\/\/www.gaveanews.com\/index.php\/2021\/10\/14\/michael-vence-a-depressao-e-faz-a-diferenca-no-flamengo\/\"},\"wordCount\":586,\"commentCount\":6,\"image\":{\"@id\":\"https:\/\/www.gaveanews.com\/index.php\/2021\/10\/14\/michael-vence-a-depressao-e-faz-a-diferenca-no-flamengo\/#primaryimage\"},\"thumbnailUrl\":\"https:\/\/www.gaveanews.com\/wp-content\/uploads\/Michael-em-acao-pelo-Flamengo-durante-a-partida-contra-o-America-MG-pelo-Campeonato-Brasileiro-da-temporada-de-2021.webp\",\"articleSection\":[\"Flamengo\"],\"inLanguage\":\"pt-BR\",\"potentialAction\":[{\"@type\":\"CommentAction\",\"name\":\"Comment\",\"target\":[\"https:\/\/www.gaveanews.com\/index.php\/2021\/10\/14\/michael-vence-a-depressao-e-faz-a-diferenca-no-flamengo\/#respond\"]}],\"copyrightYear\":\"2021\",\"copyrightHolder\":{\"@id\":\"https:\/\/www.gaveanews.com\/#organization\"}},{\"@type\":\"WebPage\",\"@id\":\"https:\/\/www.gaveanews.com\/index.php\/2021\/10\/14\/michael-vence-a-depressao-e-faz-a-diferenca-no-flamengo\/\",\"url\":\"https:\/\/www.gaveanews.com\/index.php\/2021\/10\/14\/michael-vence-a-depressao-e-faz-a-diferenca-no-flamengo\/\",\"name\":\"Michael vence a depress\u00e3o e faz a diferen\u00e7a no Flamengo\",\"isPartOf\":{\"@id\":\"https:\/\/www.gaveanews.com\/#website\"},\"primaryImageOfPage\":{\"@id\":\"https:\/\/www.gaveanews.com\/index.php\/2021\/10\/14\/michael-vence-a-depressao-e-faz-a-diferenca-no-flamengo\/#primaryimage\"},\"image\":{\"@id\":\"https:\/\/www.gaveanews.com\/index.php\/2021\/10\/14\/michael-vence-a-depressao-e-faz-a-diferenca-no-flamengo\/#primaryimage\"},\"thumbnailUrl\":\"https:\/\/www.gaveanews.com\/wp-content\/uploads\/Michael-em-acao-pelo-Flamengo-durante-a-partida-contra-o-America-MG-pelo-Campeonato-Brasileiro-da-temporada-de-2021.webp\",\"datePublished\":\"2021-10-14T20:59:26+00:00\",\"dateModified\":\"2021-10-14T20:59:29+00:00\",\"author\":{\"@id\":\"https:\/\/www.gaveanews.com\/#\/schema\/person\/2ec14f73fb96be2caf28f91afb14749d\"},\"breadcrumb\":{\"@id\":\"https:\/\/www.gaveanews.com\/index.php\/2021\/10\/14\/michael-vence-a-depressao-e-faz-a-diferenca-no-flamengo\/#breadcrumb\"},\"inLanguage\":\"pt-BR\",\"potentialAction\":[{\"@type\":\"ReadAction\",\"target\":[\"https:\/\/www.gaveanews.com\/index.php\/2021\/10\/14\/michael-vence-a-depressao-e-faz-a-diferenca-no-flamengo\/\"]}]},{\"@type\":\"ImageObject\",\"inLanguage\":\"pt-BR\",\"@id\":\"https:\/\/www.gaveanews.com\/index.php\/2021\/10\/14\/michael-vence-a-depressao-e-faz-a-diferenca-no-flamengo\/#primaryimage\",\"url\":\"https:\/\/www.gaveanews.com\/wp-content\/uploads\/Michael-em-acao-pelo-Flamengo-durante-a-partida-contra-o-America-MG-pelo-Campeonato-Brasileiro-da-temporada-de-2021.webp\",\"contentUrl\":\"https:\/\/www.gaveanews.com\/wp-content\/uploads\/Michael-em-acao-pelo-Flamengo-durante-a-partida-contra-o-America-MG-pelo-Campeonato-Brasileiro-da-temporada-de-2021.webp\",\"width\":800,\"height\":533,\"caption\":\"Michael em a\u00e7\u00e3o pelo Flamengo durante a partida contra o Am\u00e9rica-MG pelo Campeonato Brasileiro da temporada de 2021 (Foto: Marcelo Cortes\/Flamengo)\"},{\"@type\":\"BreadcrumbList\",\"@id\":\"https:\/\/www.gaveanews.com\/index.php\/2021\/10\/14\/michael-vence-a-depressao-e-faz-a-diferenca-no-flamengo\/#breadcrumb\",\"itemListElement\":[{\"@type\":\"ListItem\",\"position\":1,\"name\":\"Home\",\"item\":\"https:\/\/www.gaveanews.com\/\"},{\"@type\":\"ListItem\",\"position\":2,\"name\":\"Michael vence a depress\u00e3o e faz a diferen\u00e7a no Flamengo\"}]},{\"@type\":\"WebSite\",\"@id\":\"https:\/\/www.gaveanews.com\/#website\",\"url\":\"https:\/\/www.gaveanews.com\/\",\"name\":\"G\u00e1vea News\",\"description\":\"Veja todas as not\u00edcias sobre o Flamengo: Contrata\u00e7\u00f5es, categorias de base, resultados das partidas, tabela de classifica\u00e7\u00e3o, pr\u00f3ximos jogos!\",\"potentialAction\":[{\"@type\":\"SearchAction\",\"target\":{\"@type\":\"EntryPoint\",\"urlTemplate\":\"https:\/\/www.gaveanews.com\/?s={search_term_string}\"},\"query-input\":{\"@type\":\"PropertyValueSpecification\",\"valueRequired\":true,\"valueName\":\"search_term_string\"}}],\"inLanguage\":\"pt-BR\"},{\"@type\":\"Person\",\"@id\":\"https:\/\/www.gaveanews.com\/#\/schema\/person\/2ec14f73fb96be2caf28f91afb14749d\",\"name\":\"Equipe G\u00e1vea News\",\"image\":{\"@type\":\"ImageObject\",\"inLanguage\":\"pt-BR\",\"@id\":\"https:\/\/www.gaveanews.com\/#\/schema\/person\/image\/\",\"url\":\"https:\/\/secure.gravatar.com\/avatar\/1e1956f1facbffd3f8fa53a326721950116b3b9dc9bd44939c01180fd4a745a9?s=96&d=mm&r=g\",\"contentUrl\":\"https:\/\/secure.gravatar.com\/avatar\/1e1956f1facbffd3f8fa53a326721950116b3b9dc9bd44939c01180fd4a745a9?s=96&d=mm&r=g\",\"caption\":\"Equipe G\u00e1vea News\"}}]}<\/script>\n<!-- \/ Yoast SEO Premium plugin. -->","yoast_head_json":{"title":"Michael vence a depress\u00e3o e faz a diferen\u00e7a no Flamengo","robots":{"index":"index","follow":"follow","max-snippet":"max-snippet:-1","max-image-preview":"max-image-preview:large","max-video-preview":"max-video-preview:-1"},"canonical":"https:\/\/www.gaveanews.com\/index.php\/2021\/10\/14\/michael-vence-a-depressao-e-faz-a-diferenca-no-flamengo\/","og_locale":"pt_BR","og_type":"article","og_title":"Michael vence a depress\u00e3o e faz a diferen\u00e7a no Flamengo","og_description":"Desde que chegou ao Flamengo, em janeiro de 2020, Michael passou por v\u00e1rios momentos dentro do clube. Da expectativa alta depois do grande Brasileir\u00e3o que fez com a camisa do Goi\u00e1s, as cr\u00edticas ferrenhas nas redes sociais e at\u00e9 mesmo a campanha para que fosse negociado. Hoje, no entanto, assumiu papel de jogador fundamental na [&hellip;]","og_url":"https:\/\/www.gaveanews.com\/index.php\/2021\/10\/14\/michael-vence-a-depressao-e-faz-a-diferenca-no-flamengo\/","og_site_name":"G\u00e1vea News","article_publisher":"https:\/\/facebook.com\/gaveaNews\/","article_published_time":"2021-10-14T20:59:26+00:00","article_modified_time":"2021-10-14T20:59:29+00:00","og_image":[{"width":800,"height":533,"url":"https:\/\/www.gaveanews.com\/wp-content\/uploads\/Michael-em-acao-pelo-Flamengo-durante-a-partida-contra-o-America-MG-pelo-Campeonato-Brasileiro-da-temporada-de-2021.webp","type":"image\/jpeg"}],"author":"Equipe G\u00e1vea News","twitter_card":"summary_large_image","twitter_misc":{"Escrito por":"Equipe G\u00e1vea News","Est. tempo de leitura":"3 minutos"},"schema":{"@context":"https:\/\/schema.org","@graph":[{"@type":"NewsArticle","@id":"https:\/\/www.gaveanews.com\/index.php\/2021\/10\/14\/michael-vence-a-depressao-e-faz-a-diferenca-no-flamengo\/#article","isPartOf":{"@id":"https:\/\/www.gaveanews.com\/index.php\/2021\/10\/14\/michael-vence-a-depressao-e-faz-a-diferenca-no-flamengo\/"},"author":{"name":"Equipe G\u00e1vea News","@id":"https:\/\/www.gaveanews.com\/#\/schema\/person\/2ec14f73fb96be2caf28f91afb14749d"},"headline":"Michael vence a depress\u00e3o e faz a diferen\u00e7a no Flamengo","datePublished":"2021-10-14T20:59:26+00:00","dateModified":"2021-10-14T20:59:29+00:00","mainEntityOfPage":{"@id":"https:\/\/www.gaveanews.com\/index.php\/2021\/10\/14\/michael-vence-a-depressao-e-faz-a-diferenca-no-flamengo\/"},"wordCount":586,"commentCount":6,"image":{"@id":"https:\/\/www.gaveanews.com\/index.php\/2021\/10\/14\/michael-vence-a-depressao-e-faz-a-diferenca-no-flamengo\/#primaryimage"},"thumbnailUrl":"https:\/\/www.gaveanews.com\/wp-content\/uploads\/Michael-em-acao-pelo-Flamengo-durante-a-partida-contra-o-America-MG-pelo-Campeonato-Brasileiro-da-temporada-de-2021.webp","articleSection":["Flamengo"],"inLanguage":"pt-BR","potentialAction":[{"@type":"CommentAction","name":"Comment","target":["https:\/\/www.gaveanews.com\/index.php\/2021\/10\/14\/michael-vence-a-depressao-e-faz-a-diferenca-no-flamengo\/#respond"]}],"copyrightYear":"2021","copyrightHolder":{"@id":"https:\/\/www.gaveanews.com\/#organization"}},{"@type":"WebPage","@id":"https:\/\/www.gaveanews.com\/index.php\/2021\/10\/14\/michael-vence-a-depressao-e-faz-a-diferenca-no-flamengo\/","url":"https:\/\/www.gaveanews.com\/index.php\/2021\/10\/14\/michael-vence-a-depressao-e-faz-a-diferenca-no-flamengo\/","name":"Michael vence a depress\u00e3o e faz a diferen\u00e7a no Flamengo","isPartOf":{"@id":"https:\/\/www.gaveanews.com\/#website"},"primaryImageOfPage":{"@id":"https:\/\/www.gaveanews.com\/index.php\/2021\/10\/14\/michael-vence-a-depressao-e-faz-a-diferenca-no-flamengo\/#primaryimage"},"image":{"@id":"https:\/\/www.gaveanews.com\/index.php\/2021\/10\/14\/michael-vence-a-depressao-e-faz-a-diferenca-no-flamengo\/#primaryimage"},"thumbnailUrl":"https:\/\/www.gaveanews.com\/wp-content\/uploads\/Michael-em-acao-pelo-Flamengo-durante-a-partida-contra-o-America-MG-pelo-Campeonato-Brasileiro-da-temporada-de-2021.webp","datePublished":"2021-10-14T20:59:26+00:00","dateModified":"2021-10-14T20:59:29+00:00","author":{"@id":"https:\/\/www.gaveanews.com\/#\/schema\/person\/2ec14f73fb96be2caf28f91afb14749d"},"breadcrumb":{"@id":"https:\/\/www.gaveanews.com\/index.php\/2021\/10\/14\/michael-vence-a-depressao-e-faz-a-diferenca-no-flamengo\/#breadcrumb"},"inLanguage":"pt-BR","potentialAction":[{"@type":"ReadAction","target":["https:\/\/www.gaveanews.com\/index.php\/2021\/10\/14\/michael-vence-a-depressao-e-faz-a-diferenca-no-flamengo\/"]}]},{"@type":"ImageObject","inLanguage":"pt-BR","@id":"https:\/\/www.gaveanews.com\/index.php\/2021\/10\/14\/michael-vence-a-depressao-e-faz-a-diferenca-no-flamengo\/#primaryimage","url":"https:\/\/www.gaveanews.com\/wp-content\/uploads\/Michael-em-acao-pelo-Flamengo-durante-a-partida-contra-o-America-MG-pelo-Campeonato-Brasileiro-da-temporada-de-2021.webp","contentUrl":"https:\/\/www.gaveanews.com\/wp-content\/uploads\/Michael-em-acao-pelo-Flamengo-durante-a-partida-contra-o-America-MG-pelo-Campeonato-Brasileiro-da-temporada-de-2021.webp","width":800,"height":533,"caption":"Michael em a\u00e7\u00e3o pelo Flamengo durante a partida contra o Am\u00e9rica-MG pelo Campeonato Brasileiro da temporada de 2021 (Foto: Marcelo Cortes\/Flamengo)"},{"@type":"BreadcrumbList","@id":"https:\/\/www.gaveanews.com\/index.php\/2021\/10\/14\/michael-vence-a-depressao-e-faz-a-diferenca-no-flamengo\/#breadcrumb","itemListElement":[{"@type":"ListItem","position":1,"name":"Home","item":"https:\/\/www.gaveanews.com\/"},{"@type":"ListItem","position":2,"name":"Michael vence a depress\u00e3o e faz a diferen\u00e7a no Flamengo"}]},{"@type":"WebSite","@id":"https:\/\/www.gaveanews.com\/#website","url":"https:\/\/www.gaveanews.com\/","name":"G\u00e1vea News","description":"Veja todas as not\u00edcias sobre o Flamengo: Contrata\u00e7\u00f5es, categorias de base, resultados das partidas, tabela de classifica\u00e7\u00e3o, pr\u00f3ximos jogos!","potentialAction":[{"@type":"SearchAction","target":{"@type":"EntryPoint","urlTemplate":"https:\/\/www.gaveanews.com\/?s={search_term_string}"},"query-input":{"@type":"PropertyValueSpecification","valueRequired":true,"valueName":"search_term_string"}}],"inLanguage":"pt-BR"},{"@type":"Person","@id":"https:\/\/www.gaveanews.com\/#\/schema\/person\/2ec14f73fb96be2caf28f91afb14749d","name":"Equipe G\u00e1vea News","image":{"@type":"ImageObject","inLanguage":"pt-BR","@id":"https:\/\/www.gaveanews.com\/#\/schema\/person\/image\/","url":"https:\/\/secure.gravatar.com\/avatar\/1e1956f1facbffd3f8fa53a326721950116b3b9dc9bd44939c01180fd4a745a9?s=96&d=mm&r=g","contentUrl":"https:\/\/secure.gravatar.com\/avatar\/1e1956f1facbffd3f8fa53a326721950116b3b9dc9bd44939c01180fd4a745a9?s=96&d=mm&r=g","caption":"Equipe G\u00e1vea News"}}]}},"_links":{"self":[{"href":"https:\/\/www.gaveanews.com\/index.php\/wp-json\/wp\/v2\/posts\/70027","targetHints":{"allow":["GET"]}}],"collection":[{"href":"https:\/\/www.gaveanews.com\/index.php\/wp-json\/wp\/v2\/posts"}],"about":[{"href":"https:\/\/www.gaveanews.com\/index.php\/wp-json\/wp\/v2\/types\/post"}],"author":[{"embeddable":true,"href":"https:\/\/www.gaveanews.com\/index.php\/wp-json\/wp\/v2\/users\/1"}],"replies":[{"embeddable":true,"href":"https:\/\/www.gaveanews.com\/index.php\/wp-json\/wp\/v2\/comments?post=70027"}],"version-history":[{"count":0,"href":"https:\/\/www.gaveanews.com\/index.php\/wp-json\/wp\/v2\/posts\/70027\/revisions"}],"wp:featuredmedia":[{"embeddable":true,"href":"https:\/\/www.gaveanews.com\/index.php\/wp-json\/wp\/v2\/media\/68836"}],"wp:attachment":[{"href":"https:\/\/www.gaveanews.com\/index.php\/wp-json\/wp\/v2\/media?parent=70027"}],"wp:term":[{"taxonomy":"category","embeddable":true,"href":"https:\/\/www.gaveanews.com\/index.php\/wp-json\/wp\/v2\/categories?post=70027"},{"taxonomy":"post_tag","embeddable":true,"href":"https:\/\/www.gaveanews.com\/index.php\/wp-json\/wp\/v2\/tags?post=70027"}],"curies":[{"name":"wp","href":"https:\/\/api.w.org\/{rel}","templated":true}]}}