{"id":70029,"date":"2021-10-14T18:34:49","date_gmt":"2021-10-14T21:34:49","guid":{"rendered":"https:\/\/www.gaveanews.com\/?p=70029"},"modified":"2021-10-14T18:34:52","modified_gmt":"2021-10-14T21:34:52","slug":"perfil-oficial-do-brasileirao-exalta-kenedy-e-detalha-estatisticas-do-atacante","status":"publish","type":"post","link":"https:\/\/www.gaveanews.com\/index.php\/2021\/10\/14\/perfil-oficial-do-brasileirao-exalta-kenedy-e-detalha-estatisticas-do-atacante\/","title":{"rendered":"Perfil oficial do Brasileir\u00e3o exalta Kenedy e detalha estat\u00edsticas do atacante"},"content":{"rendered":"\n<p>Al\u00e9m de Andreas Pereira, outro rec\u00e9m contratado se destacou na vit\u00f3ria do Flamengo sobre o Juventude na \u00faltima quarta-feira. Em meio a diversos desfalques, Kenedy atuou pela primeira vez como titular e n\u00e3o decepcionou. O atacante marcou um belo gol e foi exaltado pelo perfil oficial do Brasileir\u00e3o ap\u00f3s a partida, confira:<\/p>\n\n\n\n<figure class=\"wp-block-embed is-type-rich is-provider-twitter wp-block-embed-twitter\"><div class=\"wp-block-embed__wrapper\">\n<blockquote class=\"twitter-tweet\" data-width=\"550\" data-dnt=\"true\"><p lang=\"pt\" dir=\"ltr\">Vem brotar no passin, faz o Kenedy&#8230; \ud83c\udfb6<br><br>Em sua primeira oportunidade como titular, um belo gol para abrir o placar. Olha ele a\u00ed pela primeira vez dando alegrias para a Na\u00e7\u00e3o, para o <a href=\"https:\/\/twitter.com\/Flamengo?ref_src=twsrc%5Etfw\">@Flamengo<\/a>!<br><br>\ud83d\udcca <a href=\"https:\/\/twitter.com\/SofascoreBR?ref_src=twsrc%5Etfw\">@SofaScoreBR<\/a> <a href=\"https:\/\/t.co\/FPvfmQ1pPu\">pic.twitter.com\/FPvfmQ1pPu<\/a><\/p>&mdash; Brasileir\u00e3o (@Brasileirao) <a href=\"https:\/\/twitter.com\/Brasileirao\/status\/1448712736528117769?ref_src=twsrc%5Etfw\">October 14, 2021<\/a><\/blockquote><script async src=\"https:\/\/platform.twitter.com\/widgets.js\" charset=\"utf-8\"><\/script>\n<\/div><\/figure>\n\n\n\n<p>De acordo com o site \u2018SofaScore\u2019, al\u00e9m do gol, Kenedy teve 87% de passes certos e ganhou seis duelos, sendo assim tamb\u00e9m importante na marca\u00e7\u00e3o. Ainda segundo o portal, em 47 toques na bola do jogador, ele acertou quatro dribles e teve aproveitamento de 50% nas finaliza\u00e7\u00f5es. Aos poucos, o t\u00e9cnico Renato Ga\u00facho vem recuperando a confian\u00e7a do atleta, que parecia estar fora de ritmo nos primeiros jogos. Kenedy em forma ser\u00e1 muito importante para o restante da temporada, visto que o Meng\u00e3o disputa tr\u00eas competi\u00e7\u00f5es.<\/p>\n\n\n\n<p>Com a volta de Gabigol e Everton Ribeiro da sele\u00e7\u00e3o e de Vitinho suspenso, a tend\u00eancia \u00e9 que o jogador volte para o banco na pr\u00f3xima partida diante do Cuiab\u00e1 no domingo. Por\u00e9m, depois de uma atua\u00e7\u00e3o como esta, Kenedy traz mais uma dor de cabe\u00e7a boa para Renato, que possui um elenco muito forte. O Mais Querido busca neste jogo seguir na ca\u00e7a ao l\u00edder Atl\u00e9tico-MG.<\/p>\n\n\n\n<p>Retirado de: Di\u00e1rio do Fla<\/p>\n","protected":false},"excerpt":{"rendered":"<p>Al\u00e9m de Andreas Pereira, outro rec\u00e9m contratado se destacou na vit\u00f3ria do Flamengo sobre o Juventude na \u00faltima quarta-feira. Em meio a diversos desfalques, Kenedy atuou pela primeira vez como titular e n\u00e3o decepcionou. O atacante marcou um belo gol e foi exaltado pelo perfil oficial do Brasileir\u00e3o ap\u00f3s a partida, confira: De acordo com [&hellip;]<\/p>\n","protected":false},"author":1,"featured_media":67357,"comment_status":"open","ping_status":"closed","sticky":false,"template":"","format":"standard","meta":{"footnotes":""},"categories":[1],"tags":[],"class_list":["post-70029","post","type-post","status-publish","format-standard","has-post-thumbnail","hentry","category-flamengo"],"yoast_head":"<!-- This site is optimized with the Yoast SEO Premium plugin v24.2 (Yoast SEO v26.9) - https:\/\/yoast.com\/product\/yoast-seo-premium-wordpress\/ -->\n<title>Perfil oficial do Brasileir\u00e3o exalta Kenedy e detalha estat\u00edsticas do atacante<\/title>\n<meta name=\"robots\" content=\"index, follow, max-snippet:-1, max-image-preview:large, max-video-preview:-1\" \/>\n<link rel=\"canonical\" href=\"https:\/\/www.gaveanews.com\/index.php\/2021\/10\/14\/perfil-oficial-do-brasileirao-exalta-kenedy-e-detalha-estatisticas-do-atacante\/\" \/>\n<meta property=\"og:locale\" content=\"pt_BR\" \/>\n<meta property=\"og:type\" content=\"article\" \/>\n<meta property=\"og:title\" content=\"Perfil oficial do Brasileir\u00e3o exalta Kenedy e detalha estat\u00edsticas do atacante\" \/>\n<meta property=\"og:description\" content=\"Al\u00e9m de Andreas Pereira, outro rec\u00e9m contratado se destacou na vit\u00f3ria do Flamengo sobre o Juventude na \u00faltima quarta-feira. Em meio a diversos desfalques, Kenedy atuou pela primeira vez como titular e n\u00e3o decepcionou. O atacante marcou um belo gol e foi exaltado pelo perfil oficial do Brasileir\u00e3o ap\u00f3s a partida, confira: De acordo com [&hellip;]\" \/>\n<meta property=\"og:url\" content=\"https:\/\/www.gaveanews.com\/index.php\/2021\/10\/14\/perfil-oficial-do-brasileirao-exalta-kenedy-e-detalha-estatisticas-do-atacante\/\" \/>\n<meta property=\"og:site_name\" content=\"G\u00e1vea News\" \/>\n<meta property=\"article:publisher\" content=\"https:\/\/facebook.com\/gaveaNews\/\" \/>\n<meta property=\"article:published_time\" content=\"2021-10-14T21:34:49+00:00\" \/>\n<meta property=\"article:modified_time\" content=\"2021-10-14T21:34:52+00:00\" \/>\n<meta property=\"og:image\" content=\"https:\/\/www.gaveanews.com\/wp-content\/uploads\/Kenedy-em-treino-do-Flamengo-no-Ninho-do-Urubu.webp\" \/>\n\t<meta property=\"og:image:width\" content=\"800\" \/>\n\t<meta property=\"og:image:height\" content=\"533\" \/>\n\t<meta property=\"og:image:type\" content=\"image\/jpeg\" \/>\n<meta name=\"author\" content=\"Equipe G\u00e1vea News\" \/>\n<meta name=\"twitter:card\" content=\"summary_large_image\" \/>\n<meta name=\"twitter:label1\" content=\"Escrito por\" \/>\n\t<meta name=\"twitter:data1\" content=\"Equipe G\u00e1vea News\" \/>\n\t<meta name=\"twitter:label2\" content=\"Est. tempo de leitura\" \/>\n\t<meta name=\"twitter:data2\" content=\"1 minuto\" \/>\n<script type=\"application\/ld+json\" class=\"yoast-schema-graph\">{\"@context\":\"https:\/\/schema.org\",\"@graph\":[{\"@type\":\"NewsArticle\",\"@id\":\"https:\/\/www.gaveanews.com\/index.php\/2021\/10\/14\/perfil-oficial-do-brasileirao-exalta-kenedy-e-detalha-estatisticas-do-atacante\/#article\",\"isPartOf\":{\"@id\":\"https:\/\/www.gaveanews.com\/index.php\/2021\/10\/14\/perfil-oficial-do-brasileirao-exalta-kenedy-e-detalha-estatisticas-do-atacante\/\"},\"author\":{\"name\":\"Equipe G\u00e1vea News\",\"@id\":\"https:\/\/www.gaveanews.com\/#\/schema\/person\/2ec14f73fb96be2caf28f91afb14749d\"},\"headline\":\"Perfil oficial do Brasileir\u00e3o exalta Kenedy e detalha estat\u00edsticas do atacante\",\"datePublished\":\"2021-10-14T21:34:49+00:00\",\"dateModified\":\"2021-10-14T21:34:52+00:00\",\"mainEntityOfPage\":{\"@id\":\"https:\/\/www.gaveanews.com\/index.php\/2021\/10\/14\/perfil-oficial-do-brasileirao-exalta-kenedy-e-detalha-estatisticas-do-atacante\/\"},\"wordCount\":250,\"commentCount\":4,\"image\":{\"@id\":\"https:\/\/www.gaveanews.com\/index.php\/2021\/10\/14\/perfil-oficial-do-brasileirao-exalta-kenedy-e-detalha-estatisticas-do-atacante\/#primaryimage\"},\"thumbnailUrl\":\"https:\/\/www.gaveanews.com\/wp-content\/uploads\/Kenedy-em-treino-do-Flamengo-no-Ninho-do-Urubu.webp\",\"articleSection\":[\"Flamengo\"],\"inLanguage\":\"pt-BR\",\"potentialAction\":[{\"@type\":\"CommentAction\",\"name\":\"Comment\",\"target\":[\"https:\/\/www.gaveanews.com\/index.php\/2021\/10\/14\/perfil-oficial-do-brasileirao-exalta-kenedy-e-detalha-estatisticas-do-atacante\/#respond\"]}],\"copyrightYear\":\"2021\",\"copyrightHolder\":{\"@id\":\"https:\/\/www.gaveanews.com\/#organization\"}},{\"@type\":\"WebPage\",\"@id\":\"https:\/\/www.gaveanews.com\/index.php\/2021\/10\/14\/perfil-oficial-do-brasileirao-exalta-kenedy-e-detalha-estatisticas-do-atacante\/\",\"url\":\"https:\/\/www.gaveanews.com\/index.php\/2021\/10\/14\/perfil-oficial-do-brasileirao-exalta-kenedy-e-detalha-estatisticas-do-atacante\/\",\"name\":\"Perfil oficial do Brasileir\u00e3o exalta Kenedy e detalha estat\u00edsticas do atacante\",\"isPartOf\":{\"@id\":\"https:\/\/www.gaveanews.com\/#website\"},\"primaryImageOfPage\":{\"@id\":\"https:\/\/www.gaveanews.com\/index.php\/2021\/10\/14\/perfil-oficial-do-brasileirao-exalta-kenedy-e-detalha-estatisticas-do-atacante\/#primaryimage\"},\"image\":{\"@id\":\"https:\/\/www.gaveanews.com\/index.php\/2021\/10\/14\/perfil-oficial-do-brasileirao-exalta-kenedy-e-detalha-estatisticas-do-atacante\/#primaryimage\"},\"thumbnailUrl\":\"https:\/\/www.gaveanews.com\/wp-content\/uploads\/Kenedy-em-treino-do-Flamengo-no-Ninho-do-Urubu.webp\",\"datePublished\":\"2021-10-14T21:34:49+00:00\",\"dateModified\":\"2021-10-14T21:34:52+00:00\",\"author\":{\"@id\":\"https:\/\/www.gaveanews.com\/#\/schema\/person\/2ec14f73fb96be2caf28f91afb14749d\"},\"breadcrumb\":{\"@id\":\"https:\/\/www.gaveanews.com\/index.php\/2021\/10\/14\/perfil-oficial-do-brasileirao-exalta-kenedy-e-detalha-estatisticas-do-atacante\/#breadcrumb\"},\"inLanguage\":\"pt-BR\",\"potentialAction\":[{\"@type\":\"ReadAction\",\"target\":[\"https:\/\/www.gaveanews.com\/index.php\/2021\/10\/14\/perfil-oficial-do-brasileirao-exalta-kenedy-e-detalha-estatisticas-do-atacante\/\"]}]},{\"@type\":\"ImageObject\",\"inLanguage\":\"pt-BR\",\"@id\":\"https:\/\/www.gaveanews.com\/index.php\/2021\/10\/14\/perfil-oficial-do-brasileirao-exalta-kenedy-e-detalha-estatisticas-do-atacante\/#primaryimage\",\"url\":\"https:\/\/www.gaveanews.com\/wp-content\/uploads\/Kenedy-em-treino-do-Flamengo-no-Ninho-do-Urubu.webp\",\"contentUrl\":\"https:\/\/www.gaveanews.com\/wp-content\/uploads\/Kenedy-em-treino-do-Flamengo-no-Ninho-do-Urubu.webp\",\"width\":800,\"height\":533,\"caption\":\"Kenedy em treino do Flamengo no Ninho do Urubu (Foto: Alexandre Vidal\/Flamengo)\"},{\"@type\":\"BreadcrumbList\",\"@id\":\"https:\/\/www.gaveanews.com\/index.php\/2021\/10\/14\/perfil-oficial-do-brasileirao-exalta-kenedy-e-detalha-estatisticas-do-atacante\/#breadcrumb\",\"itemListElement\":[{\"@type\":\"ListItem\",\"position\":1,\"name\":\"Home\",\"item\":\"https:\/\/www.gaveanews.com\/\"},{\"@type\":\"ListItem\",\"position\":2,\"name\":\"Perfil oficial do Brasileir\u00e3o exalta Kenedy e detalha estat\u00edsticas do atacante\"}]},{\"@type\":\"WebSite\",\"@id\":\"https:\/\/www.gaveanews.com\/#website\",\"url\":\"https:\/\/www.gaveanews.com\/\",\"name\":\"G\u00e1vea News\",\"description\":\"Veja todas as not\u00edcias sobre o Flamengo: Contrata\u00e7\u00f5es, categorias de base, resultados das partidas, tabela de classifica\u00e7\u00e3o, pr\u00f3ximos jogos!\",\"potentialAction\":[{\"@type\":\"SearchAction\",\"target\":{\"@type\":\"EntryPoint\",\"urlTemplate\":\"https:\/\/www.gaveanews.com\/?s={search_term_string}\"},\"query-input\":{\"@type\":\"PropertyValueSpecification\",\"valueRequired\":true,\"valueName\":\"search_term_string\"}}],\"inLanguage\":\"pt-BR\"},{\"@type\":\"Person\",\"@id\":\"https:\/\/www.gaveanews.com\/#\/schema\/person\/2ec14f73fb96be2caf28f91afb14749d\",\"name\":\"Equipe G\u00e1vea News\",\"image\":{\"@type\":\"ImageObject\",\"inLanguage\":\"pt-BR\",\"@id\":\"https:\/\/www.gaveanews.com\/#\/schema\/person\/image\/\",\"url\":\"https:\/\/secure.gravatar.com\/avatar\/1e1956f1facbffd3f8fa53a326721950116b3b9dc9bd44939c01180fd4a745a9?s=96&d=mm&r=g\",\"contentUrl\":\"https:\/\/secure.gravatar.com\/avatar\/1e1956f1facbffd3f8fa53a326721950116b3b9dc9bd44939c01180fd4a745a9?s=96&d=mm&r=g\",\"caption\":\"Equipe G\u00e1vea News\"}}]}<\/script>\n<!-- \/ Yoast SEO Premium plugin. -->","yoast_head_json":{"title":"Perfil oficial do Brasileir\u00e3o exalta Kenedy e detalha estat\u00edsticas do atacante","robots":{"index":"index","follow":"follow","max-snippet":"max-snippet:-1","max-image-preview":"max-image-preview:large","max-video-preview":"max-video-preview:-1"},"canonical":"https:\/\/www.gaveanews.com\/index.php\/2021\/10\/14\/perfil-oficial-do-brasileirao-exalta-kenedy-e-detalha-estatisticas-do-atacante\/","og_locale":"pt_BR","og_type":"article","og_title":"Perfil oficial do Brasileir\u00e3o exalta Kenedy e detalha estat\u00edsticas do atacante","og_description":"Al\u00e9m de Andreas Pereira, outro rec\u00e9m contratado se destacou na vit\u00f3ria do Flamengo sobre o Juventude na \u00faltima quarta-feira. Em meio a diversos desfalques, Kenedy atuou pela primeira vez como titular e n\u00e3o decepcionou. O atacante marcou um belo gol e foi exaltado pelo perfil oficial do Brasileir\u00e3o ap\u00f3s a partida, confira: De acordo com [&hellip;]","og_url":"https:\/\/www.gaveanews.com\/index.php\/2021\/10\/14\/perfil-oficial-do-brasileirao-exalta-kenedy-e-detalha-estatisticas-do-atacante\/","og_site_name":"G\u00e1vea News","article_publisher":"https:\/\/facebook.com\/gaveaNews\/","article_published_time":"2021-10-14T21:34:49+00:00","article_modified_time":"2021-10-14T21:34:52+00:00","og_image":[{"width":800,"height":533,"url":"https:\/\/www.gaveanews.com\/wp-content\/uploads\/Kenedy-em-treino-do-Flamengo-no-Ninho-do-Urubu.webp","type":"image\/jpeg"}],"author":"Equipe G\u00e1vea News","twitter_card":"summary_large_image","twitter_misc":{"Escrito por":"Equipe G\u00e1vea News","Est. tempo de leitura":"1 minuto"},"schema":{"@context":"https:\/\/schema.org","@graph":[{"@type":"NewsArticle","@id":"https:\/\/www.gaveanews.com\/index.php\/2021\/10\/14\/perfil-oficial-do-brasileirao-exalta-kenedy-e-detalha-estatisticas-do-atacante\/#article","isPartOf":{"@id":"https:\/\/www.gaveanews.com\/index.php\/2021\/10\/14\/perfil-oficial-do-brasileirao-exalta-kenedy-e-detalha-estatisticas-do-atacante\/"},"author":{"name":"Equipe G\u00e1vea News","@id":"https:\/\/www.gaveanews.com\/#\/schema\/person\/2ec14f73fb96be2caf28f91afb14749d"},"headline":"Perfil oficial do Brasileir\u00e3o exalta Kenedy e detalha estat\u00edsticas do atacante","datePublished":"2021-10-14T21:34:49+00:00","dateModified":"2021-10-14T21:34:52+00:00","mainEntityOfPage":{"@id":"https:\/\/www.gaveanews.com\/index.php\/2021\/10\/14\/perfil-oficial-do-brasileirao-exalta-kenedy-e-detalha-estatisticas-do-atacante\/"},"wordCount":250,"commentCount":4,"image":{"@id":"https:\/\/www.gaveanews.com\/index.php\/2021\/10\/14\/perfil-oficial-do-brasileirao-exalta-kenedy-e-detalha-estatisticas-do-atacante\/#primaryimage"},"thumbnailUrl":"https:\/\/www.gaveanews.com\/wp-content\/uploads\/Kenedy-em-treino-do-Flamengo-no-Ninho-do-Urubu.webp","articleSection":["Flamengo"],"inLanguage":"pt-BR","potentialAction":[{"@type":"CommentAction","name":"Comment","target":["https:\/\/www.gaveanews.com\/index.php\/2021\/10\/14\/perfil-oficial-do-brasileirao-exalta-kenedy-e-detalha-estatisticas-do-atacante\/#respond"]}],"copyrightYear":"2021","copyrightHolder":{"@id":"https:\/\/www.gaveanews.com\/#organization"}},{"@type":"WebPage","@id":"https:\/\/www.gaveanews.com\/index.php\/2021\/10\/14\/perfil-oficial-do-brasileirao-exalta-kenedy-e-detalha-estatisticas-do-atacante\/","url":"https:\/\/www.gaveanews.com\/index.php\/2021\/10\/14\/perfil-oficial-do-brasileirao-exalta-kenedy-e-detalha-estatisticas-do-atacante\/","name":"Perfil oficial do Brasileir\u00e3o exalta Kenedy e detalha estat\u00edsticas do atacante","isPartOf":{"@id":"https:\/\/www.gaveanews.com\/#website"},"primaryImageOfPage":{"@id":"https:\/\/www.gaveanews.com\/index.php\/2021\/10\/14\/perfil-oficial-do-brasileirao-exalta-kenedy-e-detalha-estatisticas-do-atacante\/#primaryimage"},"image":{"@id":"https:\/\/www.gaveanews.com\/index.php\/2021\/10\/14\/perfil-oficial-do-brasileirao-exalta-kenedy-e-detalha-estatisticas-do-atacante\/#primaryimage"},"thumbnailUrl":"https:\/\/www.gaveanews.com\/wp-content\/uploads\/Kenedy-em-treino-do-Flamengo-no-Ninho-do-Urubu.webp","datePublished":"2021-10-14T21:34:49+00:00","dateModified":"2021-10-14T21:34:52+00:00","author":{"@id":"https:\/\/www.gaveanews.com\/#\/schema\/person\/2ec14f73fb96be2caf28f91afb14749d"},"breadcrumb":{"@id":"https:\/\/www.gaveanews.com\/index.php\/2021\/10\/14\/perfil-oficial-do-brasileirao-exalta-kenedy-e-detalha-estatisticas-do-atacante\/#breadcrumb"},"inLanguage":"pt-BR","potentialAction":[{"@type":"ReadAction","target":["https:\/\/www.gaveanews.com\/index.php\/2021\/10\/14\/perfil-oficial-do-brasileirao-exalta-kenedy-e-detalha-estatisticas-do-atacante\/"]}]},{"@type":"ImageObject","inLanguage":"pt-BR","@id":"https:\/\/www.gaveanews.com\/index.php\/2021\/10\/14\/perfil-oficial-do-brasileirao-exalta-kenedy-e-detalha-estatisticas-do-atacante\/#primaryimage","url":"https:\/\/www.gaveanews.com\/wp-content\/uploads\/Kenedy-em-treino-do-Flamengo-no-Ninho-do-Urubu.webp","contentUrl":"https:\/\/www.gaveanews.com\/wp-content\/uploads\/Kenedy-em-treino-do-Flamengo-no-Ninho-do-Urubu.webp","width":800,"height":533,"caption":"Kenedy em treino do Flamengo no Ninho do Urubu (Foto: Alexandre Vidal\/Flamengo)"},{"@type":"BreadcrumbList","@id":"https:\/\/www.gaveanews.com\/index.php\/2021\/10\/14\/perfil-oficial-do-brasileirao-exalta-kenedy-e-detalha-estatisticas-do-atacante\/#breadcrumb","itemListElement":[{"@type":"ListItem","position":1,"name":"Home","item":"https:\/\/www.gaveanews.com\/"},{"@type":"ListItem","position":2,"name":"Perfil oficial do Brasileir\u00e3o exalta Kenedy e detalha estat\u00edsticas do atacante"}]},{"@type":"WebSite","@id":"https:\/\/www.gaveanews.com\/#website","url":"https:\/\/www.gaveanews.com\/","name":"G\u00e1vea News","description":"Veja todas as not\u00edcias sobre o Flamengo: Contrata\u00e7\u00f5es, categorias de base, resultados das partidas, tabela de classifica\u00e7\u00e3o, pr\u00f3ximos jogos!","potentialAction":[{"@type":"SearchAction","target":{"@type":"EntryPoint","urlTemplate":"https:\/\/www.gaveanews.com\/?s={search_term_string}"},"query-input":{"@type":"PropertyValueSpecification","valueRequired":true,"valueName":"search_term_string"}}],"inLanguage":"pt-BR"},{"@type":"Person","@id":"https:\/\/www.gaveanews.com\/#\/schema\/person\/2ec14f73fb96be2caf28f91afb14749d","name":"Equipe G\u00e1vea News","image":{"@type":"ImageObject","inLanguage":"pt-BR","@id":"https:\/\/www.gaveanews.com\/#\/schema\/person\/image\/","url":"https:\/\/secure.gravatar.com\/avatar\/1e1956f1facbffd3f8fa53a326721950116b3b9dc9bd44939c01180fd4a745a9?s=96&d=mm&r=g","contentUrl":"https:\/\/secure.gravatar.com\/avatar\/1e1956f1facbffd3f8fa53a326721950116b3b9dc9bd44939c01180fd4a745a9?s=96&d=mm&r=g","caption":"Equipe G\u00e1vea News"}}]}},"_links":{"self":[{"href":"https:\/\/www.gaveanews.com\/index.php\/wp-json\/wp\/v2\/posts\/70029","targetHints":{"allow":["GET"]}}],"collection":[{"href":"https:\/\/www.gaveanews.com\/index.php\/wp-json\/wp\/v2\/posts"}],"about":[{"href":"https:\/\/www.gaveanews.com\/index.php\/wp-json\/wp\/v2\/types\/post"}],"author":[{"embeddable":true,"href":"https:\/\/www.gaveanews.com\/index.php\/wp-json\/wp\/v2\/users\/1"}],"replies":[{"embeddable":true,"href":"https:\/\/www.gaveanews.com\/index.php\/wp-json\/wp\/v2\/comments?post=70029"}],"version-history":[{"count":0,"href":"https:\/\/www.gaveanews.com\/index.php\/wp-json\/wp\/v2\/posts\/70029\/revisions"}],"wp:featuredmedia":[{"embeddable":true,"href":"https:\/\/www.gaveanews.com\/index.php\/wp-json\/wp\/v2\/media\/67357"}],"wp:attachment":[{"href":"https:\/\/www.gaveanews.com\/index.php\/wp-json\/wp\/v2\/media?parent=70029"}],"wp:term":[{"taxonomy":"category","embeddable":true,"href":"https:\/\/www.gaveanews.com\/index.php\/wp-json\/wp\/v2\/categories?post=70029"},{"taxonomy":"post_tag","embeddable":true,"href":"https:\/\/www.gaveanews.com\/index.php\/wp-json\/wp\/v2\/tags?post=70029"}],"curies":[{"name":"wp","href":"https:\/\/api.w.org\/{rel}","templated":true}]}}