{"id":70042,"date":"2021-10-14T22:45:36","date_gmt":"2021-10-15T01:45:36","guid":{"rendered":"https:\/\/www.gaveanews.com\/?p=70042"},"modified":"2021-10-14T22:45:38","modified_gmt":"2021-10-15T01:45:38","slug":"irma-de-gabigol-usa-o-atacante-como-tema-em-uma-campanha-de-marca-de-roupa","status":"publish","type":"post","link":"https:\/\/www.gaveanews.com\/index.php\/2021\/10\/14\/irma-de-gabigol-usa-o-atacante-como-tema-em-uma-campanha-de-marca-de-roupa\/","title":{"rendered":"Irm\u00e3 de Gabigol usa o atacante como tema em uma campanha de marca de roupa"},"content":{"rendered":"\n<p>Dhiovanna Barbosa, irm\u00e3 de Gabigol, estrelou um ensaio da nova collab da marca do jogador com a Blueman. A influenciadora fotografou, ao lado de sete crian\u00e7as, roupas de praia infantis. A cole\u00e7\u00e3o para jovens foi lan\u00e7ada no dia das crian\u00e7as. A informa\u00e7\u00e3o foi divulgada pelo jornal &#8216;Lance&#8217;.<\/p>\n\n\n\n<p><strong><em>\u2014 Foi incr\u00edvel. As pe\u00e7as ficaram muito boas e j\u00e1 queria levar algumas para eu usar na praia, na piscina. As crian\u00e7as adoraram e todos ficaram bem fofinhos. \u00c9 um estilo que casa muito bem com o clima carioca e tenho certeza de que ser\u00e1 um sucesso<\/em><\/strong>, disse Dhiovanna.<\/p>\n\n\n\n<p>O objetivo \u00e9 trazer ao mercado itens como mai\u00f4, sunga, bolsas e chap\u00e9us de praia. Todos com a marca de Gabriel. A Blueman combina muito com o estilo descontra\u00eddo e \u2018carioca\u2019 do camisa 9 do Flamengo. Essa parceria promete fazer muito sucesso no Rio de Janeiro.<\/p>\n\n\n\n<p>Gabigol, al\u00e9m de ser um dos protagonistas do atual elenco do Flamengo, tamb\u00e9m faz muito sucesso fora das quatro linhas. O jogador lan\u00e7ou recentemente uma m\u00fasica chamada \u2018Sei L\u00e1\u2019 e tem uma marca com itens especializados do atacante. Essa nova parceria do artilheiro com a irm\u00e3 chega para abrilhantar ainda mais a marca do atleta.<\/p>\n\n\n\n<p>Retirado de: Di\u00e1rio do Fla<\/p>\n","protected":false},"excerpt":{"rendered":"<p>Dhiovanna Barbosa, irm\u00e3 de Gabigol, estrelou um ensaio da nova collab da marca do jogador com a Blueman. A influenciadora fotografou, ao lado de sete crian\u00e7as, roupas de praia infantis. A cole\u00e7\u00e3o para jovens foi lan\u00e7ada no dia das crian\u00e7as. A informa\u00e7\u00e3o foi divulgada pelo jornal &#8216;Lance&#8217;. \u2014 Foi incr\u00edvel. As pe\u00e7as ficaram muito boas [&hellip;]<\/p>\n","protected":false},"author":1,"featured_media":65813,"comment_status":"open","ping_status":"closed","sticky":false,"template":"","format":"standard","meta":{"footnotes":""},"categories":[1],"tags":[],"class_list":["post-70042","post","type-post","status-publish","format-standard","has-post-thumbnail","hentry","category-flamengo"],"yoast_head":"<!-- This site is optimized with the Yoast SEO Premium plugin v24.2 (Yoast SEO v26.9) - https:\/\/yoast.com\/product\/yoast-seo-premium-wordpress\/ -->\n<title>Irm\u00e3 de Gabigol usa o atacante como tema em uma campanha de marca de roupa<\/title>\n<meta name=\"robots\" content=\"index, follow, max-snippet:-1, max-image-preview:large, max-video-preview:-1\" \/>\n<link rel=\"canonical\" href=\"https:\/\/www.gaveanews.com\/index.php\/2021\/10\/14\/irma-de-gabigol-usa-o-atacante-como-tema-em-uma-campanha-de-marca-de-roupa\/\" \/>\n<meta property=\"og:locale\" content=\"pt_BR\" \/>\n<meta property=\"og:type\" content=\"article\" \/>\n<meta property=\"og:title\" content=\"Irm\u00e3 de Gabigol usa o atacante como tema em uma campanha de marca de roupa\" \/>\n<meta property=\"og:description\" content=\"Dhiovanna Barbosa, irm\u00e3 de Gabigol, estrelou um ensaio da nova collab da marca do jogador com a Blueman. A influenciadora fotografou, ao lado de sete crian\u00e7as, roupas de praia infantis. A cole\u00e7\u00e3o para jovens foi lan\u00e7ada no dia das crian\u00e7as. A informa\u00e7\u00e3o foi divulgada pelo jornal &#8216;Lance&#8217;. \u2014 Foi incr\u00edvel. As pe\u00e7as ficaram muito boas [&hellip;]\" \/>\n<meta property=\"og:url\" content=\"https:\/\/www.gaveanews.com\/index.php\/2021\/10\/14\/irma-de-gabigol-usa-o-atacante-como-tema-em-uma-campanha-de-marca-de-roupa\/\" \/>\n<meta property=\"og:site_name\" content=\"G\u00e1vea News\" \/>\n<meta property=\"article:publisher\" content=\"https:\/\/facebook.com\/gaveaNews\/\" \/>\n<meta property=\"article:published_time\" content=\"2021-10-15T01:45:36+00:00\" \/>\n<meta property=\"article:modified_time\" content=\"2021-10-15T01:45:38+00:00\" \/>\n<meta property=\"og:image\" content=\"https:\/\/www.gaveanews.com\/wp-content\/uploads\/Gabigol-em-acao-pelo-Flamengo-durante-a-partida-contra-o-Olimpia-pela-Copa-Libertadores-da-temporada-de-2021.webp\" \/>\n\t<meta property=\"og:image:width\" content=\"799\" \/>\n\t<meta property=\"og:image:height\" content=\"533\" \/>\n\t<meta property=\"og:image:type\" content=\"image\/jpeg\" \/>\n<meta name=\"author\" content=\"Equipe G\u00e1vea News\" \/>\n<meta name=\"twitter:card\" content=\"summary_large_image\" \/>\n<meta name=\"twitter:label1\" content=\"Escrito por\" \/>\n\t<meta name=\"twitter:data1\" content=\"Equipe G\u00e1vea News\" \/>\n\t<meta name=\"twitter:label2\" content=\"Est. tempo de leitura\" \/>\n\t<meta name=\"twitter:data2\" content=\"1 minuto\" \/>\n<script type=\"application\/ld+json\" class=\"yoast-schema-graph\">{\"@context\":\"https:\/\/schema.org\",\"@graph\":[{\"@type\":\"NewsArticle\",\"@id\":\"https:\/\/www.gaveanews.com\/index.php\/2021\/10\/14\/irma-de-gabigol-usa-o-atacante-como-tema-em-uma-campanha-de-marca-de-roupa\/#article\",\"isPartOf\":{\"@id\":\"https:\/\/www.gaveanews.com\/index.php\/2021\/10\/14\/irma-de-gabigol-usa-o-atacante-como-tema-em-uma-campanha-de-marca-de-roupa\/\"},\"author\":{\"name\":\"Equipe G\u00e1vea News\",\"@id\":\"https:\/\/www.gaveanews.com\/#\/schema\/person\/2ec14f73fb96be2caf28f91afb14749d\"},\"headline\":\"Irm\u00e3 de Gabigol usa o atacante como tema em uma campanha de marca de roupa\",\"datePublished\":\"2021-10-15T01:45:36+00:00\",\"dateModified\":\"2021-10-15T01:45:38+00:00\",\"mainEntityOfPage\":{\"@id\":\"https:\/\/www.gaveanews.com\/index.php\/2021\/10\/14\/irma-de-gabigol-usa-o-atacante-como-tema-em-uma-campanha-de-marca-de-roupa\/\"},\"wordCount\":228,\"commentCount\":2,\"image\":{\"@id\":\"https:\/\/www.gaveanews.com\/index.php\/2021\/10\/14\/irma-de-gabigol-usa-o-atacante-como-tema-em-uma-campanha-de-marca-de-roupa\/#primaryimage\"},\"thumbnailUrl\":\"https:\/\/www.gaveanews.com\/wp-content\/uploads\/Gabigol-em-acao-pelo-Flamengo-durante-a-partida-contra-o-Olimpia-pela-Copa-Libertadores-da-temporada-de-2021.webp\",\"articleSection\":[\"Flamengo\"],\"inLanguage\":\"pt-BR\",\"potentialAction\":[{\"@type\":\"CommentAction\",\"name\":\"Comment\",\"target\":[\"https:\/\/www.gaveanews.com\/index.php\/2021\/10\/14\/irma-de-gabigol-usa-o-atacante-como-tema-em-uma-campanha-de-marca-de-roupa\/#respond\"]}],\"copyrightYear\":\"2021\",\"copyrightHolder\":{\"@id\":\"https:\/\/www.gaveanews.com\/#organization\"}},{\"@type\":\"WebPage\",\"@id\":\"https:\/\/www.gaveanews.com\/index.php\/2021\/10\/14\/irma-de-gabigol-usa-o-atacante-como-tema-em-uma-campanha-de-marca-de-roupa\/\",\"url\":\"https:\/\/www.gaveanews.com\/index.php\/2021\/10\/14\/irma-de-gabigol-usa-o-atacante-como-tema-em-uma-campanha-de-marca-de-roupa\/\",\"name\":\"Irm\u00e3 de Gabigol usa o atacante como tema em uma campanha de marca de roupa\",\"isPartOf\":{\"@id\":\"https:\/\/www.gaveanews.com\/#website\"},\"primaryImageOfPage\":{\"@id\":\"https:\/\/www.gaveanews.com\/index.php\/2021\/10\/14\/irma-de-gabigol-usa-o-atacante-como-tema-em-uma-campanha-de-marca-de-roupa\/#primaryimage\"},\"image\":{\"@id\":\"https:\/\/www.gaveanews.com\/index.php\/2021\/10\/14\/irma-de-gabigol-usa-o-atacante-como-tema-em-uma-campanha-de-marca-de-roupa\/#primaryimage\"},\"thumbnailUrl\":\"https:\/\/www.gaveanews.com\/wp-content\/uploads\/Gabigol-em-acao-pelo-Flamengo-durante-a-partida-contra-o-Olimpia-pela-Copa-Libertadores-da-temporada-de-2021.webp\",\"datePublished\":\"2021-10-15T01:45:36+00:00\",\"dateModified\":\"2021-10-15T01:45:38+00:00\",\"author\":{\"@id\":\"https:\/\/www.gaveanews.com\/#\/schema\/person\/2ec14f73fb96be2caf28f91afb14749d\"},\"breadcrumb\":{\"@id\":\"https:\/\/www.gaveanews.com\/index.php\/2021\/10\/14\/irma-de-gabigol-usa-o-atacante-como-tema-em-uma-campanha-de-marca-de-roupa\/#breadcrumb\"},\"inLanguage\":\"pt-BR\",\"potentialAction\":[{\"@type\":\"ReadAction\",\"target\":[\"https:\/\/www.gaveanews.com\/index.php\/2021\/10\/14\/irma-de-gabigol-usa-o-atacante-como-tema-em-uma-campanha-de-marca-de-roupa\/\"]}]},{\"@type\":\"ImageObject\",\"inLanguage\":\"pt-BR\",\"@id\":\"https:\/\/www.gaveanews.com\/index.php\/2021\/10\/14\/irma-de-gabigol-usa-o-atacante-como-tema-em-uma-campanha-de-marca-de-roupa\/#primaryimage\",\"url\":\"https:\/\/www.gaveanews.com\/wp-content\/uploads\/Gabigol-em-acao-pelo-Flamengo-durante-a-partida-contra-o-Olimpia-pela-Copa-Libertadores-da-temporada-de-2021.webp\",\"contentUrl\":\"https:\/\/www.gaveanews.com\/wp-content\/uploads\/Gabigol-em-acao-pelo-Flamengo-durante-a-partida-contra-o-Olimpia-pela-Copa-Libertadores-da-temporada-de-2021.webp\",\"width\":799,\"height\":533,\"caption\":\"Gabigol em a\u00e7\u00e3o pelo Flamengo durante a partida contra o Olimpia pela Copa Libertadores da temporada de 2021 (Foto: Alexandre Vidal\/Flamengo)\"},{\"@type\":\"BreadcrumbList\",\"@id\":\"https:\/\/www.gaveanews.com\/index.php\/2021\/10\/14\/irma-de-gabigol-usa-o-atacante-como-tema-em-uma-campanha-de-marca-de-roupa\/#breadcrumb\",\"itemListElement\":[{\"@type\":\"ListItem\",\"position\":1,\"name\":\"Home\",\"item\":\"https:\/\/www.gaveanews.com\/\"},{\"@type\":\"ListItem\",\"position\":2,\"name\":\"Irm\u00e3 de Gabigol usa o atacante como tema em uma campanha de marca de roupa\"}]},{\"@type\":\"WebSite\",\"@id\":\"https:\/\/www.gaveanews.com\/#website\",\"url\":\"https:\/\/www.gaveanews.com\/\",\"name\":\"G\u00e1vea News\",\"description\":\"Veja todas as not\u00edcias sobre o Flamengo: Contrata\u00e7\u00f5es, categorias de base, resultados das partidas, tabela de classifica\u00e7\u00e3o, pr\u00f3ximos jogos!\",\"potentialAction\":[{\"@type\":\"SearchAction\",\"target\":{\"@type\":\"EntryPoint\",\"urlTemplate\":\"https:\/\/www.gaveanews.com\/?s={search_term_string}\"},\"query-input\":{\"@type\":\"PropertyValueSpecification\",\"valueRequired\":true,\"valueName\":\"search_term_string\"}}],\"inLanguage\":\"pt-BR\"},{\"@type\":\"Person\",\"@id\":\"https:\/\/www.gaveanews.com\/#\/schema\/person\/2ec14f73fb96be2caf28f91afb14749d\",\"name\":\"Equipe G\u00e1vea News\",\"image\":{\"@type\":\"ImageObject\",\"inLanguage\":\"pt-BR\",\"@id\":\"https:\/\/www.gaveanews.com\/#\/schema\/person\/image\/\",\"url\":\"https:\/\/secure.gravatar.com\/avatar\/1e1956f1facbffd3f8fa53a326721950116b3b9dc9bd44939c01180fd4a745a9?s=96&d=mm&r=g\",\"contentUrl\":\"https:\/\/secure.gravatar.com\/avatar\/1e1956f1facbffd3f8fa53a326721950116b3b9dc9bd44939c01180fd4a745a9?s=96&d=mm&r=g\",\"caption\":\"Equipe G\u00e1vea News\"}}]}<\/script>\n<!-- \/ Yoast SEO Premium plugin. -->","yoast_head_json":{"title":"Irm\u00e3 de Gabigol usa o atacante como tema em uma campanha de marca de roupa","robots":{"index":"index","follow":"follow","max-snippet":"max-snippet:-1","max-image-preview":"max-image-preview:large","max-video-preview":"max-video-preview:-1"},"canonical":"https:\/\/www.gaveanews.com\/index.php\/2021\/10\/14\/irma-de-gabigol-usa-o-atacante-como-tema-em-uma-campanha-de-marca-de-roupa\/","og_locale":"pt_BR","og_type":"article","og_title":"Irm\u00e3 de Gabigol usa o atacante como tema em uma campanha de marca de roupa","og_description":"Dhiovanna Barbosa, irm\u00e3 de Gabigol, estrelou um ensaio da nova collab da marca do jogador com a Blueman. A influenciadora fotografou, ao lado de sete crian\u00e7as, roupas de praia infantis. A cole\u00e7\u00e3o para jovens foi lan\u00e7ada no dia das crian\u00e7as. A informa\u00e7\u00e3o foi divulgada pelo jornal &#8216;Lance&#8217;. \u2014 Foi incr\u00edvel. As pe\u00e7as ficaram muito boas [&hellip;]","og_url":"https:\/\/www.gaveanews.com\/index.php\/2021\/10\/14\/irma-de-gabigol-usa-o-atacante-como-tema-em-uma-campanha-de-marca-de-roupa\/","og_site_name":"G\u00e1vea News","article_publisher":"https:\/\/facebook.com\/gaveaNews\/","article_published_time":"2021-10-15T01:45:36+00:00","article_modified_time":"2021-10-15T01:45:38+00:00","og_image":[{"width":799,"height":533,"url":"https:\/\/www.gaveanews.com\/wp-content\/uploads\/Gabigol-em-acao-pelo-Flamengo-durante-a-partida-contra-o-Olimpia-pela-Copa-Libertadores-da-temporada-de-2021.webp","type":"image\/jpeg"}],"author":"Equipe G\u00e1vea News","twitter_card":"summary_large_image","twitter_misc":{"Escrito por":"Equipe G\u00e1vea News","Est. tempo de leitura":"1 minuto"},"schema":{"@context":"https:\/\/schema.org","@graph":[{"@type":"NewsArticle","@id":"https:\/\/www.gaveanews.com\/index.php\/2021\/10\/14\/irma-de-gabigol-usa-o-atacante-como-tema-em-uma-campanha-de-marca-de-roupa\/#article","isPartOf":{"@id":"https:\/\/www.gaveanews.com\/index.php\/2021\/10\/14\/irma-de-gabigol-usa-o-atacante-como-tema-em-uma-campanha-de-marca-de-roupa\/"},"author":{"name":"Equipe G\u00e1vea News","@id":"https:\/\/www.gaveanews.com\/#\/schema\/person\/2ec14f73fb96be2caf28f91afb14749d"},"headline":"Irm\u00e3 de Gabigol usa o atacante como tema em uma campanha de marca de roupa","datePublished":"2021-10-15T01:45:36+00:00","dateModified":"2021-10-15T01:45:38+00:00","mainEntityOfPage":{"@id":"https:\/\/www.gaveanews.com\/index.php\/2021\/10\/14\/irma-de-gabigol-usa-o-atacante-como-tema-em-uma-campanha-de-marca-de-roupa\/"},"wordCount":228,"commentCount":2,"image":{"@id":"https:\/\/www.gaveanews.com\/index.php\/2021\/10\/14\/irma-de-gabigol-usa-o-atacante-como-tema-em-uma-campanha-de-marca-de-roupa\/#primaryimage"},"thumbnailUrl":"https:\/\/www.gaveanews.com\/wp-content\/uploads\/Gabigol-em-acao-pelo-Flamengo-durante-a-partida-contra-o-Olimpia-pela-Copa-Libertadores-da-temporada-de-2021.webp","articleSection":["Flamengo"],"inLanguage":"pt-BR","potentialAction":[{"@type":"CommentAction","name":"Comment","target":["https:\/\/www.gaveanews.com\/index.php\/2021\/10\/14\/irma-de-gabigol-usa-o-atacante-como-tema-em-uma-campanha-de-marca-de-roupa\/#respond"]}],"copyrightYear":"2021","copyrightHolder":{"@id":"https:\/\/www.gaveanews.com\/#organization"}},{"@type":"WebPage","@id":"https:\/\/www.gaveanews.com\/index.php\/2021\/10\/14\/irma-de-gabigol-usa-o-atacante-como-tema-em-uma-campanha-de-marca-de-roupa\/","url":"https:\/\/www.gaveanews.com\/index.php\/2021\/10\/14\/irma-de-gabigol-usa-o-atacante-como-tema-em-uma-campanha-de-marca-de-roupa\/","name":"Irm\u00e3 de Gabigol usa o atacante como tema em uma campanha de marca de roupa","isPartOf":{"@id":"https:\/\/www.gaveanews.com\/#website"},"primaryImageOfPage":{"@id":"https:\/\/www.gaveanews.com\/index.php\/2021\/10\/14\/irma-de-gabigol-usa-o-atacante-como-tema-em-uma-campanha-de-marca-de-roupa\/#primaryimage"},"image":{"@id":"https:\/\/www.gaveanews.com\/index.php\/2021\/10\/14\/irma-de-gabigol-usa-o-atacante-como-tema-em-uma-campanha-de-marca-de-roupa\/#primaryimage"},"thumbnailUrl":"https:\/\/www.gaveanews.com\/wp-content\/uploads\/Gabigol-em-acao-pelo-Flamengo-durante-a-partida-contra-o-Olimpia-pela-Copa-Libertadores-da-temporada-de-2021.webp","datePublished":"2021-10-15T01:45:36+00:00","dateModified":"2021-10-15T01:45:38+00:00","author":{"@id":"https:\/\/www.gaveanews.com\/#\/schema\/person\/2ec14f73fb96be2caf28f91afb14749d"},"breadcrumb":{"@id":"https:\/\/www.gaveanews.com\/index.php\/2021\/10\/14\/irma-de-gabigol-usa-o-atacante-como-tema-em-uma-campanha-de-marca-de-roupa\/#breadcrumb"},"inLanguage":"pt-BR","potentialAction":[{"@type":"ReadAction","target":["https:\/\/www.gaveanews.com\/index.php\/2021\/10\/14\/irma-de-gabigol-usa-o-atacante-como-tema-em-uma-campanha-de-marca-de-roupa\/"]}]},{"@type":"ImageObject","inLanguage":"pt-BR","@id":"https:\/\/www.gaveanews.com\/index.php\/2021\/10\/14\/irma-de-gabigol-usa-o-atacante-como-tema-em-uma-campanha-de-marca-de-roupa\/#primaryimage","url":"https:\/\/www.gaveanews.com\/wp-content\/uploads\/Gabigol-em-acao-pelo-Flamengo-durante-a-partida-contra-o-Olimpia-pela-Copa-Libertadores-da-temporada-de-2021.webp","contentUrl":"https:\/\/www.gaveanews.com\/wp-content\/uploads\/Gabigol-em-acao-pelo-Flamengo-durante-a-partida-contra-o-Olimpia-pela-Copa-Libertadores-da-temporada-de-2021.webp","width":799,"height":533,"caption":"Gabigol em a\u00e7\u00e3o pelo Flamengo durante a partida contra o Olimpia pela Copa Libertadores da temporada de 2021 (Foto: Alexandre Vidal\/Flamengo)"},{"@type":"BreadcrumbList","@id":"https:\/\/www.gaveanews.com\/index.php\/2021\/10\/14\/irma-de-gabigol-usa-o-atacante-como-tema-em-uma-campanha-de-marca-de-roupa\/#breadcrumb","itemListElement":[{"@type":"ListItem","position":1,"name":"Home","item":"https:\/\/www.gaveanews.com\/"},{"@type":"ListItem","position":2,"name":"Irm\u00e3 de Gabigol usa o atacante como tema em uma campanha de marca de roupa"}]},{"@type":"WebSite","@id":"https:\/\/www.gaveanews.com\/#website","url":"https:\/\/www.gaveanews.com\/","name":"G\u00e1vea News","description":"Veja todas as not\u00edcias sobre o Flamengo: Contrata\u00e7\u00f5es, categorias de base, resultados das partidas, tabela de classifica\u00e7\u00e3o, pr\u00f3ximos jogos!","potentialAction":[{"@type":"SearchAction","target":{"@type":"EntryPoint","urlTemplate":"https:\/\/www.gaveanews.com\/?s={search_term_string}"},"query-input":{"@type":"PropertyValueSpecification","valueRequired":true,"valueName":"search_term_string"}}],"inLanguage":"pt-BR"},{"@type":"Person","@id":"https:\/\/www.gaveanews.com\/#\/schema\/person\/2ec14f73fb96be2caf28f91afb14749d","name":"Equipe G\u00e1vea News","image":{"@type":"ImageObject","inLanguage":"pt-BR","@id":"https:\/\/www.gaveanews.com\/#\/schema\/person\/image\/","url":"https:\/\/secure.gravatar.com\/avatar\/1e1956f1facbffd3f8fa53a326721950116b3b9dc9bd44939c01180fd4a745a9?s=96&d=mm&r=g","contentUrl":"https:\/\/secure.gravatar.com\/avatar\/1e1956f1facbffd3f8fa53a326721950116b3b9dc9bd44939c01180fd4a745a9?s=96&d=mm&r=g","caption":"Equipe G\u00e1vea News"}}]}},"_links":{"self":[{"href":"https:\/\/www.gaveanews.com\/index.php\/wp-json\/wp\/v2\/posts\/70042","targetHints":{"allow":["GET"]}}],"collection":[{"href":"https:\/\/www.gaveanews.com\/index.php\/wp-json\/wp\/v2\/posts"}],"about":[{"href":"https:\/\/www.gaveanews.com\/index.php\/wp-json\/wp\/v2\/types\/post"}],"author":[{"embeddable":true,"href":"https:\/\/www.gaveanews.com\/index.php\/wp-json\/wp\/v2\/users\/1"}],"replies":[{"embeddable":true,"href":"https:\/\/www.gaveanews.com\/index.php\/wp-json\/wp\/v2\/comments?post=70042"}],"version-history":[{"count":0,"href":"https:\/\/www.gaveanews.com\/index.php\/wp-json\/wp\/v2\/posts\/70042\/revisions"}],"wp:featuredmedia":[{"embeddable":true,"href":"https:\/\/www.gaveanews.com\/index.php\/wp-json\/wp\/v2\/media\/65813"}],"wp:attachment":[{"href":"https:\/\/www.gaveanews.com\/index.php\/wp-json\/wp\/v2\/media?parent=70042"}],"wp:term":[{"taxonomy":"category","embeddable":true,"href":"https:\/\/www.gaveanews.com\/index.php\/wp-json\/wp\/v2\/categories?post=70042"},{"taxonomy":"post_tag","embeddable":true,"href":"https:\/\/www.gaveanews.com\/index.php\/wp-json\/wp\/v2\/tags?post=70042"}],"curies":[{"name":"wp","href":"https:\/\/api.w.org\/{rel}","templated":true}]}}