{"id":70054,"date":"2021-10-15T07:08:29","date_gmt":"2021-10-15T10:08:29","guid":{"rendered":"https:\/\/www.gaveanews.com\/?p=70054"},"modified":"2021-10-15T07:08:32","modified_gmt":"2021-10-15T10:08:32","slug":"junior-enche-a-bola-de-andreas-e-diz-o-que-o-flamengo-ganha-com-o-fim-de-jejum-nas-faltas","status":"publish","type":"post","link":"https:\/\/www.gaveanews.com\/index.php\/2021\/10\/15\/junior-enche-a-bola-de-andreas-e-diz-o-que-o-flamengo-ganha-com-o-fim-de-jejum-nas-faltas\/","title":{"rendered":"J\u00fanior enche a bola de Andreas e diz o que o Flamengo ganha com o fim de jejum nas faltas"},"content":{"rendered":"\n<p>Um dos maiores \u00eddolos do Flamengo e refer\u00eancia em t\u00e9cnica apurada, J\u00fanior atestou a pintura feita por Andreas Pereira diante do Juventude, na vit\u00f3ria por 3 a 1, no Maracan\u00e3 e em duelo pela 26\u00aa rodada do Campeonato Brasileiro, na \u00faltima quarta-feira. O Maestro conversou com o LANCE! e comentou sobre o gola\u00e7o de falta que findou um jejum de 1.221 dias sem um gol de falta do Fla.<\/p>\n\n\n\n<p>\u2014 Realmente, ele fez um gola\u00e7o. Uma batida seca, forte e precisa. E tamb\u00e9m tem a batida de mais perto, que acabou acertando a trave. \u00c9 um grande batedor &#8211; falou J\u00fanior, atualmente comentarista da &#8220;Rede Globo&#8221;, emendando:<\/p>\n\n\n\n<p>\u2014 Acho que tirou um peso, que acaba caindo nas costas do time como um todo, por passar tanto tempo sem um gol de falta. Ainda mais com os antecedentes do Flamengo, com Zico, principalmente, que resolveu muitos jogos nessa situa\u00e7\u00e3o. Isso incomodava a torcida, e os jogadores de muita qualidade sabiam disso, por isso a comemora\u00e7\u00e3o efusiva.<\/p>\n\n\n\n<p>Para quem n\u00e3o se recorda, J\u00fanior brilhou nas finais do Brasileiro de 1992, diante do Botafogo, e marcou um gola\u00e7o de falta no segundo jogo, abrindo o placar de uma partida que consagrou o pentacampeonato nacional para o clube. E n\u00e3o \u00e0 toa se eternizou na m\u00fasica &#8220;Lembrar Voc\u00ea: Sou Campe\u00e3o Mundial!&#8221; no seguinte trecho: &#8220;92 a falta foi do J\u00fanior&#8221;.<\/p>\n\n\n\n<p>Retirado de: Lance<\/p>\n","protected":false},"excerpt":{"rendered":"<p>Um dos maiores \u00eddolos do Flamengo e refer\u00eancia em t\u00e9cnica apurada, J\u00fanior atestou a pintura feita por Andreas Pereira diante do Juventude, na vit\u00f3ria por 3 a 1, no Maracan\u00e3 e em duelo pela 26\u00aa rodada do Campeonato Brasileiro, na \u00faltima quarta-feira. O Maestro conversou com o LANCE! e comentou sobre o gola\u00e7o de falta [&hellip;]<\/p>\n","protected":false},"author":1,"featured_media":69980,"comment_status":"open","ping_status":"closed","sticky":false,"template":"","format":"standard","meta":{"footnotes":""},"categories":[1],"tags":[],"class_list":["post-70054","post","type-post","status-publish","format-standard","has-post-thumbnail","hentry","category-flamengo"],"yoast_head":"<!-- This site is optimized with the Yoast SEO Premium plugin v24.2 (Yoast SEO v26.9) - https:\/\/yoast.com\/product\/yoast-seo-premium-wordpress\/ -->\n<title>J\u00fanior enche a bola de Andreas e diz o que o Flamengo ganha com o fim de jejum nas faltas<\/title>\n<meta name=\"robots\" content=\"index, follow, max-snippet:-1, max-image-preview:large, max-video-preview:-1\" \/>\n<link rel=\"canonical\" href=\"https:\/\/www.gaveanews.com\/index.php\/2021\/10\/15\/junior-enche-a-bola-de-andreas-e-diz-o-que-o-flamengo-ganha-com-o-fim-de-jejum-nas-faltas\/\" \/>\n<meta property=\"og:locale\" content=\"pt_BR\" \/>\n<meta property=\"og:type\" content=\"article\" \/>\n<meta property=\"og:title\" content=\"J\u00fanior enche a bola de Andreas e diz o que o Flamengo ganha com o fim de jejum nas faltas\" \/>\n<meta property=\"og:description\" content=\"Um dos maiores \u00eddolos do Flamengo e refer\u00eancia em t\u00e9cnica apurada, J\u00fanior atestou a pintura feita por Andreas Pereira diante do Juventude, na vit\u00f3ria por 3 a 1, no Maracan\u00e3 e em duelo pela 26\u00aa rodada do Campeonato Brasileiro, na \u00faltima quarta-feira. O Maestro conversou com o LANCE! e comentou sobre o gola\u00e7o de falta [&hellip;]\" \/>\n<meta property=\"og:url\" content=\"https:\/\/www.gaveanews.com\/index.php\/2021\/10\/15\/junior-enche-a-bola-de-andreas-e-diz-o-que-o-flamengo-ganha-com-o-fim-de-jejum-nas-faltas\/\" \/>\n<meta property=\"og:site_name\" content=\"G\u00e1vea News\" \/>\n<meta property=\"article:publisher\" content=\"https:\/\/facebook.com\/gaveaNews\/\" \/>\n<meta property=\"article:published_time\" content=\"2021-10-15T10:08:29+00:00\" \/>\n<meta property=\"article:modified_time\" content=\"2021-10-15T10:08:32+00:00\" \/>\n<meta property=\"og:image\" content=\"https:\/\/www.gaveanews.com\/wp-content\/uploads\/Andreas-Pereira-em-acao-pelo-Flamengo-contra-o-Juventude-no-Campeonato-Brasileiro-2021.webp\" \/>\n\t<meta property=\"og:image:width\" content=\"800\" \/>\n\t<meta property=\"og:image:height\" content=\"533\" \/>\n\t<meta property=\"og:image:type\" content=\"image\/jpeg\" \/>\n<meta name=\"author\" content=\"Equipe G\u00e1vea News\" \/>\n<meta name=\"twitter:card\" content=\"summary_large_image\" \/>\n<meta name=\"twitter:label1\" content=\"Escrito por\" \/>\n\t<meta name=\"twitter:data1\" content=\"Equipe G\u00e1vea News\" \/>\n\t<meta name=\"twitter:label2\" content=\"Est. tempo de leitura\" \/>\n\t<meta name=\"twitter:data2\" content=\"1 minuto\" \/>\n<script type=\"application\/ld+json\" class=\"yoast-schema-graph\">{\"@context\":\"https:\/\/schema.org\",\"@graph\":[{\"@type\":\"NewsArticle\",\"@id\":\"https:\/\/www.gaveanews.com\/index.php\/2021\/10\/15\/junior-enche-a-bola-de-andreas-e-diz-o-que-o-flamengo-ganha-com-o-fim-de-jejum-nas-faltas\/#article\",\"isPartOf\":{\"@id\":\"https:\/\/www.gaveanews.com\/index.php\/2021\/10\/15\/junior-enche-a-bola-de-andreas-e-diz-o-que-o-flamengo-ganha-com-o-fim-de-jejum-nas-faltas\/\"},\"author\":{\"name\":\"Equipe G\u00e1vea News\",\"@id\":\"https:\/\/www.gaveanews.com\/#\/schema\/person\/2ec14f73fb96be2caf28f91afb14749d\"},\"headline\":\"J\u00fanior enche a bola de Andreas e diz o que o Flamengo ganha com o fim de jejum nas faltas\",\"datePublished\":\"2021-10-15T10:08:29+00:00\",\"dateModified\":\"2021-10-15T10:08:32+00:00\",\"mainEntityOfPage\":{\"@id\":\"https:\/\/www.gaveanews.com\/index.php\/2021\/10\/15\/junior-enche-a-bola-de-andreas-e-diz-o-que-o-flamengo-ganha-com-o-fim-de-jejum-nas-faltas\/\"},\"wordCount\":257,\"commentCount\":2,\"image\":{\"@id\":\"https:\/\/www.gaveanews.com\/index.php\/2021\/10\/15\/junior-enche-a-bola-de-andreas-e-diz-o-que-o-flamengo-ganha-com-o-fim-de-jejum-nas-faltas\/#primaryimage\"},\"thumbnailUrl\":\"https:\/\/www.gaveanews.com\/wp-content\/uploads\/Andreas-Pereira-em-acao-pelo-Flamengo-contra-o-Juventude-no-Campeonato-Brasileiro-2021.webp\",\"articleSection\":[\"Flamengo\"],\"inLanguage\":\"pt-BR\",\"potentialAction\":[{\"@type\":\"CommentAction\",\"name\":\"Comment\",\"target\":[\"https:\/\/www.gaveanews.com\/index.php\/2021\/10\/15\/junior-enche-a-bola-de-andreas-e-diz-o-que-o-flamengo-ganha-com-o-fim-de-jejum-nas-faltas\/#respond\"]}],\"copyrightYear\":\"2021\",\"copyrightHolder\":{\"@id\":\"https:\/\/www.gaveanews.com\/#organization\"}},{\"@type\":\"WebPage\",\"@id\":\"https:\/\/www.gaveanews.com\/index.php\/2021\/10\/15\/junior-enche-a-bola-de-andreas-e-diz-o-que-o-flamengo-ganha-com-o-fim-de-jejum-nas-faltas\/\",\"url\":\"https:\/\/www.gaveanews.com\/index.php\/2021\/10\/15\/junior-enche-a-bola-de-andreas-e-diz-o-que-o-flamengo-ganha-com-o-fim-de-jejum-nas-faltas\/\",\"name\":\"J\u00fanior enche a bola de Andreas e diz o que o Flamengo ganha com o fim de jejum nas faltas\",\"isPartOf\":{\"@id\":\"https:\/\/www.gaveanews.com\/#website\"},\"primaryImageOfPage\":{\"@id\":\"https:\/\/www.gaveanews.com\/index.php\/2021\/10\/15\/junior-enche-a-bola-de-andreas-e-diz-o-que-o-flamengo-ganha-com-o-fim-de-jejum-nas-faltas\/#primaryimage\"},\"image\":{\"@id\":\"https:\/\/www.gaveanews.com\/index.php\/2021\/10\/15\/junior-enche-a-bola-de-andreas-e-diz-o-que-o-flamengo-ganha-com-o-fim-de-jejum-nas-faltas\/#primaryimage\"},\"thumbnailUrl\":\"https:\/\/www.gaveanews.com\/wp-content\/uploads\/Andreas-Pereira-em-acao-pelo-Flamengo-contra-o-Juventude-no-Campeonato-Brasileiro-2021.webp\",\"datePublished\":\"2021-10-15T10:08:29+00:00\",\"dateModified\":\"2021-10-15T10:08:32+00:00\",\"author\":{\"@id\":\"https:\/\/www.gaveanews.com\/#\/schema\/person\/2ec14f73fb96be2caf28f91afb14749d\"},\"breadcrumb\":{\"@id\":\"https:\/\/www.gaveanews.com\/index.php\/2021\/10\/15\/junior-enche-a-bola-de-andreas-e-diz-o-que-o-flamengo-ganha-com-o-fim-de-jejum-nas-faltas\/#breadcrumb\"},\"inLanguage\":\"pt-BR\",\"potentialAction\":[{\"@type\":\"ReadAction\",\"target\":[\"https:\/\/www.gaveanews.com\/index.php\/2021\/10\/15\/junior-enche-a-bola-de-andreas-e-diz-o-que-o-flamengo-ganha-com-o-fim-de-jejum-nas-faltas\/\"]}]},{\"@type\":\"ImageObject\",\"inLanguage\":\"pt-BR\",\"@id\":\"https:\/\/www.gaveanews.com\/index.php\/2021\/10\/15\/junior-enche-a-bola-de-andreas-e-diz-o-que-o-flamengo-ganha-com-o-fim-de-jejum-nas-faltas\/#primaryimage\",\"url\":\"https:\/\/www.gaveanews.com\/wp-content\/uploads\/Andreas-Pereira-em-acao-pelo-Flamengo-contra-o-Juventude-no-Campeonato-Brasileiro-2021.webp\",\"contentUrl\":\"https:\/\/www.gaveanews.com\/wp-content\/uploads\/Andreas-Pereira-em-acao-pelo-Flamengo-contra-o-Juventude-no-Campeonato-Brasileiro-2021.webp\",\"width\":800,\"height\":533,\"caption\":\"Andreas Pereira em a\u00e7\u00e3o pelo Flamengo contra o Juventude no Campeonato Brasileiro 2021 (Foto: Marcelo Cortes\/Flamengo)\"},{\"@type\":\"BreadcrumbList\",\"@id\":\"https:\/\/www.gaveanews.com\/index.php\/2021\/10\/15\/junior-enche-a-bola-de-andreas-e-diz-o-que-o-flamengo-ganha-com-o-fim-de-jejum-nas-faltas\/#breadcrumb\",\"itemListElement\":[{\"@type\":\"ListItem\",\"position\":1,\"name\":\"Home\",\"item\":\"https:\/\/www.gaveanews.com\/\"},{\"@type\":\"ListItem\",\"position\":2,\"name\":\"J\u00fanior enche a bola de Andreas e diz o que o Flamengo ganha com o fim de jejum nas faltas\"}]},{\"@type\":\"WebSite\",\"@id\":\"https:\/\/www.gaveanews.com\/#website\",\"url\":\"https:\/\/www.gaveanews.com\/\",\"name\":\"G\u00e1vea News\",\"description\":\"Veja todas as not\u00edcias sobre o Flamengo: Contrata\u00e7\u00f5es, categorias de base, resultados das partidas, tabela de classifica\u00e7\u00e3o, pr\u00f3ximos jogos!\",\"potentialAction\":[{\"@type\":\"SearchAction\",\"target\":{\"@type\":\"EntryPoint\",\"urlTemplate\":\"https:\/\/www.gaveanews.com\/?s={search_term_string}\"},\"query-input\":{\"@type\":\"PropertyValueSpecification\",\"valueRequired\":true,\"valueName\":\"search_term_string\"}}],\"inLanguage\":\"pt-BR\"},{\"@type\":\"Person\",\"@id\":\"https:\/\/www.gaveanews.com\/#\/schema\/person\/2ec14f73fb96be2caf28f91afb14749d\",\"name\":\"Equipe G\u00e1vea News\",\"image\":{\"@type\":\"ImageObject\",\"inLanguage\":\"pt-BR\",\"@id\":\"https:\/\/www.gaveanews.com\/#\/schema\/person\/image\/\",\"url\":\"https:\/\/secure.gravatar.com\/avatar\/1e1956f1facbffd3f8fa53a326721950116b3b9dc9bd44939c01180fd4a745a9?s=96&d=mm&r=g\",\"contentUrl\":\"https:\/\/secure.gravatar.com\/avatar\/1e1956f1facbffd3f8fa53a326721950116b3b9dc9bd44939c01180fd4a745a9?s=96&d=mm&r=g\",\"caption\":\"Equipe G\u00e1vea News\"}}]}<\/script>\n<!-- \/ Yoast SEO Premium plugin. -->","yoast_head_json":{"title":"J\u00fanior enche a bola de Andreas e diz o que o Flamengo ganha com o fim de jejum nas faltas","robots":{"index":"index","follow":"follow","max-snippet":"max-snippet:-1","max-image-preview":"max-image-preview:large","max-video-preview":"max-video-preview:-1"},"canonical":"https:\/\/www.gaveanews.com\/index.php\/2021\/10\/15\/junior-enche-a-bola-de-andreas-e-diz-o-que-o-flamengo-ganha-com-o-fim-de-jejum-nas-faltas\/","og_locale":"pt_BR","og_type":"article","og_title":"J\u00fanior enche a bola de Andreas e diz o que o Flamengo ganha com o fim de jejum nas faltas","og_description":"Um dos maiores \u00eddolos do Flamengo e refer\u00eancia em t\u00e9cnica apurada, J\u00fanior atestou a pintura feita por Andreas Pereira diante do Juventude, na vit\u00f3ria por 3 a 1, no Maracan\u00e3 e em duelo pela 26\u00aa rodada do Campeonato Brasileiro, na \u00faltima quarta-feira. O Maestro conversou com o LANCE! e comentou sobre o gola\u00e7o de falta [&hellip;]","og_url":"https:\/\/www.gaveanews.com\/index.php\/2021\/10\/15\/junior-enche-a-bola-de-andreas-e-diz-o-que-o-flamengo-ganha-com-o-fim-de-jejum-nas-faltas\/","og_site_name":"G\u00e1vea News","article_publisher":"https:\/\/facebook.com\/gaveaNews\/","article_published_time":"2021-10-15T10:08:29+00:00","article_modified_time":"2021-10-15T10:08:32+00:00","og_image":[{"width":800,"height":533,"url":"https:\/\/www.gaveanews.com\/wp-content\/uploads\/Andreas-Pereira-em-acao-pelo-Flamengo-contra-o-Juventude-no-Campeonato-Brasileiro-2021.webp","type":"image\/jpeg"}],"author":"Equipe G\u00e1vea News","twitter_card":"summary_large_image","twitter_misc":{"Escrito por":"Equipe G\u00e1vea News","Est. tempo de leitura":"1 minuto"},"schema":{"@context":"https:\/\/schema.org","@graph":[{"@type":"NewsArticle","@id":"https:\/\/www.gaveanews.com\/index.php\/2021\/10\/15\/junior-enche-a-bola-de-andreas-e-diz-o-que-o-flamengo-ganha-com-o-fim-de-jejum-nas-faltas\/#article","isPartOf":{"@id":"https:\/\/www.gaveanews.com\/index.php\/2021\/10\/15\/junior-enche-a-bola-de-andreas-e-diz-o-que-o-flamengo-ganha-com-o-fim-de-jejum-nas-faltas\/"},"author":{"name":"Equipe G\u00e1vea News","@id":"https:\/\/www.gaveanews.com\/#\/schema\/person\/2ec14f73fb96be2caf28f91afb14749d"},"headline":"J\u00fanior enche a bola de Andreas e diz o que o Flamengo ganha com o fim de jejum nas faltas","datePublished":"2021-10-15T10:08:29+00:00","dateModified":"2021-10-15T10:08:32+00:00","mainEntityOfPage":{"@id":"https:\/\/www.gaveanews.com\/index.php\/2021\/10\/15\/junior-enche-a-bola-de-andreas-e-diz-o-que-o-flamengo-ganha-com-o-fim-de-jejum-nas-faltas\/"},"wordCount":257,"commentCount":2,"image":{"@id":"https:\/\/www.gaveanews.com\/index.php\/2021\/10\/15\/junior-enche-a-bola-de-andreas-e-diz-o-que-o-flamengo-ganha-com-o-fim-de-jejum-nas-faltas\/#primaryimage"},"thumbnailUrl":"https:\/\/www.gaveanews.com\/wp-content\/uploads\/Andreas-Pereira-em-acao-pelo-Flamengo-contra-o-Juventude-no-Campeonato-Brasileiro-2021.webp","articleSection":["Flamengo"],"inLanguage":"pt-BR","potentialAction":[{"@type":"CommentAction","name":"Comment","target":["https:\/\/www.gaveanews.com\/index.php\/2021\/10\/15\/junior-enche-a-bola-de-andreas-e-diz-o-que-o-flamengo-ganha-com-o-fim-de-jejum-nas-faltas\/#respond"]}],"copyrightYear":"2021","copyrightHolder":{"@id":"https:\/\/www.gaveanews.com\/#organization"}},{"@type":"WebPage","@id":"https:\/\/www.gaveanews.com\/index.php\/2021\/10\/15\/junior-enche-a-bola-de-andreas-e-diz-o-que-o-flamengo-ganha-com-o-fim-de-jejum-nas-faltas\/","url":"https:\/\/www.gaveanews.com\/index.php\/2021\/10\/15\/junior-enche-a-bola-de-andreas-e-diz-o-que-o-flamengo-ganha-com-o-fim-de-jejum-nas-faltas\/","name":"J\u00fanior enche a bola de Andreas e diz o que o Flamengo ganha com o fim de jejum nas faltas","isPartOf":{"@id":"https:\/\/www.gaveanews.com\/#website"},"primaryImageOfPage":{"@id":"https:\/\/www.gaveanews.com\/index.php\/2021\/10\/15\/junior-enche-a-bola-de-andreas-e-diz-o-que-o-flamengo-ganha-com-o-fim-de-jejum-nas-faltas\/#primaryimage"},"image":{"@id":"https:\/\/www.gaveanews.com\/index.php\/2021\/10\/15\/junior-enche-a-bola-de-andreas-e-diz-o-que-o-flamengo-ganha-com-o-fim-de-jejum-nas-faltas\/#primaryimage"},"thumbnailUrl":"https:\/\/www.gaveanews.com\/wp-content\/uploads\/Andreas-Pereira-em-acao-pelo-Flamengo-contra-o-Juventude-no-Campeonato-Brasileiro-2021.webp","datePublished":"2021-10-15T10:08:29+00:00","dateModified":"2021-10-15T10:08:32+00:00","author":{"@id":"https:\/\/www.gaveanews.com\/#\/schema\/person\/2ec14f73fb96be2caf28f91afb14749d"},"breadcrumb":{"@id":"https:\/\/www.gaveanews.com\/index.php\/2021\/10\/15\/junior-enche-a-bola-de-andreas-e-diz-o-que-o-flamengo-ganha-com-o-fim-de-jejum-nas-faltas\/#breadcrumb"},"inLanguage":"pt-BR","potentialAction":[{"@type":"ReadAction","target":["https:\/\/www.gaveanews.com\/index.php\/2021\/10\/15\/junior-enche-a-bola-de-andreas-e-diz-o-que-o-flamengo-ganha-com-o-fim-de-jejum-nas-faltas\/"]}]},{"@type":"ImageObject","inLanguage":"pt-BR","@id":"https:\/\/www.gaveanews.com\/index.php\/2021\/10\/15\/junior-enche-a-bola-de-andreas-e-diz-o-que-o-flamengo-ganha-com-o-fim-de-jejum-nas-faltas\/#primaryimage","url":"https:\/\/www.gaveanews.com\/wp-content\/uploads\/Andreas-Pereira-em-acao-pelo-Flamengo-contra-o-Juventude-no-Campeonato-Brasileiro-2021.webp","contentUrl":"https:\/\/www.gaveanews.com\/wp-content\/uploads\/Andreas-Pereira-em-acao-pelo-Flamengo-contra-o-Juventude-no-Campeonato-Brasileiro-2021.webp","width":800,"height":533,"caption":"Andreas Pereira em a\u00e7\u00e3o pelo Flamengo contra o Juventude no Campeonato Brasileiro 2021 (Foto: Marcelo Cortes\/Flamengo)"},{"@type":"BreadcrumbList","@id":"https:\/\/www.gaveanews.com\/index.php\/2021\/10\/15\/junior-enche-a-bola-de-andreas-e-diz-o-que-o-flamengo-ganha-com-o-fim-de-jejum-nas-faltas\/#breadcrumb","itemListElement":[{"@type":"ListItem","position":1,"name":"Home","item":"https:\/\/www.gaveanews.com\/"},{"@type":"ListItem","position":2,"name":"J\u00fanior enche a bola de Andreas e diz o que o Flamengo ganha com o fim de jejum nas faltas"}]},{"@type":"WebSite","@id":"https:\/\/www.gaveanews.com\/#website","url":"https:\/\/www.gaveanews.com\/","name":"G\u00e1vea News","description":"Veja todas as not\u00edcias sobre o Flamengo: Contrata\u00e7\u00f5es, categorias de base, resultados das partidas, tabela de classifica\u00e7\u00e3o, pr\u00f3ximos jogos!","potentialAction":[{"@type":"SearchAction","target":{"@type":"EntryPoint","urlTemplate":"https:\/\/www.gaveanews.com\/?s={search_term_string}"},"query-input":{"@type":"PropertyValueSpecification","valueRequired":true,"valueName":"search_term_string"}}],"inLanguage":"pt-BR"},{"@type":"Person","@id":"https:\/\/www.gaveanews.com\/#\/schema\/person\/2ec14f73fb96be2caf28f91afb14749d","name":"Equipe G\u00e1vea News","image":{"@type":"ImageObject","inLanguage":"pt-BR","@id":"https:\/\/www.gaveanews.com\/#\/schema\/person\/image\/","url":"https:\/\/secure.gravatar.com\/avatar\/1e1956f1facbffd3f8fa53a326721950116b3b9dc9bd44939c01180fd4a745a9?s=96&d=mm&r=g","contentUrl":"https:\/\/secure.gravatar.com\/avatar\/1e1956f1facbffd3f8fa53a326721950116b3b9dc9bd44939c01180fd4a745a9?s=96&d=mm&r=g","caption":"Equipe G\u00e1vea News"}}]}},"_links":{"self":[{"href":"https:\/\/www.gaveanews.com\/index.php\/wp-json\/wp\/v2\/posts\/70054","targetHints":{"allow":["GET"]}}],"collection":[{"href":"https:\/\/www.gaveanews.com\/index.php\/wp-json\/wp\/v2\/posts"}],"about":[{"href":"https:\/\/www.gaveanews.com\/index.php\/wp-json\/wp\/v2\/types\/post"}],"author":[{"embeddable":true,"href":"https:\/\/www.gaveanews.com\/index.php\/wp-json\/wp\/v2\/users\/1"}],"replies":[{"embeddable":true,"href":"https:\/\/www.gaveanews.com\/index.php\/wp-json\/wp\/v2\/comments?post=70054"}],"version-history":[{"count":0,"href":"https:\/\/www.gaveanews.com\/index.php\/wp-json\/wp\/v2\/posts\/70054\/revisions"}],"wp:featuredmedia":[{"embeddable":true,"href":"https:\/\/www.gaveanews.com\/index.php\/wp-json\/wp\/v2\/media\/69980"}],"wp:attachment":[{"href":"https:\/\/www.gaveanews.com\/index.php\/wp-json\/wp\/v2\/media?parent=70054"}],"wp:term":[{"taxonomy":"category","embeddable":true,"href":"https:\/\/www.gaveanews.com\/index.php\/wp-json\/wp\/v2\/categories?post=70054"},{"taxonomy":"post_tag","embeddable":true,"href":"https:\/\/www.gaveanews.com\/index.php\/wp-json\/wp\/v2\/tags?post=70054"}],"curies":[{"name":"wp","href":"https:\/\/api.w.org\/{rel}","templated":true}]}}