{"id":70196,"date":"2021-10-18T19:12:32","date_gmt":"2021-10-18T22:12:32","guid":{"rendered":"https:\/\/www.gaveanews.com\/?p=70196"},"modified":"2021-10-23T19:50:07","modified_gmt":"2021-10-23T22:50:07","slug":"atletico-mg-abre-reclamacao-na-cbf-em-relacao-a-arbitragem-fla-pode-ser-afetado","status":"publish","type":"post","link":"https:\/\/www.gaveanews.com\/index.php\/2021\/10\/18\/atletico-mg-abre-reclamacao-na-cbf-em-relacao-a-arbitragem-fla-pode-ser-afetado\/","title":{"rendered":"Atl\u00e9tico-MG abre reclama\u00e7\u00e3o na CBF em rela\u00e7\u00e3o \u00e0 arbitragem; Fla pode ser afetado"},"content":{"rendered":"\n<p>Nesta manh\u00e3 (18), o Atl\u00e9tico-MG emitiu uma nota informando que ir\u00e1 protocolar uma reclama\u00e7\u00e3o \u00e0 Ouvidoria da CBF referente \u00e0 arbitragem das competi\u00e7\u00f5es realizadas pela entidade.<\/p>\n\n\n\n<p>O texto pede que ju\u00edzes do Rio de Janeiro n\u00e3o apitem partidas do Galo, assim como \u00e1rbitros mineiros n\u00e3o sejam escalados para jogos do Flamengo. O clube ainda pediu a ado\u00e7\u00e3o de crit\u00e9rio para decis\u00f5es da arbitragem.<\/p>\n\n\n\n<p>Vale destacar que o diretor de futebol do Atl\u00e9tico-MG, Rodrigo Caetano, j\u00e1 se pronunciou sobre o assunto no \u00faltimo domingo (17), quando seu clube perdeu por 2 a para o Atl\u00e9tico-GO. Na ocasi\u00e3o, ele afirmou que a equipe se sentiu prejudicada em suas \u00faltimas partidas e pediu crit\u00e9rio por parte da arbitragem do Campeonato Brasileiro.<\/p>\n\n\n\n<h2 class=\"wp-block-heading\" id=\"h-confira-a-nota-na-ntegra\">Confira a nota na \u00edntegra:<\/h2>\n\n\n\n<p><em><strong>O Atl\u00e9tico informa que vai protocolar, hoje, reclama\u00e7\u00e3o na Ouvidoria da CBF, nos seguintes termos:<\/strong><\/em><\/p>\n\n\n\n<p><em><strong>1. Cobrar para que sejam adotados os mesmos crit\u00e9rios da arbitragem em rela\u00e7\u00e3o a lances praticamente id\u00eanticos.<\/strong><\/em> <em><strong>Na 27a rodada do Campeonato Brasileiro, por exemplo, lances equivalentes de bola no bra\u00e7o, dentro da \u00e1rea, tiveram decis\u00f5es completamente d\u00edspares (Chapecoense x Fortaleza; Palmeiras x Internacional; e Atl\u00e9tico-GO x Atl\u00e9tico);<\/strong><\/em><\/p>\n\n\n\n<p><em><strong>2. Cobrar para que o Galo tenha acesso aos \u00e1udios do VAR, relativamente aos lances de p\u00eanaltis n\u00e3o marcados nas partidas Atl\u00e9tico-GO x Atl\u00e9tico; e Atl\u00e9tico x Santos;<\/strong><\/em><\/p>\n\n\n\n<p><em><strong>3. Protestar contra o \u00e1rbitro Raphael Claus pela absoluta falta de crit\u00e9rio, padr\u00e3o e transpar\u00eancia nas decis\u00f5es que tem tomado, em lances equivalentes.<\/strong><\/em> <em><strong>Tal conduta tem provocado estranhamento em rela\u00e7\u00e3o ao referido \u00e1rbitro que n\u00e3o marcou p\u00eanalti a favor do Galo no jogo Atl\u00e9tico-GO x Atl\u00e9tico e o fez, em lances id\u00eanticos, nos jogos Atl\u00e9tico x Fluminense, pela Copa do Brasil; e Santos x S\u00e3o Paulo, pelo Brasileir\u00e3o;<\/strong><\/em><\/p>\n\n\n\n<p><em><strong>4. Apelar para o bom senso, solicitando \u00e0 CBF que n\u00e3o escale nenhum \u00e1rbitro do RJ (nem mesmo auxiliar do VAR) em jogos do Atl\u00e9tico, tampouco representantes de MG, em jogos do Flamengo.<\/strong><\/em> <em><strong>Registre-se que, dos \u00faltimos 16 jogos do Galo, 12 tiveram representantes da federa\u00e7\u00e3o carioca nas fun\u00e7\u00f5es de VAR, AVAR ou Observador do VAR.<\/strong><\/em><\/p>\n","protected":false},"excerpt":{"rendered":"<p>Nesta manh\u00e3 (18), o Atl\u00e9tico-MG emitiu uma nota informando que ir\u00e1 protocolar uma reclama\u00e7\u00e3o \u00e0 Ouvidoria da CBF referente \u00e0 arbitragem das competi\u00e7\u00f5es realizadas pela entidade. O texto pede que ju\u00edzes do Rio de Janeiro n\u00e3o apitem partidas do Galo, assim como \u00e1rbitros mineiros n\u00e3o sejam escalados para jogos do Flamengo. O clube ainda pediu [&hellip;]<\/p>\n","protected":false},"author":4,"featured_media":70198,"comment_status":"open","ping_status":"closed","sticky":false,"template":"","format":"standard","meta":{"footnotes":""},"categories":[1],"tags":[],"class_list":["post-70196","post","type-post","status-publish","format-standard","has-post-thumbnail","hentry","category-flamengo"],"yoast_head":"<!-- This site is optimized with the Yoast SEO Premium plugin v24.2 (Yoast SEO v26.9) - https:\/\/yoast.com\/product\/yoast-seo-premium-wordpress\/ -->\n<title>Atl\u00e9tico-MG abre reclama\u00e7\u00e3o na CBF em rela\u00e7\u00e3o \u00e0 arbitragem e cita Fla<\/title>\n<meta name=\"robots\" content=\"index, follow, max-snippet:-1, max-image-preview:large, max-video-preview:-1\" \/>\n<link rel=\"canonical\" href=\"https:\/\/www.gaveanews.com\/index.php\/2021\/10\/18\/atletico-mg-abre-reclamacao-na-cbf-em-relacao-a-arbitragem-fla-pode-ser-afetado\/\" \/>\n<meta property=\"og:locale\" content=\"pt_BR\" \/>\n<meta property=\"og:type\" content=\"article\" \/>\n<meta property=\"og:title\" content=\"Atl\u00e9tico-MG abre reclama\u00e7\u00e3o na CBF em rela\u00e7\u00e3o \u00e0 arbitragem; Fla pode ser afetado\" \/>\n<meta property=\"og:description\" content=\"Nesta manh\u00e3 (18), o Atl\u00e9tico-MG emitiu uma nota informando que ir\u00e1 protocolar uma reclama\u00e7\u00e3o \u00e0 Ouvidoria da CBF referente \u00e0 arbitragem das competi\u00e7\u00f5es realizadas pela entidade. O texto pede que ju\u00edzes do Rio de Janeiro n\u00e3o apitem partidas do Galo, assim como \u00e1rbitros mineiros n\u00e3o sejam escalados para jogos do Flamengo. O clube ainda pediu [&hellip;]\" \/>\n<meta property=\"og:url\" content=\"https:\/\/www.gaveanews.com\/index.php\/2021\/10\/18\/atletico-mg-abre-reclamacao-na-cbf-em-relacao-a-arbitragem-fla-pode-ser-afetado\/\" \/>\n<meta property=\"og:site_name\" content=\"G\u00e1vea News\" \/>\n<meta property=\"article:publisher\" content=\"https:\/\/facebook.com\/gaveaNews\/\" \/>\n<meta property=\"article:published_time\" content=\"2021-10-18T22:12:32+00:00\" \/>\n<meta property=\"article:modified_time\" content=\"2021-10-23T22:50:07+00:00\" \/>\n<meta property=\"og:image\" content=\"https:\/\/www.gaveanews.com\/wp-content\/uploads\/Atletico-GO-x-Atletico-MG-com-arbitragem-de-Raphael-Claus.webp\" \/>\n\t<meta property=\"og:image:width\" content=\"1000\" \/>\n\t<meta property=\"og:image:height\" content=\"667\" \/>\n\t<meta property=\"og:image:type\" content=\"image\/jpeg\" \/>\n<meta name=\"author\" content=\"Let\u00edcia Gerheim\" \/>\n<meta name=\"twitter:card\" content=\"summary_large_image\" \/>\n<meta name=\"twitter:label1\" content=\"Escrito por\" \/>\n\t<meta name=\"twitter:data1\" content=\"Let\u00edcia Gerheim\" \/>\n\t<meta name=\"twitter:label2\" content=\"Est. tempo de leitura\" \/>\n\t<meta name=\"twitter:data2\" content=\"2 minutos\" \/>\n<script type=\"application\/ld+json\" class=\"yoast-schema-graph\">{\"@context\":\"https:\/\/schema.org\",\"@graph\":[{\"@type\":\"NewsArticle\",\"@id\":\"https:\/\/www.gaveanews.com\/index.php\/2021\/10\/18\/atletico-mg-abre-reclamacao-na-cbf-em-relacao-a-arbitragem-fla-pode-ser-afetado\/#article\",\"isPartOf\":{\"@id\":\"https:\/\/www.gaveanews.com\/index.php\/2021\/10\/18\/atletico-mg-abre-reclamacao-na-cbf-em-relacao-a-arbitragem-fla-pode-ser-afetado\/\"},\"author\":{\"name\":\"Let\u00edcia Gerheim\",\"@id\":\"https:\/\/www.gaveanews.com\/#\/schema\/person\/714c67050b836198af2450ba1c142a67\"},\"headline\":\"Atl\u00e9tico-MG abre reclama\u00e7\u00e3o na CBF em rela\u00e7\u00e3o \u00e0 arbitragem; Fla pode ser afetado\",\"datePublished\":\"2021-10-18T22:12:32+00:00\",\"dateModified\":\"2021-10-23T22:50:07+00:00\",\"mainEntityOfPage\":{\"@id\":\"https:\/\/www.gaveanews.com\/index.php\/2021\/10\/18\/atletico-mg-abre-reclamacao-na-cbf-em-relacao-a-arbitragem-fla-pode-ser-afetado\/\"},\"wordCount\":386,\"commentCount\":19,\"image\":{\"@id\":\"https:\/\/www.gaveanews.com\/index.php\/2021\/10\/18\/atletico-mg-abre-reclamacao-na-cbf-em-relacao-a-arbitragem-fla-pode-ser-afetado\/#primaryimage\"},\"thumbnailUrl\":\"https:\/\/www.gaveanews.com\/wp-content\/uploads\/Atletico-GO-x-Atletico-MG-com-arbitragem-de-Raphael-Claus.webp\",\"articleSection\":[\"Flamengo\"],\"inLanguage\":\"pt-BR\",\"potentialAction\":[{\"@type\":\"CommentAction\",\"name\":\"Comment\",\"target\":[\"https:\/\/www.gaveanews.com\/index.php\/2021\/10\/18\/atletico-mg-abre-reclamacao-na-cbf-em-relacao-a-arbitragem-fla-pode-ser-afetado\/#respond\"]}],\"copyrightYear\":\"2021\",\"copyrightHolder\":{\"@id\":\"https:\/\/www.gaveanews.com\/#organization\"}},{\"@type\":\"WebPage\",\"@id\":\"https:\/\/www.gaveanews.com\/index.php\/2021\/10\/18\/atletico-mg-abre-reclamacao-na-cbf-em-relacao-a-arbitragem-fla-pode-ser-afetado\/\",\"url\":\"https:\/\/www.gaveanews.com\/index.php\/2021\/10\/18\/atletico-mg-abre-reclamacao-na-cbf-em-relacao-a-arbitragem-fla-pode-ser-afetado\/\",\"name\":\"Atl\u00e9tico-MG abre reclama\u00e7\u00e3o na CBF em rela\u00e7\u00e3o \u00e0 arbitragem e cita Fla\",\"isPartOf\":{\"@id\":\"https:\/\/www.gaveanews.com\/#website\"},\"primaryImageOfPage\":{\"@id\":\"https:\/\/www.gaveanews.com\/index.php\/2021\/10\/18\/atletico-mg-abre-reclamacao-na-cbf-em-relacao-a-arbitragem-fla-pode-ser-afetado\/#primaryimage\"},\"image\":{\"@id\":\"https:\/\/www.gaveanews.com\/index.php\/2021\/10\/18\/atletico-mg-abre-reclamacao-na-cbf-em-relacao-a-arbitragem-fla-pode-ser-afetado\/#primaryimage\"},\"thumbnailUrl\":\"https:\/\/www.gaveanews.com\/wp-content\/uploads\/Atletico-GO-x-Atletico-MG-com-arbitragem-de-Raphael-Claus.webp\",\"datePublished\":\"2021-10-18T22:12:32+00:00\",\"dateModified\":\"2021-10-23T22:50:07+00:00\",\"author\":{\"@id\":\"https:\/\/www.gaveanews.com\/#\/schema\/person\/714c67050b836198af2450ba1c142a67\"},\"breadcrumb\":{\"@id\":\"https:\/\/www.gaveanews.com\/index.php\/2021\/10\/18\/atletico-mg-abre-reclamacao-na-cbf-em-relacao-a-arbitragem-fla-pode-ser-afetado\/#breadcrumb\"},\"inLanguage\":\"pt-BR\",\"potentialAction\":[{\"@type\":\"ReadAction\",\"target\":[\"https:\/\/www.gaveanews.com\/index.php\/2021\/10\/18\/atletico-mg-abre-reclamacao-na-cbf-em-relacao-a-arbitragem-fla-pode-ser-afetado\/\"]}]},{\"@type\":\"ImageObject\",\"inLanguage\":\"pt-BR\",\"@id\":\"https:\/\/www.gaveanews.com\/index.php\/2021\/10\/18\/atletico-mg-abre-reclamacao-na-cbf-em-relacao-a-arbitragem-fla-pode-ser-afetado\/#primaryimage\",\"url\":\"https:\/\/www.gaveanews.com\/wp-content\/uploads\/Atletico-GO-x-Atletico-MG-com-arbitragem-de-Raphael-Claus.webp\",\"contentUrl\":\"https:\/\/www.gaveanews.com\/wp-content\/uploads\/Atletico-GO-x-Atletico-MG-com-arbitragem-de-Raphael-Claus.webp\",\"width\":1000,\"height\":667,\"caption\":\"Atl\u00e9tico-GO x Atl\u00e9tico-MG com arbitragem de Raphael Claus (Foto: Heber Gomes\/AGIF)\"},{\"@type\":\"BreadcrumbList\",\"@id\":\"https:\/\/www.gaveanews.com\/index.php\/2021\/10\/18\/atletico-mg-abre-reclamacao-na-cbf-em-relacao-a-arbitragem-fla-pode-ser-afetado\/#breadcrumb\",\"itemListElement\":[{\"@type\":\"ListItem\",\"position\":1,\"name\":\"Home\",\"item\":\"https:\/\/www.gaveanews.com\/\"},{\"@type\":\"ListItem\",\"position\":2,\"name\":\"Atl\u00e9tico-MG abre reclama\u00e7\u00e3o na CBF em rela\u00e7\u00e3o \u00e0 arbitragem; Fla pode ser afetado\"}]},{\"@type\":\"WebSite\",\"@id\":\"https:\/\/www.gaveanews.com\/#website\",\"url\":\"https:\/\/www.gaveanews.com\/\",\"name\":\"G\u00e1vea News\",\"description\":\"Veja todas as not\u00edcias sobre o Flamengo: Contrata\u00e7\u00f5es, categorias de base, resultados das partidas, tabela de classifica\u00e7\u00e3o, pr\u00f3ximos jogos!\",\"potentialAction\":[{\"@type\":\"SearchAction\",\"target\":{\"@type\":\"EntryPoint\",\"urlTemplate\":\"https:\/\/www.gaveanews.com\/?s={search_term_string}\"},\"query-input\":{\"@type\":\"PropertyValueSpecification\",\"valueRequired\":true,\"valueName\":\"search_term_string\"}}],\"inLanguage\":\"pt-BR\"},{\"@type\":\"Person\",\"@id\":\"https:\/\/www.gaveanews.com\/#\/schema\/person\/714c67050b836198af2450ba1c142a67\",\"name\":\"Let\u00edcia Gerheim\",\"image\":{\"@type\":\"ImageObject\",\"inLanguage\":\"pt-BR\",\"@id\":\"https:\/\/www.gaveanews.com\/#\/schema\/person\/image\/\",\"url\":\"https:\/\/secure.gravatar.com\/avatar\/60734739c50fcebfbac509e2a826ccd0ff405c019bc73aab9354f19ecad1dcb4?s=96&d=mm&r=g\",\"contentUrl\":\"https:\/\/secure.gravatar.com\/avatar\/60734739c50fcebfbac509e2a826ccd0ff405c019bc73aab9354f19ecad1dcb4?s=96&d=mm&r=g\",\"caption\":\"Let\u00edcia Gerheim\"}}]}<\/script>\n<!-- \/ Yoast SEO Premium plugin. -->","yoast_head_json":{"title":"Atl\u00e9tico-MG abre reclama\u00e7\u00e3o na CBF em rela\u00e7\u00e3o \u00e0 arbitragem e cita Fla","robots":{"index":"index","follow":"follow","max-snippet":"max-snippet:-1","max-image-preview":"max-image-preview:large","max-video-preview":"max-video-preview:-1"},"canonical":"https:\/\/www.gaveanews.com\/index.php\/2021\/10\/18\/atletico-mg-abre-reclamacao-na-cbf-em-relacao-a-arbitragem-fla-pode-ser-afetado\/","og_locale":"pt_BR","og_type":"article","og_title":"Atl\u00e9tico-MG abre reclama\u00e7\u00e3o na CBF em rela\u00e7\u00e3o \u00e0 arbitragem; Fla pode ser afetado","og_description":"Nesta manh\u00e3 (18), o Atl\u00e9tico-MG emitiu uma nota informando que ir\u00e1 protocolar uma reclama\u00e7\u00e3o \u00e0 Ouvidoria da CBF referente \u00e0 arbitragem das competi\u00e7\u00f5es realizadas pela entidade. O texto pede que ju\u00edzes do Rio de Janeiro n\u00e3o apitem partidas do Galo, assim como \u00e1rbitros mineiros n\u00e3o sejam escalados para jogos do Flamengo. O clube ainda pediu [&hellip;]","og_url":"https:\/\/www.gaveanews.com\/index.php\/2021\/10\/18\/atletico-mg-abre-reclamacao-na-cbf-em-relacao-a-arbitragem-fla-pode-ser-afetado\/","og_site_name":"G\u00e1vea News","article_publisher":"https:\/\/facebook.com\/gaveaNews\/","article_published_time":"2021-10-18T22:12:32+00:00","article_modified_time":"2021-10-23T22:50:07+00:00","og_image":[{"width":1000,"height":667,"url":"https:\/\/www.gaveanews.com\/wp-content\/uploads\/Atletico-GO-x-Atletico-MG-com-arbitragem-de-Raphael-Claus.webp","type":"image\/jpeg"}],"author":"Let\u00edcia Gerheim","twitter_card":"summary_large_image","twitter_misc":{"Escrito por":"Let\u00edcia Gerheim","Est. tempo de leitura":"2 minutos"},"schema":{"@context":"https:\/\/schema.org","@graph":[{"@type":"NewsArticle","@id":"https:\/\/www.gaveanews.com\/index.php\/2021\/10\/18\/atletico-mg-abre-reclamacao-na-cbf-em-relacao-a-arbitragem-fla-pode-ser-afetado\/#article","isPartOf":{"@id":"https:\/\/www.gaveanews.com\/index.php\/2021\/10\/18\/atletico-mg-abre-reclamacao-na-cbf-em-relacao-a-arbitragem-fla-pode-ser-afetado\/"},"author":{"name":"Let\u00edcia Gerheim","@id":"https:\/\/www.gaveanews.com\/#\/schema\/person\/714c67050b836198af2450ba1c142a67"},"headline":"Atl\u00e9tico-MG abre reclama\u00e7\u00e3o na CBF em rela\u00e7\u00e3o \u00e0 arbitragem; Fla pode ser afetado","datePublished":"2021-10-18T22:12:32+00:00","dateModified":"2021-10-23T22:50:07+00:00","mainEntityOfPage":{"@id":"https:\/\/www.gaveanews.com\/index.php\/2021\/10\/18\/atletico-mg-abre-reclamacao-na-cbf-em-relacao-a-arbitragem-fla-pode-ser-afetado\/"},"wordCount":386,"commentCount":19,"image":{"@id":"https:\/\/www.gaveanews.com\/index.php\/2021\/10\/18\/atletico-mg-abre-reclamacao-na-cbf-em-relacao-a-arbitragem-fla-pode-ser-afetado\/#primaryimage"},"thumbnailUrl":"https:\/\/www.gaveanews.com\/wp-content\/uploads\/Atletico-GO-x-Atletico-MG-com-arbitragem-de-Raphael-Claus.webp","articleSection":["Flamengo"],"inLanguage":"pt-BR","potentialAction":[{"@type":"CommentAction","name":"Comment","target":["https:\/\/www.gaveanews.com\/index.php\/2021\/10\/18\/atletico-mg-abre-reclamacao-na-cbf-em-relacao-a-arbitragem-fla-pode-ser-afetado\/#respond"]}],"copyrightYear":"2021","copyrightHolder":{"@id":"https:\/\/www.gaveanews.com\/#organization"}},{"@type":"WebPage","@id":"https:\/\/www.gaveanews.com\/index.php\/2021\/10\/18\/atletico-mg-abre-reclamacao-na-cbf-em-relacao-a-arbitragem-fla-pode-ser-afetado\/","url":"https:\/\/www.gaveanews.com\/index.php\/2021\/10\/18\/atletico-mg-abre-reclamacao-na-cbf-em-relacao-a-arbitragem-fla-pode-ser-afetado\/","name":"Atl\u00e9tico-MG abre reclama\u00e7\u00e3o na CBF em rela\u00e7\u00e3o \u00e0 arbitragem e cita Fla","isPartOf":{"@id":"https:\/\/www.gaveanews.com\/#website"},"primaryImageOfPage":{"@id":"https:\/\/www.gaveanews.com\/index.php\/2021\/10\/18\/atletico-mg-abre-reclamacao-na-cbf-em-relacao-a-arbitragem-fla-pode-ser-afetado\/#primaryimage"},"image":{"@id":"https:\/\/www.gaveanews.com\/index.php\/2021\/10\/18\/atletico-mg-abre-reclamacao-na-cbf-em-relacao-a-arbitragem-fla-pode-ser-afetado\/#primaryimage"},"thumbnailUrl":"https:\/\/www.gaveanews.com\/wp-content\/uploads\/Atletico-GO-x-Atletico-MG-com-arbitragem-de-Raphael-Claus.webp","datePublished":"2021-10-18T22:12:32+00:00","dateModified":"2021-10-23T22:50:07+00:00","author":{"@id":"https:\/\/www.gaveanews.com\/#\/schema\/person\/714c67050b836198af2450ba1c142a67"},"breadcrumb":{"@id":"https:\/\/www.gaveanews.com\/index.php\/2021\/10\/18\/atletico-mg-abre-reclamacao-na-cbf-em-relacao-a-arbitragem-fla-pode-ser-afetado\/#breadcrumb"},"inLanguage":"pt-BR","potentialAction":[{"@type":"ReadAction","target":["https:\/\/www.gaveanews.com\/index.php\/2021\/10\/18\/atletico-mg-abre-reclamacao-na-cbf-em-relacao-a-arbitragem-fla-pode-ser-afetado\/"]}]},{"@type":"ImageObject","inLanguage":"pt-BR","@id":"https:\/\/www.gaveanews.com\/index.php\/2021\/10\/18\/atletico-mg-abre-reclamacao-na-cbf-em-relacao-a-arbitragem-fla-pode-ser-afetado\/#primaryimage","url":"https:\/\/www.gaveanews.com\/wp-content\/uploads\/Atletico-GO-x-Atletico-MG-com-arbitragem-de-Raphael-Claus.webp","contentUrl":"https:\/\/www.gaveanews.com\/wp-content\/uploads\/Atletico-GO-x-Atletico-MG-com-arbitragem-de-Raphael-Claus.webp","width":1000,"height":667,"caption":"Atl\u00e9tico-GO x Atl\u00e9tico-MG com arbitragem de Raphael Claus (Foto: Heber Gomes\/AGIF)"},{"@type":"BreadcrumbList","@id":"https:\/\/www.gaveanews.com\/index.php\/2021\/10\/18\/atletico-mg-abre-reclamacao-na-cbf-em-relacao-a-arbitragem-fla-pode-ser-afetado\/#breadcrumb","itemListElement":[{"@type":"ListItem","position":1,"name":"Home","item":"https:\/\/www.gaveanews.com\/"},{"@type":"ListItem","position":2,"name":"Atl\u00e9tico-MG abre reclama\u00e7\u00e3o na CBF em rela\u00e7\u00e3o \u00e0 arbitragem; Fla pode ser afetado"}]},{"@type":"WebSite","@id":"https:\/\/www.gaveanews.com\/#website","url":"https:\/\/www.gaveanews.com\/","name":"G\u00e1vea News","description":"Veja todas as not\u00edcias sobre o Flamengo: Contrata\u00e7\u00f5es, categorias de base, resultados das partidas, tabela de classifica\u00e7\u00e3o, pr\u00f3ximos jogos!","potentialAction":[{"@type":"SearchAction","target":{"@type":"EntryPoint","urlTemplate":"https:\/\/www.gaveanews.com\/?s={search_term_string}"},"query-input":{"@type":"PropertyValueSpecification","valueRequired":true,"valueName":"search_term_string"}}],"inLanguage":"pt-BR"},{"@type":"Person","@id":"https:\/\/www.gaveanews.com\/#\/schema\/person\/714c67050b836198af2450ba1c142a67","name":"Let\u00edcia Gerheim","image":{"@type":"ImageObject","inLanguage":"pt-BR","@id":"https:\/\/www.gaveanews.com\/#\/schema\/person\/image\/","url":"https:\/\/secure.gravatar.com\/avatar\/60734739c50fcebfbac509e2a826ccd0ff405c019bc73aab9354f19ecad1dcb4?s=96&d=mm&r=g","contentUrl":"https:\/\/secure.gravatar.com\/avatar\/60734739c50fcebfbac509e2a826ccd0ff405c019bc73aab9354f19ecad1dcb4?s=96&d=mm&r=g","caption":"Let\u00edcia Gerheim"}}]}},"_links":{"self":[{"href":"https:\/\/www.gaveanews.com\/index.php\/wp-json\/wp\/v2\/posts\/70196","targetHints":{"allow":["GET"]}}],"collection":[{"href":"https:\/\/www.gaveanews.com\/index.php\/wp-json\/wp\/v2\/posts"}],"about":[{"href":"https:\/\/www.gaveanews.com\/index.php\/wp-json\/wp\/v2\/types\/post"}],"author":[{"embeddable":true,"href":"https:\/\/www.gaveanews.com\/index.php\/wp-json\/wp\/v2\/users\/4"}],"replies":[{"embeddable":true,"href":"https:\/\/www.gaveanews.com\/index.php\/wp-json\/wp\/v2\/comments?post=70196"}],"version-history":[{"count":0,"href":"https:\/\/www.gaveanews.com\/index.php\/wp-json\/wp\/v2\/posts\/70196\/revisions"}],"wp:featuredmedia":[{"embeddable":true,"href":"https:\/\/www.gaveanews.com\/index.php\/wp-json\/wp\/v2\/media\/70198"}],"wp:attachment":[{"href":"https:\/\/www.gaveanews.com\/index.php\/wp-json\/wp\/v2\/media?parent=70196"}],"wp:term":[{"taxonomy":"category","embeddable":true,"href":"https:\/\/www.gaveanews.com\/index.php\/wp-json\/wp\/v2\/categories?post=70196"},{"taxonomy":"post_tag","embeddable":true,"href":"https:\/\/www.gaveanews.com\/index.php\/wp-json\/wp\/v2\/tags?post=70196"}],"curies":[{"name":"wp","href":"https:\/\/api.w.org\/{rel}","templated":true}]}}