{"id":70741,"date":"2021-10-27T18:20:29","date_gmt":"2021-10-27T21:20:29","guid":{"rendered":"https:\/\/www.gaveanews.com\/?p=70741"},"modified":"2021-10-27T18:20:32","modified_gmt":"2021-10-27T21:20:32","slug":"meia-entra-na-mira-do-flamengo-para-fazer-sombra-para-arrascaeta","status":"publish","type":"post","link":"https:\/\/www.gaveanews.com\/index.php\/2021\/10\/27\/meia-entra-na-mira-do-flamengo-para-fazer-sombra-para-arrascaeta\/","title":{"rendered":"Meia entra na mira do Flamengo para fazer &#8216;sombra&#8217; para Arrascaeta"},"content":{"rendered":"\n<p>Em meio a uma grave crise causada pelo excesso de jogadores lesionados, o Flamengo tamb\u00e9m monitora o mercado e deve ter um novo meio-campista para ser o substituto imediato de Giorgian De Arrascaeta a partir de 2022.<\/p>\n\n\n\n<p>O site Torcedores apurou que a diretoria entende ser necess\u00e1ria a contrata\u00e7\u00e3o de um novo meia de liga\u00e7\u00e3o para ser a \u201csombra\u201d do camisa 14 para a pr\u00f3xima temporada. Internamente, h\u00e1 o consenso de que o futuro refor\u00e7o precisa ser inquestion\u00e1vel dentro e fora de campo.<\/p>\n\n\n\n<p>A princ\u00edpio, um novo nome n\u00e3o chegou ao clube neste ano porque outras posi\u00e7\u00f5es foram refor\u00e7adas. Afinal, o Flamengo acertou as contrata\u00e7\u00f5es de Bruno Viana, David Luiz, Andreas Pereira e Kenedy. Al\u00e9m disso, ampliou o empr\u00e9stimo de Thiago Maia junto ao Lille e tirou Pedro da Fiorentina.<\/p>\n\n\n\n<p>Mas, segundo apurou a reportagem, o meio-campista favorito para chegar ao clube \u00e9 Vin\u00edcius Goes Barbosa de Souza, o Vina, 30 anos, do Cear\u00e1. N\u00e3o h\u00e1, por ora, uma negocia\u00e7\u00e3o entre clube e jogador. No entanto, a diretoria deseja contar com ele desde o come\u00e7o do ano.<\/p>\n\n\n\n<p>Considerado um dos destaques do \u00faltimo Campeonato Brasileiro, Vina chegou a ser especulado no Corinthians, Gr\u00eamio, Internacional e S\u00e3o Paulo. Mas as conversas n\u00e3o foram convertidas em propostas oficiais para o jogador. Com isso, o Cear\u00e1 comprou o passe do atleta junto ao Atl\u00e9tico-MG.<\/p>\n\n\n\n<p>Atualmente, Vina tem o maior sal\u00e1rio do elenco do Cear\u00e1. Ele recebe R$ 500 mil por m\u00eas e bonifica\u00e7\u00f5es por metas atingidas. E a multa rescis\u00f3ria est\u00e1 estipulada em 1 milh\u00e3o de euros (R$ 6,4 milh\u00f5es, pela cota\u00e7\u00e3o atual). Seu contrato vai at\u00e9 dezembro de 2025.<\/p>\n\n\n\n<h2 class=\"wp-block-heading\" id=\"h-a-carreira-de-vina\">A carreira de Vina<\/h2>\n\n\n\n<p>Revelado pelo Paran\u00e1 em 2009, Vina acumula passagens por Coritiba, Joinville, Londrina, Tupi, Esportivo de Bento Gon\u00e7aves, N\u00e1utico, An\u00e1polis, Fluminense, Athletico-PR, N\u00e1utico, Bahia, Atl\u00e9tico-MG e Cear\u00e1.<\/p>\n\n\n\n<p>Pelo Voz\u00e3o, o meia disputou 100 partidas e marcou 28 gols. Nesse \u00ednterim, conquistou a Copa do Nordeste (2020). Ao longo da carreira, levantou as ta\u00e7as do Campeonato Baiano (2018) e do Campeonato Paranaense (2012 e 2016).<\/p>\n\n\n\n<p>Retirado de: Torcedores<\/p>\n","protected":false},"excerpt":{"rendered":"<p>Em meio a uma grave crise causada pelo excesso de jogadores lesionados, o Flamengo tamb\u00e9m monitora o mercado e deve ter um novo meio-campista para ser o substituto imediato de Giorgian De Arrascaeta a partir de 2022. O site Torcedores apurou que a diretoria entende ser necess\u00e1ria a contrata\u00e7\u00e3o de um novo meia de liga\u00e7\u00e3o [&hellip;]<\/p>\n","protected":false},"author":1,"featured_media":67945,"comment_status":"open","ping_status":"closed","sticky":false,"template":"","format":"standard","meta":{"footnotes":""},"categories":[1],"tags":[],"class_list":["post-70741","post","type-post","status-publish","format-standard","has-post-thumbnail","hentry","category-flamengo"],"yoast_head":"<!-- This site is optimized with the Yoast SEO Premium plugin v24.2 (Yoast SEO v26.9) - https:\/\/yoast.com\/product\/yoast-seo-premium-wordpress\/ -->\n<title>Meia entra na mira do Flamengo para fazer &#039;sombra&#039; para Arrascaeta<\/title>\n<meta name=\"robots\" content=\"index, follow, max-snippet:-1, max-image-preview:large, max-video-preview:-1\" \/>\n<link rel=\"canonical\" href=\"https:\/\/www.gaveanews.com\/index.php\/2021\/10\/27\/meia-entra-na-mira-do-flamengo-para-fazer-sombra-para-arrascaeta\/\" \/>\n<meta property=\"og:locale\" content=\"pt_BR\" \/>\n<meta property=\"og:type\" content=\"article\" \/>\n<meta property=\"og:title\" content=\"Meia entra na mira do Flamengo para fazer &#039;sombra&#039; para Arrascaeta\" \/>\n<meta property=\"og:description\" content=\"Em meio a uma grave crise causada pelo excesso de jogadores lesionados, o Flamengo tamb\u00e9m monitora o mercado e deve ter um novo meio-campista para ser o substituto imediato de Giorgian De Arrascaeta a partir de 2022. O site Torcedores apurou que a diretoria entende ser necess\u00e1ria a contrata\u00e7\u00e3o de um novo meia de liga\u00e7\u00e3o [&hellip;]\" \/>\n<meta property=\"og:url\" content=\"https:\/\/www.gaveanews.com\/index.php\/2021\/10\/27\/meia-entra-na-mira-do-flamengo-para-fazer-sombra-para-arrascaeta\/\" \/>\n<meta property=\"og:site_name\" content=\"G\u00e1vea News\" \/>\n<meta property=\"article:publisher\" content=\"https:\/\/facebook.com\/gaveaNews\/\" \/>\n<meta property=\"article:published_time\" content=\"2021-10-27T21:20:29+00:00\" \/>\n<meta property=\"article:modified_time\" content=\"2021-10-27T21:20:32+00:00\" \/>\n<meta property=\"og:image\" content=\"https:\/\/www.gaveanews.com\/wp-content\/uploads\/Arrascaeta-em-acao-pelo-Flamengo-contra-o-Palmeiras-pelo-Brasileirao-2021.webp\" \/>\n\t<meta property=\"og:image:width\" content=\"800\" \/>\n\t<meta property=\"og:image:height\" content=\"533\" \/>\n\t<meta property=\"og:image:type\" content=\"image\/jpeg\" \/>\n<meta name=\"author\" content=\"Equipe G\u00e1vea News\" \/>\n<meta name=\"twitter:card\" content=\"summary_large_image\" \/>\n<meta name=\"twitter:label1\" content=\"Escrito por\" \/>\n\t<meta name=\"twitter:data1\" content=\"Equipe G\u00e1vea News\" \/>\n\t<meta name=\"twitter:label2\" content=\"Est. tempo de leitura\" \/>\n\t<meta name=\"twitter:data2\" content=\"2 minutos\" \/>\n<script type=\"application\/ld+json\" class=\"yoast-schema-graph\">{\"@context\":\"https:\/\/schema.org\",\"@graph\":[{\"@type\":\"NewsArticle\",\"@id\":\"https:\/\/www.gaveanews.com\/index.php\/2021\/10\/27\/meia-entra-na-mira-do-flamengo-para-fazer-sombra-para-arrascaeta\/#article\",\"isPartOf\":{\"@id\":\"https:\/\/www.gaveanews.com\/index.php\/2021\/10\/27\/meia-entra-na-mira-do-flamengo-para-fazer-sombra-para-arrascaeta\/\"},\"author\":{\"name\":\"Equipe G\u00e1vea News\",\"@id\":\"https:\/\/www.gaveanews.com\/#\/schema\/person\/2ec14f73fb96be2caf28f91afb14749d\"},\"headline\":\"Meia entra na mira do Flamengo para fazer &#8216;sombra&#8217; para Arrascaeta\",\"datePublished\":\"2021-10-27T21:20:29+00:00\",\"dateModified\":\"2021-10-27T21:20:32+00:00\",\"mainEntityOfPage\":{\"@id\":\"https:\/\/www.gaveanews.com\/index.php\/2021\/10\/27\/meia-entra-na-mira-do-flamengo-para-fazer-sombra-para-arrascaeta\/\"},\"wordCount\":369,\"commentCount\":43,\"image\":{\"@id\":\"https:\/\/www.gaveanews.com\/index.php\/2021\/10\/27\/meia-entra-na-mira-do-flamengo-para-fazer-sombra-para-arrascaeta\/#primaryimage\"},\"thumbnailUrl\":\"https:\/\/www.gaveanews.com\/wp-content\/uploads\/Arrascaeta-em-acao-pelo-Flamengo-contra-o-Palmeiras-pelo-Brasileirao-2021.webp\",\"articleSection\":[\"Flamengo\"],\"inLanguage\":\"pt-BR\",\"potentialAction\":[{\"@type\":\"CommentAction\",\"name\":\"Comment\",\"target\":[\"https:\/\/www.gaveanews.com\/index.php\/2021\/10\/27\/meia-entra-na-mira-do-flamengo-para-fazer-sombra-para-arrascaeta\/#respond\"]}],\"copyrightYear\":\"2021\",\"copyrightHolder\":{\"@id\":\"https:\/\/www.gaveanews.com\/#organization\"}},{\"@type\":\"WebPage\",\"@id\":\"https:\/\/www.gaveanews.com\/index.php\/2021\/10\/27\/meia-entra-na-mira-do-flamengo-para-fazer-sombra-para-arrascaeta\/\",\"url\":\"https:\/\/www.gaveanews.com\/index.php\/2021\/10\/27\/meia-entra-na-mira-do-flamengo-para-fazer-sombra-para-arrascaeta\/\",\"name\":\"Meia entra na mira do Flamengo para fazer 'sombra' para Arrascaeta\",\"isPartOf\":{\"@id\":\"https:\/\/www.gaveanews.com\/#website\"},\"primaryImageOfPage\":{\"@id\":\"https:\/\/www.gaveanews.com\/index.php\/2021\/10\/27\/meia-entra-na-mira-do-flamengo-para-fazer-sombra-para-arrascaeta\/#primaryimage\"},\"image\":{\"@id\":\"https:\/\/www.gaveanews.com\/index.php\/2021\/10\/27\/meia-entra-na-mira-do-flamengo-para-fazer-sombra-para-arrascaeta\/#primaryimage\"},\"thumbnailUrl\":\"https:\/\/www.gaveanews.com\/wp-content\/uploads\/Arrascaeta-em-acao-pelo-Flamengo-contra-o-Palmeiras-pelo-Brasileirao-2021.webp\",\"datePublished\":\"2021-10-27T21:20:29+00:00\",\"dateModified\":\"2021-10-27T21:20:32+00:00\",\"author\":{\"@id\":\"https:\/\/www.gaveanews.com\/#\/schema\/person\/2ec14f73fb96be2caf28f91afb14749d\"},\"breadcrumb\":{\"@id\":\"https:\/\/www.gaveanews.com\/index.php\/2021\/10\/27\/meia-entra-na-mira-do-flamengo-para-fazer-sombra-para-arrascaeta\/#breadcrumb\"},\"inLanguage\":\"pt-BR\",\"potentialAction\":[{\"@type\":\"ReadAction\",\"target\":[\"https:\/\/www.gaveanews.com\/index.php\/2021\/10\/27\/meia-entra-na-mira-do-flamengo-para-fazer-sombra-para-arrascaeta\/\"]}]},{\"@type\":\"ImageObject\",\"inLanguage\":\"pt-BR\",\"@id\":\"https:\/\/www.gaveanews.com\/index.php\/2021\/10\/27\/meia-entra-na-mira-do-flamengo-para-fazer-sombra-para-arrascaeta\/#primaryimage\",\"url\":\"https:\/\/www.gaveanews.com\/wp-content\/uploads\/Arrascaeta-em-acao-pelo-Flamengo-contra-o-Palmeiras-pelo-Brasileirao-2021.webp\",\"contentUrl\":\"https:\/\/www.gaveanews.com\/wp-content\/uploads\/Arrascaeta-em-acao-pelo-Flamengo-contra-o-Palmeiras-pelo-Brasileirao-2021.webp\",\"width\":800,\"height\":533,\"caption\":\"Arrascaeta em a\u00e7\u00e3o pelo Flamengo contra o Palmeiras pelo Brasileir\u00e3o 2021 (Foto: Marcelo Cortes\/Flamengo)\"},{\"@type\":\"BreadcrumbList\",\"@id\":\"https:\/\/www.gaveanews.com\/index.php\/2021\/10\/27\/meia-entra-na-mira-do-flamengo-para-fazer-sombra-para-arrascaeta\/#breadcrumb\",\"itemListElement\":[{\"@type\":\"ListItem\",\"position\":1,\"name\":\"Home\",\"item\":\"https:\/\/www.gaveanews.com\/\"},{\"@type\":\"ListItem\",\"position\":2,\"name\":\"Meia entra na mira do Flamengo para fazer &#8216;sombra&#8217; para Arrascaeta\"}]},{\"@type\":\"WebSite\",\"@id\":\"https:\/\/www.gaveanews.com\/#website\",\"url\":\"https:\/\/www.gaveanews.com\/\",\"name\":\"G\u00e1vea News\",\"description\":\"Veja todas as not\u00edcias sobre o Flamengo: Contrata\u00e7\u00f5es, categorias de base, resultados das partidas, tabela de classifica\u00e7\u00e3o, pr\u00f3ximos jogos!\",\"potentialAction\":[{\"@type\":\"SearchAction\",\"target\":{\"@type\":\"EntryPoint\",\"urlTemplate\":\"https:\/\/www.gaveanews.com\/?s={search_term_string}\"},\"query-input\":{\"@type\":\"PropertyValueSpecification\",\"valueRequired\":true,\"valueName\":\"search_term_string\"}}],\"inLanguage\":\"pt-BR\"},{\"@type\":\"Person\",\"@id\":\"https:\/\/www.gaveanews.com\/#\/schema\/person\/2ec14f73fb96be2caf28f91afb14749d\",\"name\":\"Equipe G\u00e1vea News\",\"image\":{\"@type\":\"ImageObject\",\"inLanguage\":\"pt-BR\",\"@id\":\"https:\/\/www.gaveanews.com\/#\/schema\/person\/image\/\",\"url\":\"https:\/\/secure.gravatar.com\/avatar\/1e1956f1facbffd3f8fa53a326721950116b3b9dc9bd44939c01180fd4a745a9?s=96&d=mm&r=g\",\"contentUrl\":\"https:\/\/secure.gravatar.com\/avatar\/1e1956f1facbffd3f8fa53a326721950116b3b9dc9bd44939c01180fd4a745a9?s=96&d=mm&r=g\",\"caption\":\"Equipe G\u00e1vea News\"}}]}<\/script>\n<!-- \/ Yoast SEO Premium plugin. -->","yoast_head_json":{"title":"Meia entra na mira do Flamengo para fazer 'sombra' para Arrascaeta","robots":{"index":"index","follow":"follow","max-snippet":"max-snippet:-1","max-image-preview":"max-image-preview:large","max-video-preview":"max-video-preview:-1"},"canonical":"https:\/\/www.gaveanews.com\/index.php\/2021\/10\/27\/meia-entra-na-mira-do-flamengo-para-fazer-sombra-para-arrascaeta\/","og_locale":"pt_BR","og_type":"article","og_title":"Meia entra na mira do Flamengo para fazer 'sombra' para Arrascaeta","og_description":"Em meio a uma grave crise causada pelo excesso de jogadores lesionados, o Flamengo tamb\u00e9m monitora o mercado e deve ter um novo meio-campista para ser o substituto imediato de Giorgian De Arrascaeta a partir de 2022. O site Torcedores apurou que a diretoria entende ser necess\u00e1ria a contrata\u00e7\u00e3o de um novo meia de liga\u00e7\u00e3o [&hellip;]","og_url":"https:\/\/www.gaveanews.com\/index.php\/2021\/10\/27\/meia-entra-na-mira-do-flamengo-para-fazer-sombra-para-arrascaeta\/","og_site_name":"G\u00e1vea News","article_publisher":"https:\/\/facebook.com\/gaveaNews\/","article_published_time":"2021-10-27T21:20:29+00:00","article_modified_time":"2021-10-27T21:20:32+00:00","og_image":[{"width":800,"height":533,"url":"https:\/\/www.gaveanews.com\/wp-content\/uploads\/Arrascaeta-em-acao-pelo-Flamengo-contra-o-Palmeiras-pelo-Brasileirao-2021.webp","type":"image\/jpeg"}],"author":"Equipe G\u00e1vea News","twitter_card":"summary_large_image","twitter_misc":{"Escrito por":"Equipe G\u00e1vea News","Est. tempo de leitura":"2 minutos"},"schema":{"@context":"https:\/\/schema.org","@graph":[{"@type":"NewsArticle","@id":"https:\/\/www.gaveanews.com\/index.php\/2021\/10\/27\/meia-entra-na-mira-do-flamengo-para-fazer-sombra-para-arrascaeta\/#article","isPartOf":{"@id":"https:\/\/www.gaveanews.com\/index.php\/2021\/10\/27\/meia-entra-na-mira-do-flamengo-para-fazer-sombra-para-arrascaeta\/"},"author":{"name":"Equipe G\u00e1vea News","@id":"https:\/\/www.gaveanews.com\/#\/schema\/person\/2ec14f73fb96be2caf28f91afb14749d"},"headline":"Meia entra na mira do Flamengo para fazer &#8216;sombra&#8217; para Arrascaeta","datePublished":"2021-10-27T21:20:29+00:00","dateModified":"2021-10-27T21:20:32+00:00","mainEntityOfPage":{"@id":"https:\/\/www.gaveanews.com\/index.php\/2021\/10\/27\/meia-entra-na-mira-do-flamengo-para-fazer-sombra-para-arrascaeta\/"},"wordCount":369,"commentCount":43,"image":{"@id":"https:\/\/www.gaveanews.com\/index.php\/2021\/10\/27\/meia-entra-na-mira-do-flamengo-para-fazer-sombra-para-arrascaeta\/#primaryimage"},"thumbnailUrl":"https:\/\/www.gaveanews.com\/wp-content\/uploads\/Arrascaeta-em-acao-pelo-Flamengo-contra-o-Palmeiras-pelo-Brasileirao-2021.webp","articleSection":["Flamengo"],"inLanguage":"pt-BR","potentialAction":[{"@type":"CommentAction","name":"Comment","target":["https:\/\/www.gaveanews.com\/index.php\/2021\/10\/27\/meia-entra-na-mira-do-flamengo-para-fazer-sombra-para-arrascaeta\/#respond"]}],"copyrightYear":"2021","copyrightHolder":{"@id":"https:\/\/www.gaveanews.com\/#organization"}},{"@type":"WebPage","@id":"https:\/\/www.gaveanews.com\/index.php\/2021\/10\/27\/meia-entra-na-mira-do-flamengo-para-fazer-sombra-para-arrascaeta\/","url":"https:\/\/www.gaveanews.com\/index.php\/2021\/10\/27\/meia-entra-na-mira-do-flamengo-para-fazer-sombra-para-arrascaeta\/","name":"Meia entra na mira do Flamengo para fazer 'sombra' para Arrascaeta","isPartOf":{"@id":"https:\/\/www.gaveanews.com\/#website"},"primaryImageOfPage":{"@id":"https:\/\/www.gaveanews.com\/index.php\/2021\/10\/27\/meia-entra-na-mira-do-flamengo-para-fazer-sombra-para-arrascaeta\/#primaryimage"},"image":{"@id":"https:\/\/www.gaveanews.com\/index.php\/2021\/10\/27\/meia-entra-na-mira-do-flamengo-para-fazer-sombra-para-arrascaeta\/#primaryimage"},"thumbnailUrl":"https:\/\/www.gaveanews.com\/wp-content\/uploads\/Arrascaeta-em-acao-pelo-Flamengo-contra-o-Palmeiras-pelo-Brasileirao-2021.webp","datePublished":"2021-10-27T21:20:29+00:00","dateModified":"2021-10-27T21:20:32+00:00","author":{"@id":"https:\/\/www.gaveanews.com\/#\/schema\/person\/2ec14f73fb96be2caf28f91afb14749d"},"breadcrumb":{"@id":"https:\/\/www.gaveanews.com\/index.php\/2021\/10\/27\/meia-entra-na-mira-do-flamengo-para-fazer-sombra-para-arrascaeta\/#breadcrumb"},"inLanguage":"pt-BR","potentialAction":[{"@type":"ReadAction","target":["https:\/\/www.gaveanews.com\/index.php\/2021\/10\/27\/meia-entra-na-mira-do-flamengo-para-fazer-sombra-para-arrascaeta\/"]}]},{"@type":"ImageObject","inLanguage":"pt-BR","@id":"https:\/\/www.gaveanews.com\/index.php\/2021\/10\/27\/meia-entra-na-mira-do-flamengo-para-fazer-sombra-para-arrascaeta\/#primaryimage","url":"https:\/\/www.gaveanews.com\/wp-content\/uploads\/Arrascaeta-em-acao-pelo-Flamengo-contra-o-Palmeiras-pelo-Brasileirao-2021.webp","contentUrl":"https:\/\/www.gaveanews.com\/wp-content\/uploads\/Arrascaeta-em-acao-pelo-Flamengo-contra-o-Palmeiras-pelo-Brasileirao-2021.webp","width":800,"height":533,"caption":"Arrascaeta em a\u00e7\u00e3o pelo Flamengo contra o Palmeiras pelo Brasileir\u00e3o 2021 (Foto: Marcelo Cortes\/Flamengo)"},{"@type":"BreadcrumbList","@id":"https:\/\/www.gaveanews.com\/index.php\/2021\/10\/27\/meia-entra-na-mira-do-flamengo-para-fazer-sombra-para-arrascaeta\/#breadcrumb","itemListElement":[{"@type":"ListItem","position":1,"name":"Home","item":"https:\/\/www.gaveanews.com\/"},{"@type":"ListItem","position":2,"name":"Meia entra na mira do Flamengo para fazer &#8216;sombra&#8217; para Arrascaeta"}]},{"@type":"WebSite","@id":"https:\/\/www.gaveanews.com\/#website","url":"https:\/\/www.gaveanews.com\/","name":"G\u00e1vea News","description":"Veja todas as not\u00edcias sobre o Flamengo: Contrata\u00e7\u00f5es, categorias de base, resultados das partidas, tabela de classifica\u00e7\u00e3o, pr\u00f3ximos jogos!","potentialAction":[{"@type":"SearchAction","target":{"@type":"EntryPoint","urlTemplate":"https:\/\/www.gaveanews.com\/?s={search_term_string}"},"query-input":{"@type":"PropertyValueSpecification","valueRequired":true,"valueName":"search_term_string"}}],"inLanguage":"pt-BR"},{"@type":"Person","@id":"https:\/\/www.gaveanews.com\/#\/schema\/person\/2ec14f73fb96be2caf28f91afb14749d","name":"Equipe G\u00e1vea News","image":{"@type":"ImageObject","inLanguage":"pt-BR","@id":"https:\/\/www.gaveanews.com\/#\/schema\/person\/image\/","url":"https:\/\/secure.gravatar.com\/avatar\/1e1956f1facbffd3f8fa53a326721950116b3b9dc9bd44939c01180fd4a745a9?s=96&d=mm&r=g","contentUrl":"https:\/\/secure.gravatar.com\/avatar\/1e1956f1facbffd3f8fa53a326721950116b3b9dc9bd44939c01180fd4a745a9?s=96&d=mm&r=g","caption":"Equipe G\u00e1vea News"}}]}},"_links":{"self":[{"href":"https:\/\/www.gaveanews.com\/index.php\/wp-json\/wp\/v2\/posts\/70741","targetHints":{"allow":["GET"]}}],"collection":[{"href":"https:\/\/www.gaveanews.com\/index.php\/wp-json\/wp\/v2\/posts"}],"about":[{"href":"https:\/\/www.gaveanews.com\/index.php\/wp-json\/wp\/v2\/types\/post"}],"author":[{"embeddable":true,"href":"https:\/\/www.gaveanews.com\/index.php\/wp-json\/wp\/v2\/users\/1"}],"replies":[{"embeddable":true,"href":"https:\/\/www.gaveanews.com\/index.php\/wp-json\/wp\/v2\/comments?post=70741"}],"version-history":[{"count":0,"href":"https:\/\/www.gaveanews.com\/index.php\/wp-json\/wp\/v2\/posts\/70741\/revisions"}],"wp:featuredmedia":[{"embeddable":true,"href":"https:\/\/www.gaveanews.com\/index.php\/wp-json\/wp\/v2\/media\/67945"}],"wp:attachment":[{"href":"https:\/\/www.gaveanews.com\/index.php\/wp-json\/wp\/v2\/media?parent=70741"}],"wp:term":[{"taxonomy":"category","embeddable":true,"href":"https:\/\/www.gaveanews.com\/index.php\/wp-json\/wp\/v2\/categories?post=70741"},{"taxonomy":"post_tag","embeddable":true,"href":"https:\/\/www.gaveanews.com\/index.php\/wp-json\/wp\/v2\/tags?post=70741"}],"curies":[{"name":"wp","href":"https:\/\/api.w.org\/{rel}","templated":true}]}}