{"id":70878,"date":"2021-10-29T14:08:32","date_gmt":"2021-10-29T17:08:32","guid":{"rendered":"https:\/\/www.gaveanews.com\/?p=70878"},"modified":"2021-10-29T14:08:34","modified_gmt":"2021-10-29T17:08:34","slug":"jorge-jesus-se-emociona-com-gritos-da-torcida-e-fala-sobre-possivel-retorno-ao-fla","status":"publish","type":"post","link":"https:\/\/www.gaveanews.com\/index.php\/2021\/10\/29\/jorge-jesus-se-emociona-com-gritos-da-torcida-e-fala-sobre-possivel-retorno-ao-fla\/","title":{"rendered":"Jorge Jesus se emociona com gritos da torcida e fala sobre poss\u00edvel retorno ao Fla"},"content":{"rendered":"\n<p>Insatisfeita com as \u00faltimas atua\u00e7\u00f5es do Flamengo, a torcida n\u00e3o se poupou o time em seu \u00faltimo compromisso e proferiu diversos gritos ironizando e protestando contra o desempenho da equipe.<\/p>\n\n\n\n<p>Um dos alvos das reclama\u00e7\u00f5es dos torcedores foi Renato Ga\u00facho, que teve que comandar seu grupo ouvindo manifesta\u00e7\u00f5es contr\u00e1rias a ele. Em uma das situa\u00e7\u00f5es, o p\u00fablico presente de cerca de 30 mil pessoas come\u00e7ou a cantar o nome de Jorge Jesus, criticando o atual comandante do Fla.<\/p>\n\n\n\n<p>Agora distante do clube, o portugu\u00eas se emocionou com a men\u00e7\u00e3o da torcida no Maracan\u00e3. Comentando sobre a manifesta\u00e7\u00e3o dos flamenguistas, o treinador contou que seu futuro est\u00e1 em aberto, mas no momento se foca na temporada do Benfica, time o qual comanda desde sua sa\u00edda do Flamengo.<\/p>\n\n\n\n<p><em><strong>\u2014 Se fico satisfeito por ser querido pelos torcedores de um clube? S\u00f3 n\u00e3o ficava se fosse insens\u00edvel. Foram imagens que me tocaram. N\u00e3o sei o meu futuro, o meu contrato termina no final da \u00e9poca e a minha mala est\u00e1 sempre feita \u00e0 porta. Um treinador vive dos resultados. Neste momento, o Benfica \u00e9 a minha casa. Vim para Portugal com um objetivo bem definido<\/strong><\/em> &#8211; disse, antes de continuar:<\/p>\n\n\n\n<p><em><strong>\u2014 Aquilo que \u00e9 importante \u00e9 que sou treinador do Benfica. Temos objetivos bem definidos. Quero que a \u00e1guia voe alta para que estejamos sempre pr\u00f3ximos de conquistar os t\u00edtulos propostos. N\u00e3o posso fugir deste pensamento. O Benfica \u00e9 hoje, \u00e9 amanh\u00e3, \u00e9 todos os dias. Estamos sempre a pensar em como podemos melhorar o Benfica.<\/strong><\/em><\/p>\n\n\n\n<p>Com Jorge Jesus na torcida, o Flamengo tenta virar a p\u00e1gina e busca uma rea\u00e7\u00e3o contra o Atl\u00e9tico-MG para poder seguir na briga pelo t\u00edtulo do Campeonato Brasileiro. O confronto entre as equipes acontecer\u00e1 neste s\u00e1bado (29), \u00e0s 19h (hor\u00e1rio de Bras\u00edlia), no Maracan\u00e3.<\/p>\n","protected":false},"excerpt":{"rendered":"<p>Insatisfeita com as \u00faltimas atua\u00e7\u00f5es do Flamengo, a torcida n\u00e3o se poupou o time em seu \u00faltimo compromisso e proferiu diversos gritos ironizando e protestando contra o desempenho da equipe. Um dos alvos das reclama\u00e7\u00f5es dos torcedores foi Renato Ga\u00facho, que teve que comandar seu grupo ouvindo manifesta\u00e7\u00f5es contr\u00e1rias a ele. Em uma das situa\u00e7\u00f5es, [&hellip;]<\/p>\n","protected":false},"author":4,"featured_media":28886,"comment_status":"open","ping_status":"closed","sticky":false,"template":"","format":"standard","meta":{"footnotes":""},"categories":[1],"tags":[],"class_list":["post-70878","post","type-post","status-publish","format-standard","has-post-thumbnail","hentry","category-flamengo"],"yoast_head":"<!-- This site is optimized with the Yoast SEO Premium plugin v24.2 (Yoast SEO v26.9) - https:\/\/yoast.com\/product\/yoast-seo-premium-wordpress\/ -->\n<title>Jorge Jesus se emociona com a torcida e fala sobre retorno ao Fla<\/title>\n<meta name=\"robots\" content=\"index, follow, max-snippet:-1, max-image-preview:large, max-video-preview:-1\" \/>\n<link rel=\"canonical\" href=\"https:\/\/www.gaveanews.com\/index.php\/2021\/10\/29\/jorge-jesus-se-emociona-com-gritos-da-torcida-e-fala-sobre-possivel-retorno-ao-fla\/\" \/>\n<meta property=\"og:locale\" content=\"pt_BR\" \/>\n<meta property=\"og:type\" content=\"article\" \/>\n<meta property=\"og:title\" content=\"Jorge Jesus se emociona com gritos da torcida e fala sobre poss\u00edvel retorno ao Fla\" \/>\n<meta property=\"og:description\" content=\"Insatisfeita com as \u00faltimas atua\u00e7\u00f5es do Flamengo, a torcida n\u00e3o se poupou o time em seu \u00faltimo compromisso e proferiu diversos gritos ironizando e protestando contra o desempenho da equipe. Um dos alvos das reclama\u00e7\u00f5es dos torcedores foi Renato Ga\u00facho, que teve que comandar seu grupo ouvindo manifesta\u00e7\u00f5es contr\u00e1rias a ele. Em uma das situa\u00e7\u00f5es, [&hellip;]\" \/>\n<meta property=\"og:url\" content=\"https:\/\/www.gaveanews.com\/index.php\/2021\/10\/29\/jorge-jesus-se-emociona-com-gritos-da-torcida-e-fala-sobre-possivel-retorno-ao-fla\/\" \/>\n<meta property=\"og:site_name\" content=\"G\u00e1vea News\" \/>\n<meta property=\"article:publisher\" content=\"https:\/\/facebook.com\/gaveaNews\/\" \/>\n<meta property=\"article:published_time\" content=\"2021-10-29T17:08:32+00:00\" \/>\n<meta property=\"article:modified_time\" content=\"2021-10-29T17:08:34+00:00\" \/>\n<meta property=\"og:image\" content=\"https:\/\/www.gaveanews.com\/wp-content\/uploads\/Jorge-Jesus-durante-uma-partida-do-Flamengo.webp\" \/>\n\t<meta property=\"og:image:width\" content=\"900\" \/>\n\t<meta property=\"og:image:height\" content=\"600\" \/>\n\t<meta property=\"og:image:type\" content=\"image\/jpeg\" \/>\n<meta name=\"author\" content=\"Let\u00edcia Gerheim\" \/>\n<meta name=\"twitter:card\" content=\"summary_large_image\" \/>\n<meta name=\"twitter:label1\" content=\"Escrito por\" \/>\n\t<meta name=\"twitter:data1\" content=\"Let\u00edcia Gerheim\" \/>\n\t<meta name=\"twitter:label2\" content=\"Est. tempo de leitura\" \/>\n\t<meta name=\"twitter:data2\" content=\"2 minutos\" \/>\n<script type=\"application\/ld+json\" class=\"yoast-schema-graph\">{\"@context\":\"https:\/\/schema.org\",\"@graph\":[{\"@type\":\"NewsArticle\",\"@id\":\"https:\/\/www.gaveanews.com\/index.php\/2021\/10\/29\/jorge-jesus-se-emociona-com-gritos-da-torcida-e-fala-sobre-possivel-retorno-ao-fla\/#article\",\"isPartOf\":{\"@id\":\"https:\/\/www.gaveanews.com\/index.php\/2021\/10\/29\/jorge-jesus-se-emociona-com-gritos-da-torcida-e-fala-sobre-possivel-retorno-ao-fla\/\"},\"author\":{\"name\":\"Let\u00edcia Gerheim\",\"@id\":\"https:\/\/www.gaveanews.com\/#\/schema\/person\/714c67050b836198af2450ba1c142a67\"},\"headline\":\"Jorge Jesus se emociona com gritos da torcida e fala sobre poss\u00edvel retorno ao Fla\",\"datePublished\":\"2021-10-29T17:08:32+00:00\",\"dateModified\":\"2021-10-29T17:08:34+00:00\",\"mainEntityOfPage\":{\"@id\":\"https:\/\/www.gaveanews.com\/index.php\/2021\/10\/29\/jorge-jesus-se-emociona-com-gritos-da-torcida-e-fala-sobre-possivel-retorno-ao-fla\/\"},\"wordCount\":328,\"commentCount\":32,\"image\":{\"@id\":\"https:\/\/www.gaveanews.com\/index.php\/2021\/10\/29\/jorge-jesus-se-emociona-com-gritos-da-torcida-e-fala-sobre-possivel-retorno-ao-fla\/#primaryimage\"},\"thumbnailUrl\":\"https:\/\/www.gaveanews.com\/wp-content\/uploads\/Jorge-Jesus-durante-uma-partida-do-Flamengo.webp\",\"articleSection\":[\"Flamengo\"],\"inLanguage\":\"pt-BR\",\"potentialAction\":[{\"@type\":\"CommentAction\",\"name\":\"Comment\",\"target\":[\"https:\/\/www.gaveanews.com\/index.php\/2021\/10\/29\/jorge-jesus-se-emociona-com-gritos-da-torcida-e-fala-sobre-possivel-retorno-ao-fla\/#respond\"]}],\"copyrightYear\":\"2021\",\"copyrightHolder\":{\"@id\":\"https:\/\/www.gaveanews.com\/#organization\"}},{\"@type\":\"WebPage\",\"@id\":\"https:\/\/www.gaveanews.com\/index.php\/2021\/10\/29\/jorge-jesus-se-emociona-com-gritos-da-torcida-e-fala-sobre-possivel-retorno-ao-fla\/\",\"url\":\"https:\/\/www.gaveanews.com\/index.php\/2021\/10\/29\/jorge-jesus-se-emociona-com-gritos-da-torcida-e-fala-sobre-possivel-retorno-ao-fla\/\",\"name\":\"Jorge Jesus se emociona com a torcida e fala sobre retorno ao Fla\",\"isPartOf\":{\"@id\":\"https:\/\/www.gaveanews.com\/#website\"},\"primaryImageOfPage\":{\"@id\":\"https:\/\/www.gaveanews.com\/index.php\/2021\/10\/29\/jorge-jesus-se-emociona-com-gritos-da-torcida-e-fala-sobre-possivel-retorno-ao-fla\/#primaryimage\"},\"image\":{\"@id\":\"https:\/\/www.gaveanews.com\/index.php\/2021\/10\/29\/jorge-jesus-se-emociona-com-gritos-da-torcida-e-fala-sobre-possivel-retorno-ao-fla\/#primaryimage\"},\"thumbnailUrl\":\"https:\/\/www.gaveanews.com\/wp-content\/uploads\/Jorge-Jesus-durante-uma-partida-do-Flamengo.webp\",\"datePublished\":\"2021-10-29T17:08:32+00:00\",\"dateModified\":\"2021-10-29T17:08:34+00:00\",\"author\":{\"@id\":\"https:\/\/www.gaveanews.com\/#\/schema\/person\/714c67050b836198af2450ba1c142a67\"},\"breadcrumb\":{\"@id\":\"https:\/\/www.gaveanews.com\/index.php\/2021\/10\/29\/jorge-jesus-se-emociona-com-gritos-da-torcida-e-fala-sobre-possivel-retorno-ao-fla\/#breadcrumb\"},\"inLanguage\":\"pt-BR\",\"potentialAction\":[{\"@type\":\"ReadAction\",\"target\":[\"https:\/\/www.gaveanews.com\/index.php\/2021\/10\/29\/jorge-jesus-se-emociona-com-gritos-da-torcida-e-fala-sobre-possivel-retorno-ao-fla\/\"]}]},{\"@type\":\"ImageObject\",\"inLanguage\":\"pt-BR\",\"@id\":\"https:\/\/www.gaveanews.com\/index.php\/2021\/10\/29\/jorge-jesus-se-emociona-com-gritos-da-torcida-e-fala-sobre-possivel-retorno-ao-fla\/#primaryimage\",\"url\":\"https:\/\/www.gaveanews.com\/wp-content\/uploads\/Jorge-Jesus-durante-uma-partida-do-Flamengo.webp\",\"contentUrl\":\"https:\/\/www.gaveanews.com\/wp-content\/uploads\/Jorge-Jesus-durante-uma-partida-do-Flamengo.webp\",\"width\":900,\"height\":600,\"caption\":\"Jorge Jesus durante uma partida do Flamengo (Foto: Alexandre Vidal\/Flamengo)\"},{\"@type\":\"BreadcrumbList\",\"@id\":\"https:\/\/www.gaveanews.com\/index.php\/2021\/10\/29\/jorge-jesus-se-emociona-com-gritos-da-torcida-e-fala-sobre-possivel-retorno-ao-fla\/#breadcrumb\",\"itemListElement\":[{\"@type\":\"ListItem\",\"position\":1,\"name\":\"Home\",\"item\":\"https:\/\/www.gaveanews.com\/\"},{\"@type\":\"ListItem\",\"position\":2,\"name\":\"Jorge Jesus se emociona com gritos da torcida e fala sobre poss\u00edvel retorno ao Fla\"}]},{\"@type\":\"WebSite\",\"@id\":\"https:\/\/www.gaveanews.com\/#website\",\"url\":\"https:\/\/www.gaveanews.com\/\",\"name\":\"G\u00e1vea News\",\"description\":\"Veja todas as not\u00edcias sobre o Flamengo: Contrata\u00e7\u00f5es, categorias de base, resultados das partidas, tabela de classifica\u00e7\u00e3o, pr\u00f3ximos jogos!\",\"potentialAction\":[{\"@type\":\"SearchAction\",\"target\":{\"@type\":\"EntryPoint\",\"urlTemplate\":\"https:\/\/www.gaveanews.com\/?s={search_term_string}\"},\"query-input\":{\"@type\":\"PropertyValueSpecification\",\"valueRequired\":true,\"valueName\":\"search_term_string\"}}],\"inLanguage\":\"pt-BR\"},{\"@type\":\"Person\",\"@id\":\"https:\/\/www.gaveanews.com\/#\/schema\/person\/714c67050b836198af2450ba1c142a67\",\"name\":\"Let\u00edcia Gerheim\",\"image\":{\"@type\":\"ImageObject\",\"inLanguage\":\"pt-BR\",\"@id\":\"https:\/\/www.gaveanews.com\/#\/schema\/person\/image\/\",\"url\":\"https:\/\/secure.gravatar.com\/avatar\/60734739c50fcebfbac509e2a826ccd0ff405c019bc73aab9354f19ecad1dcb4?s=96&d=mm&r=g\",\"contentUrl\":\"https:\/\/secure.gravatar.com\/avatar\/60734739c50fcebfbac509e2a826ccd0ff405c019bc73aab9354f19ecad1dcb4?s=96&d=mm&r=g\",\"caption\":\"Let\u00edcia Gerheim\"}}]}<\/script>\n<!-- \/ Yoast SEO Premium plugin. -->","yoast_head_json":{"title":"Jorge Jesus se emociona com a torcida e fala sobre retorno ao Fla","robots":{"index":"index","follow":"follow","max-snippet":"max-snippet:-1","max-image-preview":"max-image-preview:large","max-video-preview":"max-video-preview:-1"},"canonical":"https:\/\/www.gaveanews.com\/index.php\/2021\/10\/29\/jorge-jesus-se-emociona-com-gritos-da-torcida-e-fala-sobre-possivel-retorno-ao-fla\/","og_locale":"pt_BR","og_type":"article","og_title":"Jorge Jesus se emociona com gritos da torcida e fala sobre poss\u00edvel retorno ao Fla","og_description":"Insatisfeita com as \u00faltimas atua\u00e7\u00f5es do Flamengo, a torcida n\u00e3o se poupou o time em seu \u00faltimo compromisso e proferiu diversos gritos ironizando e protestando contra o desempenho da equipe. Um dos alvos das reclama\u00e7\u00f5es dos torcedores foi Renato Ga\u00facho, que teve que comandar seu grupo ouvindo manifesta\u00e7\u00f5es contr\u00e1rias a ele. Em uma das situa\u00e7\u00f5es, [&hellip;]","og_url":"https:\/\/www.gaveanews.com\/index.php\/2021\/10\/29\/jorge-jesus-se-emociona-com-gritos-da-torcida-e-fala-sobre-possivel-retorno-ao-fla\/","og_site_name":"G\u00e1vea News","article_publisher":"https:\/\/facebook.com\/gaveaNews\/","article_published_time":"2021-10-29T17:08:32+00:00","article_modified_time":"2021-10-29T17:08:34+00:00","og_image":[{"width":900,"height":600,"url":"https:\/\/www.gaveanews.com\/wp-content\/uploads\/Jorge-Jesus-durante-uma-partida-do-Flamengo.webp","type":"image\/jpeg"}],"author":"Let\u00edcia Gerheim","twitter_card":"summary_large_image","twitter_misc":{"Escrito por":"Let\u00edcia Gerheim","Est. tempo de leitura":"2 minutos"},"schema":{"@context":"https:\/\/schema.org","@graph":[{"@type":"NewsArticle","@id":"https:\/\/www.gaveanews.com\/index.php\/2021\/10\/29\/jorge-jesus-se-emociona-com-gritos-da-torcida-e-fala-sobre-possivel-retorno-ao-fla\/#article","isPartOf":{"@id":"https:\/\/www.gaveanews.com\/index.php\/2021\/10\/29\/jorge-jesus-se-emociona-com-gritos-da-torcida-e-fala-sobre-possivel-retorno-ao-fla\/"},"author":{"name":"Let\u00edcia Gerheim","@id":"https:\/\/www.gaveanews.com\/#\/schema\/person\/714c67050b836198af2450ba1c142a67"},"headline":"Jorge Jesus se emociona com gritos da torcida e fala sobre poss\u00edvel retorno ao Fla","datePublished":"2021-10-29T17:08:32+00:00","dateModified":"2021-10-29T17:08:34+00:00","mainEntityOfPage":{"@id":"https:\/\/www.gaveanews.com\/index.php\/2021\/10\/29\/jorge-jesus-se-emociona-com-gritos-da-torcida-e-fala-sobre-possivel-retorno-ao-fla\/"},"wordCount":328,"commentCount":32,"image":{"@id":"https:\/\/www.gaveanews.com\/index.php\/2021\/10\/29\/jorge-jesus-se-emociona-com-gritos-da-torcida-e-fala-sobre-possivel-retorno-ao-fla\/#primaryimage"},"thumbnailUrl":"https:\/\/www.gaveanews.com\/wp-content\/uploads\/Jorge-Jesus-durante-uma-partida-do-Flamengo.webp","articleSection":["Flamengo"],"inLanguage":"pt-BR","potentialAction":[{"@type":"CommentAction","name":"Comment","target":["https:\/\/www.gaveanews.com\/index.php\/2021\/10\/29\/jorge-jesus-se-emociona-com-gritos-da-torcida-e-fala-sobre-possivel-retorno-ao-fla\/#respond"]}],"copyrightYear":"2021","copyrightHolder":{"@id":"https:\/\/www.gaveanews.com\/#organization"}},{"@type":"WebPage","@id":"https:\/\/www.gaveanews.com\/index.php\/2021\/10\/29\/jorge-jesus-se-emociona-com-gritos-da-torcida-e-fala-sobre-possivel-retorno-ao-fla\/","url":"https:\/\/www.gaveanews.com\/index.php\/2021\/10\/29\/jorge-jesus-se-emociona-com-gritos-da-torcida-e-fala-sobre-possivel-retorno-ao-fla\/","name":"Jorge Jesus se emociona com a torcida e fala sobre retorno ao Fla","isPartOf":{"@id":"https:\/\/www.gaveanews.com\/#website"},"primaryImageOfPage":{"@id":"https:\/\/www.gaveanews.com\/index.php\/2021\/10\/29\/jorge-jesus-se-emociona-com-gritos-da-torcida-e-fala-sobre-possivel-retorno-ao-fla\/#primaryimage"},"image":{"@id":"https:\/\/www.gaveanews.com\/index.php\/2021\/10\/29\/jorge-jesus-se-emociona-com-gritos-da-torcida-e-fala-sobre-possivel-retorno-ao-fla\/#primaryimage"},"thumbnailUrl":"https:\/\/www.gaveanews.com\/wp-content\/uploads\/Jorge-Jesus-durante-uma-partida-do-Flamengo.webp","datePublished":"2021-10-29T17:08:32+00:00","dateModified":"2021-10-29T17:08:34+00:00","author":{"@id":"https:\/\/www.gaveanews.com\/#\/schema\/person\/714c67050b836198af2450ba1c142a67"},"breadcrumb":{"@id":"https:\/\/www.gaveanews.com\/index.php\/2021\/10\/29\/jorge-jesus-se-emociona-com-gritos-da-torcida-e-fala-sobre-possivel-retorno-ao-fla\/#breadcrumb"},"inLanguage":"pt-BR","potentialAction":[{"@type":"ReadAction","target":["https:\/\/www.gaveanews.com\/index.php\/2021\/10\/29\/jorge-jesus-se-emociona-com-gritos-da-torcida-e-fala-sobre-possivel-retorno-ao-fla\/"]}]},{"@type":"ImageObject","inLanguage":"pt-BR","@id":"https:\/\/www.gaveanews.com\/index.php\/2021\/10\/29\/jorge-jesus-se-emociona-com-gritos-da-torcida-e-fala-sobre-possivel-retorno-ao-fla\/#primaryimage","url":"https:\/\/www.gaveanews.com\/wp-content\/uploads\/Jorge-Jesus-durante-uma-partida-do-Flamengo.webp","contentUrl":"https:\/\/www.gaveanews.com\/wp-content\/uploads\/Jorge-Jesus-durante-uma-partida-do-Flamengo.webp","width":900,"height":600,"caption":"Jorge Jesus durante uma partida do Flamengo (Foto: Alexandre Vidal\/Flamengo)"},{"@type":"BreadcrumbList","@id":"https:\/\/www.gaveanews.com\/index.php\/2021\/10\/29\/jorge-jesus-se-emociona-com-gritos-da-torcida-e-fala-sobre-possivel-retorno-ao-fla\/#breadcrumb","itemListElement":[{"@type":"ListItem","position":1,"name":"Home","item":"https:\/\/www.gaveanews.com\/"},{"@type":"ListItem","position":2,"name":"Jorge Jesus se emociona com gritos da torcida e fala sobre poss\u00edvel retorno ao Fla"}]},{"@type":"WebSite","@id":"https:\/\/www.gaveanews.com\/#website","url":"https:\/\/www.gaveanews.com\/","name":"G\u00e1vea News","description":"Veja todas as not\u00edcias sobre o Flamengo: Contrata\u00e7\u00f5es, categorias de base, resultados das partidas, tabela de classifica\u00e7\u00e3o, pr\u00f3ximos jogos!","potentialAction":[{"@type":"SearchAction","target":{"@type":"EntryPoint","urlTemplate":"https:\/\/www.gaveanews.com\/?s={search_term_string}"},"query-input":{"@type":"PropertyValueSpecification","valueRequired":true,"valueName":"search_term_string"}}],"inLanguage":"pt-BR"},{"@type":"Person","@id":"https:\/\/www.gaveanews.com\/#\/schema\/person\/714c67050b836198af2450ba1c142a67","name":"Let\u00edcia Gerheim","image":{"@type":"ImageObject","inLanguage":"pt-BR","@id":"https:\/\/www.gaveanews.com\/#\/schema\/person\/image\/","url":"https:\/\/secure.gravatar.com\/avatar\/60734739c50fcebfbac509e2a826ccd0ff405c019bc73aab9354f19ecad1dcb4?s=96&d=mm&r=g","contentUrl":"https:\/\/secure.gravatar.com\/avatar\/60734739c50fcebfbac509e2a826ccd0ff405c019bc73aab9354f19ecad1dcb4?s=96&d=mm&r=g","caption":"Let\u00edcia Gerheim"}}]}},"_links":{"self":[{"href":"https:\/\/www.gaveanews.com\/index.php\/wp-json\/wp\/v2\/posts\/70878","targetHints":{"allow":["GET"]}}],"collection":[{"href":"https:\/\/www.gaveanews.com\/index.php\/wp-json\/wp\/v2\/posts"}],"about":[{"href":"https:\/\/www.gaveanews.com\/index.php\/wp-json\/wp\/v2\/types\/post"}],"author":[{"embeddable":true,"href":"https:\/\/www.gaveanews.com\/index.php\/wp-json\/wp\/v2\/users\/4"}],"replies":[{"embeddable":true,"href":"https:\/\/www.gaveanews.com\/index.php\/wp-json\/wp\/v2\/comments?post=70878"}],"version-history":[{"count":0,"href":"https:\/\/www.gaveanews.com\/index.php\/wp-json\/wp\/v2\/posts\/70878\/revisions"}],"wp:featuredmedia":[{"embeddable":true,"href":"https:\/\/www.gaveanews.com\/index.php\/wp-json\/wp\/v2\/media\/28886"}],"wp:attachment":[{"href":"https:\/\/www.gaveanews.com\/index.php\/wp-json\/wp\/v2\/media?parent=70878"}],"wp:term":[{"taxonomy":"category","embeddable":true,"href":"https:\/\/www.gaveanews.com\/index.php\/wp-json\/wp\/v2\/categories?post=70878"},{"taxonomy":"post_tag","embeddable":true,"href":"https:\/\/www.gaveanews.com\/index.php\/wp-json\/wp\/v2\/tags?post=70878"}],"curies":[{"name":"wp","href":"https:\/\/api.w.org\/{rel}","templated":true}]}}