{"id":70989,"date":"2021-11-01T09:50:06","date_gmt":"2021-11-01T12:50:06","guid":{"rendered":"https:\/\/www.gaveanews.com\/?p=70989"},"modified":"2021-11-01T09:50:08","modified_gmt":"2021-11-01T12:50:08","slug":"tem-vaga-no-flamengo-torcida-do-atletico-mg-se-revolta-com-guga","status":"publish","type":"post","link":"https:\/\/www.gaveanews.com\/index.php\/2021\/11\/01\/tem-vaga-no-flamengo-torcida-do-atletico-mg-se-revolta-com-guga\/","title":{"rendered":"Tem vaga no Flamengo? Torcida do Atl\u00e9tico-MG se revolta com Guga"},"content":{"rendered":"\n<p>Em jogo com a press\u00e3o l\u00e1 no alto ap\u00f3s a elimina\u00e7\u00e3o na Copa do Brasil e sem margem pra erro, o Flamengo conseguiu se estabilizar mesmo com o n\u00famero de desfalques que tinha e venceu o Atl\u00e9tico-MG por 1 a 0 no Maracan\u00e3.<\/p>\n\n\n\n<p>No entanto, ao contr\u00e1rio da torcida rubro-negra, que vibrou com a vit\u00f3ria do Fla, muitos torcedores do Galo n\u00e3o aceitaram algumas atitudes de alguns jogadores do clube, e Guga foi o principal alvo das cr\u00edticas. Um dos pontos mais comentados pelos torcedores foi o fato de que a atua\u00e7\u00e3o do lateral foi abaixo do esperado, deixando espa\u00e7os para que o Mais Querido trabalhasse a bola na defesa advers\u00e1ria.<\/p>\n\n\n\n<p>Desta forma, diversos internautas foram \u00e0s redes sociais para criticar o jogador, lembrando principalmente do v\u00eddeo publicado por ele quando o Flamengo conquistou a Libertadores em 2019. Naquela ocasi\u00e3o, o lateral comemorou a vit\u00f3ria do Fla e quase chegou a ser afastado do Atl\u00e9tico-MG por conta disso.<\/p>\n\n\n\n<h2 class=\"wp-block-heading\" id=\"h-confira-as-rea-es\">Confira as rea\u00e7\u00f5es:<\/h2>\n\n\n\n<figure class=\"wp-block-embed is-type-rich is-provider-twitter wp-block-embed-twitter\"><div class=\"wp-block-embed__wrapper\">\nhttps:\/\/twitter.com\/Minelle_Kajuru\/status\/1454582126754603011?s=20\n<\/div><\/figure>\n\n\n\n<figure class=\"wp-block-embed is-type-rich is-provider-twitter wp-block-embed-twitter\"><div class=\"wp-block-embed__wrapper\">\nhttps:\/\/twitter.com\/Mateus_Mika\/status\/1454579086085459970?s=20\n<\/div><\/figure>\n\n\n\n<figure class=\"wp-block-embed is-type-rich is-provider-twitter wp-block-embed-twitter\"><div class=\"wp-block-embed__wrapper\">\n<blockquote class=\"twitter-tweet\" data-width=\"550\" data-dnt=\"true\"><p lang=\"pt\" dir=\"ltr\">Gol do Flamengo foi falha de quem? Do flamenguista Guga.<\/p>&mdash; Br\u00e1ulio Assis (@brollio) <a href=\"https:\/\/twitter.com\/brollio\/status\/1454584083418390531?ref_src=twsrc%5Etfw\">October 30, 2021<\/a><\/blockquote><script async src=\"https:\/\/platform.twitter.com\/widgets.js\" charset=\"utf-8\"><\/script>\n<\/div><\/figure>\n\n\n\n<figure class=\"wp-block-embed is-type-rich is-provider-twitter wp-block-embed-twitter\"><div class=\"wp-block-embed__wrapper\">\n<blockquote class=\"twitter-tweet\" data-width=\"550\" data-dnt=\"true\"><p lang=\"pt\" dir=\"ltr\">Fora Guga lixo<\/p>&mdash; Agostinho \u2b50\ufe0f\u2b50\ufe0f\u2b50\ufe0fcarrara (@Galocervejeiro) <a href=\"https:\/\/twitter.com\/Galocervejeiro\/status\/1454605852401356803?ref_src=twsrc%5Etfw\">October 31, 2021<\/a><\/blockquote><script async src=\"https:\/\/platform.twitter.com\/widgets.js\" charset=\"utf-8\"><\/script>\n<\/div><\/figure>\n\n\n\n<figure class=\"wp-block-embed is-type-rich is-provider-twitter wp-block-embed-twitter\"><div class=\"wp-block-embed__wrapper\">\n<blockquote class=\"twitter-tweet\" data-width=\"550\" data-dnt=\"true\"><p lang=\"pt\" dir=\"ltr\">Manda o Guga de uma vez pro flamengo pq toda vez ele entrega o jogo pra eles mesmo \ud83e\udd0c\ud83e\udd26<\/p>&mdash; Ei,Sales\ud83c\udf3c (@salesatleticana) <a href=\"https:\/\/twitter.com\/salesatleticana\/status\/1454599514732605442?ref_src=twsrc%5Etfw\">October 31, 2021<\/a><\/blockquote><script async src=\"https:\/\/platform.twitter.com\/widgets.js\" charset=\"utf-8\"><\/script>\n<\/div><\/figure>\n\n\n\n<figure class=\"wp-block-embed is-type-rich is-provider-twitter wp-block-embed-twitter\"><div class=\"wp-block-embed__wrapper\">\nhttps:\/\/twitter.com\/bellacamaral\/status\/1454601249618374662?s=20\n<\/div><\/figure>\n\n\n\n<figure class=\"wp-block-embed is-type-rich is-provider-twitter wp-block-embed-twitter\"><div class=\"wp-block-embed__wrapper\">\n<blockquote class=\"twitter-tweet\" data-width=\"550\" data-dnt=\"true\"><p lang=\"pt\" dir=\"ltr\">colocar Guga pra jogar contra flamengo \u00e9 loucura os cara t\u00e3o com um jogador a mais absurdo<\/p>&mdash; juanzin \u22ac (@juancho20_) <a href=\"https:\/\/twitter.com\/juancho20_\/status\/1454580402161659907?ref_src=twsrc%5Etfw\">October 30, 2021<\/a><\/blockquote><script async src=\"https:\/\/platform.twitter.com\/widgets.js\" charset=\"utf-8\"><\/script>\n<\/div><\/figure>\n\n\n\n<figure class=\"wp-block-embed is-type-rich is-provider-twitter wp-block-embed-twitter\"><div class=\"wp-block-embed__wrapper\">\n<blockquote class=\"twitter-tweet\" data-width=\"550\" data-dnt=\"true\"><p lang=\"pt\" dir=\"ltr\">ADVINHA QUEM FALHOU NO GOL DO FLAMENGO?? ELE MESMO, GUGA!!!!!<a href=\"https:\/\/twitter.com\/hashtag\/FORAGUGA?src=hash&amp;ref_src=twsrc%5Etfw\">#FORAGUGA<\/a><\/p>&mdash; Motta com M de Milito (@motta0909) <a href=\"https:\/\/twitter.com\/motta0909\/status\/1454607236295184392?ref_src=twsrc%5Etfw\">October 31, 2021<\/a><\/blockquote><script async src=\"https:\/\/platform.twitter.com\/widgets.js\" charset=\"utf-8\"><\/script>\n<\/div><\/figure>\n\n\n\n<figure class=\"wp-block-embed is-type-rich is-provider-twitter wp-block-embed-twitter\"><div class=\"wp-block-embed__wrapper\">\n<blockquote class=\"twitter-tweet\" data-width=\"550\" data-dnt=\"true\"><p lang=\"pt\" dir=\"ltr\">A diretoria tem que vender o Guga. Ele \u00e9 flamenguista declarado. No gol do flamengo ele n\u00e3o deu combate no Michael e ainda tirou o impedimento do mesmo. Ficou alheio a jogada.<\/p>&mdash; Marco Ant\u00f4nio Pinto (@ApintoMarco) <a href=\"https:\/\/twitter.com\/ApintoMarco\/status\/1454946062410600450?ref_src=twsrc%5Etfw\">October 31, 2021<\/a><\/blockquote><script async src=\"https:\/\/platform.twitter.com\/widgets.js\" charset=\"utf-8\"><\/script>\n<\/div><\/figure>\n","protected":false},"excerpt":{"rendered":"<p>Em jogo com a press\u00e3o l\u00e1 no alto ap\u00f3s a elimina\u00e7\u00e3o na Copa do Brasil e sem margem pra erro, o Flamengo conseguiu se estabilizar mesmo com o n\u00famero de desfalques que tinha e venceu o Atl\u00e9tico-MG por 1 a 0 no Maracan\u00e3. No entanto, ao contr\u00e1rio da torcida rubro-negra, que vibrou com a vit\u00f3ria [&hellip;]<\/p>\n","protected":false},"author":4,"featured_media":70990,"comment_status":"open","ping_status":"closed","sticky":false,"template":"","format":"standard","meta":{"footnotes":""},"categories":[1],"tags":[],"class_list":["post-70989","post","type-post","status-publish","format-standard","has-post-thumbnail","hentry","category-flamengo"],"yoast_head":"<!-- This site is optimized with the Yoast SEO Premium plugin v24.2 (Yoast SEO v26.9) - https:\/\/yoast.com\/product\/yoast-seo-premium-wordpress\/ -->\n<title>Tem vaga no Flamengo? Torcida do Atl\u00e9tico-MG se revolta com Guga<\/title>\n<meta name=\"robots\" content=\"index, follow, max-snippet:-1, max-image-preview:large, max-video-preview:-1\" \/>\n<link rel=\"canonical\" href=\"https:\/\/www.gaveanews.com\/index.php\/2021\/11\/01\/tem-vaga-no-flamengo-torcida-do-atletico-mg-se-revolta-com-guga\/\" \/>\n<meta property=\"og:locale\" content=\"pt_BR\" \/>\n<meta property=\"og:type\" content=\"article\" \/>\n<meta property=\"og:title\" content=\"Tem vaga no Flamengo? Torcida do Atl\u00e9tico-MG se revolta com Guga\" \/>\n<meta property=\"og:description\" content=\"Em jogo com a press\u00e3o l\u00e1 no alto ap\u00f3s a elimina\u00e7\u00e3o na Copa do Brasil e sem margem pra erro, o Flamengo conseguiu se estabilizar mesmo com o n\u00famero de desfalques que tinha e venceu o Atl\u00e9tico-MG por 1 a 0 no Maracan\u00e3. No entanto, ao contr\u00e1rio da torcida rubro-negra, que vibrou com a vit\u00f3ria [&hellip;]\" \/>\n<meta property=\"og:url\" content=\"https:\/\/www.gaveanews.com\/index.php\/2021\/11\/01\/tem-vaga-no-flamengo-torcida-do-atletico-mg-se-revolta-com-guga\/\" \/>\n<meta property=\"og:site_name\" content=\"G\u00e1vea News\" \/>\n<meta property=\"article:publisher\" content=\"https:\/\/facebook.com\/gaveaNews\/\" \/>\n<meta property=\"article:published_time\" content=\"2021-11-01T12:50:06+00:00\" \/>\n<meta property=\"article:modified_time\" content=\"2021-11-01T12:50:08+00:00\" \/>\n<meta property=\"og:image\" content=\"https:\/\/www.gaveanews.com\/wp-content\/uploads\/Guga-e-Zaracho-contra-Michael-em-partida-entre-Flamengo-e-Atletico-MG-pelo-Brasileirao-2021.webp\" \/>\n\t<meta property=\"og:image:width\" content=\"2047\" \/>\n\t<meta property=\"og:image:height\" content=\"1362\" \/>\n\t<meta property=\"og:image:type\" content=\"image\/jpeg\" \/>\n<meta name=\"author\" content=\"Let\u00edcia Gerheim\" \/>\n<meta name=\"twitter:card\" content=\"summary_large_image\" \/>\n<meta name=\"twitter:label1\" content=\"Escrito por\" \/>\n\t<meta name=\"twitter:data1\" content=\"Let\u00edcia Gerheim\" \/>\n\t<meta name=\"twitter:label2\" content=\"Est. tempo de leitura\" \/>\n\t<meta name=\"twitter:data2\" content=\"1 minuto\" \/>\n<script type=\"application\/ld+json\" class=\"yoast-schema-graph\">{\"@context\":\"https:\/\/schema.org\",\"@graph\":[{\"@type\":\"NewsArticle\",\"@id\":\"https:\/\/www.gaveanews.com\/index.php\/2021\/11\/01\/tem-vaga-no-flamengo-torcida-do-atletico-mg-se-revolta-com-guga\/#article\",\"isPartOf\":{\"@id\":\"https:\/\/www.gaveanews.com\/index.php\/2021\/11\/01\/tem-vaga-no-flamengo-torcida-do-atletico-mg-se-revolta-com-guga\/\"},\"author\":{\"name\":\"Let\u00edcia Gerheim\",\"@id\":\"https:\/\/www.gaveanews.com\/#\/schema\/person\/714c67050b836198af2450ba1c142a67\"},\"headline\":\"Tem vaga no Flamengo? Torcida do Atl\u00e9tico-MG se revolta com Guga\",\"datePublished\":\"2021-11-01T12:50:06+00:00\",\"dateModified\":\"2021-11-01T12:50:08+00:00\",\"mainEntityOfPage\":{\"@id\":\"https:\/\/www.gaveanews.com\/index.php\/2021\/11\/01\/tem-vaga-no-flamengo-torcida-do-atletico-mg-se-revolta-com-guga\/\"},\"wordCount\":243,\"commentCount\":22,\"image\":{\"@id\":\"https:\/\/www.gaveanews.com\/index.php\/2021\/11\/01\/tem-vaga-no-flamengo-torcida-do-atletico-mg-se-revolta-com-guga\/#primaryimage\"},\"thumbnailUrl\":\"https:\/\/www.gaveanews.com\/wp-content\/uploads\/Guga-e-Zaracho-contra-Michael-em-partida-entre-Flamengo-e-Atletico-MG-pelo-Brasileirao-2021.webp\",\"articleSection\":[\"Flamengo\"],\"inLanguage\":\"pt-BR\",\"potentialAction\":[{\"@type\":\"CommentAction\",\"name\":\"Comment\",\"target\":[\"https:\/\/www.gaveanews.com\/index.php\/2021\/11\/01\/tem-vaga-no-flamengo-torcida-do-atletico-mg-se-revolta-com-guga\/#respond\"]}],\"copyrightYear\":\"2021\",\"copyrightHolder\":{\"@id\":\"https:\/\/www.gaveanews.com\/#organization\"}},{\"@type\":\"WebPage\",\"@id\":\"https:\/\/www.gaveanews.com\/index.php\/2021\/11\/01\/tem-vaga-no-flamengo-torcida-do-atletico-mg-se-revolta-com-guga\/\",\"url\":\"https:\/\/www.gaveanews.com\/index.php\/2021\/11\/01\/tem-vaga-no-flamengo-torcida-do-atletico-mg-se-revolta-com-guga\/\",\"name\":\"Tem vaga no Flamengo? Torcida do Atl\u00e9tico-MG se revolta com Guga\",\"isPartOf\":{\"@id\":\"https:\/\/www.gaveanews.com\/#website\"},\"primaryImageOfPage\":{\"@id\":\"https:\/\/www.gaveanews.com\/index.php\/2021\/11\/01\/tem-vaga-no-flamengo-torcida-do-atletico-mg-se-revolta-com-guga\/#primaryimage\"},\"image\":{\"@id\":\"https:\/\/www.gaveanews.com\/index.php\/2021\/11\/01\/tem-vaga-no-flamengo-torcida-do-atletico-mg-se-revolta-com-guga\/#primaryimage\"},\"thumbnailUrl\":\"https:\/\/www.gaveanews.com\/wp-content\/uploads\/Guga-e-Zaracho-contra-Michael-em-partida-entre-Flamengo-e-Atletico-MG-pelo-Brasileirao-2021.webp\",\"datePublished\":\"2021-11-01T12:50:06+00:00\",\"dateModified\":\"2021-11-01T12:50:08+00:00\",\"author\":{\"@id\":\"https:\/\/www.gaveanews.com\/#\/schema\/person\/714c67050b836198af2450ba1c142a67\"},\"breadcrumb\":{\"@id\":\"https:\/\/www.gaveanews.com\/index.php\/2021\/11\/01\/tem-vaga-no-flamengo-torcida-do-atletico-mg-se-revolta-com-guga\/#breadcrumb\"},\"inLanguage\":\"pt-BR\",\"potentialAction\":[{\"@type\":\"ReadAction\",\"target\":[\"https:\/\/www.gaveanews.com\/index.php\/2021\/11\/01\/tem-vaga-no-flamengo-torcida-do-atletico-mg-se-revolta-com-guga\/\"]}]},{\"@type\":\"ImageObject\",\"inLanguage\":\"pt-BR\",\"@id\":\"https:\/\/www.gaveanews.com\/index.php\/2021\/11\/01\/tem-vaga-no-flamengo-torcida-do-atletico-mg-se-revolta-com-guga\/#primaryimage\",\"url\":\"https:\/\/www.gaveanews.com\/wp-content\/uploads\/Guga-e-Zaracho-contra-Michael-em-partida-entre-Flamengo-e-Atletico-MG-pelo-Brasileirao-2021.webp\",\"contentUrl\":\"https:\/\/www.gaveanews.com\/wp-content\/uploads\/Guga-e-Zaracho-contra-Michael-em-partida-entre-Flamengo-e-Atletico-MG-pelo-Brasileirao-2021.webp\",\"width\":2047,\"height\":1362,\"caption\":\"Guga e Zaracho contra Michael em partida entre Flamengo e Atl\u00e9tico-MG pelo Brasileir\u00e3o 2021 (Foto: Marcelo Cortes\/Flamengo)\"},{\"@type\":\"BreadcrumbList\",\"@id\":\"https:\/\/www.gaveanews.com\/index.php\/2021\/11\/01\/tem-vaga-no-flamengo-torcida-do-atletico-mg-se-revolta-com-guga\/#breadcrumb\",\"itemListElement\":[{\"@type\":\"ListItem\",\"position\":1,\"name\":\"Home\",\"item\":\"https:\/\/www.gaveanews.com\/\"},{\"@type\":\"ListItem\",\"position\":2,\"name\":\"Tem vaga no Flamengo? Torcida do Atl\u00e9tico-MG se revolta com Guga\"}]},{\"@type\":\"WebSite\",\"@id\":\"https:\/\/www.gaveanews.com\/#website\",\"url\":\"https:\/\/www.gaveanews.com\/\",\"name\":\"G\u00e1vea News\",\"description\":\"Veja todas as not\u00edcias sobre o Flamengo: Contrata\u00e7\u00f5es, categorias de base, resultados das partidas, tabela de classifica\u00e7\u00e3o, pr\u00f3ximos jogos!\",\"potentialAction\":[{\"@type\":\"SearchAction\",\"target\":{\"@type\":\"EntryPoint\",\"urlTemplate\":\"https:\/\/www.gaveanews.com\/?s={search_term_string}\"},\"query-input\":{\"@type\":\"PropertyValueSpecification\",\"valueRequired\":true,\"valueName\":\"search_term_string\"}}],\"inLanguage\":\"pt-BR\"},{\"@type\":\"Person\",\"@id\":\"https:\/\/www.gaveanews.com\/#\/schema\/person\/714c67050b836198af2450ba1c142a67\",\"name\":\"Let\u00edcia Gerheim\",\"image\":{\"@type\":\"ImageObject\",\"inLanguage\":\"pt-BR\",\"@id\":\"https:\/\/www.gaveanews.com\/#\/schema\/person\/image\/\",\"url\":\"https:\/\/secure.gravatar.com\/avatar\/60734739c50fcebfbac509e2a826ccd0ff405c019bc73aab9354f19ecad1dcb4?s=96&d=mm&r=g\",\"contentUrl\":\"https:\/\/secure.gravatar.com\/avatar\/60734739c50fcebfbac509e2a826ccd0ff405c019bc73aab9354f19ecad1dcb4?s=96&d=mm&r=g\",\"caption\":\"Let\u00edcia Gerheim\"}}]}<\/script>\n<!-- \/ Yoast SEO Premium plugin. -->","yoast_head_json":{"title":"Tem vaga no Flamengo? Torcida do Atl\u00e9tico-MG se revolta com Guga","robots":{"index":"index","follow":"follow","max-snippet":"max-snippet:-1","max-image-preview":"max-image-preview:large","max-video-preview":"max-video-preview:-1"},"canonical":"https:\/\/www.gaveanews.com\/index.php\/2021\/11\/01\/tem-vaga-no-flamengo-torcida-do-atletico-mg-se-revolta-com-guga\/","og_locale":"pt_BR","og_type":"article","og_title":"Tem vaga no Flamengo? Torcida do Atl\u00e9tico-MG se revolta com Guga","og_description":"Em jogo com a press\u00e3o l\u00e1 no alto ap\u00f3s a elimina\u00e7\u00e3o na Copa do Brasil e sem margem pra erro, o Flamengo conseguiu se estabilizar mesmo com o n\u00famero de desfalques que tinha e venceu o Atl\u00e9tico-MG por 1 a 0 no Maracan\u00e3. No entanto, ao contr\u00e1rio da torcida rubro-negra, que vibrou com a vit\u00f3ria [&hellip;]","og_url":"https:\/\/www.gaveanews.com\/index.php\/2021\/11\/01\/tem-vaga-no-flamengo-torcida-do-atletico-mg-se-revolta-com-guga\/","og_site_name":"G\u00e1vea News","article_publisher":"https:\/\/facebook.com\/gaveaNews\/","article_published_time":"2021-11-01T12:50:06+00:00","article_modified_time":"2021-11-01T12:50:08+00:00","og_image":[{"width":2047,"height":1362,"url":"https:\/\/www.gaveanews.com\/wp-content\/uploads\/Guga-e-Zaracho-contra-Michael-em-partida-entre-Flamengo-e-Atletico-MG-pelo-Brasileirao-2021.webp","type":"image\/jpeg"}],"author":"Let\u00edcia Gerheim","twitter_card":"summary_large_image","twitter_misc":{"Escrito por":"Let\u00edcia Gerheim","Est. tempo de leitura":"1 minuto"},"schema":{"@context":"https:\/\/schema.org","@graph":[{"@type":"NewsArticle","@id":"https:\/\/www.gaveanews.com\/index.php\/2021\/11\/01\/tem-vaga-no-flamengo-torcida-do-atletico-mg-se-revolta-com-guga\/#article","isPartOf":{"@id":"https:\/\/www.gaveanews.com\/index.php\/2021\/11\/01\/tem-vaga-no-flamengo-torcida-do-atletico-mg-se-revolta-com-guga\/"},"author":{"name":"Let\u00edcia Gerheim","@id":"https:\/\/www.gaveanews.com\/#\/schema\/person\/714c67050b836198af2450ba1c142a67"},"headline":"Tem vaga no Flamengo? Torcida do Atl\u00e9tico-MG se revolta com Guga","datePublished":"2021-11-01T12:50:06+00:00","dateModified":"2021-11-01T12:50:08+00:00","mainEntityOfPage":{"@id":"https:\/\/www.gaveanews.com\/index.php\/2021\/11\/01\/tem-vaga-no-flamengo-torcida-do-atletico-mg-se-revolta-com-guga\/"},"wordCount":243,"commentCount":22,"image":{"@id":"https:\/\/www.gaveanews.com\/index.php\/2021\/11\/01\/tem-vaga-no-flamengo-torcida-do-atletico-mg-se-revolta-com-guga\/#primaryimage"},"thumbnailUrl":"https:\/\/www.gaveanews.com\/wp-content\/uploads\/Guga-e-Zaracho-contra-Michael-em-partida-entre-Flamengo-e-Atletico-MG-pelo-Brasileirao-2021.webp","articleSection":["Flamengo"],"inLanguage":"pt-BR","potentialAction":[{"@type":"CommentAction","name":"Comment","target":["https:\/\/www.gaveanews.com\/index.php\/2021\/11\/01\/tem-vaga-no-flamengo-torcida-do-atletico-mg-se-revolta-com-guga\/#respond"]}],"copyrightYear":"2021","copyrightHolder":{"@id":"https:\/\/www.gaveanews.com\/#organization"}},{"@type":"WebPage","@id":"https:\/\/www.gaveanews.com\/index.php\/2021\/11\/01\/tem-vaga-no-flamengo-torcida-do-atletico-mg-se-revolta-com-guga\/","url":"https:\/\/www.gaveanews.com\/index.php\/2021\/11\/01\/tem-vaga-no-flamengo-torcida-do-atletico-mg-se-revolta-com-guga\/","name":"Tem vaga no Flamengo? Torcida do Atl\u00e9tico-MG se revolta com Guga","isPartOf":{"@id":"https:\/\/www.gaveanews.com\/#website"},"primaryImageOfPage":{"@id":"https:\/\/www.gaveanews.com\/index.php\/2021\/11\/01\/tem-vaga-no-flamengo-torcida-do-atletico-mg-se-revolta-com-guga\/#primaryimage"},"image":{"@id":"https:\/\/www.gaveanews.com\/index.php\/2021\/11\/01\/tem-vaga-no-flamengo-torcida-do-atletico-mg-se-revolta-com-guga\/#primaryimage"},"thumbnailUrl":"https:\/\/www.gaveanews.com\/wp-content\/uploads\/Guga-e-Zaracho-contra-Michael-em-partida-entre-Flamengo-e-Atletico-MG-pelo-Brasileirao-2021.webp","datePublished":"2021-11-01T12:50:06+00:00","dateModified":"2021-11-01T12:50:08+00:00","author":{"@id":"https:\/\/www.gaveanews.com\/#\/schema\/person\/714c67050b836198af2450ba1c142a67"},"breadcrumb":{"@id":"https:\/\/www.gaveanews.com\/index.php\/2021\/11\/01\/tem-vaga-no-flamengo-torcida-do-atletico-mg-se-revolta-com-guga\/#breadcrumb"},"inLanguage":"pt-BR","potentialAction":[{"@type":"ReadAction","target":["https:\/\/www.gaveanews.com\/index.php\/2021\/11\/01\/tem-vaga-no-flamengo-torcida-do-atletico-mg-se-revolta-com-guga\/"]}]},{"@type":"ImageObject","inLanguage":"pt-BR","@id":"https:\/\/www.gaveanews.com\/index.php\/2021\/11\/01\/tem-vaga-no-flamengo-torcida-do-atletico-mg-se-revolta-com-guga\/#primaryimage","url":"https:\/\/www.gaveanews.com\/wp-content\/uploads\/Guga-e-Zaracho-contra-Michael-em-partida-entre-Flamengo-e-Atletico-MG-pelo-Brasileirao-2021.webp","contentUrl":"https:\/\/www.gaveanews.com\/wp-content\/uploads\/Guga-e-Zaracho-contra-Michael-em-partida-entre-Flamengo-e-Atletico-MG-pelo-Brasileirao-2021.webp","width":2047,"height":1362,"caption":"Guga e Zaracho contra Michael em partida entre Flamengo e Atl\u00e9tico-MG pelo Brasileir\u00e3o 2021 (Foto: Marcelo Cortes\/Flamengo)"},{"@type":"BreadcrumbList","@id":"https:\/\/www.gaveanews.com\/index.php\/2021\/11\/01\/tem-vaga-no-flamengo-torcida-do-atletico-mg-se-revolta-com-guga\/#breadcrumb","itemListElement":[{"@type":"ListItem","position":1,"name":"Home","item":"https:\/\/www.gaveanews.com\/"},{"@type":"ListItem","position":2,"name":"Tem vaga no Flamengo? Torcida do Atl\u00e9tico-MG se revolta com Guga"}]},{"@type":"WebSite","@id":"https:\/\/www.gaveanews.com\/#website","url":"https:\/\/www.gaveanews.com\/","name":"G\u00e1vea News","description":"Veja todas as not\u00edcias sobre o Flamengo: Contrata\u00e7\u00f5es, categorias de base, resultados das partidas, tabela de classifica\u00e7\u00e3o, pr\u00f3ximos jogos!","potentialAction":[{"@type":"SearchAction","target":{"@type":"EntryPoint","urlTemplate":"https:\/\/www.gaveanews.com\/?s={search_term_string}"},"query-input":{"@type":"PropertyValueSpecification","valueRequired":true,"valueName":"search_term_string"}}],"inLanguage":"pt-BR"},{"@type":"Person","@id":"https:\/\/www.gaveanews.com\/#\/schema\/person\/714c67050b836198af2450ba1c142a67","name":"Let\u00edcia Gerheim","image":{"@type":"ImageObject","inLanguage":"pt-BR","@id":"https:\/\/www.gaveanews.com\/#\/schema\/person\/image\/","url":"https:\/\/secure.gravatar.com\/avatar\/60734739c50fcebfbac509e2a826ccd0ff405c019bc73aab9354f19ecad1dcb4?s=96&d=mm&r=g","contentUrl":"https:\/\/secure.gravatar.com\/avatar\/60734739c50fcebfbac509e2a826ccd0ff405c019bc73aab9354f19ecad1dcb4?s=96&d=mm&r=g","caption":"Let\u00edcia Gerheim"}}]}},"_links":{"self":[{"href":"https:\/\/www.gaveanews.com\/index.php\/wp-json\/wp\/v2\/posts\/70989","targetHints":{"allow":["GET"]}}],"collection":[{"href":"https:\/\/www.gaveanews.com\/index.php\/wp-json\/wp\/v2\/posts"}],"about":[{"href":"https:\/\/www.gaveanews.com\/index.php\/wp-json\/wp\/v2\/types\/post"}],"author":[{"embeddable":true,"href":"https:\/\/www.gaveanews.com\/index.php\/wp-json\/wp\/v2\/users\/4"}],"replies":[{"embeddable":true,"href":"https:\/\/www.gaveanews.com\/index.php\/wp-json\/wp\/v2\/comments?post=70989"}],"version-history":[{"count":0,"href":"https:\/\/www.gaveanews.com\/index.php\/wp-json\/wp\/v2\/posts\/70989\/revisions"}],"wp:featuredmedia":[{"embeddable":true,"href":"https:\/\/www.gaveanews.com\/index.php\/wp-json\/wp\/v2\/media\/70990"}],"wp:attachment":[{"href":"https:\/\/www.gaveanews.com\/index.php\/wp-json\/wp\/v2\/media?parent=70989"}],"wp:term":[{"taxonomy":"category","embeddable":true,"href":"https:\/\/www.gaveanews.com\/index.php\/wp-json\/wp\/v2\/categories?post=70989"},{"taxonomy":"post_tag","embeddable":true,"href":"https:\/\/www.gaveanews.com\/index.php\/wp-json\/wp\/v2\/tags?post=70989"}],"curies":[{"name":"wp","href":"https:\/\/api.w.org\/{rel}","templated":true}]}}