{"id":71034,"date":"2021-11-02T15:00:39","date_gmt":"2021-11-02T18:00:39","guid":{"rendered":"https:\/\/www.gaveanews.com\/?p=71034"},"modified":"2021-11-02T15:33:59","modified_gmt":"2021-11-02T18:33:59","slug":"saiu-confira-a-escalacao-oficial-do-flamengo-contra-o-atletico-pr","status":"publish","type":"post","link":"https:\/\/www.gaveanews.com\/index.php\/2021\/11\/02\/saiu-confira-a-escalacao-oficial-do-flamengo-contra-o-atletico-pr\/","title":{"rendered":"Saiu! Confira a escala\u00e7\u00e3o oficial do Flamengo contra o Atletico-PR"},"content":{"rendered":"\n<p>Daqui a pouco, \u00e0s 16h (hor\u00e1rio de Bras\u00edlia), o Flamengo encontrar\u00e1 o Furac\u00e3o em partida reagendada v\u00e1lida pela 4\u00aa rodada do Campeonato Brasileiro. Precisando de continuar vencendo, o Mais Querido ir\u00e1 para a Arena da Baixada por mais tr\u00eas pontos no torneio.<\/p>\n\n\n\n<p>Vindo de resultados diferentes, o Fla venceu o Galo no \u00faltimo fim de semana e renovou suas energias, mantendo suas possibilidades de conquistar o tricampeonato brasileiro. Em contrapartida, o Athletico perdeu para o Santos no s\u00e1bado (30), caindo para a 15\u00aa posi\u00e7\u00e3o e se aproximando do Z-4. <strong>Confira as principais informa\u00e7\u00f5es sobre o duelo:<\/strong><\/p>\n\n\n\n<h2 class=\"wp-block-heading\" id=\"h-retrospecto\">Retrospecto:<\/h2>\n\n\n\n<p>Na \u00faltima semana, o Flamengo perdeu para o Athletico no jogo de volta das semifinais da Copa do Brasil. O resultado culminou na dura elimina\u00e7\u00e3o do Mais Querido do torneio.<\/p>\n\n\n\n<h2 class=\"wp-block-heading\" id=\"h-transmiss-o\">Transmiss\u00e3o:<\/h2>\n\n\n\n<p>Apesar de o duelo acontecer em data e hor\u00e1rio alternativos, a TV Globo transmitir\u00e1 o evento para quase todo o Brasil, com a exce\u00e7\u00e3o do Paran\u00e1. Al\u00e9m do canal aberto, o Premiere tamb\u00e9m disponibilizar\u00e1 o jogo, com transmiss\u00e3o para todo o pa\u00eds.<\/p>\n\n\n\n<h2 class=\"wp-block-heading\" id=\"h-desfalques\">Desfalques:<\/h2>\n\n\n\n<p>Arrascaeta, Pedro, Diego Ribas e Filipe Lu\u00eds ficar\u00e3o de fora por conta de les\u00f5es. David Luiz e Rodrigo Caio n\u00e3o se machucaram, mas ficaram no Rio de Janeiro para se prepararem para a sequ\u00eancia de jogos que o Fla disputar\u00e1 nesta reta final de temporada. A \u00faltima baixa \u00e9 Bruno Henrique, que cumpre suspens\u00e3o pelo excesso de cart\u00f5es amarelos.<\/p>\n\n\n\n<h2 class=\"wp-block-heading\" id=\"h-pendurados\">Pendurados:<\/h2>\n\n\n\n<p>Para este confronto, apenas Everton Ribeiro e Rodinei estar\u00e3o pendurados, com risco de serem aus\u00eancias do time contra o Atl\u00e9tico-GO na partida seguinte.<\/p>\n\n\n\n<h2 class=\"wp-block-heading\" id=\"h-escala-o-oficial-do-flamengo\">Escala\u00e7\u00e3o oficial do Flamengo:<\/h2>\n\n\n\n<p>Diego Alves, Isla, Gustavo Henrique, L\u00e9o Pereira e Ramon; Willian Ar\u00e3o, Andreas e Everton Ribeiro; Michael, Vitinho e Gabigol.<\/p>\n\n\n\n<h2 class=\"wp-block-heading\" id=\"h-banco-de-reservas\">Banco de reservas:<\/h2>\n\n\n\n<p>Gabriel Batista, Hugo, Matheuzinho, Rodinei, Bruno Viana, Ren\u00ea, Thiago Maia, Piris, Jo\u00e3o Gomes, Kenedy e Vitor Gabriel.<\/p>\n\n\n\n<h2 class=\"wp-block-heading\" id=\"h-arbitragem\">Arbitragem:<\/h2>\n\n\n\n<ul class=\"wp-block-list\"><li><strong>\u00c1rbitro:<\/strong> Marielson Alves Silva &#8211; BA<\/li><li><strong>Assistente 1: <\/strong>Alesssando Alvaro Rocha de Matos &#8211; BA (FIFA)<\/li><li><strong>Assistente 2:<\/strong> Elicarlos Franco de Oliveira &#8211; BA<\/li><li><strong>Quarto \u00c1rbitro:<\/strong> Leonardo Ferreira Lima &#8211; PR<\/li><li><strong>VAR:<\/strong> Marcio Henrique de Gois &#8211; SP<\/li><\/ul>\n\n\n\n<h2 class=\"wp-block-heading\" id=\"h-pr-ximo-compromisso\">Pr\u00f3ximo compromisso:<\/h2>\n\n\n\n<p>O Flamengo voltar\u00e1 em campo nesta sexta-feira (05), para disputar mais um jogo adiado do primeiro turno do Brasileir\u00e3o. A equipe jogar\u00e1 esta pr\u00f3xima partida em casa, em confronto que come\u00e7ar\u00e1 \u00e0s 21h30 (hor\u00e1rio de Bras\u00edlia).<\/p>\n","protected":false},"excerpt":{"rendered":"<p>Daqui a pouco, \u00e0s 16h (hor\u00e1rio de Bras\u00edlia), o Flamengo encontrar\u00e1 o Furac\u00e3o em partida reagendada v\u00e1lida pela 4\u00aa rodada do Campeonato Brasileiro. Precisando de continuar vencendo, o Mais Querido ir\u00e1 para a Arena da Baixada por mais tr\u00eas pontos no torneio. Vindo de resultados diferentes, o Fla venceu o Galo no \u00faltimo fim de [&hellip;]<\/p>\n","protected":false},"author":4,"featured_media":30000,"comment_status":"open","ping_status":"closed","sticky":false,"template":"","format":"standard","meta":{"footnotes":""},"categories":[1],"tags":[],"class_list":["post-71034","post","type-post","status-publish","format-standard","has-post-thumbnail","hentry","category-flamengo"],"yoast_head":"<!-- This site is optimized with the Yoast SEO Premium plugin v24.2 (Yoast SEO v26.9) - https:\/\/yoast.com\/product\/yoast-seo-premium-wordpress\/ -->\n<title>Saiu! Confira a escala\u00e7\u00e3o oficial do Flamengo contra o Atletico-PR<\/title>\n<meta name=\"robots\" content=\"index, follow, max-snippet:-1, max-image-preview:large, max-video-preview:-1\" \/>\n<link rel=\"canonical\" href=\"https:\/\/www.gaveanews.com\/index.php\/2021\/11\/02\/saiu-confira-a-escalacao-oficial-do-flamengo-contra-o-atletico-pr\/\" \/>\n<meta property=\"og:locale\" content=\"pt_BR\" \/>\n<meta property=\"og:type\" content=\"article\" \/>\n<meta property=\"og:title\" content=\"Saiu! Confira a escala\u00e7\u00e3o oficial do Flamengo contra o Atletico-PR\" \/>\n<meta property=\"og:description\" content=\"Daqui a pouco, \u00e0s 16h (hor\u00e1rio de Bras\u00edlia), o Flamengo encontrar\u00e1 o Furac\u00e3o em partida reagendada v\u00e1lida pela 4\u00aa rodada do Campeonato Brasileiro. Precisando de continuar vencendo, o Mais Querido ir\u00e1 para a Arena da Baixada por mais tr\u00eas pontos no torneio. Vindo de resultados diferentes, o Fla venceu o Galo no \u00faltimo fim de [&hellip;]\" \/>\n<meta property=\"og:url\" content=\"https:\/\/www.gaveanews.com\/index.php\/2021\/11\/02\/saiu-confira-a-escalacao-oficial-do-flamengo-contra-o-atletico-pr\/\" \/>\n<meta property=\"og:site_name\" content=\"G\u00e1vea News\" \/>\n<meta property=\"article:publisher\" content=\"https:\/\/facebook.com\/gaveaNews\/\" \/>\n<meta property=\"article:published_time\" content=\"2021-11-02T18:00:39+00:00\" \/>\n<meta property=\"article:modified_time\" content=\"2021-11-02T18:33:59+00:00\" \/>\n<meta property=\"og:image\" content=\"https:\/\/www.gaveanews.com\/wp-content\/uploads\/Escalacao-oficial-do-Flamengo.webp\" \/>\n\t<meta property=\"og:image:width\" content=\"1\" \/>\n\t<meta property=\"og:image:height\" content=\"1\" \/>\n\t<meta property=\"og:image:type\" content=\"image\/jpeg\" \/>\n<meta name=\"author\" content=\"Let\u00edcia Gerheim\" \/>\n<meta name=\"twitter:card\" content=\"summary_large_image\" \/>\n<meta name=\"twitter:label1\" content=\"Escrito por\" \/>\n\t<meta name=\"twitter:data1\" content=\"Let\u00edcia Gerheim\" \/>\n\t<meta name=\"twitter:label2\" content=\"Est. tempo de leitura\" \/>\n\t<meta name=\"twitter:data2\" content=\"2 minutos\" \/>\n<script type=\"application\/ld+json\" class=\"yoast-schema-graph\">{\"@context\":\"https:\/\/schema.org\",\"@graph\":[{\"@type\":\"NewsArticle\",\"@id\":\"https:\/\/www.gaveanews.com\/index.php\/2021\/11\/02\/saiu-confira-a-escalacao-oficial-do-flamengo-contra-o-atletico-pr\/#article\",\"isPartOf\":{\"@id\":\"https:\/\/www.gaveanews.com\/index.php\/2021\/11\/02\/saiu-confira-a-escalacao-oficial-do-flamengo-contra-o-atletico-pr\/\"},\"author\":{\"name\":\"Let\u00edcia Gerheim\",\"@id\":\"https:\/\/www.gaveanews.com\/#\/schema\/person\/714c67050b836198af2450ba1c142a67\"},\"headline\":\"Saiu! Confira a escala\u00e7\u00e3o oficial do Flamengo contra o Atletico-PR\",\"datePublished\":\"2021-11-02T18:00:39+00:00\",\"dateModified\":\"2021-11-02T18:33:59+00:00\",\"mainEntityOfPage\":{\"@id\":\"https:\/\/www.gaveanews.com\/index.php\/2021\/11\/02\/saiu-confira-a-escalacao-oficial-do-flamengo-contra-o-atletico-pr\/\"},\"wordCount\":414,\"commentCount\":25,\"image\":{\"@id\":\"https:\/\/www.gaveanews.com\/index.php\/2021\/11\/02\/saiu-confira-a-escalacao-oficial-do-flamengo-contra-o-atletico-pr\/#primaryimage\"},\"thumbnailUrl\":\"https:\/\/www.gaveanews.com\/wp-content\/uploads\/Escalacao-oficial-do-Flamengo.webp\",\"articleSection\":[\"Flamengo\"],\"inLanguage\":\"pt-BR\",\"potentialAction\":[{\"@type\":\"CommentAction\",\"name\":\"Comment\",\"target\":[\"https:\/\/www.gaveanews.com\/index.php\/2021\/11\/02\/saiu-confira-a-escalacao-oficial-do-flamengo-contra-o-atletico-pr\/#respond\"]}],\"copyrightYear\":\"2021\",\"copyrightHolder\":{\"@id\":\"https:\/\/www.gaveanews.com\/#organization\"}},{\"@type\":\"WebPage\",\"@id\":\"https:\/\/www.gaveanews.com\/index.php\/2021\/11\/02\/saiu-confira-a-escalacao-oficial-do-flamengo-contra-o-atletico-pr\/\",\"url\":\"https:\/\/www.gaveanews.com\/index.php\/2021\/11\/02\/saiu-confira-a-escalacao-oficial-do-flamengo-contra-o-atletico-pr\/\",\"name\":\"Saiu! Confira a escala\u00e7\u00e3o oficial do Flamengo contra o Atletico-PR\",\"isPartOf\":{\"@id\":\"https:\/\/www.gaveanews.com\/#website\"},\"primaryImageOfPage\":{\"@id\":\"https:\/\/www.gaveanews.com\/index.php\/2021\/11\/02\/saiu-confira-a-escalacao-oficial-do-flamengo-contra-o-atletico-pr\/#primaryimage\"},\"image\":{\"@id\":\"https:\/\/www.gaveanews.com\/index.php\/2021\/11\/02\/saiu-confira-a-escalacao-oficial-do-flamengo-contra-o-atletico-pr\/#primaryimage\"},\"thumbnailUrl\":\"https:\/\/www.gaveanews.com\/wp-content\/uploads\/Escalacao-oficial-do-Flamengo.webp\",\"datePublished\":\"2021-11-02T18:00:39+00:00\",\"dateModified\":\"2021-11-02T18:33:59+00:00\",\"author\":{\"@id\":\"https:\/\/www.gaveanews.com\/#\/schema\/person\/714c67050b836198af2450ba1c142a67\"},\"breadcrumb\":{\"@id\":\"https:\/\/www.gaveanews.com\/index.php\/2021\/11\/02\/saiu-confira-a-escalacao-oficial-do-flamengo-contra-o-atletico-pr\/#breadcrumb\"},\"inLanguage\":\"pt-BR\",\"potentialAction\":[{\"@type\":\"ReadAction\",\"target\":[\"https:\/\/www.gaveanews.com\/index.php\/2021\/11\/02\/saiu-confira-a-escalacao-oficial-do-flamengo-contra-o-atletico-pr\/\"]}]},{\"@type\":\"ImageObject\",\"inLanguage\":\"pt-BR\",\"@id\":\"https:\/\/www.gaveanews.com\/index.php\/2021\/11\/02\/saiu-confira-a-escalacao-oficial-do-flamengo-contra-o-atletico-pr\/#primaryimage\",\"url\":\"https:\/\/www.gaveanews.com\/wp-content\/uploads\/Escalacao-oficial-do-Flamengo.webp\",\"contentUrl\":\"https:\/\/www.gaveanews.com\/wp-content\/uploads\/Escalacao-oficial-do-Flamengo.webp\",\"caption\":\"Confira a escala\u00e7\u00e3o oficial do Flamengo (Ilustra\u00e7\u00e3o: Editoria de Arte\/GaveaNews.com)\"},{\"@type\":\"BreadcrumbList\",\"@id\":\"https:\/\/www.gaveanews.com\/index.php\/2021\/11\/02\/saiu-confira-a-escalacao-oficial-do-flamengo-contra-o-atletico-pr\/#breadcrumb\",\"itemListElement\":[{\"@type\":\"ListItem\",\"position\":1,\"name\":\"Home\",\"item\":\"https:\/\/www.gaveanews.com\/\"},{\"@type\":\"ListItem\",\"position\":2,\"name\":\"Saiu! Confira a escala\u00e7\u00e3o oficial do Flamengo contra o Atletico-PR\"}]},{\"@type\":\"WebSite\",\"@id\":\"https:\/\/www.gaveanews.com\/#website\",\"url\":\"https:\/\/www.gaveanews.com\/\",\"name\":\"G\u00e1vea News\",\"description\":\"Veja todas as not\u00edcias sobre o Flamengo: Contrata\u00e7\u00f5es, categorias de base, resultados das partidas, tabela de classifica\u00e7\u00e3o, pr\u00f3ximos jogos!\",\"potentialAction\":[{\"@type\":\"SearchAction\",\"target\":{\"@type\":\"EntryPoint\",\"urlTemplate\":\"https:\/\/www.gaveanews.com\/?s={search_term_string}\"},\"query-input\":{\"@type\":\"PropertyValueSpecification\",\"valueRequired\":true,\"valueName\":\"search_term_string\"}}],\"inLanguage\":\"pt-BR\"},{\"@type\":\"Person\",\"@id\":\"https:\/\/www.gaveanews.com\/#\/schema\/person\/714c67050b836198af2450ba1c142a67\",\"name\":\"Let\u00edcia Gerheim\",\"image\":{\"@type\":\"ImageObject\",\"inLanguage\":\"pt-BR\",\"@id\":\"https:\/\/www.gaveanews.com\/#\/schema\/person\/image\/\",\"url\":\"https:\/\/secure.gravatar.com\/avatar\/60734739c50fcebfbac509e2a826ccd0ff405c019bc73aab9354f19ecad1dcb4?s=96&d=mm&r=g\",\"contentUrl\":\"https:\/\/secure.gravatar.com\/avatar\/60734739c50fcebfbac509e2a826ccd0ff405c019bc73aab9354f19ecad1dcb4?s=96&d=mm&r=g\",\"caption\":\"Let\u00edcia Gerheim\"}}]}<\/script>\n<!-- \/ Yoast SEO Premium plugin. -->","yoast_head_json":{"title":"Saiu! Confira a escala\u00e7\u00e3o oficial do Flamengo contra o Atletico-PR","robots":{"index":"index","follow":"follow","max-snippet":"max-snippet:-1","max-image-preview":"max-image-preview:large","max-video-preview":"max-video-preview:-1"},"canonical":"https:\/\/www.gaveanews.com\/index.php\/2021\/11\/02\/saiu-confira-a-escalacao-oficial-do-flamengo-contra-o-atletico-pr\/","og_locale":"pt_BR","og_type":"article","og_title":"Saiu! Confira a escala\u00e7\u00e3o oficial do Flamengo contra o Atletico-PR","og_description":"Daqui a pouco, \u00e0s 16h (hor\u00e1rio de Bras\u00edlia), o Flamengo encontrar\u00e1 o Furac\u00e3o em partida reagendada v\u00e1lida pela 4\u00aa rodada do Campeonato Brasileiro. Precisando de continuar vencendo, o Mais Querido ir\u00e1 para a Arena da Baixada por mais tr\u00eas pontos no torneio. Vindo de resultados diferentes, o Fla venceu o Galo no \u00faltimo fim de [&hellip;]","og_url":"https:\/\/www.gaveanews.com\/index.php\/2021\/11\/02\/saiu-confira-a-escalacao-oficial-do-flamengo-contra-o-atletico-pr\/","og_site_name":"G\u00e1vea News","article_publisher":"https:\/\/facebook.com\/gaveaNews\/","article_published_time":"2021-11-02T18:00:39+00:00","article_modified_time":"2021-11-02T18:33:59+00:00","og_image":[{"url":"https:\/\/www.gaveanews.com\/wp-content\/uploads\/Escalacao-oficial-do-Flamengo.webp","width":1,"height":1,"type":"image\/jpeg"}],"author":"Let\u00edcia Gerheim","twitter_card":"summary_large_image","twitter_misc":{"Escrito por":"Let\u00edcia Gerheim","Est. tempo de leitura":"2 minutos"},"schema":{"@context":"https:\/\/schema.org","@graph":[{"@type":"NewsArticle","@id":"https:\/\/www.gaveanews.com\/index.php\/2021\/11\/02\/saiu-confira-a-escalacao-oficial-do-flamengo-contra-o-atletico-pr\/#article","isPartOf":{"@id":"https:\/\/www.gaveanews.com\/index.php\/2021\/11\/02\/saiu-confira-a-escalacao-oficial-do-flamengo-contra-o-atletico-pr\/"},"author":{"name":"Let\u00edcia Gerheim","@id":"https:\/\/www.gaveanews.com\/#\/schema\/person\/714c67050b836198af2450ba1c142a67"},"headline":"Saiu! Confira a escala\u00e7\u00e3o oficial do Flamengo contra o Atletico-PR","datePublished":"2021-11-02T18:00:39+00:00","dateModified":"2021-11-02T18:33:59+00:00","mainEntityOfPage":{"@id":"https:\/\/www.gaveanews.com\/index.php\/2021\/11\/02\/saiu-confira-a-escalacao-oficial-do-flamengo-contra-o-atletico-pr\/"},"wordCount":414,"commentCount":25,"image":{"@id":"https:\/\/www.gaveanews.com\/index.php\/2021\/11\/02\/saiu-confira-a-escalacao-oficial-do-flamengo-contra-o-atletico-pr\/#primaryimage"},"thumbnailUrl":"https:\/\/www.gaveanews.com\/wp-content\/uploads\/Escalacao-oficial-do-Flamengo.webp","articleSection":["Flamengo"],"inLanguage":"pt-BR","potentialAction":[{"@type":"CommentAction","name":"Comment","target":["https:\/\/www.gaveanews.com\/index.php\/2021\/11\/02\/saiu-confira-a-escalacao-oficial-do-flamengo-contra-o-atletico-pr\/#respond"]}],"copyrightYear":"2021","copyrightHolder":{"@id":"https:\/\/www.gaveanews.com\/#organization"}},{"@type":"WebPage","@id":"https:\/\/www.gaveanews.com\/index.php\/2021\/11\/02\/saiu-confira-a-escalacao-oficial-do-flamengo-contra-o-atletico-pr\/","url":"https:\/\/www.gaveanews.com\/index.php\/2021\/11\/02\/saiu-confira-a-escalacao-oficial-do-flamengo-contra-o-atletico-pr\/","name":"Saiu! Confira a escala\u00e7\u00e3o oficial do Flamengo contra o Atletico-PR","isPartOf":{"@id":"https:\/\/www.gaveanews.com\/#website"},"primaryImageOfPage":{"@id":"https:\/\/www.gaveanews.com\/index.php\/2021\/11\/02\/saiu-confira-a-escalacao-oficial-do-flamengo-contra-o-atletico-pr\/#primaryimage"},"image":{"@id":"https:\/\/www.gaveanews.com\/index.php\/2021\/11\/02\/saiu-confira-a-escalacao-oficial-do-flamengo-contra-o-atletico-pr\/#primaryimage"},"thumbnailUrl":"https:\/\/www.gaveanews.com\/wp-content\/uploads\/Escalacao-oficial-do-Flamengo.webp","datePublished":"2021-11-02T18:00:39+00:00","dateModified":"2021-11-02T18:33:59+00:00","author":{"@id":"https:\/\/www.gaveanews.com\/#\/schema\/person\/714c67050b836198af2450ba1c142a67"},"breadcrumb":{"@id":"https:\/\/www.gaveanews.com\/index.php\/2021\/11\/02\/saiu-confira-a-escalacao-oficial-do-flamengo-contra-o-atletico-pr\/#breadcrumb"},"inLanguage":"pt-BR","potentialAction":[{"@type":"ReadAction","target":["https:\/\/www.gaveanews.com\/index.php\/2021\/11\/02\/saiu-confira-a-escalacao-oficial-do-flamengo-contra-o-atletico-pr\/"]}]},{"@type":"ImageObject","inLanguage":"pt-BR","@id":"https:\/\/www.gaveanews.com\/index.php\/2021\/11\/02\/saiu-confira-a-escalacao-oficial-do-flamengo-contra-o-atletico-pr\/#primaryimage","url":"https:\/\/www.gaveanews.com\/wp-content\/uploads\/Escalacao-oficial-do-Flamengo.webp","contentUrl":"https:\/\/www.gaveanews.com\/wp-content\/uploads\/Escalacao-oficial-do-Flamengo.webp","caption":"Confira a escala\u00e7\u00e3o oficial do Flamengo (Ilustra\u00e7\u00e3o: Editoria de Arte\/GaveaNews.com)"},{"@type":"BreadcrumbList","@id":"https:\/\/www.gaveanews.com\/index.php\/2021\/11\/02\/saiu-confira-a-escalacao-oficial-do-flamengo-contra-o-atletico-pr\/#breadcrumb","itemListElement":[{"@type":"ListItem","position":1,"name":"Home","item":"https:\/\/www.gaveanews.com\/"},{"@type":"ListItem","position":2,"name":"Saiu! Confira a escala\u00e7\u00e3o oficial do Flamengo contra o Atletico-PR"}]},{"@type":"WebSite","@id":"https:\/\/www.gaveanews.com\/#website","url":"https:\/\/www.gaveanews.com\/","name":"G\u00e1vea News","description":"Veja todas as not\u00edcias sobre o Flamengo: Contrata\u00e7\u00f5es, categorias de base, resultados das partidas, tabela de classifica\u00e7\u00e3o, pr\u00f3ximos jogos!","potentialAction":[{"@type":"SearchAction","target":{"@type":"EntryPoint","urlTemplate":"https:\/\/www.gaveanews.com\/?s={search_term_string}"},"query-input":{"@type":"PropertyValueSpecification","valueRequired":true,"valueName":"search_term_string"}}],"inLanguage":"pt-BR"},{"@type":"Person","@id":"https:\/\/www.gaveanews.com\/#\/schema\/person\/714c67050b836198af2450ba1c142a67","name":"Let\u00edcia Gerheim","image":{"@type":"ImageObject","inLanguage":"pt-BR","@id":"https:\/\/www.gaveanews.com\/#\/schema\/person\/image\/","url":"https:\/\/secure.gravatar.com\/avatar\/60734739c50fcebfbac509e2a826ccd0ff405c019bc73aab9354f19ecad1dcb4?s=96&d=mm&r=g","contentUrl":"https:\/\/secure.gravatar.com\/avatar\/60734739c50fcebfbac509e2a826ccd0ff405c019bc73aab9354f19ecad1dcb4?s=96&d=mm&r=g","caption":"Let\u00edcia Gerheim"}}]}},"_links":{"self":[{"href":"https:\/\/www.gaveanews.com\/index.php\/wp-json\/wp\/v2\/posts\/71034","targetHints":{"allow":["GET"]}}],"collection":[{"href":"https:\/\/www.gaveanews.com\/index.php\/wp-json\/wp\/v2\/posts"}],"about":[{"href":"https:\/\/www.gaveanews.com\/index.php\/wp-json\/wp\/v2\/types\/post"}],"author":[{"embeddable":true,"href":"https:\/\/www.gaveanews.com\/index.php\/wp-json\/wp\/v2\/users\/4"}],"replies":[{"embeddable":true,"href":"https:\/\/www.gaveanews.com\/index.php\/wp-json\/wp\/v2\/comments?post=71034"}],"version-history":[{"count":0,"href":"https:\/\/www.gaveanews.com\/index.php\/wp-json\/wp\/v2\/posts\/71034\/revisions"}],"wp:featuredmedia":[{"embeddable":true,"href":"https:\/\/www.gaveanews.com\/index.php\/wp-json\/wp\/v2\/media\/30000"}],"wp:attachment":[{"href":"https:\/\/www.gaveanews.com\/index.php\/wp-json\/wp\/v2\/media?parent=71034"}],"wp:term":[{"taxonomy":"category","embeddable":true,"href":"https:\/\/www.gaveanews.com\/index.php\/wp-json\/wp\/v2\/categories?post=71034"},{"taxonomy":"post_tag","embeddable":true,"href":"https:\/\/www.gaveanews.com\/index.php\/wp-json\/wp\/v2\/tags?post=71034"}],"curies":[{"name":"wp","href":"https:\/\/api.w.org\/{rel}","templated":true}]}}