{"id":71108,"date":"2021-11-03T07:41:25","date_gmt":"2021-11-03T10:41:25","guid":{"rendered":"https:\/\/www.gaveanews.com\/?p=71108"},"modified":"2021-11-03T07:41:28","modified_gmt":"2021-11-03T10:41:28","slug":"diretoria-do-flamengo-vive-dilema-pela-permanencia-de-renato-gaucho","status":"publish","type":"post","link":"https:\/\/www.gaveanews.com\/index.php\/2021\/11\/03\/diretoria-do-flamengo-vive-dilema-pela-permanencia-de-renato-gaucho\/","title":{"rendered":"Diretoria do Flamengo vive dilema pela perman\u00eancia de Renato Ga\u00facho"},"content":{"rendered":"\n<p>O Flamengo viaja daqui a tr\u00eas semanas para a disputa da final da Libertadores, no Uruguai, contra o Palmeiras. E a pergunta se repete a cada novo trope\u00e7o: vale a pena manter o t\u00e9cnico Renato Ga\u00facho na temporada 2022? Ver o time ceder o empate ao Athletico-PR, ontem, ap\u00f3s abrir dois gols de vantagem induz \u00e0 resposta negativa, respaldada pelo momento ruim da equipe que j\u00e1 dura semanas. Fato \u00e9 que o tema permanecer\u00e1 em debate durante novembro \u2014 e mesmo que o time conquiste o tricampeonato da Am\u00e9rica em Montevid\u00e9u.<\/p>\n\n\n\n<p>Se a vit\u00f3ria sobre o l\u00edder Atl\u00e9tico-MG deu sobrevida ao Flamengo no Brasileiro, o ponto magro conquistado em Curitiba e a postura entregue da equipe trouxeram os questionamentos \u00e0 tona outra vez. \u00c9 poss\u00edvel a diretoria fazer algo imediatamente para estancar a m\u00e1 fase at\u00e9 o dia D em Montevid\u00e9u? Renato Ga\u00facho, que j\u00e1 colocou o cargo \u00e0 disposi\u00e7\u00e3o, usou as mesmas desculpas para n\u00e3o dar padr\u00e3o ao time: desfalques (foram sete no Sul), calend\u00e1rio (o rubro-negro far\u00e1 jogos a cada 66 horas em novembro) e arbitragem.<\/p>\n\n\n\n<p>Al\u00e9m da \u00f3bvia justificativa do erro de arbitragem, o t\u00e9cnico Renato Ga\u00facho mais uma vez atribuiu a queda de rendimento do Flamengo ao cansa\u00e7o f\u00edsico dos atletas. No segundo tempo, o treinador recuou a equipe com substitui\u00e7\u00f5es, j\u00e1 que Andreas, Vitinho e \u00c9verton Ribeiro pediram para sair, com dores.<\/p>\n\n\n\n<p><strong><em>\u2014 \u00c9 uma coisa que acontece em qualquer equipe. Os jogadores t\u00eam jogo a cada tr\u00eas dias. O jogador \u00e9 ser humano. Ele cansa. Eu vejo equipes disputando uma competi\u00e7\u00e3o s\u00f3 e com v\u00e1rias les\u00f5es. O Flamengo n\u00e3o para.<\/em><\/strong><\/p>\n\n\n\n<h2 class=\"wp-block-heading\" id=\"h-sem-oxig-nio-e-ideias\">Sem oxig\u00eanio e ideias<\/h2>\n\n\n\n<p>O VAR foi decisivo ao retirar o cart\u00e3o vermelho aplicado em Renato Kayser por agress\u00e3o a L\u00e9o Pereira. A esta altura, Gabigol era o her\u00f3i da partida com dois gols, mesmo que o Flamengo tenha se apresentado mais uma vez com um jogo reativo, apostando em contra-ataques. Depois de perder Vitinho no segundo tempo, a equipe n\u00e3o conseguiu mais sair da press\u00e3o advers\u00e1ria e sucumbiu com erros individuais e coletivos em sequ\u00eancia. Kayser diminuiu e Bissol deixou tudo igual, j\u00e1 nos acr\u00e9scimos do duelo.<\/p>\n\n\n\n<p>Sem Bruno Henrique, Michael foi a melhor op\u00e7\u00e3o para os contra-ataques. Mas o Flamengo nunca teve o jogo na m\u00e3o. A defesa \u2014 quase toda reserva \u2014 lutou enquanto podia. Sem ter com quem jogar at\u00e9 mesmo nas bolas longas, por\u00e9m, era amassada. E n\u00e3o havia no banco de reservas um atleta com disposi\u00e7\u00e3o e talento para tirar o Flamengo desse sufoco. Sem Arrascaeta, em recupera\u00e7\u00e3o de les\u00e3o, \u00c9verton Ribeiro continuou irreconhec\u00edvel, aparentemente cansado e sem inspira\u00e7\u00e3o. Andreas Pereira, de volta a sua posi\u00e7\u00e3o, tamb\u00e9m errou bastante em Curitiba.<\/p>\n\n\n\n<p>Sem jogadores capazes de segurar a bola, trocar passes e pensar a constru\u00e7\u00e3o das jogadas ofensivas, o Flamengo tem se notabilizado por se esfor\u00e7ar e torcer para que o tempo passe em campo. O papel de Diego Alves tem sido preponderante para isso. O time entra nas discuss\u00f5es com o advers\u00e1rio e a arbitragem, respira o quanto pode e quando a bola n\u00e3o rola. E, mesmo quando tenta dar uma press\u00e3o ap\u00f3s perder a bola, o faz sem intensidade.<\/p>\n\n\n\n<p>Sem oxig\u00eanio nas pernas e no c\u00e9rebro, n\u00e3o h\u00e1 ideias em campo. H\u00e1 apenas uma tentativa de sobreviver. Como um peixe fora d\u2019\u00e1gua em busca de ar. Na lateral do campo, o t\u00e9cnico Renato Ga\u00facho observa esse sofrimento sem qualquer ajuste coletivo ou pe\u00e7a que d\u00ea jeito na engrenagem.<\/p>\n\n\n\n<p>No banco, o Flamengo tinha Kenedy, contratado ao Chelsea, mas que viajou e apresentou um incha\u00e7o no tornozelo por causa de uma pancada. Desde que chegou, n\u00e3o teve sequ\u00eancia. As outras alternativa eram jovens, como Jo\u00e3o Gomes e Matheuzinho, que entraram no fim e marcaram mal o lance do gol de empate, e Rodinei, lateral que tem sido usado como ponta.<\/p>\n\n\n\n<p>Nota-se que Renato demora a adotar tais solu\u00e7\u00f5es, que renovam o g\u00e1s da equipe na mesma propor\u00e7\u00e3o em que terminam de desorganiz\u00e1-la. Mas o Flamengo vai jogar assim em novembro at\u00e9 ter seu time ideal em plena forma para a final da Libertadores \u2014 isso se conseguir derrotar as les\u00f5es.<\/p>\n\n\n\n<p>Retirado de: O Globo<a href=\"http:\/\/www.facebook.com\/sharer.php?u=https%3A%2F%2Fwww.flaresenha.com%2F2021%2F11%2Fdiretoria-do-flamengo-vive-dilema-pela-permanencia-de-renato-gaucho.html\"><\/a><\/p>\n","protected":false},"excerpt":{"rendered":"<p>O Flamengo viaja daqui a tr\u00eas semanas para a disputa da final da Libertadores, no Uruguai, contra o Palmeiras. E a pergunta se repete a cada novo trope\u00e7o: vale a pena manter o t\u00e9cnico Renato Ga\u00facho na temporada 2022? Ver o time ceder o empate ao Athletico-PR, ontem, ap\u00f3s abrir dois gols de vantagem induz [&hellip;]<\/p>\n","protected":false},"author":1,"featured_media":70829,"comment_status":"open","ping_status":"closed","sticky":false,"template":"","format":"standard","meta":{"footnotes":""},"categories":[1],"tags":[],"class_list":["post-71108","post","type-post","status-publish","format-standard","has-post-thumbnail","hentry","category-flamengo"],"yoast_head":"<!-- This site is optimized with the Yoast SEO Premium plugin v24.2 (Yoast SEO v26.9) - https:\/\/yoast.com\/product\/yoast-seo-premium-wordpress\/ -->\n<title>Diretoria do Flamengo vive dilema pela perman\u00eancia de Renato Ga\u00facho<\/title>\n<meta name=\"robots\" content=\"index, follow, max-snippet:-1, max-image-preview:large, max-video-preview:-1\" \/>\n<link rel=\"canonical\" href=\"https:\/\/www.gaveanews.com\/index.php\/2021\/11\/03\/diretoria-do-flamengo-vive-dilema-pela-permanencia-de-renato-gaucho\/\" \/>\n<meta property=\"og:locale\" content=\"pt_BR\" \/>\n<meta property=\"og:type\" content=\"article\" \/>\n<meta property=\"og:title\" content=\"Diretoria do Flamengo vive dilema pela perman\u00eancia de Renato Ga\u00facho\" \/>\n<meta property=\"og:description\" content=\"O Flamengo viaja daqui a tr\u00eas semanas para a disputa da final da Libertadores, no Uruguai, contra o Palmeiras. E a pergunta se repete a cada novo trope\u00e7o: vale a pena manter o t\u00e9cnico Renato Ga\u00facho na temporada 2022? Ver o time ceder o empate ao Athletico-PR, ontem, ap\u00f3s abrir dois gols de vantagem induz [&hellip;]\" \/>\n<meta property=\"og:url\" content=\"https:\/\/www.gaveanews.com\/index.php\/2021\/11\/03\/diretoria-do-flamengo-vive-dilema-pela-permanencia-de-renato-gaucho\/\" \/>\n<meta property=\"og:site_name\" content=\"G\u00e1vea News\" \/>\n<meta property=\"article:publisher\" content=\"https:\/\/facebook.com\/gaveaNews\/\" \/>\n<meta property=\"article:published_time\" content=\"2021-11-03T10:41:25+00:00\" \/>\n<meta property=\"article:modified_time\" content=\"2021-11-03T10:41:28+00:00\" \/>\n<meta property=\"og:image\" content=\"https:\/\/www.gaveanews.com\/wp-content\/uploads\/Renato-Gaucho-em-jogo-do-Flamengo-contra-o-Athletico-pelas-semifinais-da-Copa-do-Brasil-2021.webp\" \/>\n\t<meta property=\"og:image:width\" content=\"2048\" \/>\n\t<meta property=\"og:image:height\" content=\"1365\" \/>\n\t<meta property=\"og:image:type\" content=\"image\/jpeg\" \/>\n<meta name=\"author\" content=\"Equipe G\u00e1vea News\" \/>\n<meta name=\"twitter:card\" content=\"summary_large_image\" \/>\n<meta name=\"twitter:label1\" content=\"Escrito por\" \/>\n\t<meta name=\"twitter:data1\" content=\"Equipe G\u00e1vea News\" \/>\n\t<meta name=\"twitter:label2\" content=\"Est. tempo de leitura\" \/>\n\t<meta name=\"twitter:data2\" content=\"3 minutos\" \/>\n<script type=\"application\/ld+json\" class=\"yoast-schema-graph\">{\"@context\":\"https:\/\/schema.org\",\"@graph\":[{\"@type\":\"NewsArticle\",\"@id\":\"https:\/\/www.gaveanews.com\/index.php\/2021\/11\/03\/diretoria-do-flamengo-vive-dilema-pela-permanencia-de-renato-gaucho\/#article\",\"isPartOf\":{\"@id\":\"https:\/\/www.gaveanews.com\/index.php\/2021\/11\/03\/diretoria-do-flamengo-vive-dilema-pela-permanencia-de-renato-gaucho\/\"},\"author\":{\"name\":\"Equipe G\u00e1vea News\",\"@id\":\"https:\/\/www.gaveanews.com\/#\/schema\/person\/2ec14f73fb96be2caf28f91afb14749d\"},\"headline\":\"Diretoria do Flamengo vive dilema pela perman\u00eancia de Renato Ga\u00facho\",\"datePublished\":\"2021-11-03T10:41:25+00:00\",\"dateModified\":\"2021-11-03T10:41:28+00:00\",\"mainEntityOfPage\":{\"@id\":\"https:\/\/www.gaveanews.com\/index.php\/2021\/11\/03\/diretoria-do-flamengo-vive-dilema-pela-permanencia-de-renato-gaucho\/\"},\"wordCount\":757,\"commentCount\":32,\"image\":{\"@id\":\"https:\/\/www.gaveanews.com\/index.php\/2021\/11\/03\/diretoria-do-flamengo-vive-dilema-pela-permanencia-de-renato-gaucho\/#primaryimage\"},\"thumbnailUrl\":\"https:\/\/www.gaveanews.com\/wp-content\/uploads\/Renato-Gaucho-em-jogo-do-Flamengo-contra-o-Athletico-pelas-semifinais-da-Copa-do-Brasil-2021.webp\",\"articleSection\":[\"Flamengo\"],\"inLanguage\":\"pt-BR\",\"potentialAction\":[{\"@type\":\"CommentAction\",\"name\":\"Comment\",\"target\":[\"https:\/\/www.gaveanews.com\/index.php\/2021\/11\/03\/diretoria-do-flamengo-vive-dilema-pela-permanencia-de-renato-gaucho\/#respond\"]}],\"copyrightYear\":\"2021\",\"copyrightHolder\":{\"@id\":\"https:\/\/www.gaveanews.com\/#organization\"}},{\"@type\":\"WebPage\",\"@id\":\"https:\/\/www.gaveanews.com\/index.php\/2021\/11\/03\/diretoria-do-flamengo-vive-dilema-pela-permanencia-de-renato-gaucho\/\",\"url\":\"https:\/\/www.gaveanews.com\/index.php\/2021\/11\/03\/diretoria-do-flamengo-vive-dilema-pela-permanencia-de-renato-gaucho\/\",\"name\":\"Diretoria do Flamengo vive dilema pela perman\u00eancia de Renato Ga\u00facho\",\"isPartOf\":{\"@id\":\"https:\/\/www.gaveanews.com\/#website\"},\"primaryImageOfPage\":{\"@id\":\"https:\/\/www.gaveanews.com\/index.php\/2021\/11\/03\/diretoria-do-flamengo-vive-dilema-pela-permanencia-de-renato-gaucho\/#primaryimage\"},\"image\":{\"@id\":\"https:\/\/www.gaveanews.com\/index.php\/2021\/11\/03\/diretoria-do-flamengo-vive-dilema-pela-permanencia-de-renato-gaucho\/#primaryimage\"},\"thumbnailUrl\":\"https:\/\/www.gaveanews.com\/wp-content\/uploads\/Renato-Gaucho-em-jogo-do-Flamengo-contra-o-Athletico-pelas-semifinais-da-Copa-do-Brasil-2021.webp\",\"datePublished\":\"2021-11-03T10:41:25+00:00\",\"dateModified\":\"2021-11-03T10:41:28+00:00\",\"author\":{\"@id\":\"https:\/\/www.gaveanews.com\/#\/schema\/person\/2ec14f73fb96be2caf28f91afb14749d\"},\"breadcrumb\":{\"@id\":\"https:\/\/www.gaveanews.com\/index.php\/2021\/11\/03\/diretoria-do-flamengo-vive-dilema-pela-permanencia-de-renato-gaucho\/#breadcrumb\"},\"inLanguage\":\"pt-BR\",\"potentialAction\":[{\"@type\":\"ReadAction\",\"target\":[\"https:\/\/www.gaveanews.com\/index.php\/2021\/11\/03\/diretoria-do-flamengo-vive-dilema-pela-permanencia-de-renato-gaucho\/\"]}]},{\"@type\":\"ImageObject\",\"inLanguage\":\"pt-BR\",\"@id\":\"https:\/\/www.gaveanews.com\/index.php\/2021\/11\/03\/diretoria-do-flamengo-vive-dilema-pela-permanencia-de-renato-gaucho\/#primaryimage\",\"url\":\"https:\/\/www.gaveanews.com\/wp-content\/uploads\/Renato-Gaucho-em-jogo-do-Flamengo-contra-o-Athletico-pelas-semifinais-da-Copa-do-Brasil-2021.webp\",\"contentUrl\":\"https:\/\/www.gaveanews.com\/wp-content\/uploads\/Renato-Gaucho-em-jogo-do-Flamengo-contra-o-Athletico-pelas-semifinais-da-Copa-do-Brasil-2021.webp\",\"width\":2048,\"height\":1365,\"caption\":\"Renato Ga\u00facho em jogo do Flamengo contra o Athletico pelas semifinais da Copa do Brasil 2021 (Foto: Alexandre Vidal\/Flamengo)\"},{\"@type\":\"BreadcrumbList\",\"@id\":\"https:\/\/www.gaveanews.com\/index.php\/2021\/11\/03\/diretoria-do-flamengo-vive-dilema-pela-permanencia-de-renato-gaucho\/#breadcrumb\",\"itemListElement\":[{\"@type\":\"ListItem\",\"position\":1,\"name\":\"Home\",\"item\":\"https:\/\/www.gaveanews.com\/\"},{\"@type\":\"ListItem\",\"position\":2,\"name\":\"Diretoria do Flamengo vive dilema pela perman\u00eancia de Renato Ga\u00facho\"}]},{\"@type\":\"WebSite\",\"@id\":\"https:\/\/www.gaveanews.com\/#website\",\"url\":\"https:\/\/www.gaveanews.com\/\",\"name\":\"G\u00e1vea News\",\"description\":\"Veja todas as not\u00edcias sobre o Flamengo: Contrata\u00e7\u00f5es, categorias de base, resultados das partidas, tabela de classifica\u00e7\u00e3o, pr\u00f3ximos jogos!\",\"potentialAction\":[{\"@type\":\"SearchAction\",\"target\":{\"@type\":\"EntryPoint\",\"urlTemplate\":\"https:\/\/www.gaveanews.com\/?s={search_term_string}\"},\"query-input\":{\"@type\":\"PropertyValueSpecification\",\"valueRequired\":true,\"valueName\":\"search_term_string\"}}],\"inLanguage\":\"pt-BR\"},{\"@type\":\"Person\",\"@id\":\"https:\/\/www.gaveanews.com\/#\/schema\/person\/2ec14f73fb96be2caf28f91afb14749d\",\"name\":\"Equipe G\u00e1vea News\",\"image\":{\"@type\":\"ImageObject\",\"inLanguage\":\"pt-BR\",\"@id\":\"https:\/\/www.gaveanews.com\/#\/schema\/person\/image\/\",\"url\":\"https:\/\/secure.gravatar.com\/avatar\/1e1956f1facbffd3f8fa53a326721950116b3b9dc9bd44939c01180fd4a745a9?s=96&d=mm&r=g\",\"contentUrl\":\"https:\/\/secure.gravatar.com\/avatar\/1e1956f1facbffd3f8fa53a326721950116b3b9dc9bd44939c01180fd4a745a9?s=96&d=mm&r=g\",\"caption\":\"Equipe G\u00e1vea News\"}}]}<\/script>\n<!-- \/ Yoast SEO Premium plugin. -->","yoast_head_json":{"title":"Diretoria do Flamengo vive dilema pela perman\u00eancia de Renato Ga\u00facho","robots":{"index":"index","follow":"follow","max-snippet":"max-snippet:-1","max-image-preview":"max-image-preview:large","max-video-preview":"max-video-preview:-1"},"canonical":"https:\/\/www.gaveanews.com\/index.php\/2021\/11\/03\/diretoria-do-flamengo-vive-dilema-pela-permanencia-de-renato-gaucho\/","og_locale":"pt_BR","og_type":"article","og_title":"Diretoria do Flamengo vive dilema pela perman\u00eancia de Renato Ga\u00facho","og_description":"O Flamengo viaja daqui a tr\u00eas semanas para a disputa da final da Libertadores, no Uruguai, contra o Palmeiras. E a pergunta se repete a cada novo trope\u00e7o: vale a pena manter o t\u00e9cnico Renato Ga\u00facho na temporada 2022? Ver o time ceder o empate ao Athletico-PR, ontem, ap\u00f3s abrir dois gols de vantagem induz [&hellip;]","og_url":"https:\/\/www.gaveanews.com\/index.php\/2021\/11\/03\/diretoria-do-flamengo-vive-dilema-pela-permanencia-de-renato-gaucho\/","og_site_name":"G\u00e1vea News","article_publisher":"https:\/\/facebook.com\/gaveaNews\/","article_published_time":"2021-11-03T10:41:25+00:00","article_modified_time":"2021-11-03T10:41:28+00:00","og_image":[{"width":2048,"height":1365,"url":"https:\/\/www.gaveanews.com\/wp-content\/uploads\/Renato-Gaucho-em-jogo-do-Flamengo-contra-o-Athletico-pelas-semifinais-da-Copa-do-Brasil-2021.webp","type":"image\/jpeg"}],"author":"Equipe G\u00e1vea News","twitter_card":"summary_large_image","twitter_misc":{"Escrito por":"Equipe G\u00e1vea News","Est. tempo de leitura":"3 minutos"},"schema":{"@context":"https:\/\/schema.org","@graph":[{"@type":"NewsArticle","@id":"https:\/\/www.gaveanews.com\/index.php\/2021\/11\/03\/diretoria-do-flamengo-vive-dilema-pela-permanencia-de-renato-gaucho\/#article","isPartOf":{"@id":"https:\/\/www.gaveanews.com\/index.php\/2021\/11\/03\/diretoria-do-flamengo-vive-dilema-pela-permanencia-de-renato-gaucho\/"},"author":{"name":"Equipe G\u00e1vea News","@id":"https:\/\/www.gaveanews.com\/#\/schema\/person\/2ec14f73fb96be2caf28f91afb14749d"},"headline":"Diretoria do Flamengo vive dilema pela perman\u00eancia de Renato Ga\u00facho","datePublished":"2021-11-03T10:41:25+00:00","dateModified":"2021-11-03T10:41:28+00:00","mainEntityOfPage":{"@id":"https:\/\/www.gaveanews.com\/index.php\/2021\/11\/03\/diretoria-do-flamengo-vive-dilema-pela-permanencia-de-renato-gaucho\/"},"wordCount":757,"commentCount":32,"image":{"@id":"https:\/\/www.gaveanews.com\/index.php\/2021\/11\/03\/diretoria-do-flamengo-vive-dilema-pela-permanencia-de-renato-gaucho\/#primaryimage"},"thumbnailUrl":"https:\/\/www.gaveanews.com\/wp-content\/uploads\/Renato-Gaucho-em-jogo-do-Flamengo-contra-o-Athletico-pelas-semifinais-da-Copa-do-Brasil-2021.webp","articleSection":["Flamengo"],"inLanguage":"pt-BR","potentialAction":[{"@type":"CommentAction","name":"Comment","target":["https:\/\/www.gaveanews.com\/index.php\/2021\/11\/03\/diretoria-do-flamengo-vive-dilema-pela-permanencia-de-renato-gaucho\/#respond"]}],"copyrightYear":"2021","copyrightHolder":{"@id":"https:\/\/www.gaveanews.com\/#organization"}},{"@type":"WebPage","@id":"https:\/\/www.gaveanews.com\/index.php\/2021\/11\/03\/diretoria-do-flamengo-vive-dilema-pela-permanencia-de-renato-gaucho\/","url":"https:\/\/www.gaveanews.com\/index.php\/2021\/11\/03\/diretoria-do-flamengo-vive-dilema-pela-permanencia-de-renato-gaucho\/","name":"Diretoria do Flamengo vive dilema pela perman\u00eancia de Renato Ga\u00facho","isPartOf":{"@id":"https:\/\/www.gaveanews.com\/#website"},"primaryImageOfPage":{"@id":"https:\/\/www.gaveanews.com\/index.php\/2021\/11\/03\/diretoria-do-flamengo-vive-dilema-pela-permanencia-de-renato-gaucho\/#primaryimage"},"image":{"@id":"https:\/\/www.gaveanews.com\/index.php\/2021\/11\/03\/diretoria-do-flamengo-vive-dilema-pela-permanencia-de-renato-gaucho\/#primaryimage"},"thumbnailUrl":"https:\/\/www.gaveanews.com\/wp-content\/uploads\/Renato-Gaucho-em-jogo-do-Flamengo-contra-o-Athletico-pelas-semifinais-da-Copa-do-Brasil-2021.webp","datePublished":"2021-11-03T10:41:25+00:00","dateModified":"2021-11-03T10:41:28+00:00","author":{"@id":"https:\/\/www.gaveanews.com\/#\/schema\/person\/2ec14f73fb96be2caf28f91afb14749d"},"breadcrumb":{"@id":"https:\/\/www.gaveanews.com\/index.php\/2021\/11\/03\/diretoria-do-flamengo-vive-dilema-pela-permanencia-de-renato-gaucho\/#breadcrumb"},"inLanguage":"pt-BR","potentialAction":[{"@type":"ReadAction","target":["https:\/\/www.gaveanews.com\/index.php\/2021\/11\/03\/diretoria-do-flamengo-vive-dilema-pela-permanencia-de-renato-gaucho\/"]}]},{"@type":"ImageObject","inLanguage":"pt-BR","@id":"https:\/\/www.gaveanews.com\/index.php\/2021\/11\/03\/diretoria-do-flamengo-vive-dilema-pela-permanencia-de-renato-gaucho\/#primaryimage","url":"https:\/\/www.gaveanews.com\/wp-content\/uploads\/Renato-Gaucho-em-jogo-do-Flamengo-contra-o-Athletico-pelas-semifinais-da-Copa-do-Brasil-2021.webp","contentUrl":"https:\/\/www.gaveanews.com\/wp-content\/uploads\/Renato-Gaucho-em-jogo-do-Flamengo-contra-o-Athletico-pelas-semifinais-da-Copa-do-Brasil-2021.webp","width":2048,"height":1365,"caption":"Renato Ga\u00facho em jogo do Flamengo contra o Athletico pelas semifinais da Copa do Brasil 2021 (Foto: Alexandre Vidal\/Flamengo)"},{"@type":"BreadcrumbList","@id":"https:\/\/www.gaveanews.com\/index.php\/2021\/11\/03\/diretoria-do-flamengo-vive-dilema-pela-permanencia-de-renato-gaucho\/#breadcrumb","itemListElement":[{"@type":"ListItem","position":1,"name":"Home","item":"https:\/\/www.gaveanews.com\/"},{"@type":"ListItem","position":2,"name":"Diretoria do Flamengo vive dilema pela perman\u00eancia de Renato Ga\u00facho"}]},{"@type":"WebSite","@id":"https:\/\/www.gaveanews.com\/#website","url":"https:\/\/www.gaveanews.com\/","name":"G\u00e1vea News","description":"Veja todas as not\u00edcias sobre o Flamengo: Contrata\u00e7\u00f5es, categorias de base, resultados das partidas, tabela de classifica\u00e7\u00e3o, pr\u00f3ximos jogos!","potentialAction":[{"@type":"SearchAction","target":{"@type":"EntryPoint","urlTemplate":"https:\/\/www.gaveanews.com\/?s={search_term_string}"},"query-input":{"@type":"PropertyValueSpecification","valueRequired":true,"valueName":"search_term_string"}}],"inLanguage":"pt-BR"},{"@type":"Person","@id":"https:\/\/www.gaveanews.com\/#\/schema\/person\/2ec14f73fb96be2caf28f91afb14749d","name":"Equipe G\u00e1vea News","image":{"@type":"ImageObject","inLanguage":"pt-BR","@id":"https:\/\/www.gaveanews.com\/#\/schema\/person\/image\/","url":"https:\/\/secure.gravatar.com\/avatar\/1e1956f1facbffd3f8fa53a326721950116b3b9dc9bd44939c01180fd4a745a9?s=96&d=mm&r=g","contentUrl":"https:\/\/secure.gravatar.com\/avatar\/1e1956f1facbffd3f8fa53a326721950116b3b9dc9bd44939c01180fd4a745a9?s=96&d=mm&r=g","caption":"Equipe G\u00e1vea News"}}]}},"_links":{"self":[{"href":"https:\/\/www.gaveanews.com\/index.php\/wp-json\/wp\/v2\/posts\/71108","targetHints":{"allow":["GET"]}}],"collection":[{"href":"https:\/\/www.gaveanews.com\/index.php\/wp-json\/wp\/v2\/posts"}],"about":[{"href":"https:\/\/www.gaveanews.com\/index.php\/wp-json\/wp\/v2\/types\/post"}],"author":[{"embeddable":true,"href":"https:\/\/www.gaveanews.com\/index.php\/wp-json\/wp\/v2\/users\/1"}],"replies":[{"embeddable":true,"href":"https:\/\/www.gaveanews.com\/index.php\/wp-json\/wp\/v2\/comments?post=71108"}],"version-history":[{"count":0,"href":"https:\/\/www.gaveanews.com\/index.php\/wp-json\/wp\/v2\/posts\/71108\/revisions"}],"wp:featuredmedia":[{"embeddable":true,"href":"https:\/\/www.gaveanews.com\/index.php\/wp-json\/wp\/v2\/media\/70829"}],"wp:attachment":[{"href":"https:\/\/www.gaveanews.com\/index.php\/wp-json\/wp\/v2\/media?parent=71108"}],"wp:term":[{"taxonomy":"category","embeddable":true,"href":"https:\/\/www.gaveanews.com\/index.php\/wp-json\/wp\/v2\/categories?post=71108"},{"taxonomy":"post_tag","embeddable":true,"href":"https:\/\/www.gaveanews.com\/index.php\/wp-json\/wp\/v2\/tags?post=71108"}],"curies":[{"name":"wp","href":"https:\/\/api.w.org\/{rel}","templated":true}]}}