{"id":71132,"date":"2021-11-03T15:05:17","date_gmt":"2021-11-03T18:05:17","guid":{"rendered":"https:\/\/www.gaveanews.com\/?p=71132"},"modified":"2021-11-03T15:05:20","modified_gmt":"2021-11-03T18:05:20","slug":"flamengo-e-denunciado-ao-stjd-devido-ao-jogo-contra-o-gremio","status":"publish","type":"post","link":"https:\/\/www.gaveanews.com\/index.php\/2021\/11\/03\/flamengo-e-denunciado-ao-stjd-devido-ao-jogo-contra-o-gremio\/","title":{"rendered":"Flamengo \u00e9 denunciado ao STJD devido ao jogo contra o Gr\u00eamio"},"content":{"rendered":"\n<p>O Flamengo foi denunciado ao Superior Tribunal de Justi\u00e7a Desportiva (STJD) por canto homof\u00f3bico na vit\u00f3ria por 2 a 0 sobre o Gr\u00eamio, pela volta das quartas de final da Copa do Brasil, jogo que marcou o retorno do p\u00fablico ao Maracan\u00e3. O clube ser\u00e1 julgado na pr\u00f3xima segunda-feira, \u00e0s 13h, pela Primeira Comiss\u00e3o Disciplinar do STJD do Futebol.<\/p>\n\n\n\n<p>O julgamento ocorre ap\u00f3s o Coletivo de Torcidas Canarinhos LGBTQ apresentar, no dia 27 de setembro, uma &#8220;Not\u00edcia de Infra\u00e7\u00e3o&#8221;, com v\u00eddeos do jogo onde \u00e9 poss\u00edvel ouvir os torcedores do Fla cantando &#8220;Arer\u00ea, ga\u00facho d\u00e1 o c* e fala tch\u00ea&#8221;.<\/p>\n\n\n\n<p>Al\u00e9m do clube, o \u00e1rbitro Rodolpho Toski, os assistentes Bruno Boschilia e Victor Hugo Imazu dos Santos, o quarto \u00e1rbitro Lucas Paulo Torezin, o inspetor da Confedera\u00e7\u00e3o Brasileira de Futebol, Almir Alves de Mello, e o delegado da partida, Marcelo Viana, tamb\u00e9m ser\u00e3o julgados por n\u00e3o terem relatado o fato na s\u00famula.<\/p>\n\n\n\n<p>Ao analisar as imagens, a procuradoria entendeu que o comportamento dos rubro-negros se enquadra no artigo 243-G do C\u00f3dico Brasileiro de Justi\u00e7a Desportiva (CBJD), que fala em &#8220;praticar ato discriminat\u00f3rio, desdenhoso ou ultrajante, relacionado a preconceito em raz\u00e3o de origem \u00e9tnica, ra\u00e7a, sexo, cor, idade, condi\u00e7\u00e3o de pessoa idosa ou portadora de defici\u00eancia&#8221;.<\/p>\n\n\n\n<p>Em caso de puni\u00e7\u00e3o, a pena indica &#8220;suspens\u00e3o de cinco a 10 partidas, se praticada por atleta, mesmo se suplente, treinador, m\u00e9dico ou membro da comiss\u00e3o t\u00e9cnica, e suspens\u00e3o pelo prazo de 120 a 360 dias, se praticada por qualquer outra pessoa natural submetida a este C\u00f3digo, al\u00e9m de multa de R$ 100 a R$ 100 mil&#8221;.<\/p>\n\n\n\n<p>&#8220;Para al\u00e9m da mera hostilidade verbal, pessoas homossexuais e transexuais correm risco de ter sua integridade f\u00edsica atacada por conta de sua orienta\u00e7\u00e3o sexual e, para ilustrar o cen\u00e1rio, dados de 2012 da Secretaria de Direitos Humanos mostram que naquele ano foram registradas mais de 3 mil den\u00fancias de viola\u00e7\u00f5es de car\u00e1ter homof\u00f3bico no Brasil, que envolviam quase cinco mil v\u00edtimas, sendo a discrimina\u00e7\u00e3o e viol\u00eancia psicol\u00f3gica os principais tipos de viol\u00eancia notificados, ao passo que o Grupo Gay da Bahia relata que 326 pessoas foram assassinadas por conta de homofobia no ano de 2014 no pa\u00eds e outras 318, em 2015, valendo citar algumas das formas mais comuns como a homofobia se manifesta: agress\u00e3o verbal e moral, viol\u00eancia psicol\u00f3gica, agress\u00e3o f\u00edsica (empurr\u00f5es, espancamento etc.), agress\u00e3o sexual&#8221;, traz a pe\u00e7a acusat\u00f3ria, segundo publicado pelo site do STJD.<\/p>\n\n\n\n<p>Para fundamentar a den\u00fancia aos \u00e1rbitros, assistentes, inspetor e delegado, o procurador fala da orienta\u00e7\u00e3o do STJD para casos semelhantes.<\/p>\n\n\n\n<p>&#8220;O ato homof\u00f3bico demonstrado contrasta com a orienta\u00e7\u00e3o emitida por este Superior Tribunal de Justi\u00e7a Desportiva do Futebol, especificamente na Recomenda\u00e7\u00e3o 01\/2019, publicada em 01 de agosto de 2019: &#8216;Que a partir desta data os \u00e1rbitros, auxiliares e delegados das partidas relatem na s\u00famula e\/ou documentos oficiais dos jogos a ocorr\u00eancia de manifesta\u00e7\u00f5es preconceituosas e de inj\u00faria em decorr\u00eancia de op\u00e7\u00e3o sexual por torcedores ou part\u00edcipes das competi\u00e7\u00f5es, devendo os oficiais das partidas serem orientados da presente recomenda\u00e7\u00e3o, bem como, cumpram todas as determina\u00e7\u00f5es regulamentares aplic\u00e1veis em vigor; Que os Clubes e Federa\u00e7\u00f5es realizem campanhas educativas junto aos torcedores, atletas e demais part\u00edcipes das competi\u00e7\u00f5es com o fim de evitar a ocorr\u00eancia de infra\u00e7\u00f5es desta natureza, o mais breve poss\u00edvel. Lamentavelmente, as imagens captadas com \u00e1udio apresentadas no link indicado na Not\u00edcia de Infra\u00e7\u00e3o confirmam o relato e denunciam a permissividade e toler\u00e2ncia por parte dos respons\u00e1veis pelo evento, quer a equipe mandante que as autoridades da partida, estas omissas no dever de registrar em s\u00famula do cantos homof\u00f3bicos.&#8221;<\/p>\n\n\n\n<p>O \u00e1rbitro Rodolpho Toski, os assistentes Bruno Boschilia e Victor Hugo Imazu dos Santos e o quarto \u00e1rbitro Lucas Paulo Torezin foram enquadrados nos artigos 261-A e 266 do CBJD.<\/p>\n\n\n\n<p>O 261-A fala em &#8220;deixar o \u00e1rbitro, auxiliar ou membro da equipe de arbitragem de cumprir as obriga\u00e7\u00f5es relativas \u00e0 sua fun\u00e7\u00e3o&#8221; e tem como pena &#8220;suspens\u00e3o de 15 a 90 dias, cumulada ou n\u00e3o com multa, de R$ 100 a R$ 1 mil&#8221;. J\u00e1 o 266 cita &#8220;deixar de relatar as ocorr\u00eancias disciplinares da partida, prova ou equivalente, ou faz\u00ea-lo de modo a impossibilitar ou dificultar a puni\u00e7\u00e3o de infratores, deturpar os fatos ocorridos ou fazer constar fatos que n\u00e3o tenha presenciado&#8221;, e tem como pena &#8220;suspens\u00e3o de 30 a 360 dias, cumulada ou n\u00e3o com multa, de R$ 100 a R$ 1 mil&#8221;.<\/p>\n\n\n\n<p>O inspetor da CBF e o delegado da partida foram denunciados nos termos do artigo 191, III do CBJD c\/c Art. 9\u00ba, IX do RGC 2021, que fala em &#8220;deixar de cumprir, ou dificultar o cumprimento: III de regulamento, geral ou especial, de competi\u00e7\u00e3o&#8221;, com pena de &#8220;multa de R$ 100 a 100 mil&#8221;.<\/p>\n\n\n\n<p>Retirado de: UOL<\/p>\n","protected":false},"excerpt":{"rendered":"<p>O Flamengo foi denunciado ao Superior Tribunal de Justi\u00e7a Desportiva (STJD) por canto homof\u00f3bico na vit\u00f3ria por 2 a 0 sobre o Gr\u00eamio, pela volta das quartas de final da Copa do Brasil, jogo que marcou o retorno do p\u00fablico ao Maracan\u00e3. O clube ser\u00e1 julgado na pr\u00f3xima segunda-feira, \u00e0s 13h, pela Primeira Comiss\u00e3o Disciplinar [&hellip;]<\/p>\n","protected":false},"author":1,"featured_media":68684,"comment_status":"open","ping_status":"closed","sticky":false,"template":"","format":"standard","meta":{"footnotes":""},"categories":[1],"tags":[],"class_list":["post-71132","post","type-post","status-publish","format-standard","has-post-thumbnail","hentry","category-flamengo"],"yoast_head":"<!-- This site is optimized with the Yoast SEO Premium plugin v24.2 (Yoast SEO v26.9) - https:\/\/yoast.com\/product\/yoast-seo-premium-wordpress\/ -->\n<title>Flamengo \u00e9 denunciado ao STJD devido ao jogo contra o Gr\u00eamio<\/title>\n<meta name=\"robots\" content=\"index, follow, max-snippet:-1, max-image-preview:large, max-video-preview:-1\" \/>\n<link rel=\"canonical\" href=\"https:\/\/www.gaveanews.com\/index.php\/2021\/11\/03\/flamengo-e-denunciado-ao-stjd-devido-ao-jogo-contra-o-gremio\/\" \/>\n<meta property=\"og:locale\" content=\"pt_BR\" \/>\n<meta property=\"og:type\" content=\"article\" \/>\n<meta property=\"og:title\" content=\"Flamengo \u00e9 denunciado ao STJD devido ao jogo contra o Gr\u00eamio\" \/>\n<meta property=\"og:description\" content=\"O Flamengo foi denunciado ao Superior Tribunal de Justi\u00e7a Desportiva (STJD) por canto homof\u00f3bico na vit\u00f3ria por 2 a 0 sobre o Gr\u00eamio, pela volta das quartas de final da Copa do Brasil, jogo que marcou o retorno do p\u00fablico ao Maracan\u00e3. O clube ser\u00e1 julgado na pr\u00f3xima segunda-feira, \u00e0s 13h, pela Primeira Comiss\u00e3o Disciplinar [&hellip;]\" \/>\n<meta property=\"og:url\" content=\"https:\/\/www.gaveanews.com\/index.php\/2021\/11\/03\/flamengo-e-denunciado-ao-stjd-devido-ao-jogo-contra-o-gremio\/\" \/>\n<meta property=\"og:site_name\" content=\"G\u00e1vea News\" \/>\n<meta property=\"article:publisher\" content=\"https:\/\/facebook.com\/gaveaNews\/\" \/>\n<meta property=\"article:published_time\" content=\"2021-11-03T18:05:17+00:00\" \/>\n<meta property=\"article:modified_time\" content=\"2021-11-03T18:05:20+00:00\" \/>\n<meta property=\"og:image\" content=\"https:\/\/www.gaveanews.com\/wp-content\/uploads\/Tribunal-do-STJD.webp\" \/>\n\t<meta property=\"og:image:width\" content=\"974\" \/>\n\t<meta property=\"og:image:height\" content=\"546\" \/>\n\t<meta property=\"og:image:type\" content=\"image\/jpeg\" \/>\n<meta name=\"author\" content=\"Equipe G\u00e1vea News\" \/>\n<meta name=\"twitter:card\" content=\"summary_large_image\" \/>\n<meta name=\"twitter:label1\" content=\"Escrito por\" \/>\n\t<meta name=\"twitter:data1\" content=\"Equipe G\u00e1vea News\" \/>\n\t<meta name=\"twitter:label2\" content=\"Est. tempo de leitura\" \/>\n\t<meta name=\"twitter:data2\" content=\"4 minutos\" \/>\n<script type=\"application\/ld+json\" class=\"yoast-schema-graph\">{\"@context\":\"https:\/\/schema.org\",\"@graph\":[{\"@type\":\"NewsArticle\",\"@id\":\"https:\/\/www.gaveanews.com\/index.php\/2021\/11\/03\/flamengo-e-denunciado-ao-stjd-devido-ao-jogo-contra-o-gremio\/#article\",\"isPartOf\":{\"@id\":\"https:\/\/www.gaveanews.com\/index.php\/2021\/11\/03\/flamengo-e-denunciado-ao-stjd-devido-ao-jogo-contra-o-gremio\/\"},\"author\":{\"name\":\"Equipe G\u00e1vea News\",\"@id\":\"https:\/\/www.gaveanews.com\/#\/schema\/person\/2ec14f73fb96be2caf28f91afb14749d\"},\"headline\":\"Flamengo \u00e9 denunciado ao STJD devido ao jogo contra o Gr\u00eamio\",\"datePublished\":\"2021-11-03T18:05:17+00:00\",\"dateModified\":\"2021-11-03T18:05:20+00:00\",\"mainEntityOfPage\":{\"@id\":\"https:\/\/www.gaveanews.com\/index.php\/2021\/11\/03\/flamengo-e-denunciado-ao-stjd-devido-ao-jogo-contra-o-gremio\/\"},\"wordCount\":856,\"commentCount\":21,\"image\":{\"@id\":\"https:\/\/www.gaveanews.com\/index.php\/2021\/11\/03\/flamengo-e-denunciado-ao-stjd-devido-ao-jogo-contra-o-gremio\/#primaryimage\"},\"thumbnailUrl\":\"https:\/\/www.gaveanews.com\/wp-content\/uploads\/Tribunal-do-STJD.webp\",\"articleSection\":[\"Flamengo\"],\"inLanguage\":\"pt-BR\",\"potentialAction\":[{\"@type\":\"CommentAction\",\"name\":\"Comment\",\"target\":[\"https:\/\/www.gaveanews.com\/index.php\/2021\/11\/03\/flamengo-e-denunciado-ao-stjd-devido-ao-jogo-contra-o-gremio\/#respond\"]}],\"copyrightYear\":\"2021\",\"copyrightHolder\":{\"@id\":\"https:\/\/www.gaveanews.com\/#organization\"}},{\"@type\":\"WebPage\",\"@id\":\"https:\/\/www.gaveanews.com\/index.php\/2021\/11\/03\/flamengo-e-denunciado-ao-stjd-devido-ao-jogo-contra-o-gremio\/\",\"url\":\"https:\/\/www.gaveanews.com\/index.php\/2021\/11\/03\/flamengo-e-denunciado-ao-stjd-devido-ao-jogo-contra-o-gremio\/\",\"name\":\"Flamengo \u00e9 denunciado ao STJD devido ao jogo contra o Gr\u00eamio\",\"isPartOf\":{\"@id\":\"https:\/\/www.gaveanews.com\/#website\"},\"primaryImageOfPage\":{\"@id\":\"https:\/\/www.gaveanews.com\/index.php\/2021\/11\/03\/flamengo-e-denunciado-ao-stjd-devido-ao-jogo-contra-o-gremio\/#primaryimage\"},\"image\":{\"@id\":\"https:\/\/www.gaveanews.com\/index.php\/2021\/11\/03\/flamengo-e-denunciado-ao-stjd-devido-ao-jogo-contra-o-gremio\/#primaryimage\"},\"thumbnailUrl\":\"https:\/\/www.gaveanews.com\/wp-content\/uploads\/Tribunal-do-STJD.webp\",\"datePublished\":\"2021-11-03T18:05:17+00:00\",\"dateModified\":\"2021-11-03T18:05:20+00:00\",\"author\":{\"@id\":\"https:\/\/www.gaveanews.com\/#\/schema\/person\/2ec14f73fb96be2caf28f91afb14749d\"},\"breadcrumb\":{\"@id\":\"https:\/\/www.gaveanews.com\/index.php\/2021\/11\/03\/flamengo-e-denunciado-ao-stjd-devido-ao-jogo-contra-o-gremio\/#breadcrumb\"},\"inLanguage\":\"pt-BR\",\"potentialAction\":[{\"@type\":\"ReadAction\",\"target\":[\"https:\/\/www.gaveanews.com\/index.php\/2021\/11\/03\/flamengo-e-denunciado-ao-stjd-devido-ao-jogo-contra-o-gremio\/\"]}]},{\"@type\":\"ImageObject\",\"inLanguage\":\"pt-BR\",\"@id\":\"https:\/\/www.gaveanews.com\/index.php\/2021\/11\/03\/flamengo-e-denunciado-ao-stjd-devido-ao-jogo-contra-o-gremio\/#primaryimage\",\"url\":\"https:\/\/www.gaveanews.com\/wp-content\/uploads\/Tribunal-do-STJD.webp\",\"contentUrl\":\"https:\/\/www.gaveanews.com\/wp-content\/uploads\/Tribunal-do-STJD.webp\",\"width\":974,\"height\":546,\"caption\":\"Tribunal do STJD (Foto: Divulga\u00e7\u00e3o\/STJD)\"},{\"@type\":\"BreadcrumbList\",\"@id\":\"https:\/\/www.gaveanews.com\/index.php\/2021\/11\/03\/flamengo-e-denunciado-ao-stjd-devido-ao-jogo-contra-o-gremio\/#breadcrumb\",\"itemListElement\":[{\"@type\":\"ListItem\",\"position\":1,\"name\":\"Home\",\"item\":\"https:\/\/www.gaveanews.com\/\"},{\"@type\":\"ListItem\",\"position\":2,\"name\":\"Flamengo \u00e9 denunciado ao STJD devido ao jogo contra o Gr\u00eamio\"}]},{\"@type\":\"WebSite\",\"@id\":\"https:\/\/www.gaveanews.com\/#website\",\"url\":\"https:\/\/www.gaveanews.com\/\",\"name\":\"G\u00e1vea News\",\"description\":\"Veja todas as not\u00edcias sobre o Flamengo: Contrata\u00e7\u00f5es, categorias de base, resultados das partidas, tabela de classifica\u00e7\u00e3o, pr\u00f3ximos jogos!\",\"potentialAction\":[{\"@type\":\"SearchAction\",\"target\":{\"@type\":\"EntryPoint\",\"urlTemplate\":\"https:\/\/www.gaveanews.com\/?s={search_term_string}\"},\"query-input\":{\"@type\":\"PropertyValueSpecification\",\"valueRequired\":true,\"valueName\":\"search_term_string\"}}],\"inLanguage\":\"pt-BR\"},{\"@type\":\"Person\",\"@id\":\"https:\/\/www.gaveanews.com\/#\/schema\/person\/2ec14f73fb96be2caf28f91afb14749d\",\"name\":\"Equipe G\u00e1vea News\",\"image\":{\"@type\":\"ImageObject\",\"inLanguage\":\"pt-BR\",\"@id\":\"https:\/\/www.gaveanews.com\/#\/schema\/person\/image\/\",\"url\":\"https:\/\/secure.gravatar.com\/avatar\/1e1956f1facbffd3f8fa53a326721950116b3b9dc9bd44939c01180fd4a745a9?s=96&d=mm&r=g\",\"contentUrl\":\"https:\/\/secure.gravatar.com\/avatar\/1e1956f1facbffd3f8fa53a326721950116b3b9dc9bd44939c01180fd4a745a9?s=96&d=mm&r=g\",\"caption\":\"Equipe G\u00e1vea News\"}}]}<\/script>\n<!-- \/ Yoast SEO Premium plugin. -->","yoast_head_json":{"title":"Flamengo \u00e9 denunciado ao STJD devido ao jogo contra o Gr\u00eamio","robots":{"index":"index","follow":"follow","max-snippet":"max-snippet:-1","max-image-preview":"max-image-preview:large","max-video-preview":"max-video-preview:-1"},"canonical":"https:\/\/www.gaveanews.com\/index.php\/2021\/11\/03\/flamengo-e-denunciado-ao-stjd-devido-ao-jogo-contra-o-gremio\/","og_locale":"pt_BR","og_type":"article","og_title":"Flamengo \u00e9 denunciado ao STJD devido ao jogo contra o Gr\u00eamio","og_description":"O Flamengo foi denunciado ao Superior Tribunal de Justi\u00e7a Desportiva (STJD) por canto homof\u00f3bico na vit\u00f3ria por 2 a 0 sobre o Gr\u00eamio, pela volta das quartas de final da Copa do Brasil, jogo que marcou o retorno do p\u00fablico ao Maracan\u00e3. O clube ser\u00e1 julgado na pr\u00f3xima segunda-feira, \u00e0s 13h, pela Primeira Comiss\u00e3o Disciplinar [&hellip;]","og_url":"https:\/\/www.gaveanews.com\/index.php\/2021\/11\/03\/flamengo-e-denunciado-ao-stjd-devido-ao-jogo-contra-o-gremio\/","og_site_name":"G\u00e1vea News","article_publisher":"https:\/\/facebook.com\/gaveaNews\/","article_published_time":"2021-11-03T18:05:17+00:00","article_modified_time":"2021-11-03T18:05:20+00:00","og_image":[{"width":974,"height":546,"url":"https:\/\/www.gaveanews.com\/wp-content\/uploads\/Tribunal-do-STJD.webp","type":"image\/jpeg"}],"author":"Equipe G\u00e1vea News","twitter_card":"summary_large_image","twitter_misc":{"Escrito por":"Equipe G\u00e1vea News","Est. tempo de leitura":"4 minutos"},"schema":{"@context":"https:\/\/schema.org","@graph":[{"@type":"NewsArticle","@id":"https:\/\/www.gaveanews.com\/index.php\/2021\/11\/03\/flamengo-e-denunciado-ao-stjd-devido-ao-jogo-contra-o-gremio\/#article","isPartOf":{"@id":"https:\/\/www.gaveanews.com\/index.php\/2021\/11\/03\/flamengo-e-denunciado-ao-stjd-devido-ao-jogo-contra-o-gremio\/"},"author":{"name":"Equipe G\u00e1vea News","@id":"https:\/\/www.gaveanews.com\/#\/schema\/person\/2ec14f73fb96be2caf28f91afb14749d"},"headline":"Flamengo \u00e9 denunciado ao STJD devido ao jogo contra o Gr\u00eamio","datePublished":"2021-11-03T18:05:17+00:00","dateModified":"2021-11-03T18:05:20+00:00","mainEntityOfPage":{"@id":"https:\/\/www.gaveanews.com\/index.php\/2021\/11\/03\/flamengo-e-denunciado-ao-stjd-devido-ao-jogo-contra-o-gremio\/"},"wordCount":856,"commentCount":21,"image":{"@id":"https:\/\/www.gaveanews.com\/index.php\/2021\/11\/03\/flamengo-e-denunciado-ao-stjd-devido-ao-jogo-contra-o-gremio\/#primaryimage"},"thumbnailUrl":"https:\/\/www.gaveanews.com\/wp-content\/uploads\/Tribunal-do-STJD.webp","articleSection":["Flamengo"],"inLanguage":"pt-BR","potentialAction":[{"@type":"CommentAction","name":"Comment","target":["https:\/\/www.gaveanews.com\/index.php\/2021\/11\/03\/flamengo-e-denunciado-ao-stjd-devido-ao-jogo-contra-o-gremio\/#respond"]}],"copyrightYear":"2021","copyrightHolder":{"@id":"https:\/\/www.gaveanews.com\/#organization"}},{"@type":"WebPage","@id":"https:\/\/www.gaveanews.com\/index.php\/2021\/11\/03\/flamengo-e-denunciado-ao-stjd-devido-ao-jogo-contra-o-gremio\/","url":"https:\/\/www.gaveanews.com\/index.php\/2021\/11\/03\/flamengo-e-denunciado-ao-stjd-devido-ao-jogo-contra-o-gremio\/","name":"Flamengo \u00e9 denunciado ao STJD devido ao jogo contra o Gr\u00eamio","isPartOf":{"@id":"https:\/\/www.gaveanews.com\/#website"},"primaryImageOfPage":{"@id":"https:\/\/www.gaveanews.com\/index.php\/2021\/11\/03\/flamengo-e-denunciado-ao-stjd-devido-ao-jogo-contra-o-gremio\/#primaryimage"},"image":{"@id":"https:\/\/www.gaveanews.com\/index.php\/2021\/11\/03\/flamengo-e-denunciado-ao-stjd-devido-ao-jogo-contra-o-gremio\/#primaryimage"},"thumbnailUrl":"https:\/\/www.gaveanews.com\/wp-content\/uploads\/Tribunal-do-STJD.webp","datePublished":"2021-11-03T18:05:17+00:00","dateModified":"2021-11-03T18:05:20+00:00","author":{"@id":"https:\/\/www.gaveanews.com\/#\/schema\/person\/2ec14f73fb96be2caf28f91afb14749d"},"breadcrumb":{"@id":"https:\/\/www.gaveanews.com\/index.php\/2021\/11\/03\/flamengo-e-denunciado-ao-stjd-devido-ao-jogo-contra-o-gremio\/#breadcrumb"},"inLanguage":"pt-BR","potentialAction":[{"@type":"ReadAction","target":["https:\/\/www.gaveanews.com\/index.php\/2021\/11\/03\/flamengo-e-denunciado-ao-stjd-devido-ao-jogo-contra-o-gremio\/"]}]},{"@type":"ImageObject","inLanguage":"pt-BR","@id":"https:\/\/www.gaveanews.com\/index.php\/2021\/11\/03\/flamengo-e-denunciado-ao-stjd-devido-ao-jogo-contra-o-gremio\/#primaryimage","url":"https:\/\/www.gaveanews.com\/wp-content\/uploads\/Tribunal-do-STJD.webp","contentUrl":"https:\/\/www.gaveanews.com\/wp-content\/uploads\/Tribunal-do-STJD.webp","width":974,"height":546,"caption":"Tribunal do STJD (Foto: Divulga\u00e7\u00e3o\/STJD)"},{"@type":"BreadcrumbList","@id":"https:\/\/www.gaveanews.com\/index.php\/2021\/11\/03\/flamengo-e-denunciado-ao-stjd-devido-ao-jogo-contra-o-gremio\/#breadcrumb","itemListElement":[{"@type":"ListItem","position":1,"name":"Home","item":"https:\/\/www.gaveanews.com\/"},{"@type":"ListItem","position":2,"name":"Flamengo \u00e9 denunciado ao STJD devido ao jogo contra o Gr\u00eamio"}]},{"@type":"WebSite","@id":"https:\/\/www.gaveanews.com\/#website","url":"https:\/\/www.gaveanews.com\/","name":"G\u00e1vea News","description":"Veja todas as not\u00edcias sobre o Flamengo: Contrata\u00e7\u00f5es, categorias de base, resultados das partidas, tabela de classifica\u00e7\u00e3o, pr\u00f3ximos jogos!","potentialAction":[{"@type":"SearchAction","target":{"@type":"EntryPoint","urlTemplate":"https:\/\/www.gaveanews.com\/?s={search_term_string}"},"query-input":{"@type":"PropertyValueSpecification","valueRequired":true,"valueName":"search_term_string"}}],"inLanguage":"pt-BR"},{"@type":"Person","@id":"https:\/\/www.gaveanews.com\/#\/schema\/person\/2ec14f73fb96be2caf28f91afb14749d","name":"Equipe G\u00e1vea News","image":{"@type":"ImageObject","inLanguage":"pt-BR","@id":"https:\/\/www.gaveanews.com\/#\/schema\/person\/image\/","url":"https:\/\/secure.gravatar.com\/avatar\/1e1956f1facbffd3f8fa53a326721950116b3b9dc9bd44939c01180fd4a745a9?s=96&d=mm&r=g","contentUrl":"https:\/\/secure.gravatar.com\/avatar\/1e1956f1facbffd3f8fa53a326721950116b3b9dc9bd44939c01180fd4a745a9?s=96&d=mm&r=g","caption":"Equipe G\u00e1vea News"}}]}},"_links":{"self":[{"href":"https:\/\/www.gaveanews.com\/index.php\/wp-json\/wp\/v2\/posts\/71132","targetHints":{"allow":["GET"]}}],"collection":[{"href":"https:\/\/www.gaveanews.com\/index.php\/wp-json\/wp\/v2\/posts"}],"about":[{"href":"https:\/\/www.gaveanews.com\/index.php\/wp-json\/wp\/v2\/types\/post"}],"author":[{"embeddable":true,"href":"https:\/\/www.gaveanews.com\/index.php\/wp-json\/wp\/v2\/users\/1"}],"replies":[{"embeddable":true,"href":"https:\/\/www.gaveanews.com\/index.php\/wp-json\/wp\/v2\/comments?post=71132"}],"version-history":[{"count":0,"href":"https:\/\/www.gaveanews.com\/index.php\/wp-json\/wp\/v2\/posts\/71132\/revisions"}],"wp:featuredmedia":[{"embeddable":true,"href":"https:\/\/www.gaveanews.com\/index.php\/wp-json\/wp\/v2\/media\/68684"}],"wp:attachment":[{"href":"https:\/\/www.gaveanews.com\/index.php\/wp-json\/wp\/v2\/media?parent=71132"}],"wp:term":[{"taxonomy":"category","embeddable":true,"href":"https:\/\/www.gaveanews.com\/index.php\/wp-json\/wp\/v2\/categories?post=71132"},{"taxonomy":"post_tag","embeddable":true,"href":"https:\/\/www.gaveanews.com\/index.php\/wp-json\/wp\/v2\/tags?post=71132"}],"curies":[{"name":"wp","href":"https:\/\/api.w.org\/{rel}","templated":true}]}}