{"id":71134,"date":"2021-11-03T19:31:45","date_gmt":"2021-11-03T22:31:45","guid":{"rendered":"https:\/\/www.gaveanews.com\/?p=71134"},"modified":"2021-11-03T19:31:48","modified_gmt":"2021-11-03T22:31:48","slug":"ex-atacante-do-flamengo-enaltece-gabigol-e-se-revela-fa-do-jogador","status":"publish","type":"post","link":"https:\/\/www.gaveanews.com\/index.php\/2021\/11\/03\/ex-atacante-do-flamengo-enaltece-gabigol-e-se-revela-fa-do-jogador\/","title":{"rendered":"Ex-atacante do Flamengo enaltece Gabigol e se revela f\u00e3 do jogador"},"content":{"rendered":"\n<p>Gabigol encerrou seu jejum de gols no Flamengo e marcou logo dois na partida contra o Athletico-PR da \u00faltima ter\u00e7a-feira (02). Os esfor\u00e7os do jogador, no entanto, n\u00e3o foram o suficiente para dar os 3 pontos para o Fla, e o jogo terminou empatado por 2 a 2.<\/p>\n\n\n\n<p>Contudo, ainda que n\u00e3o tenha levado a vit\u00f3ria para casa, o atacante se aproximou de uma marca importante pelo Mais Querido. Com os dois tentos, Gabi acumulou 99 gols pelo clube, estando a uma bola na rede do cent\u00e9simo.<\/p>\n\n\n\n<p>Frente ao sucesso de Gabigol no Rubro-Negro, o&nbsp;atacante Alecgol parabenizou o artilheiro pela boa fase e se declarou f\u00e3 do camisa 9. Em publica\u00e7\u00e3o feita no <em>Instagram<\/em>, o ex-Fla exaltou as atua\u00e7\u00f5es do atacante, assim como a estrutura do Flamengo.<\/p>\n\n\n\n<h2 class=\"wp-block-heading\" id=\"h-veja-a-publica-o\">Veja a publica\u00e7\u00e3o:<\/h2>\n\n\n\n<figure class=\"wp-block-image size-large\"><img decoding=\"async\" src=\"https:\/\/colunadofla.com\/wp-content\/uploads\/2021\/11\/gabigol-flamengo-jogo.webp\" alt=\"\"\/><\/figure>\n\n\n\n<p>Alecgol est\u00e1 com 40 anos e atua pelo Noroeste. Pelo Flamengo, o jogador conquistou o trof\u00e9u do Campeonato Carioca de 2014 e foi artilheiro do torneio estadual. Al\u00e9m disso, foi o goleador da equipe nas temporadas de 2014 e 2015, acumulando 21 e 11 gols, respectivamente.<\/p>\n\n\n\n<p>Em plenas condi\u00e7\u00f5es f\u00edsicas, Gabigol est\u00e1 \u00e0 disposi\u00e7\u00e3o de Renato Ga\u00facho e poder\u00e1 marcar seu cent\u00e9simo gol pelo Flamengo na partida contra o Atl\u00e9tico-GO desta sexta-feira (05). O duelo acontecer\u00e1 \u00e0s 21h30 (hor\u00e1rio de Bras\u00edlia), no Maracan\u00e3.<\/p>\n","protected":false},"excerpt":{"rendered":"<p>Gabigol encerrou seu jejum de gols no Flamengo e marcou logo dois na partida contra o Athletico-PR da \u00faltima ter\u00e7a-feira (02). Os esfor\u00e7os do jogador, no entanto, n\u00e3o foram o suficiente para dar os 3 pontos para o Fla, e o jogo terminou empatado por 2 a 2. Contudo, ainda que n\u00e3o tenha levado a [&hellip;]<\/p>\n","protected":false},"author":4,"featured_media":70395,"comment_status":"open","ping_status":"closed","sticky":false,"template":"","format":"standard","meta":{"footnotes":""},"categories":[1],"tags":[],"class_list":["post-71134","post","type-post","status-publish","format-standard","has-post-thumbnail","hentry","category-flamengo"],"yoast_head":"<!-- This site is optimized with the Yoast SEO Premium plugin v24.2 (Yoast SEO v26.9) - https:\/\/yoast.com\/product\/yoast-seo-premium-wordpress\/ -->\n<title>Ex-atacante do Flamengo enaltece Gabigol e se revela f\u00e3 do jogador<\/title>\n<meta name=\"robots\" content=\"index, follow, max-snippet:-1, max-image-preview:large, max-video-preview:-1\" \/>\n<link rel=\"canonical\" href=\"https:\/\/www.gaveanews.com\/index.php\/2021\/11\/03\/ex-atacante-do-flamengo-enaltece-gabigol-e-se-revela-fa-do-jogador\/\" \/>\n<meta property=\"og:locale\" content=\"pt_BR\" \/>\n<meta property=\"og:type\" content=\"article\" \/>\n<meta property=\"og:title\" content=\"Ex-atacante do Flamengo enaltece Gabigol e se revela f\u00e3 do jogador\" \/>\n<meta property=\"og:description\" content=\"Gabigol encerrou seu jejum de gols no Flamengo e marcou logo dois na partida contra o Athletico-PR da \u00faltima ter\u00e7a-feira (02). Os esfor\u00e7os do jogador, no entanto, n\u00e3o foram o suficiente para dar os 3 pontos para o Fla, e o jogo terminou empatado por 2 a 2. Contudo, ainda que n\u00e3o tenha levado a [&hellip;]\" \/>\n<meta property=\"og:url\" content=\"https:\/\/www.gaveanews.com\/index.php\/2021\/11\/03\/ex-atacante-do-flamengo-enaltece-gabigol-e-se-revela-fa-do-jogador\/\" \/>\n<meta property=\"og:site_name\" content=\"G\u00e1vea News\" \/>\n<meta property=\"article:publisher\" content=\"https:\/\/facebook.com\/gaveaNews\/\" \/>\n<meta property=\"article:published_time\" content=\"2021-11-03T22:31:45+00:00\" \/>\n<meta property=\"article:modified_time\" content=\"2021-11-03T22:31:48+00:00\" \/>\n<meta property=\"og:image\" content=\"https:\/\/www.gaveanews.com\/wp-content\/uploads\/Gabigol-em-acao-pelo-Flamengo-contra-o-Athletico-PR-na-semifinal-da-Copa-do-Brasil.webp\" \/>\n\t<meta property=\"og:image:width\" content=\"799\" \/>\n\t<meta property=\"og:image:height\" content=\"533\" \/>\n\t<meta property=\"og:image:type\" content=\"image\/jpeg\" \/>\n<meta name=\"author\" content=\"Let\u00edcia Gerheim\" \/>\n<meta name=\"twitter:card\" content=\"summary_large_image\" \/>\n<meta name=\"twitter:label1\" content=\"Escrito por\" \/>\n\t<meta name=\"twitter:data1\" content=\"Let\u00edcia Gerheim\" \/>\n\t<meta name=\"twitter:label2\" content=\"Est. tempo de leitura\" \/>\n\t<meta name=\"twitter:data2\" content=\"2 minutos\" \/>\n<script type=\"application\/ld+json\" class=\"yoast-schema-graph\">{\"@context\":\"https:\/\/schema.org\",\"@graph\":[{\"@type\":\"NewsArticle\",\"@id\":\"https:\/\/www.gaveanews.com\/index.php\/2021\/11\/03\/ex-atacante-do-flamengo-enaltece-gabigol-e-se-revela-fa-do-jogador\/#article\",\"isPartOf\":{\"@id\":\"https:\/\/www.gaveanews.com\/index.php\/2021\/11\/03\/ex-atacante-do-flamengo-enaltece-gabigol-e-se-revela-fa-do-jogador\/\"},\"author\":{\"name\":\"Let\u00edcia Gerheim\",\"@id\":\"https:\/\/www.gaveanews.com\/#\/schema\/person\/714c67050b836198af2450ba1c142a67\"},\"headline\":\"Ex-atacante do Flamengo enaltece Gabigol e se revela f\u00e3 do jogador\",\"datePublished\":\"2021-11-03T22:31:45+00:00\",\"dateModified\":\"2021-11-03T22:31:48+00:00\",\"mainEntityOfPage\":{\"@id\":\"https:\/\/www.gaveanews.com\/index.php\/2021\/11\/03\/ex-atacante-do-flamengo-enaltece-gabigol-e-se-revela-fa-do-jogador\/\"},\"wordCount\":231,\"commentCount\":5,\"image\":{\"@id\":\"https:\/\/www.gaveanews.com\/index.php\/2021\/11\/03\/ex-atacante-do-flamengo-enaltece-gabigol-e-se-revela-fa-do-jogador\/#primaryimage\"},\"thumbnailUrl\":\"https:\/\/www.gaveanews.com\/wp-content\/uploads\/Gabigol-em-acao-pelo-Flamengo-contra-o-Athletico-PR-na-semifinal-da-Copa-do-Brasil.webp\",\"articleSection\":[\"Flamengo\"],\"inLanguage\":\"pt-BR\",\"potentialAction\":[{\"@type\":\"CommentAction\",\"name\":\"Comment\",\"target\":[\"https:\/\/www.gaveanews.com\/index.php\/2021\/11\/03\/ex-atacante-do-flamengo-enaltece-gabigol-e-se-revela-fa-do-jogador\/#respond\"]}],\"copyrightYear\":\"2021\",\"copyrightHolder\":{\"@id\":\"https:\/\/www.gaveanews.com\/#organization\"}},{\"@type\":\"WebPage\",\"@id\":\"https:\/\/www.gaveanews.com\/index.php\/2021\/11\/03\/ex-atacante-do-flamengo-enaltece-gabigol-e-se-revela-fa-do-jogador\/\",\"url\":\"https:\/\/www.gaveanews.com\/index.php\/2021\/11\/03\/ex-atacante-do-flamengo-enaltece-gabigol-e-se-revela-fa-do-jogador\/\",\"name\":\"Ex-atacante do Flamengo enaltece Gabigol e se revela f\u00e3 do jogador\",\"isPartOf\":{\"@id\":\"https:\/\/www.gaveanews.com\/#website\"},\"primaryImageOfPage\":{\"@id\":\"https:\/\/www.gaveanews.com\/index.php\/2021\/11\/03\/ex-atacante-do-flamengo-enaltece-gabigol-e-se-revela-fa-do-jogador\/#primaryimage\"},\"image\":{\"@id\":\"https:\/\/www.gaveanews.com\/index.php\/2021\/11\/03\/ex-atacante-do-flamengo-enaltece-gabigol-e-se-revela-fa-do-jogador\/#primaryimage\"},\"thumbnailUrl\":\"https:\/\/www.gaveanews.com\/wp-content\/uploads\/Gabigol-em-acao-pelo-Flamengo-contra-o-Athletico-PR-na-semifinal-da-Copa-do-Brasil.webp\",\"datePublished\":\"2021-11-03T22:31:45+00:00\",\"dateModified\":\"2021-11-03T22:31:48+00:00\",\"author\":{\"@id\":\"https:\/\/www.gaveanews.com\/#\/schema\/person\/714c67050b836198af2450ba1c142a67\"},\"breadcrumb\":{\"@id\":\"https:\/\/www.gaveanews.com\/index.php\/2021\/11\/03\/ex-atacante-do-flamengo-enaltece-gabigol-e-se-revela-fa-do-jogador\/#breadcrumb\"},\"inLanguage\":\"pt-BR\",\"potentialAction\":[{\"@type\":\"ReadAction\",\"target\":[\"https:\/\/www.gaveanews.com\/index.php\/2021\/11\/03\/ex-atacante-do-flamengo-enaltece-gabigol-e-se-revela-fa-do-jogador\/\"]}]},{\"@type\":\"ImageObject\",\"inLanguage\":\"pt-BR\",\"@id\":\"https:\/\/www.gaveanews.com\/index.php\/2021\/11\/03\/ex-atacante-do-flamengo-enaltece-gabigol-e-se-revela-fa-do-jogador\/#primaryimage\",\"url\":\"https:\/\/www.gaveanews.com\/wp-content\/uploads\/Gabigol-em-acao-pelo-Flamengo-contra-o-Athletico-PR-na-semifinal-da-Copa-do-Brasil.webp\",\"contentUrl\":\"https:\/\/www.gaveanews.com\/wp-content\/uploads\/Gabigol-em-acao-pelo-Flamengo-contra-o-Athletico-PR-na-semifinal-da-Copa-do-Brasil.webp\",\"width\":799,\"height\":533,\"caption\":\"Gabigol em a\u00e7\u00e3o pelo Flamengo contra o Athletico-PR na semifinal da Copa do Brasil (Foto: Alexandre Vidal\/Flamengo)\"},{\"@type\":\"BreadcrumbList\",\"@id\":\"https:\/\/www.gaveanews.com\/index.php\/2021\/11\/03\/ex-atacante-do-flamengo-enaltece-gabigol-e-se-revela-fa-do-jogador\/#breadcrumb\",\"itemListElement\":[{\"@type\":\"ListItem\",\"position\":1,\"name\":\"Home\",\"item\":\"https:\/\/www.gaveanews.com\/\"},{\"@type\":\"ListItem\",\"position\":2,\"name\":\"Ex-atacante do Flamengo enaltece Gabigol e se revela f\u00e3 do jogador\"}]},{\"@type\":\"WebSite\",\"@id\":\"https:\/\/www.gaveanews.com\/#website\",\"url\":\"https:\/\/www.gaveanews.com\/\",\"name\":\"G\u00e1vea News\",\"description\":\"Veja todas as not\u00edcias sobre o Flamengo: Contrata\u00e7\u00f5es, categorias de base, resultados das partidas, tabela de classifica\u00e7\u00e3o, pr\u00f3ximos jogos!\",\"potentialAction\":[{\"@type\":\"SearchAction\",\"target\":{\"@type\":\"EntryPoint\",\"urlTemplate\":\"https:\/\/www.gaveanews.com\/?s={search_term_string}\"},\"query-input\":{\"@type\":\"PropertyValueSpecification\",\"valueRequired\":true,\"valueName\":\"search_term_string\"}}],\"inLanguage\":\"pt-BR\"},{\"@type\":\"Person\",\"@id\":\"https:\/\/www.gaveanews.com\/#\/schema\/person\/714c67050b836198af2450ba1c142a67\",\"name\":\"Let\u00edcia Gerheim\",\"image\":{\"@type\":\"ImageObject\",\"inLanguage\":\"pt-BR\",\"@id\":\"https:\/\/www.gaveanews.com\/#\/schema\/person\/image\/\",\"url\":\"https:\/\/secure.gravatar.com\/avatar\/60734739c50fcebfbac509e2a826ccd0ff405c019bc73aab9354f19ecad1dcb4?s=96&d=mm&r=g\",\"contentUrl\":\"https:\/\/secure.gravatar.com\/avatar\/60734739c50fcebfbac509e2a826ccd0ff405c019bc73aab9354f19ecad1dcb4?s=96&d=mm&r=g\",\"caption\":\"Let\u00edcia Gerheim\"}}]}<\/script>\n<!-- \/ Yoast SEO Premium plugin. -->","yoast_head_json":{"title":"Ex-atacante do Flamengo enaltece Gabigol e se revela f\u00e3 do jogador","robots":{"index":"index","follow":"follow","max-snippet":"max-snippet:-1","max-image-preview":"max-image-preview:large","max-video-preview":"max-video-preview:-1"},"canonical":"https:\/\/www.gaveanews.com\/index.php\/2021\/11\/03\/ex-atacante-do-flamengo-enaltece-gabigol-e-se-revela-fa-do-jogador\/","og_locale":"pt_BR","og_type":"article","og_title":"Ex-atacante do Flamengo enaltece Gabigol e se revela f\u00e3 do jogador","og_description":"Gabigol encerrou seu jejum de gols no Flamengo e marcou logo dois na partida contra o Athletico-PR da \u00faltima ter\u00e7a-feira (02). Os esfor\u00e7os do jogador, no entanto, n\u00e3o foram o suficiente para dar os 3 pontos para o Fla, e o jogo terminou empatado por 2 a 2. Contudo, ainda que n\u00e3o tenha levado a [&hellip;]","og_url":"https:\/\/www.gaveanews.com\/index.php\/2021\/11\/03\/ex-atacante-do-flamengo-enaltece-gabigol-e-se-revela-fa-do-jogador\/","og_site_name":"G\u00e1vea News","article_publisher":"https:\/\/facebook.com\/gaveaNews\/","article_published_time":"2021-11-03T22:31:45+00:00","article_modified_time":"2021-11-03T22:31:48+00:00","og_image":[{"width":799,"height":533,"url":"https:\/\/www.gaveanews.com\/wp-content\/uploads\/Gabigol-em-acao-pelo-Flamengo-contra-o-Athletico-PR-na-semifinal-da-Copa-do-Brasil.webp","type":"image\/jpeg"}],"author":"Let\u00edcia Gerheim","twitter_card":"summary_large_image","twitter_misc":{"Escrito por":"Let\u00edcia Gerheim","Est. tempo de leitura":"2 minutos"},"schema":{"@context":"https:\/\/schema.org","@graph":[{"@type":"NewsArticle","@id":"https:\/\/www.gaveanews.com\/index.php\/2021\/11\/03\/ex-atacante-do-flamengo-enaltece-gabigol-e-se-revela-fa-do-jogador\/#article","isPartOf":{"@id":"https:\/\/www.gaveanews.com\/index.php\/2021\/11\/03\/ex-atacante-do-flamengo-enaltece-gabigol-e-se-revela-fa-do-jogador\/"},"author":{"name":"Let\u00edcia Gerheim","@id":"https:\/\/www.gaveanews.com\/#\/schema\/person\/714c67050b836198af2450ba1c142a67"},"headline":"Ex-atacante do Flamengo enaltece Gabigol e se revela f\u00e3 do jogador","datePublished":"2021-11-03T22:31:45+00:00","dateModified":"2021-11-03T22:31:48+00:00","mainEntityOfPage":{"@id":"https:\/\/www.gaveanews.com\/index.php\/2021\/11\/03\/ex-atacante-do-flamengo-enaltece-gabigol-e-se-revela-fa-do-jogador\/"},"wordCount":231,"commentCount":5,"image":{"@id":"https:\/\/www.gaveanews.com\/index.php\/2021\/11\/03\/ex-atacante-do-flamengo-enaltece-gabigol-e-se-revela-fa-do-jogador\/#primaryimage"},"thumbnailUrl":"https:\/\/www.gaveanews.com\/wp-content\/uploads\/Gabigol-em-acao-pelo-Flamengo-contra-o-Athletico-PR-na-semifinal-da-Copa-do-Brasil.webp","articleSection":["Flamengo"],"inLanguage":"pt-BR","potentialAction":[{"@type":"CommentAction","name":"Comment","target":["https:\/\/www.gaveanews.com\/index.php\/2021\/11\/03\/ex-atacante-do-flamengo-enaltece-gabigol-e-se-revela-fa-do-jogador\/#respond"]}],"copyrightYear":"2021","copyrightHolder":{"@id":"https:\/\/www.gaveanews.com\/#organization"}},{"@type":"WebPage","@id":"https:\/\/www.gaveanews.com\/index.php\/2021\/11\/03\/ex-atacante-do-flamengo-enaltece-gabigol-e-se-revela-fa-do-jogador\/","url":"https:\/\/www.gaveanews.com\/index.php\/2021\/11\/03\/ex-atacante-do-flamengo-enaltece-gabigol-e-se-revela-fa-do-jogador\/","name":"Ex-atacante do Flamengo enaltece Gabigol e se revela f\u00e3 do jogador","isPartOf":{"@id":"https:\/\/www.gaveanews.com\/#website"},"primaryImageOfPage":{"@id":"https:\/\/www.gaveanews.com\/index.php\/2021\/11\/03\/ex-atacante-do-flamengo-enaltece-gabigol-e-se-revela-fa-do-jogador\/#primaryimage"},"image":{"@id":"https:\/\/www.gaveanews.com\/index.php\/2021\/11\/03\/ex-atacante-do-flamengo-enaltece-gabigol-e-se-revela-fa-do-jogador\/#primaryimage"},"thumbnailUrl":"https:\/\/www.gaveanews.com\/wp-content\/uploads\/Gabigol-em-acao-pelo-Flamengo-contra-o-Athletico-PR-na-semifinal-da-Copa-do-Brasil.webp","datePublished":"2021-11-03T22:31:45+00:00","dateModified":"2021-11-03T22:31:48+00:00","author":{"@id":"https:\/\/www.gaveanews.com\/#\/schema\/person\/714c67050b836198af2450ba1c142a67"},"breadcrumb":{"@id":"https:\/\/www.gaveanews.com\/index.php\/2021\/11\/03\/ex-atacante-do-flamengo-enaltece-gabigol-e-se-revela-fa-do-jogador\/#breadcrumb"},"inLanguage":"pt-BR","potentialAction":[{"@type":"ReadAction","target":["https:\/\/www.gaveanews.com\/index.php\/2021\/11\/03\/ex-atacante-do-flamengo-enaltece-gabigol-e-se-revela-fa-do-jogador\/"]}]},{"@type":"ImageObject","inLanguage":"pt-BR","@id":"https:\/\/www.gaveanews.com\/index.php\/2021\/11\/03\/ex-atacante-do-flamengo-enaltece-gabigol-e-se-revela-fa-do-jogador\/#primaryimage","url":"https:\/\/www.gaveanews.com\/wp-content\/uploads\/Gabigol-em-acao-pelo-Flamengo-contra-o-Athletico-PR-na-semifinal-da-Copa-do-Brasil.webp","contentUrl":"https:\/\/www.gaveanews.com\/wp-content\/uploads\/Gabigol-em-acao-pelo-Flamengo-contra-o-Athletico-PR-na-semifinal-da-Copa-do-Brasil.webp","width":799,"height":533,"caption":"Gabigol em a\u00e7\u00e3o pelo Flamengo contra o Athletico-PR na semifinal da Copa do Brasil (Foto: Alexandre Vidal\/Flamengo)"},{"@type":"BreadcrumbList","@id":"https:\/\/www.gaveanews.com\/index.php\/2021\/11\/03\/ex-atacante-do-flamengo-enaltece-gabigol-e-se-revela-fa-do-jogador\/#breadcrumb","itemListElement":[{"@type":"ListItem","position":1,"name":"Home","item":"https:\/\/www.gaveanews.com\/"},{"@type":"ListItem","position":2,"name":"Ex-atacante do Flamengo enaltece Gabigol e se revela f\u00e3 do jogador"}]},{"@type":"WebSite","@id":"https:\/\/www.gaveanews.com\/#website","url":"https:\/\/www.gaveanews.com\/","name":"G\u00e1vea News","description":"Veja todas as not\u00edcias sobre o Flamengo: Contrata\u00e7\u00f5es, categorias de base, resultados das partidas, tabela de classifica\u00e7\u00e3o, pr\u00f3ximos jogos!","potentialAction":[{"@type":"SearchAction","target":{"@type":"EntryPoint","urlTemplate":"https:\/\/www.gaveanews.com\/?s={search_term_string}"},"query-input":{"@type":"PropertyValueSpecification","valueRequired":true,"valueName":"search_term_string"}}],"inLanguage":"pt-BR"},{"@type":"Person","@id":"https:\/\/www.gaveanews.com\/#\/schema\/person\/714c67050b836198af2450ba1c142a67","name":"Let\u00edcia Gerheim","image":{"@type":"ImageObject","inLanguage":"pt-BR","@id":"https:\/\/www.gaveanews.com\/#\/schema\/person\/image\/","url":"https:\/\/secure.gravatar.com\/avatar\/60734739c50fcebfbac509e2a826ccd0ff405c019bc73aab9354f19ecad1dcb4?s=96&d=mm&r=g","contentUrl":"https:\/\/secure.gravatar.com\/avatar\/60734739c50fcebfbac509e2a826ccd0ff405c019bc73aab9354f19ecad1dcb4?s=96&d=mm&r=g","caption":"Let\u00edcia Gerheim"}}]}},"_links":{"self":[{"href":"https:\/\/www.gaveanews.com\/index.php\/wp-json\/wp\/v2\/posts\/71134","targetHints":{"allow":["GET"]}}],"collection":[{"href":"https:\/\/www.gaveanews.com\/index.php\/wp-json\/wp\/v2\/posts"}],"about":[{"href":"https:\/\/www.gaveanews.com\/index.php\/wp-json\/wp\/v2\/types\/post"}],"author":[{"embeddable":true,"href":"https:\/\/www.gaveanews.com\/index.php\/wp-json\/wp\/v2\/users\/4"}],"replies":[{"embeddable":true,"href":"https:\/\/www.gaveanews.com\/index.php\/wp-json\/wp\/v2\/comments?post=71134"}],"version-history":[{"count":0,"href":"https:\/\/www.gaveanews.com\/index.php\/wp-json\/wp\/v2\/posts\/71134\/revisions"}],"wp:featuredmedia":[{"embeddable":true,"href":"https:\/\/www.gaveanews.com\/index.php\/wp-json\/wp\/v2\/media\/70395"}],"wp:attachment":[{"href":"https:\/\/www.gaveanews.com\/index.php\/wp-json\/wp\/v2\/media?parent=71134"}],"wp:term":[{"taxonomy":"category","embeddable":true,"href":"https:\/\/www.gaveanews.com\/index.php\/wp-json\/wp\/v2\/categories?post=71134"},{"taxonomy":"post_tag","embeddable":true,"href":"https:\/\/www.gaveanews.com\/index.php\/wp-json\/wp\/v2\/tags?post=71134"}],"curies":[{"name":"wp","href":"https:\/\/api.w.org\/{rel}","templated":true}]}}