{"id":71137,"date":"2021-11-03T17:34:49","date_gmt":"2021-11-03T20:34:49","guid":{"rendered":"https:\/\/www.gaveanews.com\/?p=71137"},"modified":"2021-11-03T17:34:53","modified_gmt":"2021-11-03T20:34:53","slug":"ex-lateral-aponta-culpado-e-expoe-detalhes-de-sua-saida-do-flamengo","status":"publish","type":"post","link":"https:\/\/www.gaveanews.com\/index.php\/2021\/11\/03\/ex-lateral-aponta-culpado-e-expoe-detalhes-de-sua-saida-do-flamengo\/","title":{"rendered":"Ex-lateral aponta culpado e exp\u00f5e detalhes de sua sa\u00edda do Flamengo"},"content":{"rendered":"\n<p>Um dos principais clubes brasileiros, o Flamengo tem tradi\u00e7\u00e3o e acumula jogadores que marcaram sua hist\u00f3ria. Um dos nomes memor\u00e1veis na equipe \u00e9 L\u00e9o Moura, que atuou pelo Mais Querido por dez anos.<\/p>\n\n\n\n<p>Atualmente aposentado, o ex-jogador de 43 anos falou sobre sua sa\u00edda do Rubro-Negro em 2015. Segundo ele, um dos principais culpados pelo fim de sua hist\u00f3ria no Fla foi Vanderlei Luxemburgo, t\u00e9cnico do clube na \u00e9poca. <\/p>\n\n\n\n<p>O motivo do desconforto ocorrido naquela ocasi\u00e3o teria sido o desejo do comandante de trazer Par\u00e1 para atuar na posi\u00e7\u00e3o. O lateral em quest\u00e3o realmente foi contratado pelo clube posteriormente, onde permaneceu at\u00e9 em 2019.<\/p>\n\n\n\n<p><strong><em>\u2014 N\u00e3o concordei (com a redu\u00e7\u00e3o), tinha mais de 10 anos de clube. Faltou um pouco de respeito. Naquele momento, j\u00e1 sabia que o Luxemburgo n\u00e3o queria contar comigo. \u00c9\u2026 pelo que dava para entender.. Ele tinha articulado para trazer o Par\u00e1. Eu confio em mim, tinha o contrato\u2026 eu vou jogar, mas chegou um momento que minha vida toda eu ia pro treino com o maior prazer, sa\u00eda de casa feliz. Chegou um certo momento que eu estava indo &#8220;de novo, tem que ir l\u00e1&#8221;<\/em><\/strong>, disse antes de completar:<\/p>\n\n\n\n<p><em><strong>\u2014 Ele conseguiu me tirar esse\u2026 exatamente [foi me minando]. Foi desgastando, eu n\u00e3o preciso disso, tenho mais de 500 jogos, sou o s\u00e9timo que mais vestiu a camisa do Flamengo, n\u00e3o posso passar por isso. As coisas foram acontecendo. Eu nem quis sair por dinheiro, nada\u2026 Eu fui para receber US$ 5 mil. Eu precisava sair do Flamengo. Eu n\u00e3o queria jogar em outro time (do Brasil).<\/strong><\/em><\/p>\n\n\n\n<p>Somando mais de 500 jogos pelo Mais Querido, L\u00e9o Moura \u00e9 um dos jogadores que mais atuou pelo clube em toda a sua hist\u00f3ria. Vestindo o Manto Sagrado, o lateral conquistou o Brasileiro 2009 e as Copas do Brasil de 2006 e 2013. Em 2008, quando era um dos grandes destaques do Flamengo, o atleta chegou a ser convocado para Sele\u00e7\u00e3o Brasileira.<\/p>\n\n\n\n<p>Ap\u00f3s deixar o Rubro-Negro, L\u00e9o Moura atuou por Metropolitano, Santa Cruz e Gr\u00eamio. O defensor ainda teve passagens por Estados Unidos e \u00cdndia, antes de se aposentar pelo Botafogo-PB, em 2020.<\/p>\n","protected":false},"excerpt":{"rendered":"<p>Um dos principais clubes brasileiros, o Flamengo tem tradi\u00e7\u00e3o e acumula jogadores que marcaram sua hist\u00f3ria. Um dos nomes memor\u00e1veis na equipe \u00e9 L\u00e9o Moura, que atuou pelo Mais Querido por dez anos. Atualmente aposentado, o ex-jogador de 43 anos falou sobre sua sa\u00edda do Rubro-Negro em 2015. Segundo ele, um dos principais culpados pelo [&hellip;]<\/p>\n","protected":false},"author":4,"featured_media":15594,"comment_status":"open","ping_status":"closed","sticky":false,"template":"","format":"standard","meta":{"footnotes":""},"categories":[1],"tags":[],"class_list":["post-71137","post","type-post","status-publish","format-standard","has-post-thumbnail","hentry","category-flamengo"],"yoast_head":"<!-- This site is optimized with the Yoast SEO Premium plugin v24.2 (Yoast SEO v26.9) - https:\/\/yoast.com\/product\/yoast-seo-premium-wordpress\/ -->\n<title>Ex-lateral aponta culpado e exp\u00f5e detalhes de sua sa\u00edda do Flamengo<\/title>\n<meta name=\"robots\" content=\"index, follow, max-snippet:-1, max-image-preview:large, max-video-preview:-1\" \/>\n<link rel=\"canonical\" href=\"https:\/\/www.gaveanews.com\/index.php\/2021\/11\/03\/ex-lateral-aponta-culpado-e-expoe-detalhes-de-sua-saida-do-flamengo\/\" \/>\n<meta property=\"og:locale\" content=\"pt_BR\" \/>\n<meta property=\"og:type\" content=\"article\" \/>\n<meta property=\"og:title\" content=\"Ex-lateral aponta culpado e exp\u00f5e detalhes de sua sa\u00edda do Flamengo\" \/>\n<meta property=\"og:description\" content=\"Um dos principais clubes brasileiros, o Flamengo tem tradi\u00e7\u00e3o e acumula jogadores que marcaram sua hist\u00f3ria. Um dos nomes memor\u00e1veis na equipe \u00e9 L\u00e9o Moura, que atuou pelo Mais Querido por dez anos. Atualmente aposentado, o ex-jogador de 43 anos falou sobre sua sa\u00edda do Rubro-Negro em 2015. Segundo ele, um dos principais culpados pelo [&hellip;]\" \/>\n<meta property=\"og:url\" content=\"https:\/\/www.gaveanews.com\/index.php\/2021\/11\/03\/ex-lateral-aponta-culpado-e-expoe-detalhes-de-sua-saida-do-flamengo\/\" \/>\n<meta property=\"og:site_name\" content=\"G\u00e1vea News\" \/>\n<meta property=\"article:publisher\" content=\"https:\/\/facebook.com\/gaveaNews\/\" \/>\n<meta property=\"article:published_time\" content=\"2021-11-03T20:34:49+00:00\" \/>\n<meta property=\"article:modified_time\" content=\"2021-11-03T20:34:53+00:00\" \/>\n<meta property=\"og:image\" content=\"https:\/\/www.gaveanews.com\/wp-content\/uploads\/2019\/03\/Fellype-Gabriel-Leo-Moura-e-Diego-Souza-durante-treinamento-na-Gavea.webp\" \/>\n\t<meta property=\"og:image:width\" content=\"1\" \/>\n\t<meta property=\"og:image:height\" content=\"1\" \/>\n\t<meta property=\"og:image:type\" content=\"image\/jpeg\" \/>\n<meta name=\"author\" content=\"Let\u00edcia Gerheim\" \/>\n<meta name=\"twitter:card\" content=\"summary_large_image\" \/>\n<meta name=\"twitter:label1\" content=\"Escrito por\" \/>\n\t<meta name=\"twitter:data1\" content=\"Let\u00edcia Gerheim\" \/>\n\t<meta name=\"twitter:label2\" content=\"Est. tempo de leitura\" \/>\n\t<meta name=\"twitter:data2\" content=\"2 minutos\" \/>\n<script type=\"application\/ld+json\" class=\"yoast-schema-graph\">{\"@context\":\"https:\/\/schema.org\",\"@graph\":[{\"@type\":\"NewsArticle\",\"@id\":\"https:\/\/www.gaveanews.com\/index.php\/2021\/11\/03\/ex-lateral-aponta-culpado-e-expoe-detalhes-de-sua-saida-do-flamengo\/#article\",\"isPartOf\":{\"@id\":\"https:\/\/www.gaveanews.com\/index.php\/2021\/11\/03\/ex-lateral-aponta-culpado-e-expoe-detalhes-de-sua-saida-do-flamengo\/\"},\"author\":{\"name\":\"Let\u00edcia Gerheim\",\"@id\":\"https:\/\/www.gaveanews.com\/#\/schema\/person\/714c67050b836198af2450ba1c142a67\"},\"headline\":\"Ex-lateral aponta culpado e exp\u00f5e detalhes de sua sa\u00edda do Flamengo\",\"datePublished\":\"2021-11-03T20:34:49+00:00\",\"dateModified\":\"2021-11-03T20:34:53+00:00\",\"mainEntityOfPage\":{\"@id\":\"https:\/\/www.gaveanews.com\/index.php\/2021\/11\/03\/ex-lateral-aponta-culpado-e-expoe-detalhes-de-sua-saida-do-flamengo\/\"},\"wordCount\":375,\"commentCount\":16,\"image\":{\"@id\":\"https:\/\/www.gaveanews.com\/index.php\/2021\/11\/03\/ex-lateral-aponta-culpado-e-expoe-detalhes-de-sua-saida-do-flamengo\/#primaryimage\"},\"thumbnailUrl\":\"https:\/\/www.gaveanews.com\/wp-content\/uploads\/2019\/03\/Fellype-Gabriel-Leo-Moura-e-Diego-Souza-durante-treinamento-na-Gavea.webp\",\"articleSection\":[\"Flamengo\"],\"inLanguage\":\"pt-BR\",\"potentialAction\":[{\"@type\":\"CommentAction\",\"name\":\"Comment\",\"target\":[\"https:\/\/www.gaveanews.com\/index.php\/2021\/11\/03\/ex-lateral-aponta-culpado-e-expoe-detalhes-de-sua-saida-do-flamengo\/#respond\"]}],\"copyrightYear\":\"2021\",\"copyrightHolder\":{\"@id\":\"https:\/\/www.gaveanews.com\/#organization\"}},{\"@type\":\"WebPage\",\"@id\":\"https:\/\/www.gaveanews.com\/index.php\/2021\/11\/03\/ex-lateral-aponta-culpado-e-expoe-detalhes-de-sua-saida-do-flamengo\/\",\"url\":\"https:\/\/www.gaveanews.com\/index.php\/2021\/11\/03\/ex-lateral-aponta-culpado-e-expoe-detalhes-de-sua-saida-do-flamengo\/\",\"name\":\"Ex-lateral aponta culpado e exp\u00f5e detalhes de sua sa\u00edda do Flamengo\",\"isPartOf\":{\"@id\":\"https:\/\/www.gaveanews.com\/#website\"},\"primaryImageOfPage\":{\"@id\":\"https:\/\/www.gaveanews.com\/index.php\/2021\/11\/03\/ex-lateral-aponta-culpado-e-expoe-detalhes-de-sua-saida-do-flamengo\/#primaryimage\"},\"image\":{\"@id\":\"https:\/\/www.gaveanews.com\/index.php\/2021\/11\/03\/ex-lateral-aponta-culpado-e-expoe-detalhes-de-sua-saida-do-flamengo\/#primaryimage\"},\"thumbnailUrl\":\"https:\/\/www.gaveanews.com\/wp-content\/uploads\/2019\/03\/Fellype-Gabriel-Leo-Moura-e-Diego-Souza-durante-treinamento-na-Gavea.webp\",\"datePublished\":\"2021-11-03T20:34:49+00:00\",\"dateModified\":\"2021-11-03T20:34:53+00:00\",\"author\":{\"@id\":\"https:\/\/www.gaveanews.com\/#\/schema\/person\/714c67050b836198af2450ba1c142a67\"},\"breadcrumb\":{\"@id\":\"https:\/\/www.gaveanews.com\/index.php\/2021\/11\/03\/ex-lateral-aponta-culpado-e-expoe-detalhes-de-sua-saida-do-flamengo\/#breadcrumb\"},\"inLanguage\":\"pt-BR\",\"potentialAction\":[{\"@type\":\"ReadAction\",\"target\":[\"https:\/\/www.gaveanews.com\/index.php\/2021\/11\/03\/ex-lateral-aponta-culpado-e-expoe-detalhes-de-sua-saida-do-flamengo\/\"]}]},{\"@type\":\"ImageObject\",\"inLanguage\":\"pt-BR\",\"@id\":\"https:\/\/www.gaveanews.com\/index.php\/2021\/11\/03\/ex-lateral-aponta-culpado-e-expoe-detalhes-de-sua-saida-do-flamengo\/#primaryimage\",\"url\":\"https:\/\/www.gaveanews.com\/wp-content\/uploads\/2019\/03\/Fellype-Gabriel-Leo-Moura-e-Diego-Souza-durante-treinamento-na-Gavea.webp\",\"contentUrl\":\"https:\/\/www.gaveanews.com\/wp-content\/uploads\/2019\/03\/Fellype-Gabriel-Leo-Moura-e-Diego-Souza-durante-treinamento-na-Gavea.webp\",\"caption\":\"Fellype Gabriel, L\u00e9o Moura e Diego Souza durante treinamento na G\u00e1vea (Foto: Ag\u00eancia Globo)\"},{\"@type\":\"BreadcrumbList\",\"@id\":\"https:\/\/www.gaveanews.com\/index.php\/2021\/11\/03\/ex-lateral-aponta-culpado-e-expoe-detalhes-de-sua-saida-do-flamengo\/#breadcrumb\",\"itemListElement\":[{\"@type\":\"ListItem\",\"position\":1,\"name\":\"Home\",\"item\":\"https:\/\/www.gaveanews.com\/\"},{\"@type\":\"ListItem\",\"position\":2,\"name\":\"Ex-lateral aponta culpado e exp\u00f5e detalhes de sua sa\u00edda do Flamengo\"}]},{\"@type\":\"WebSite\",\"@id\":\"https:\/\/www.gaveanews.com\/#website\",\"url\":\"https:\/\/www.gaveanews.com\/\",\"name\":\"G\u00e1vea News\",\"description\":\"Veja todas as not\u00edcias sobre o Flamengo: Contrata\u00e7\u00f5es, categorias de base, resultados das partidas, tabela de classifica\u00e7\u00e3o, pr\u00f3ximos jogos!\",\"potentialAction\":[{\"@type\":\"SearchAction\",\"target\":{\"@type\":\"EntryPoint\",\"urlTemplate\":\"https:\/\/www.gaveanews.com\/?s={search_term_string}\"},\"query-input\":{\"@type\":\"PropertyValueSpecification\",\"valueRequired\":true,\"valueName\":\"search_term_string\"}}],\"inLanguage\":\"pt-BR\"},{\"@type\":\"Person\",\"@id\":\"https:\/\/www.gaveanews.com\/#\/schema\/person\/714c67050b836198af2450ba1c142a67\",\"name\":\"Let\u00edcia Gerheim\",\"image\":{\"@type\":\"ImageObject\",\"inLanguage\":\"pt-BR\",\"@id\":\"https:\/\/www.gaveanews.com\/#\/schema\/person\/image\/\",\"url\":\"https:\/\/secure.gravatar.com\/avatar\/60734739c50fcebfbac509e2a826ccd0ff405c019bc73aab9354f19ecad1dcb4?s=96&d=mm&r=g\",\"contentUrl\":\"https:\/\/secure.gravatar.com\/avatar\/60734739c50fcebfbac509e2a826ccd0ff405c019bc73aab9354f19ecad1dcb4?s=96&d=mm&r=g\",\"caption\":\"Let\u00edcia Gerheim\"}}]}<\/script>\n<!-- \/ Yoast SEO Premium plugin. -->","yoast_head_json":{"title":"Ex-lateral aponta culpado e exp\u00f5e detalhes de sua sa\u00edda do Flamengo","robots":{"index":"index","follow":"follow","max-snippet":"max-snippet:-1","max-image-preview":"max-image-preview:large","max-video-preview":"max-video-preview:-1"},"canonical":"https:\/\/www.gaveanews.com\/index.php\/2021\/11\/03\/ex-lateral-aponta-culpado-e-expoe-detalhes-de-sua-saida-do-flamengo\/","og_locale":"pt_BR","og_type":"article","og_title":"Ex-lateral aponta culpado e exp\u00f5e detalhes de sua sa\u00edda do Flamengo","og_description":"Um dos principais clubes brasileiros, o Flamengo tem tradi\u00e7\u00e3o e acumula jogadores que marcaram sua hist\u00f3ria. Um dos nomes memor\u00e1veis na equipe \u00e9 L\u00e9o Moura, que atuou pelo Mais Querido por dez anos. Atualmente aposentado, o ex-jogador de 43 anos falou sobre sua sa\u00edda do Rubro-Negro em 2015. Segundo ele, um dos principais culpados pelo [&hellip;]","og_url":"https:\/\/www.gaveanews.com\/index.php\/2021\/11\/03\/ex-lateral-aponta-culpado-e-expoe-detalhes-de-sua-saida-do-flamengo\/","og_site_name":"G\u00e1vea News","article_publisher":"https:\/\/facebook.com\/gaveaNews\/","article_published_time":"2021-11-03T20:34:49+00:00","article_modified_time":"2021-11-03T20:34:53+00:00","og_image":[{"url":"https:\/\/www.gaveanews.com\/wp-content\/uploads\/2019\/03\/Fellype-Gabriel-Leo-Moura-e-Diego-Souza-durante-treinamento-na-Gavea.webp","width":1,"height":1,"type":"image\/jpeg"}],"author":"Let\u00edcia Gerheim","twitter_card":"summary_large_image","twitter_misc":{"Escrito por":"Let\u00edcia Gerheim","Est. tempo de leitura":"2 minutos"},"schema":{"@context":"https:\/\/schema.org","@graph":[{"@type":"NewsArticle","@id":"https:\/\/www.gaveanews.com\/index.php\/2021\/11\/03\/ex-lateral-aponta-culpado-e-expoe-detalhes-de-sua-saida-do-flamengo\/#article","isPartOf":{"@id":"https:\/\/www.gaveanews.com\/index.php\/2021\/11\/03\/ex-lateral-aponta-culpado-e-expoe-detalhes-de-sua-saida-do-flamengo\/"},"author":{"name":"Let\u00edcia Gerheim","@id":"https:\/\/www.gaveanews.com\/#\/schema\/person\/714c67050b836198af2450ba1c142a67"},"headline":"Ex-lateral aponta culpado e exp\u00f5e detalhes de sua sa\u00edda do Flamengo","datePublished":"2021-11-03T20:34:49+00:00","dateModified":"2021-11-03T20:34:53+00:00","mainEntityOfPage":{"@id":"https:\/\/www.gaveanews.com\/index.php\/2021\/11\/03\/ex-lateral-aponta-culpado-e-expoe-detalhes-de-sua-saida-do-flamengo\/"},"wordCount":375,"commentCount":16,"image":{"@id":"https:\/\/www.gaveanews.com\/index.php\/2021\/11\/03\/ex-lateral-aponta-culpado-e-expoe-detalhes-de-sua-saida-do-flamengo\/#primaryimage"},"thumbnailUrl":"https:\/\/www.gaveanews.com\/wp-content\/uploads\/2019\/03\/Fellype-Gabriel-Leo-Moura-e-Diego-Souza-durante-treinamento-na-Gavea.webp","articleSection":["Flamengo"],"inLanguage":"pt-BR","potentialAction":[{"@type":"CommentAction","name":"Comment","target":["https:\/\/www.gaveanews.com\/index.php\/2021\/11\/03\/ex-lateral-aponta-culpado-e-expoe-detalhes-de-sua-saida-do-flamengo\/#respond"]}],"copyrightYear":"2021","copyrightHolder":{"@id":"https:\/\/www.gaveanews.com\/#organization"}},{"@type":"WebPage","@id":"https:\/\/www.gaveanews.com\/index.php\/2021\/11\/03\/ex-lateral-aponta-culpado-e-expoe-detalhes-de-sua-saida-do-flamengo\/","url":"https:\/\/www.gaveanews.com\/index.php\/2021\/11\/03\/ex-lateral-aponta-culpado-e-expoe-detalhes-de-sua-saida-do-flamengo\/","name":"Ex-lateral aponta culpado e exp\u00f5e detalhes de sua sa\u00edda do Flamengo","isPartOf":{"@id":"https:\/\/www.gaveanews.com\/#website"},"primaryImageOfPage":{"@id":"https:\/\/www.gaveanews.com\/index.php\/2021\/11\/03\/ex-lateral-aponta-culpado-e-expoe-detalhes-de-sua-saida-do-flamengo\/#primaryimage"},"image":{"@id":"https:\/\/www.gaveanews.com\/index.php\/2021\/11\/03\/ex-lateral-aponta-culpado-e-expoe-detalhes-de-sua-saida-do-flamengo\/#primaryimage"},"thumbnailUrl":"https:\/\/www.gaveanews.com\/wp-content\/uploads\/2019\/03\/Fellype-Gabriel-Leo-Moura-e-Diego-Souza-durante-treinamento-na-Gavea.webp","datePublished":"2021-11-03T20:34:49+00:00","dateModified":"2021-11-03T20:34:53+00:00","author":{"@id":"https:\/\/www.gaveanews.com\/#\/schema\/person\/714c67050b836198af2450ba1c142a67"},"breadcrumb":{"@id":"https:\/\/www.gaveanews.com\/index.php\/2021\/11\/03\/ex-lateral-aponta-culpado-e-expoe-detalhes-de-sua-saida-do-flamengo\/#breadcrumb"},"inLanguage":"pt-BR","potentialAction":[{"@type":"ReadAction","target":["https:\/\/www.gaveanews.com\/index.php\/2021\/11\/03\/ex-lateral-aponta-culpado-e-expoe-detalhes-de-sua-saida-do-flamengo\/"]}]},{"@type":"ImageObject","inLanguage":"pt-BR","@id":"https:\/\/www.gaveanews.com\/index.php\/2021\/11\/03\/ex-lateral-aponta-culpado-e-expoe-detalhes-de-sua-saida-do-flamengo\/#primaryimage","url":"https:\/\/www.gaveanews.com\/wp-content\/uploads\/2019\/03\/Fellype-Gabriel-Leo-Moura-e-Diego-Souza-durante-treinamento-na-Gavea.webp","contentUrl":"https:\/\/www.gaveanews.com\/wp-content\/uploads\/2019\/03\/Fellype-Gabriel-Leo-Moura-e-Diego-Souza-durante-treinamento-na-Gavea.webp","caption":"Fellype Gabriel, L\u00e9o Moura e Diego Souza durante treinamento na G\u00e1vea (Foto: Ag\u00eancia Globo)"},{"@type":"BreadcrumbList","@id":"https:\/\/www.gaveanews.com\/index.php\/2021\/11\/03\/ex-lateral-aponta-culpado-e-expoe-detalhes-de-sua-saida-do-flamengo\/#breadcrumb","itemListElement":[{"@type":"ListItem","position":1,"name":"Home","item":"https:\/\/www.gaveanews.com\/"},{"@type":"ListItem","position":2,"name":"Ex-lateral aponta culpado e exp\u00f5e detalhes de sua sa\u00edda do Flamengo"}]},{"@type":"WebSite","@id":"https:\/\/www.gaveanews.com\/#website","url":"https:\/\/www.gaveanews.com\/","name":"G\u00e1vea News","description":"Veja todas as not\u00edcias sobre o Flamengo: Contrata\u00e7\u00f5es, categorias de base, resultados das partidas, tabela de classifica\u00e7\u00e3o, pr\u00f3ximos jogos!","potentialAction":[{"@type":"SearchAction","target":{"@type":"EntryPoint","urlTemplate":"https:\/\/www.gaveanews.com\/?s={search_term_string}"},"query-input":{"@type":"PropertyValueSpecification","valueRequired":true,"valueName":"search_term_string"}}],"inLanguage":"pt-BR"},{"@type":"Person","@id":"https:\/\/www.gaveanews.com\/#\/schema\/person\/714c67050b836198af2450ba1c142a67","name":"Let\u00edcia Gerheim","image":{"@type":"ImageObject","inLanguage":"pt-BR","@id":"https:\/\/www.gaveanews.com\/#\/schema\/person\/image\/","url":"https:\/\/secure.gravatar.com\/avatar\/60734739c50fcebfbac509e2a826ccd0ff405c019bc73aab9354f19ecad1dcb4?s=96&d=mm&r=g","contentUrl":"https:\/\/secure.gravatar.com\/avatar\/60734739c50fcebfbac509e2a826ccd0ff405c019bc73aab9354f19ecad1dcb4?s=96&d=mm&r=g","caption":"Let\u00edcia Gerheim"}}]}},"_links":{"self":[{"href":"https:\/\/www.gaveanews.com\/index.php\/wp-json\/wp\/v2\/posts\/71137","targetHints":{"allow":["GET"]}}],"collection":[{"href":"https:\/\/www.gaveanews.com\/index.php\/wp-json\/wp\/v2\/posts"}],"about":[{"href":"https:\/\/www.gaveanews.com\/index.php\/wp-json\/wp\/v2\/types\/post"}],"author":[{"embeddable":true,"href":"https:\/\/www.gaveanews.com\/index.php\/wp-json\/wp\/v2\/users\/4"}],"replies":[{"embeddable":true,"href":"https:\/\/www.gaveanews.com\/index.php\/wp-json\/wp\/v2\/comments?post=71137"}],"version-history":[{"count":0,"href":"https:\/\/www.gaveanews.com\/index.php\/wp-json\/wp\/v2\/posts\/71137\/revisions"}],"wp:featuredmedia":[{"embeddable":true,"href":"https:\/\/www.gaveanews.com\/index.php\/wp-json\/wp\/v2\/media\/15594"}],"wp:attachment":[{"href":"https:\/\/www.gaveanews.com\/index.php\/wp-json\/wp\/v2\/media?parent=71137"}],"wp:term":[{"taxonomy":"category","embeddable":true,"href":"https:\/\/www.gaveanews.com\/index.php\/wp-json\/wp\/v2\/categories?post=71137"},{"taxonomy":"post_tag","embeddable":true,"href":"https:\/\/www.gaveanews.com\/index.php\/wp-json\/wp\/v2\/tags?post=71137"}],"curies":[{"name":"wp","href":"https:\/\/api.w.org\/{rel}","templated":true}]}}