{"id":71151,"date":"2021-11-03T19:42:22","date_gmt":"2021-11-03T22:42:22","guid":{"rendered":"https:\/\/www.gaveanews.com\/?p=71151"},"modified":"2021-11-03T19:42:25","modified_gmt":"2021-11-03T22:42:25","slug":"diretoria-do-flamengo-esta-arrependida-de-ter-contratado-renato","status":"publish","type":"post","link":"https:\/\/www.gaveanews.com\/index.php\/2021\/11\/03\/diretoria-do-flamengo-esta-arrependida-de-ter-contratado-renato\/","title":{"rendered":"Diretoria do Flamengo est\u00e1 arrependida de ter contratado Renato"},"content":{"rendered":"\n<p>O Flamengo teve mais um desempenho abaixo do esperado contra o Athletico-PR. As maiores cr\u00edticas sobraram para Renato Ga\u00facho. O treinador tem sido colocado como o principal culpado pelos p\u00e9ssimos resultados da equipe no \u00faltimos jogos.<\/p>\n\n\n\n<p>Segundo Mauro Cezar Pereira, internamente j\u00e1 existe um arrependimento pela contrata\u00e7\u00e3o de Portaluppi. No dia 19 de abril, quando Rog\u00e9rio Ceni ainda era o comandante da equipe rubro-negra, mas estava na corda bamba, o jornalista perguntou se havia possibilidade do ex-gremista assumir o Flamengo, j\u00e1 que havia sa\u00eddo do Gr\u00eamio quatro dias antes. A resposta recebida foi: \u201cNenhuma. Renight? Nem f\u2026\u201d.<\/p>\n\n\n\n<p>O jornalista relatou ter conversado com uma fonte de dentro do clube ap\u00f3s a elimina\u00e7\u00e3o vexat\u00f3ria contra o Athletico, pela Copa do Brasil, que confirmou que existia um arrependimento pela contrata\u00e7\u00e3o de Renato, mas n\u00e3o era um sentimento un\u00e2nime.<\/p>\n\n\n\n<p>Fica evidente que nem todos, a maioria talvez, no Flamengo tinham uma no\u00e7\u00e3o do n\u00edvel de futebol que o Gr\u00eamio vinha apresentando nas duas temporadas anteriores, em que pese o atropelamento dos 5 a 0, que come\u00e7ara no empate (1 a 1) em Porto Alegre, com os donos da casa amplamente dominados. Em especial na etapa inicial, e escapando da derrota com o VAR anulando, de maneira pol\u00eamica, gols rubro-negros. Renato, ao que parece, foi contratado sem que os envolvidos notassem, percebessem que seu ex-time vinha mal. Foi campe\u00e3o ga\u00facho em 2020 perdendo em casa para o Caxias, que n\u00e3o tinha \u201celenco de R$ 200 milh\u00f5es\u201d, argumento por ele usado meses antes. Caiu na Copa do Brasil 2018 para o Flamengo de Maur\u00edcio Barbieri, na de 2019 para o Athletico e na de 2020 foi facilmente batido pelo Palmeiras de Abel Ferreira na decis\u00e3o\u201d, opinou Mauro Cezar.<\/p>\n\n\n\n<p>Ap\u00f3s o empate contra o Athletico, na \u00faltima ter\u00e7a-feira, o jornalista voltou a entrar em contato com a fonte, que preferiu n\u00e3o se pronunciar. Para Mauro Cezar, se n\u00e3o houvesse arrependimento, a resposta seria algo como: \u201cSe arrepender pela contrata\u00e7\u00e3o do Renato? Nem f\u2026\u201d.<\/p>\n\n\n\n<p>Retirado de: Di\u00e1rio do Fla<\/p>\n","protected":false},"excerpt":{"rendered":"<p>O Flamengo teve mais um desempenho abaixo do esperado contra o Athletico-PR. As maiores cr\u00edticas sobraram para Renato Ga\u00facho. O treinador tem sido colocado como o principal culpado pelos p\u00e9ssimos resultados da equipe no \u00faltimos jogos. Segundo Mauro Cezar Pereira, internamente j\u00e1 existe um arrependimento pela contrata\u00e7\u00e3o de Portaluppi. No dia 19 de abril, quando [&hellip;]<\/p>\n","protected":false},"author":1,"featured_media":64405,"comment_status":"open","ping_status":"closed","sticky":false,"template":"","format":"standard","meta":{"footnotes":""},"categories":[1],"tags":[],"class_list":["post-71151","post","type-post","status-publish","format-standard","has-post-thumbnail","hentry","category-flamengo"],"yoast_head":"<!-- This site is optimized with the Yoast SEO Premium plugin v24.2 (Yoast SEO v26.9) - https:\/\/yoast.com\/product\/yoast-seo-premium-wordpress\/ -->\n<title>Diretoria do Flamengo est\u00e1 arrependida de ter contratado Renato<\/title>\n<meta name=\"robots\" content=\"index, follow, max-snippet:-1, max-image-preview:large, max-video-preview:-1\" \/>\n<link rel=\"canonical\" href=\"https:\/\/www.gaveanews.com\/index.php\/2021\/11\/03\/diretoria-do-flamengo-esta-arrependida-de-ter-contratado-renato\/\" \/>\n<meta property=\"og:locale\" content=\"pt_BR\" \/>\n<meta property=\"og:type\" content=\"article\" \/>\n<meta property=\"og:title\" content=\"Diretoria do Flamengo est\u00e1 arrependida de ter contratado Renato\" \/>\n<meta property=\"og:description\" content=\"O Flamengo teve mais um desempenho abaixo do esperado contra o Athletico-PR. As maiores cr\u00edticas sobraram para Renato Ga\u00facho. O treinador tem sido colocado como o principal culpado pelos p\u00e9ssimos resultados da equipe no \u00faltimos jogos. Segundo Mauro Cezar Pereira, internamente j\u00e1 existe um arrependimento pela contrata\u00e7\u00e3o de Portaluppi. No dia 19 de abril, quando [&hellip;]\" \/>\n<meta property=\"og:url\" content=\"https:\/\/www.gaveanews.com\/index.php\/2021\/11\/03\/diretoria-do-flamengo-esta-arrependida-de-ter-contratado-renato\/\" \/>\n<meta property=\"og:site_name\" content=\"G\u00e1vea News\" \/>\n<meta property=\"article:publisher\" content=\"https:\/\/facebook.com\/gaveaNews\/\" \/>\n<meta property=\"article:published_time\" content=\"2021-11-03T22:42:22+00:00\" \/>\n<meta property=\"article:modified_time\" content=\"2021-11-03T22:42:25+00:00\" \/>\n<meta property=\"og:image\" content=\"https:\/\/www.gaveanews.com\/wp-content\/uploads\/Renato-Gaucho-em-entrevista-coletiva-no-Ninho-do-Urubu.webp\" \/>\n\t<meta property=\"og:image:width\" content=\"799\" \/>\n\t<meta property=\"og:image:height\" content=\"532\" \/>\n\t<meta property=\"og:image:type\" content=\"image\/jpeg\" \/>\n<meta name=\"author\" content=\"Equipe G\u00e1vea News\" \/>\n<meta name=\"twitter:card\" content=\"summary_large_image\" \/>\n<meta name=\"twitter:label1\" content=\"Escrito por\" \/>\n\t<meta name=\"twitter:data1\" content=\"Equipe G\u00e1vea News\" \/>\n\t<meta name=\"twitter:label2\" content=\"Est. tempo de leitura\" \/>\n\t<meta name=\"twitter:data2\" content=\"2 minutos\" \/>\n<script type=\"application\/ld+json\" class=\"yoast-schema-graph\">{\"@context\":\"https:\/\/schema.org\",\"@graph\":[{\"@type\":\"NewsArticle\",\"@id\":\"https:\/\/www.gaveanews.com\/index.php\/2021\/11\/03\/diretoria-do-flamengo-esta-arrependida-de-ter-contratado-renato\/#article\",\"isPartOf\":{\"@id\":\"https:\/\/www.gaveanews.com\/index.php\/2021\/11\/03\/diretoria-do-flamengo-esta-arrependida-de-ter-contratado-renato\/\"},\"author\":{\"name\":\"Equipe G\u00e1vea News\",\"@id\":\"https:\/\/www.gaveanews.com\/#\/schema\/person\/2ec14f73fb96be2caf28f91afb14749d\"},\"headline\":\"Diretoria do Flamengo est\u00e1 arrependida de ter contratado Renato\",\"datePublished\":\"2021-11-03T22:42:22+00:00\",\"dateModified\":\"2021-11-03T22:42:25+00:00\",\"mainEntityOfPage\":{\"@id\":\"https:\/\/www.gaveanews.com\/index.php\/2021\/11\/03\/diretoria-do-flamengo-esta-arrependida-de-ter-contratado-renato\/\"},\"wordCount\":361,\"commentCount\":41,\"image\":{\"@id\":\"https:\/\/www.gaveanews.com\/index.php\/2021\/11\/03\/diretoria-do-flamengo-esta-arrependida-de-ter-contratado-renato\/#primaryimage\"},\"thumbnailUrl\":\"https:\/\/www.gaveanews.com\/wp-content\/uploads\/Renato-Gaucho-em-entrevista-coletiva-no-Ninho-do-Urubu.webp\",\"articleSection\":[\"Flamengo\"],\"inLanguage\":\"pt-BR\",\"potentialAction\":[{\"@type\":\"CommentAction\",\"name\":\"Comment\",\"target\":[\"https:\/\/www.gaveanews.com\/index.php\/2021\/11\/03\/diretoria-do-flamengo-esta-arrependida-de-ter-contratado-renato\/#respond\"]}],\"copyrightYear\":\"2021\",\"copyrightHolder\":{\"@id\":\"https:\/\/www.gaveanews.com\/#organization\"}},{\"@type\":\"WebPage\",\"@id\":\"https:\/\/www.gaveanews.com\/index.php\/2021\/11\/03\/diretoria-do-flamengo-esta-arrependida-de-ter-contratado-renato\/\",\"url\":\"https:\/\/www.gaveanews.com\/index.php\/2021\/11\/03\/diretoria-do-flamengo-esta-arrependida-de-ter-contratado-renato\/\",\"name\":\"Diretoria do Flamengo est\u00e1 arrependida de ter contratado Renato\",\"isPartOf\":{\"@id\":\"https:\/\/www.gaveanews.com\/#website\"},\"primaryImageOfPage\":{\"@id\":\"https:\/\/www.gaveanews.com\/index.php\/2021\/11\/03\/diretoria-do-flamengo-esta-arrependida-de-ter-contratado-renato\/#primaryimage\"},\"image\":{\"@id\":\"https:\/\/www.gaveanews.com\/index.php\/2021\/11\/03\/diretoria-do-flamengo-esta-arrependida-de-ter-contratado-renato\/#primaryimage\"},\"thumbnailUrl\":\"https:\/\/www.gaveanews.com\/wp-content\/uploads\/Renato-Gaucho-em-entrevista-coletiva-no-Ninho-do-Urubu.webp\",\"datePublished\":\"2021-11-03T22:42:22+00:00\",\"dateModified\":\"2021-11-03T22:42:25+00:00\",\"author\":{\"@id\":\"https:\/\/www.gaveanews.com\/#\/schema\/person\/2ec14f73fb96be2caf28f91afb14749d\"},\"breadcrumb\":{\"@id\":\"https:\/\/www.gaveanews.com\/index.php\/2021\/11\/03\/diretoria-do-flamengo-esta-arrependida-de-ter-contratado-renato\/#breadcrumb\"},\"inLanguage\":\"pt-BR\",\"potentialAction\":[{\"@type\":\"ReadAction\",\"target\":[\"https:\/\/www.gaveanews.com\/index.php\/2021\/11\/03\/diretoria-do-flamengo-esta-arrependida-de-ter-contratado-renato\/\"]}]},{\"@type\":\"ImageObject\",\"inLanguage\":\"pt-BR\",\"@id\":\"https:\/\/www.gaveanews.com\/index.php\/2021\/11\/03\/diretoria-do-flamengo-esta-arrependida-de-ter-contratado-renato\/#primaryimage\",\"url\":\"https:\/\/www.gaveanews.com\/wp-content\/uploads\/Renato-Gaucho-em-entrevista-coletiva-no-Ninho-do-Urubu.webp\",\"contentUrl\":\"https:\/\/www.gaveanews.com\/wp-content\/uploads\/Renato-Gaucho-em-entrevista-coletiva-no-Ninho-do-Urubu.webp\",\"width\":799,\"height\":532,\"caption\":\"Renato Ga\u00facho em entrevista coletiva no Ninho do Urubu (Foto: Alexandre Vidal\/Flamengo)\"},{\"@type\":\"BreadcrumbList\",\"@id\":\"https:\/\/www.gaveanews.com\/index.php\/2021\/11\/03\/diretoria-do-flamengo-esta-arrependida-de-ter-contratado-renato\/#breadcrumb\",\"itemListElement\":[{\"@type\":\"ListItem\",\"position\":1,\"name\":\"Home\",\"item\":\"https:\/\/www.gaveanews.com\/\"},{\"@type\":\"ListItem\",\"position\":2,\"name\":\"Diretoria do Flamengo est\u00e1 arrependida de ter contratado Renato\"}]},{\"@type\":\"WebSite\",\"@id\":\"https:\/\/www.gaveanews.com\/#website\",\"url\":\"https:\/\/www.gaveanews.com\/\",\"name\":\"G\u00e1vea News\",\"description\":\"Veja todas as not\u00edcias sobre o Flamengo: Contrata\u00e7\u00f5es, categorias de base, resultados das partidas, tabela de classifica\u00e7\u00e3o, pr\u00f3ximos jogos!\",\"potentialAction\":[{\"@type\":\"SearchAction\",\"target\":{\"@type\":\"EntryPoint\",\"urlTemplate\":\"https:\/\/www.gaveanews.com\/?s={search_term_string}\"},\"query-input\":{\"@type\":\"PropertyValueSpecification\",\"valueRequired\":true,\"valueName\":\"search_term_string\"}}],\"inLanguage\":\"pt-BR\"},{\"@type\":\"Person\",\"@id\":\"https:\/\/www.gaveanews.com\/#\/schema\/person\/2ec14f73fb96be2caf28f91afb14749d\",\"name\":\"Equipe G\u00e1vea News\",\"image\":{\"@type\":\"ImageObject\",\"inLanguage\":\"pt-BR\",\"@id\":\"https:\/\/www.gaveanews.com\/#\/schema\/person\/image\/\",\"url\":\"https:\/\/secure.gravatar.com\/avatar\/1e1956f1facbffd3f8fa53a326721950116b3b9dc9bd44939c01180fd4a745a9?s=96&d=mm&r=g\",\"contentUrl\":\"https:\/\/secure.gravatar.com\/avatar\/1e1956f1facbffd3f8fa53a326721950116b3b9dc9bd44939c01180fd4a745a9?s=96&d=mm&r=g\",\"caption\":\"Equipe G\u00e1vea News\"}}]}<\/script>\n<!-- \/ Yoast SEO Premium plugin. -->","yoast_head_json":{"title":"Diretoria do Flamengo est\u00e1 arrependida de ter contratado Renato","robots":{"index":"index","follow":"follow","max-snippet":"max-snippet:-1","max-image-preview":"max-image-preview:large","max-video-preview":"max-video-preview:-1"},"canonical":"https:\/\/www.gaveanews.com\/index.php\/2021\/11\/03\/diretoria-do-flamengo-esta-arrependida-de-ter-contratado-renato\/","og_locale":"pt_BR","og_type":"article","og_title":"Diretoria do Flamengo est\u00e1 arrependida de ter contratado Renato","og_description":"O Flamengo teve mais um desempenho abaixo do esperado contra o Athletico-PR. As maiores cr\u00edticas sobraram para Renato Ga\u00facho. O treinador tem sido colocado como o principal culpado pelos p\u00e9ssimos resultados da equipe no \u00faltimos jogos. Segundo Mauro Cezar Pereira, internamente j\u00e1 existe um arrependimento pela contrata\u00e7\u00e3o de Portaluppi. No dia 19 de abril, quando [&hellip;]","og_url":"https:\/\/www.gaveanews.com\/index.php\/2021\/11\/03\/diretoria-do-flamengo-esta-arrependida-de-ter-contratado-renato\/","og_site_name":"G\u00e1vea News","article_publisher":"https:\/\/facebook.com\/gaveaNews\/","article_published_time":"2021-11-03T22:42:22+00:00","article_modified_time":"2021-11-03T22:42:25+00:00","og_image":[{"width":799,"height":532,"url":"https:\/\/www.gaveanews.com\/wp-content\/uploads\/Renato-Gaucho-em-entrevista-coletiva-no-Ninho-do-Urubu.webp","type":"image\/jpeg"}],"author":"Equipe G\u00e1vea News","twitter_card":"summary_large_image","twitter_misc":{"Escrito por":"Equipe G\u00e1vea News","Est. tempo de leitura":"2 minutos"},"schema":{"@context":"https:\/\/schema.org","@graph":[{"@type":"NewsArticle","@id":"https:\/\/www.gaveanews.com\/index.php\/2021\/11\/03\/diretoria-do-flamengo-esta-arrependida-de-ter-contratado-renato\/#article","isPartOf":{"@id":"https:\/\/www.gaveanews.com\/index.php\/2021\/11\/03\/diretoria-do-flamengo-esta-arrependida-de-ter-contratado-renato\/"},"author":{"name":"Equipe G\u00e1vea News","@id":"https:\/\/www.gaveanews.com\/#\/schema\/person\/2ec14f73fb96be2caf28f91afb14749d"},"headline":"Diretoria do Flamengo est\u00e1 arrependida de ter contratado Renato","datePublished":"2021-11-03T22:42:22+00:00","dateModified":"2021-11-03T22:42:25+00:00","mainEntityOfPage":{"@id":"https:\/\/www.gaveanews.com\/index.php\/2021\/11\/03\/diretoria-do-flamengo-esta-arrependida-de-ter-contratado-renato\/"},"wordCount":361,"commentCount":41,"image":{"@id":"https:\/\/www.gaveanews.com\/index.php\/2021\/11\/03\/diretoria-do-flamengo-esta-arrependida-de-ter-contratado-renato\/#primaryimage"},"thumbnailUrl":"https:\/\/www.gaveanews.com\/wp-content\/uploads\/Renato-Gaucho-em-entrevista-coletiva-no-Ninho-do-Urubu.webp","articleSection":["Flamengo"],"inLanguage":"pt-BR","potentialAction":[{"@type":"CommentAction","name":"Comment","target":["https:\/\/www.gaveanews.com\/index.php\/2021\/11\/03\/diretoria-do-flamengo-esta-arrependida-de-ter-contratado-renato\/#respond"]}],"copyrightYear":"2021","copyrightHolder":{"@id":"https:\/\/www.gaveanews.com\/#organization"}},{"@type":"WebPage","@id":"https:\/\/www.gaveanews.com\/index.php\/2021\/11\/03\/diretoria-do-flamengo-esta-arrependida-de-ter-contratado-renato\/","url":"https:\/\/www.gaveanews.com\/index.php\/2021\/11\/03\/diretoria-do-flamengo-esta-arrependida-de-ter-contratado-renato\/","name":"Diretoria do Flamengo est\u00e1 arrependida de ter contratado Renato","isPartOf":{"@id":"https:\/\/www.gaveanews.com\/#website"},"primaryImageOfPage":{"@id":"https:\/\/www.gaveanews.com\/index.php\/2021\/11\/03\/diretoria-do-flamengo-esta-arrependida-de-ter-contratado-renato\/#primaryimage"},"image":{"@id":"https:\/\/www.gaveanews.com\/index.php\/2021\/11\/03\/diretoria-do-flamengo-esta-arrependida-de-ter-contratado-renato\/#primaryimage"},"thumbnailUrl":"https:\/\/www.gaveanews.com\/wp-content\/uploads\/Renato-Gaucho-em-entrevista-coletiva-no-Ninho-do-Urubu.webp","datePublished":"2021-11-03T22:42:22+00:00","dateModified":"2021-11-03T22:42:25+00:00","author":{"@id":"https:\/\/www.gaveanews.com\/#\/schema\/person\/2ec14f73fb96be2caf28f91afb14749d"},"breadcrumb":{"@id":"https:\/\/www.gaveanews.com\/index.php\/2021\/11\/03\/diretoria-do-flamengo-esta-arrependida-de-ter-contratado-renato\/#breadcrumb"},"inLanguage":"pt-BR","potentialAction":[{"@type":"ReadAction","target":["https:\/\/www.gaveanews.com\/index.php\/2021\/11\/03\/diretoria-do-flamengo-esta-arrependida-de-ter-contratado-renato\/"]}]},{"@type":"ImageObject","inLanguage":"pt-BR","@id":"https:\/\/www.gaveanews.com\/index.php\/2021\/11\/03\/diretoria-do-flamengo-esta-arrependida-de-ter-contratado-renato\/#primaryimage","url":"https:\/\/www.gaveanews.com\/wp-content\/uploads\/Renato-Gaucho-em-entrevista-coletiva-no-Ninho-do-Urubu.webp","contentUrl":"https:\/\/www.gaveanews.com\/wp-content\/uploads\/Renato-Gaucho-em-entrevista-coletiva-no-Ninho-do-Urubu.webp","width":799,"height":532,"caption":"Renato Ga\u00facho em entrevista coletiva no Ninho do Urubu (Foto: Alexandre Vidal\/Flamengo)"},{"@type":"BreadcrumbList","@id":"https:\/\/www.gaveanews.com\/index.php\/2021\/11\/03\/diretoria-do-flamengo-esta-arrependida-de-ter-contratado-renato\/#breadcrumb","itemListElement":[{"@type":"ListItem","position":1,"name":"Home","item":"https:\/\/www.gaveanews.com\/"},{"@type":"ListItem","position":2,"name":"Diretoria do Flamengo est\u00e1 arrependida de ter contratado Renato"}]},{"@type":"WebSite","@id":"https:\/\/www.gaveanews.com\/#website","url":"https:\/\/www.gaveanews.com\/","name":"G\u00e1vea News","description":"Veja todas as not\u00edcias sobre o Flamengo: Contrata\u00e7\u00f5es, categorias de base, resultados das partidas, tabela de classifica\u00e7\u00e3o, pr\u00f3ximos jogos!","potentialAction":[{"@type":"SearchAction","target":{"@type":"EntryPoint","urlTemplate":"https:\/\/www.gaveanews.com\/?s={search_term_string}"},"query-input":{"@type":"PropertyValueSpecification","valueRequired":true,"valueName":"search_term_string"}}],"inLanguage":"pt-BR"},{"@type":"Person","@id":"https:\/\/www.gaveanews.com\/#\/schema\/person\/2ec14f73fb96be2caf28f91afb14749d","name":"Equipe G\u00e1vea News","image":{"@type":"ImageObject","inLanguage":"pt-BR","@id":"https:\/\/www.gaveanews.com\/#\/schema\/person\/image\/","url":"https:\/\/secure.gravatar.com\/avatar\/1e1956f1facbffd3f8fa53a326721950116b3b9dc9bd44939c01180fd4a745a9?s=96&d=mm&r=g","contentUrl":"https:\/\/secure.gravatar.com\/avatar\/1e1956f1facbffd3f8fa53a326721950116b3b9dc9bd44939c01180fd4a745a9?s=96&d=mm&r=g","caption":"Equipe G\u00e1vea News"}}]}},"_links":{"self":[{"href":"https:\/\/www.gaveanews.com\/index.php\/wp-json\/wp\/v2\/posts\/71151","targetHints":{"allow":["GET"]}}],"collection":[{"href":"https:\/\/www.gaveanews.com\/index.php\/wp-json\/wp\/v2\/posts"}],"about":[{"href":"https:\/\/www.gaveanews.com\/index.php\/wp-json\/wp\/v2\/types\/post"}],"author":[{"embeddable":true,"href":"https:\/\/www.gaveanews.com\/index.php\/wp-json\/wp\/v2\/users\/1"}],"replies":[{"embeddable":true,"href":"https:\/\/www.gaveanews.com\/index.php\/wp-json\/wp\/v2\/comments?post=71151"}],"version-history":[{"count":0,"href":"https:\/\/www.gaveanews.com\/index.php\/wp-json\/wp\/v2\/posts\/71151\/revisions"}],"wp:featuredmedia":[{"embeddable":true,"href":"https:\/\/www.gaveanews.com\/index.php\/wp-json\/wp\/v2\/media\/64405"}],"wp:attachment":[{"href":"https:\/\/www.gaveanews.com\/index.php\/wp-json\/wp\/v2\/media?parent=71151"}],"wp:term":[{"taxonomy":"category","embeddable":true,"href":"https:\/\/www.gaveanews.com\/index.php\/wp-json\/wp\/v2\/categories?post=71151"},{"taxonomy":"post_tag","embeddable":true,"href":"https:\/\/www.gaveanews.com\/index.php\/wp-json\/wp\/v2\/tags?post=71151"}],"curies":[{"name":"wp","href":"https:\/\/api.w.org\/{rel}","templated":true}]}}