{"id":71162,"date":"2021-11-03T23:05:11","date_gmt":"2021-11-04T02:05:11","guid":{"rendered":"https:\/\/www.gaveanews.com\/?p=71162"},"modified":"2021-11-03T23:05:14","modified_gmt":"2021-11-04T02:05:14","slug":"comentarista-defende-gabigol-do-flamengo-antipatia-injusta-com-ele","status":"publish","type":"post","link":"https:\/\/www.gaveanews.com\/index.php\/2021\/11\/03\/comentarista-defende-gabigol-do-flamengo-antipatia-injusta-com-ele\/","title":{"rendered":"Comentarista defende Gabigol, do Flamengo: &#8220;Antipatia injusta com ele&#8221;"},"content":{"rendered":"\n<p>O comentarista da ESPN, Breiller Pires, comentou sobre o desempenho do Flamengo no empate por 2 a 2 com o Athletico-PR, na Arena da Baixada, na \u00faltima ter\u00e7a, pelo Campeonato Brasileiro. Al\u00e9m disso, ressalta que h\u00e1 uma &#8220;antipatia injusta&#8221; de advers\u00e1rios com o atacante Gabigol.<\/p>\n\n\n\n<p><strong><em>\u2014 Se ficar bravo porque o Gabigol provocou, fa\u00e7a-me o favor. Na Copa do Brasil de 2019 o Gabigol fez a comemora\u00e7\u00e3o dele e quando o Athletico eliminou o Flamengo, imitou a comemora\u00e7\u00e3o dele. O Gabigol tava mordido, n\u00e3o fazia gol h\u00e1 nove jogos, foi eliminado da Copa do Brasil por esse mesmo advers\u00e1rio, faz dois gols na Arena e \u00e9 normal tirar um sarro com o torcedor, isso \u00e9 do futebol. Pra mim, existe uma antipatia injusta com o Gabigol de alguns advers\u00e1rios, que \u00e0s vezes soa at\u00e9 \u00e0 persegui\u00e7\u00e3o<\/em><\/strong>, disse o comentarista Breiller Pires, no programa F360BR.<\/p>\n\n\n\n<p><strong><em>\u2014 O Gabigol tem de fato um estilo provocativo, mas \u00e9 um estilo provocativo que \u00e9 do jogo, s\u00e3o provoca\u00e7\u00f5es normais que muitas vezes \u00e9 do futebol. Ele \u00e9 esse personagem de muitas vezes colocar uma pimenta e raras as vezes eu vi o Gabigol passar dos limites com o advers\u00e1rio, com os jogadores em campo, de fazer algo, uma provoca\u00e7\u00e3o fora, uma cusparada, uma atitude totalmente antidesportiva. Ele n\u00e3o \u00e9 disso<\/em><\/strong>, concluiu.<\/p>\n\n\n\n<p>Retirado de: O Dia<\/p>\n","protected":false},"excerpt":{"rendered":"<p>O comentarista da ESPN, Breiller Pires, comentou sobre o desempenho do Flamengo no empate por 2 a 2 com o Athletico-PR, na Arena da Baixada, na \u00faltima ter\u00e7a, pelo Campeonato Brasileiro. Al\u00e9m disso, ressalta que h\u00e1 uma &#8220;antipatia injusta&#8221; de advers\u00e1rios com o atacante Gabigol. \u2014 Se ficar bravo porque o Gabigol provocou, fa\u00e7a-me o [&hellip;]<\/p>\n","protected":false},"author":1,"featured_media":68637,"comment_status":"open","ping_status":"closed","sticky":false,"template":"","format":"standard","meta":{"footnotes":""},"categories":[1],"tags":[],"class_list":["post-71162","post","type-post","status-publish","format-standard","has-post-thumbnail","hentry","category-flamengo"],"yoast_head":"<!-- This site is optimized with the Yoast SEO Premium plugin v24.2 (Yoast SEO v26.9) - https:\/\/yoast.com\/product\/yoast-seo-premium-wordpress\/ -->\n<title>Comentarista defende Gabigol, do Flamengo: &quot;Antipatia injusta com ele&quot;<\/title>\n<meta name=\"robots\" content=\"index, follow, max-snippet:-1, max-image-preview:large, max-video-preview:-1\" \/>\n<link rel=\"canonical\" href=\"https:\/\/www.gaveanews.com\/index.php\/2021\/11\/03\/comentarista-defende-gabigol-do-flamengo-antipatia-injusta-com-ele\/\" \/>\n<meta property=\"og:locale\" content=\"pt_BR\" \/>\n<meta property=\"og:type\" content=\"article\" \/>\n<meta property=\"og:title\" content=\"Comentarista defende Gabigol, do Flamengo: &quot;Antipatia injusta com ele&quot;\" \/>\n<meta property=\"og:description\" content=\"O comentarista da ESPN, Breiller Pires, comentou sobre o desempenho do Flamengo no empate por 2 a 2 com o Athletico-PR, na Arena da Baixada, na \u00faltima ter\u00e7a, pelo Campeonato Brasileiro. Al\u00e9m disso, ressalta que h\u00e1 uma &#8220;antipatia injusta&#8221; de advers\u00e1rios com o atacante Gabigol. \u2014 Se ficar bravo porque o Gabigol provocou, fa\u00e7a-me o [&hellip;]\" \/>\n<meta property=\"og:url\" content=\"https:\/\/www.gaveanews.com\/index.php\/2021\/11\/03\/comentarista-defende-gabigol-do-flamengo-antipatia-injusta-com-ele\/\" \/>\n<meta property=\"og:site_name\" content=\"G\u00e1vea News\" \/>\n<meta property=\"article:publisher\" content=\"https:\/\/facebook.com\/gaveaNews\/\" \/>\n<meta property=\"article:published_time\" content=\"2021-11-04T02:05:11+00:00\" \/>\n<meta property=\"article:modified_time\" content=\"2021-11-04T02:05:14+00:00\" \/>\n<meta property=\"og:image\" content=\"https:\/\/www.gaveanews.com\/wp-content\/uploads\/Gabigol-em-acao-pelo-Flamengo-durante-a-partida-contra-o-Barcelona-pela-Libertadores-da-temporada-de-2021.webp\" \/>\n\t<meta property=\"og:image:width\" content=\"800\" \/>\n\t<meta property=\"og:image:height\" content=\"533\" \/>\n\t<meta property=\"og:image:type\" content=\"image\/jpeg\" \/>\n<meta name=\"author\" content=\"Equipe G\u00e1vea News\" \/>\n<meta name=\"twitter:card\" content=\"summary_large_image\" \/>\n<meta name=\"twitter:label1\" content=\"Escrito por\" \/>\n\t<meta name=\"twitter:data1\" content=\"Equipe G\u00e1vea News\" \/>\n\t<meta name=\"twitter:label2\" content=\"Est. tempo de leitura\" \/>\n\t<meta name=\"twitter:data2\" content=\"1 minuto\" \/>\n<script type=\"application\/ld+json\" class=\"yoast-schema-graph\">{\"@context\":\"https:\/\/schema.org\",\"@graph\":[{\"@type\":\"NewsArticle\",\"@id\":\"https:\/\/www.gaveanews.com\/index.php\/2021\/11\/03\/comentarista-defende-gabigol-do-flamengo-antipatia-injusta-com-ele\/#article\",\"isPartOf\":{\"@id\":\"https:\/\/www.gaveanews.com\/index.php\/2021\/11\/03\/comentarista-defende-gabigol-do-flamengo-antipatia-injusta-com-ele\/\"},\"author\":{\"name\":\"Equipe G\u00e1vea News\",\"@id\":\"https:\/\/www.gaveanews.com\/#\/schema\/person\/2ec14f73fb96be2caf28f91afb14749d\"},\"headline\":\"Comentarista defende Gabigol, do Flamengo: &#8220;Antipatia injusta com ele&#8221;\",\"datePublished\":\"2021-11-04T02:05:11+00:00\",\"dateModified\":\"2021-11-04T02:05:14+00:00\",\"mainEntityOfPage\":{\"@id\":\"https:\/\/www.gaveanews.com\/index.php\/2021\/11\/03\/comentarista-defende-gabigol-do-flamengo-antipatia-injusta-com-ele\/\"},\"wordCount\":233,\"commentCount\":1,\"image\":{\"@id\":\"https:\/\/www.gaveanews.com\/index.php\/2021\/11\/03\/comentarista-defende-gabigol-do-flamengo-antipatia-injusta-com-ele\/#primaryimage\"},\"thumbnailUrl\":\"https:\/\/www.gaveanews.com\/wp-content\/uploads\/Gabigol-em-acao-pelo-Flamengo-durante-a-partida-contra-o-Barcelona-pela-Libertadores-da-temporada-de-2021.webp\",\"articleSection\":[\"Flamengo\"],\"inLanguage\":\"pt-BR\",\"potentialAction\":[{\"@type\":\"CommentAction\",\"name\":\"Comment\",\"target\":[\"https:\/\/www.gaveanews.com\/index.php\/2021\/11\/03\/comentarista-defende-gabigol-do-flamengo-antipatia-injusta-com-ele\/#respond\"]}],\"copyrightYear\":\"2021\",\"copyrightHolder\":{\"@id\":\"https:\/\/www.gaveanews.com\/#organization\"}},{\"@type\":\"WebPage\",\"@id\":\"https:\/\/www.gaveanews.com\/index.php\/2021\/11\/03\/comentarista-defende-gabigol-do-flamengo-antipatia-injusta-com-ele\/\",\"url\":\"https:\/\/www.gaveanews.com\/index.php\/2021\/11\/03\/comentarista-defende-gabigol-do-flamengo-antipatia-injusta-com-ele\/\",\"name\":\"Comentarista defende Gabigol, do Flamengo: \\\"Antipatia injusta com ele\\\"\",\"isPartOf\":{\"@id\":\"https:\/\/www.gaveanews.com\/#website\"},\"primaryImageOfPage\":{\"@id\":\"https:\/\/www.gaveanews.com\/index.php\/2021\/11\/03\/comentarista-defende-gabigol-do-flamengo-antipatia-injusta-com-ele\/#primaryimage\"},\"image\":{\"@id\":\"https:\/\/www.gaveanews.com\/index.php\/2021\/11\/03\/comentarista-defende-gabigol-do-flamengo-antipatia-injusta-com-ele\/#primaryimage\"},\"thumbnailUrl\":\"https:\/\/www.gaveanews.com\/wp-content\/uploads\/Gabigol-em-acao-pelo-Flamengo-durante-a-partida-contra-o-Barcelona-pela-Libertadores-da-temporada-de-2021.webp\",\"datePublished\":\"2021-11-04T02:05:11+00:00\",\"dateModified\":\"2021-11-04T02:05:14+00:00\",\"author\":{\"@id\":\"https:\/\/www.gaveanews.com\/#\/schema\/person\/2ec14f73fb96be2caf28f91afb14749d\"},\"breadcrumb\":{\"@id\":\"https:\/\/www.gaveanews.com\/index.php\/2021\/11\/03\/comentarista-defende-gabigol-do-flamengo-antipatia-injusta-com-ele\/#breadcrumb\"},\"inLanguage\":\"pt-BR\",\"potentialAction\":[{\"@type\":\"ReadAction\",\"target\":[\"https:\/\/www.gaveanews.com\/index.php\/2021\/11\/03\/comentarista-defende-gabigol-do-flamengo-antipatia-injusta-com-ele\/\"]}]},{\"@type\":\"ImageObject\",\"inLanguage\":\"pt-BR\",\"@id\":\"https:\/\/www.gaveanews.com\/index.php\/2021\/11\/03\/comentarista-defende-gabigol-do-flamengo-antipatia-injusta-com-ele\/#primaryimage\",\"url\":\"https:\/\/www.gaveanews.com\/wp-content\/uploads\/Gabigol-em-acao-pelo-Flamengo-durante-a-partida-contra-o-Barcelona-pela-Libertadores-da-temporada-de-2021.webp\",\"contentUrl\":\"https:\/\/www.gaveanews.com\/wp-content\/uploads\/Gabigol-em-acao-pelo-Flamengo-durante-a-partida-contra-o-Barcelona-pela-Libertadores-da-temporada-de-2021.webp\",\"width\":800,\"height\":533,\"caption\":\"Gabigol em a\u00e7\u00e3o pelo Flamengo durante a partida contra o Barcelona pela Libertadores da temporada de 2021 (Foto: Marcelo Cortes\/Flamengo)\"},{\"@type\":\"BreadcrumbList\",\"@id\":\"https:\/\/www.gaveanews.com\/index.php\/2021\/11\/03\/comentarista-defende-gabigol-do-flamengo-antipatia-injusta-com-ele\/#breadcrumb\",\"itemListElement\":[{\"@type\":\"ListItem\",\"position\":1,\"name\":\"Home\",\"item\":\"https:\/\/www.gaveanews.com\/\"},{\"@type\":\"ListItem\",\"position\":2,\"name\":\"Comentarista defende Gabigol, do Flamengo: &#8220;Antipatia injusta com ele&#8221;\"}]},{\"@type\":\"WebSite\",\"@id\":\"https:\/\/www.gaveanews.com\/#website\",\"url\":\"https:\/\/www.gaveanews.com\/\",\"name\":\"G\u00e1vea News\",\"description\":\"Veja todas as not\u00edcias sobre o Flamengo: Contrata\u00e7\u00f5es, categorias de base, resultados das partidas, tabela de classifica\u00e7\u00e3o, pr\u00f3ximos jogos!\",\"potentialAction\":[{\"@type\":\"SearchAction\",\"target\":{\"@type\":\"EntryPoint\",\"urlTemplate\":\"https:\/\/www.gaveanews.com\/?s={search_term_string}\"},\"query-input\":{\"@type\":\"PropertyValueSpecification\",\"valueRequired\":true,\"valueName\":\"search_term_string\"}}],\"inLanguage\":\"pt-BR\"},{\"@type\":\"Person\",\"@id\":\"https:\/\/www.gaveanews.com\/#\/schema\/person\/2ec14f73fb96be2caf28f91afb14749d\",\"name\":\"Equipe G\u00e1vea News\",\"image\":{\"@type\":\"ImageObject\",\"inLanguage\":\"pt-BR\",\"@id\":\"https:\/\/www.gaveanews.com\/#\/schema\/person\/image\/\",\"url\":\"https:\/\/secure.gravatar.com\/avatar\/1e1956f1facbffd3f8fa53a326721950116b3b9dc9bd44939c01180fd4a745a9?s=96&d=mm&r=g\",\"contentUrl\":\"https:\/\/secure.gravatar.com\/avatar\/1e1956f1facbffd3f8fa53a326721950116b3b9dc9bd44939c01180fd4a745a9?s=96&d=mm&r=g\",\"caption\":\"Equipe G\u00e1vea News\"}}]}<\/script>\n<!-- \/ Yoast SEO Premium plugin. -->","yoast_head_json":{"title":"Comentarista defende Gabigol, do Flamengo: \"Antipatia injusta com ele\"","robots":{"index":"index","follow":"follow","max-snippet":"max-snippet:-1","max-image-preview":"max-image-preview:large","max-video-preview":"max-video-preview:-1"},"canonical":"https:\/\/www.gaveanews.com\/index.php\/2021\/11\/03\/comentarista-defende-gabigol-do-flamengo-antipatia-injusta-com-ele\/","og_locale":"pt_BR","og_type":"article","og_title":"Comentarista defende Gabigol, do Flamengo: \"Antipatia injusta com ele\"","og_description":"O comentarista da ESPN, Breiller Pires, comentou sobre o desempenho do Flamengo no empate por 2 a 2 com o Athletico-PR, na Arena da Baixada, na \u00faltima ter\u00e7a, pelo Campeonato Brasileiro. Al\u00e9m disso, ressalta que h\u00e1 uma &#8220;antipatia injusta&#8221; de advers\u00e1rios com o atacante Gabigol. \u2014 Se ficar bravo porque o Gabigol provocou, fa\u00e7a-me o [&hellip;]","og_url":"https:\/\/www.gaveanews.com\/index.php\/2021\/11\/03\/comentarista-defende-gabigol-do-flamengo-antipatia-injusta-com-ele\/","og_site_name":"G\u00e1vea News","article_publisher":"https:\/\/facebook.com\/gaveaNews\/","article_published_time":"2021-11-04T02:05:11+00:00","article_modified_time":"2021-11-04T02:05:14+00:00","og_image":[{"width":800,"height":533,"url":"https:\/\/www.gaveanews.com\/wp-content\/uploads\/Gabigol-em-acao-pelo-Flamengo-durante-a-partida-contra-o-Barcelona-pela-Libertadores-da-temporada-de-2021.webp","type":"image\/jpeg"}],"author":"Equipe G\u00e1vea News","twitter_card":"summary_large_image","twitter_misc":{"Escrito por":"Equipe G\u00e1vea News","Est. tempo de leitura":"1 minuto"},"schema":{"@context":"https:\/\/schema.org","@graph":[{"@type":"NewsArticle","@id":"https:\/\/www.gaveanews.com\/index.php\/2021\/11\/03\/comentarista-defende-gabigol-do-flamengo-antipatia-injusta-com-ele\/#article","isPartOf":{"@id":"https:\/\/www.gaveanews.com\/index.php\/2021\/11\/03\/comentarista-defende-gabigol-do-flamengo-antipatia-injusta-com-ele\/"},"author":{"name":"Equipe G\u00e1vea News","@id":"https:\/\/www.gaveanews.com\/#\/schema\/person\/2ec14f73fb96be2caf28f91afb14749d"},"headline":"Comentarista defende Gabigol, do Flamengo: &#8220;Antipatia injusta com ele&#8221;","datePublished":"2021-11-04T02:05:11+00:00","dateModified":"2021-11-04T02:05:14+00:00","mainEntityOfPage":{"@id":"https:\/\/www.gaveanews.com\/index.php\/2021\/11\/03\/comentarista-defende-gabigol-do-flamengo-antipatia-injusta-com-ele\/"},"wordCount":233,"commentCount":1,"image":{"@id":"https:\/\/www.gaveanews.com\/index.php\/2021\/11\/03\/comentarista-defende-gabigol-do-flamengo-antipatia-injusta-com-ele\/#primaryimage"},"thumbnailUrl":"https:\/\/www.gaveanews.com\/wp-content\/uploads\/Gabigol-em-acao-pelo-Flamengo-durante-a-partida-contra-o-Barcelona-pela-Libertadores-da-temporada-de-2021.webp","articleSection":["Flamengo"],"inLanguage":"pt-BR","potentialAction":[{"@type":"CommentAction","name":"Comment","target":["https:\/\/www.gaveanews.com\/index.php\/2021\/11\/03\/comentarista-defende-gabigol-do-flamengo-antipatia-injusta-com-ele\/#respond"]}],"copyrightYear":"2021","copyrightHolder":{"@id":"https:\/\/www.gaveanews.com\/#organization"}},{"@type":"WebPage","@id":"https:\/\/www.gaveanews.com\/index.php\/2021\/11\/03\/comentarista-defende-gabigol-do-flamengo-antipatia-injusta-com-ele\/","url":"https:\/\/www.gaveanews.com\/index.php\/2021\/11\/03\/comentarista-defende-gabigol-do-flamengo-antipatia-injusta-com-ele\/","name":"Comentarista defende Gabigol, do Flamengo: \"Antipatia injusta com ele\"","isPartOf":{"@id":"https:\/\/www.gaveanews.com\/#website"},"primaryImageOfPage":{"@id":"https:\/\/www.gaveanews.com\/index.php\/2021\/11\/03\/comentarista-defende-gabigol-do-flamengo-antipatia-injusta-com-ele\/#primaryimage"},"image":{"@id":"https:\/\/www.gaveanews.com\/index.php\/2021\/11\/03\/comentarista-defende-gabigol-do-flamengo-antipatia-injusta-com-ele\/#primaryimage"},"thumbnailUrl":"https:\/\/www.gaveanews.com\/wp-content\/uploads\/Gabigol-em-acao-pelo-Flamengo-durante-a-partida-contra-o-Barcelona-pela-Libertadores-da-temporada-de-2021.webp","datePublished":"2021-11-04T02:05:11+00:00","dateModified":"2021-11-04T02:05:14+00:00","author":{"@id":"https:\/\/www.gaveanews.com\/#\/schema\/person\/2ec14f73fb96be2caf28f91afb14749d"},"breadcrumb":{"@id":"https:\/\/www.gaveanews.com\/index.php\/2021\/11\/03\/comentarista-defende-gabigol-do-flamengo-antipatia-injusta-com-ele\/#breadcrumb"},"inLanguage":"pt-BR","potentialAction":[{"@type":"ReadAction","target":["https:\/\/www.gaveanews.com\/index.php\/2021\/11\/03\/comentarista-defende-gabigol-do-flamengo-antipatia-injusta-com-ele\/"]}]},{"@type":"ImageObject","inLanguage":"pt-BR","@id":"https:\/\/www.gaveanews.com\/index.php\/2021\/11\/03\/comentarista-defende-gabigol-do-flamengo-antipatia-injusta-com-ele\/#primaryimage","url":"https:\/\/www.gaveanews.com\/wp-content\/uploads\/Gabigol-em-acao-pelo-Flamengo-durante-a-partida-contra-o-Barcelona-pela-Libertadores-da-temporada-de-2021.webp","contentUrl":"https:\/\/www.gaveanews.com\/wp-content\/uploads\/Gabigol-em-acao-pelo-Flamengo-durante-a-partida-contra-o-Barcelona-pela-Libertadores-da-temporada-de-2021.webp","width":800,"height":533,"caption":"Gabigol em a\u00e7\u00e3o pelo Flamengo durante a partida contra o Barcelona pela Libertadores da temporada de 2021 (Foto: Marcelo Cortes\/Flamengo)"},{"@type":"BreadcrumbList","@id":"https:\/\/www.gaveanews.com\/index.php\/2021\/11\/03\/comentarista-defende-gabigol-do-flamengo-antipatia-injusta-com-ele\/#breadcrumb","itemListElement":[{"@type":"ListItem","position":1,"name":"Home","item":"https:\/\/www.gaveanews.com\/"},{"@type":"ListItem","position":2,"name":"Comentarista defende Gabigol, do Flamengo: &#8220;Antipatia injusta com ele&#8221;"}]},{"@type":"WebSite","@id":"https:\/\/www.gaveanews.com\/#website","url":"https:\/\/www.gaveanews.com\/","name":"G\u00e1vea News","description":"Veja todas as not\u00edcias sobre o Flamengo: Contrata\u00e7\u00f5es, categorias de base, resultados das partidas, tabela de classifica\u00e7\u00e3o, pr\u00f3ximos jogos!","potentialAction":[{"@type":"SearchAction","target":{"@type":"EntryPoint","urlTemplate":"https:\/\/www.gaveanews.com\/?s={search_term_string}"},"query-input":{"@type":"PropertyValueSpecification","valueRequired":true,"valueName":"search_term_string"}}],"inLanguage":"pt-BR"},{"@type":"Person","@id":"https:\/\/www.gaveanews.com\/#\/schema\/person\/2ec14f73fb96be2caf28f91afb14749d","name":"Equipe G\u00e1vea News","image":{"@type":"ImageObject","inLanguage":"pt-BR","@id":"https:\/\/www.gaveanews.com\/#\/schema\/person\/image\/","url":"https:\/\/secure.gravatar.com\/avatar\/1e1956f1facbffd3f8fa53a326721950116b3b9dc9bd44939c01180fd4a745a9?s=96&d=mm&r=g","contentUrl":"https:\/\/secure.gravatar.com\/avatar\/1e1956f1facbffd3f8fa53a326721950116b3b9dc9bd44939c01180fd4a745a9?s=96&d=mm&r=g","caption":"Equipe G\u00e1vea News"}}]}},"_links":{"self":[{"href":"https:\/\/www.gaveanews.com\/index.php\/wp-json\/wp\/v2\/posts\/71162","targetHints":{"allow":["GET"]}}],"collection":[{"href":"https:\/\/www.gaveanews.com\/index.php\/wp-json\/wp\/v2\/posts"}],"about":[{"href":"https:\/\/www.gaveanews.com\/index.php\/wp-json\/wp\/v2\/types\/post"}],"author":[{"embeddable":true,"href":"https:\/\/www.gaveanews.com\/index.php\/wp-json\/wp\/v2\/users\/1"}],"replies":[{"embeddable":true,"href":"https:\/\/www.gaveanews.com\/index.php\/wp-json\/wp\/v2\/comments?post=71162"}],"version-history":[{"count":0,"href":"https:\/\/www.gaveanews.com\/index.php\/wp-json\/wp\/v2\/posts\/71162\/revisions"}],"wp:featuredmedia":[{"embeddable":true,"href":"https:\/\/www.gaveanews.com\/index.php\/wp-json\/wp\/v2\/media\/68637"}],"wp:attachment":[{"href":"https:\/\/www.gaveanews.com\/index.php\/wp-json\/wp\/v2\/media?parent=71162"}],"wp:term":[{"taxonomy":"category","embeddable":true,"href":"https:\/\/www.gaveanews.com\/index.php\/wp-json\/wp\/v2\/categories?post=71162"},{"taxonomy":"post_tag","embeddable":true,"href":"https:\/\/www.gaveanews.com\/index.php\/wp-json\/wp\/v2\/tags?post=71162"}],"curies":[{"name":"wp","href":"https:\/\/api.w.org\/{rel}","templated":true}]}}