{"id":71171,"date":"2021-11-04T00:12:14","date_gmt":"2021-11-04T03:12:14","guid":{"rendered":"https:\/\/www.gaveanews.com\/?p=71171"},"modified":"2021-11-04T00:12:18","modified_gmt":"2021-11-04T03:12:18","slug":"vai-voltar-mudanca-em-perfil-de-rede-social-de-jorge-jesus-anima-rubro-negros","status":"publish","type":"post","link":"https:\/\/www.gaveanews.com\/index.php\/2021\/11\/04\/vai-voltar-mudanca-em-perfil-de-rede-social-de-jorge-jesus-anima-rubro-negros\/","title":{"rendered":"Vai voltar? Mudan\u00e7a em perfil de rede social de Jorge Jesus anima rubro-negros"},"content":{"rendered":"\n<p>Na noite desta quarta-feira mais um fato envolvendo Jorge Jesus ganhou destaque nas redes sociais, isso se deve ao fato de na sua conta oficial do Instagram n\u00e3o constar mais na Bio a sua fun\u00e7\u00e3o no Benfica. E esse simples fato tem movimentado as redes sociais dos flamenguistas.<\/p>\n\n\n\n<p>Desde a derrota no Fla x Flu, o relacionamento entre a torcida do Flamengo e Renato Ga\u00facho ficou estremecida. A elimina\u00e7\u00e3o para o Athletico na Copa do Brasil foi a gota d\u2019\u00e1gua para a rela\u00e7\u00e3o se desgastar de vez, e a plenos pulm\u00f5es os gritos de \u201cOl\u00ea, ol\u00ea, ol\u00ea, ol\u00ea Mister! Mister\u201d voltou a ecoar no Maracan\u00e3, mas como protesto.<\/p>\n\n\n\n<p>A manifesta\u00e7\u00e3o da torcida rubro-negra chegou a Portugal, e em uma coletiva Jorge Jesus foi perguntado sobre o carinho da torcida e se iria renovar com o Benfica no fim da temporada e deu a seguinte resposta \u201cS\u00f3 n\u00e3o iria me emocionar se n\u00e3o tivesse sentimentos, esse canto da torcida me tocou. Sobre a renova\u00e7\u00e3o, ainda n\u00e3o tivemos conversas, mas minha mala est\u00e1 sempre feita\u201d, disse o t\u00e9cnico Jorge Jesus.<\/p>\n\n\n\n<p>Ap\u00f3s essa declara\u00e7\u00e3o, alguns torcedores do Flamengo ficaram esperan\u00e7osos com um poss\u00edvel retorno do Mister ao Mais Querido. Na \u00faltima ter\u00e7a-feira o Benfica foi goleado por 5 a 2 pelo Bayern de Munique na Champions League e flamenguista se \u2018disfar\u00e7aram\u2019 de torcedores do Benfica e subiram a #ForaJJ, o resultado todos imaginam. Em poucas horas o Mister foi um dos assuntos mais falados no Twitter.<\/p>\n\n\n\n<p>Mesmo na final da Libertadores, o t\u00e9cnico Renato Ga\u00facho segue muito pressionado no cargo e independente da conquista da Am\u00e9rica uma renova\u00e7\u00e3o do treinador n\u00e3o \u00e9 dada como certa. Como no final do ano ser\u00e3o realizadas as elei\u00e7\u00f5es no Flamengo para um novo ciclo, a chega de um velho conhecido que fez hist\u00f3ria no clube n\u00e3o pode ser descartada.<\/p>\n\n\n\n<p>Retirado de: Di\u00e1rio do Fla<\/p>\n","protected":false},"excerpt":{"rendered":"<p>Na noite desta quarta-feira mais um fato envolvendo Jorge Jesus ganhou destaque nas redes sociais, isso se deve ao fato de na sua conta oficial do Instagram n\u00e3o constar mais na Bio a sua fun\u00e7\u00e3o no Benfica. E esse simples fato tem movimentado as redes sociais dos flamenguistas. Desde a derrota no Fla x Flu, [&hellip;]<\/p>\n","protected":false},"author":1,"featured_media":28616,"comment_status":"open","ping_status":"closed","sticky":false,"template":"","format":"standard","meta":{"footnotes":""},"categories":[1],"tags":[],"class_list":["post-71171","post","type-post","status-publish","format-standard","has-post-thumbnail","hentry","category-flamengo"],"yoast_head":"<!-- This site is optimized with the Yoast SEO Premium plugin v24.2 (Yoast SEO v26.9) - https:\/\/yoast.com\/product\/yoast-seo-premium-wordpress\/ -->\n<title>Mudan\u00e7a em perfil de rede social de Jorge Jesus anima rubro-negros<\/title>\n<meta name=\"robots\" content=\"index, follow, max-snippet:-1, max-image-preview:large, max-video-preview:-1\" \/>\n<link rel=\"canonical\" href=\"https:\/\/www.gaveanews.com\/index.php\/2021\/11\/04\/vai-voltar-mudanca-em-perfil-de-rede-social-de-jorge-jesus-anima-rubro-negros\/\" \/>\n<meta property=\"og:locale\" content=\"pt_BR\" \/>\n<meta property=\"og:type\" content=\"article\" \/>\n<meta property=\"og:title\" content=\"Vai voltar? Mudan\u00e7a em perfil de rede social de Jorge Jesus anima rubro-negros\" \/>\n<meta property=\"og:description\" content=\"Na noite desta quarta-feira mais um fato envolvendo Jorge Jesus ganhou destaque nas redes sociais, isso se deve ao fato de na sua conta oficial do Instagram n\u00e3o constar mais na Bio a sua fun\u00e7\u00e3o no Benfica. E esse simples fato tem movimentado as redes sociais dos flamenguistas. Desde a derrota no Fla x Flu, [&hellip;]\" \/>\n<meta property=\"og:url\" content=\"https:\/\/www.gaveanews.com\/index.php\/2021\/11\/04\/vai-voltar-mudanca-em-perfil-de-rede-social-de-jorge-jesus-anima-rubro-negros\/\" \/>\n<meta property=\"og:site_name\" content=\"G\u00e1vea News\" \/>\n<meta property=\"article:publisher\" content=\"https:\/\/facebook.com\/gaveaNews\/\" \/>\n<meta property=\"article:published_time\" content=\"2021-11-04T03:12:14+00:00\" \/>\n<meta property=\"article:modified_time\" content=\"2021-11-04T03:12:18+00:00\" \/>\n<meta property=\"og:image\" content=\"https:\/\/www.gaveanews.com\/wp-content\/uploads\/Jorge-Jesus-durante-partida-do-Flamengo-no-estadio-do-Maracana.webp\" \/>\n\t<meta property=\"og:image:width\" content=\"1\" \/>\n\t<meta property=\"og:image:height\" content=\"1\" \/>\n\t<meta property=\"og:image:type\" content=\"image\/jpeg\" \/>\n<meta name=\"author\" content=\"Equipe G\u00e1vea News\" \/>\n<meta name=\"twitter:card\" content=\"summary_large_image\" \/>\n<meta name=\"twitter:label1\" content=\"Escrito por\" \/>\n\t<meta name=\"twitter:data1\" content=\"Equipe G\u00e1vea News\" \/>\n\t<meta name=\"twitter:label2\" content=\"Est. tempo de leitura\" \/>\n\t<meta name=\"twitter:data2\" content=\"2 minutos\" \/>\n<script type=\"application\/ld+json\" class=\"yoast-schema-graph\">{\"@context\":\"https:\/\/schema.org\",\"@graph\":[{\"@type\":\"NewsArticle\",\"@id\":\"https:\/\/www.gaveanews.com\/index.php\/2021\/11\/04\/vai-voltar-mudanca-em-perfil-de-rede-social-de-jorge-jesus-anima-rubro-negros\/#article\",\"isPartOf\":{\"@id\":\"https:\/\/www.gaveanews.com\/index.php\/2021\/11\/04\/vai-voltar-mudanca-em-perfil-de-rede-social-de-jorge-jesus-anima-rubro-negros\/\"},\"author\":{\"name\":\"Equipe G\u00e1vea News\",\"@id\":\"https:\/\/www.gaveanews.com\/#\/schema\/person\/2ec14f73fb96be2caf28f91afb14749d\"},\"headline\":\"Vai voltar? Mudan\u00e7a em perfil de rede social de Jorge Jesus anima rubro-negros\",\"datePublished\":\"2021-11-04T03:12:14+00:00\",\"dateModified\":\"2021-11-04T03:12:18+00:00\",\"mainEntityOfPage\":{\"@id\":\"https:\/\/www.gaveanews.com\/index.php\/2021\/11\/04\/vai-voltar-mudanca-em-perfil-de-rede-social-de-jorge-jesus-anima-rubro-negros\/\"},\"wordCount\":347,\"commentCount\":48,\"image\":{\"@id\":\"https:\/\/www.gaveanews.com\/index.php\/2021\/11\/04\/vai-voltar-mudanca-em-perfil-de-rede-social-de-jorge-jesus-anima-rubro-negros\/#primaryimage\"},\"thumbnailUrl\":\"https:\/\/www.gaveanews.com\/wp-content\/uploads\/Jorge-Jesus-durante-partida-do-Flamengo-no-estadio-do-Maracana.webp\",\"articleSection\":[\"Flamengo\"],\"inLanguage\":\"pt-BR\",\"potentialAction\":[{\"@type\":\"CommentAction\",\"name\":\"Comment\",\"target\":[\"https:\/\/www.gaveanews.com\/index.php\/2021\/11\/04\/vai-voltar-mudanca-em-perfil-de-rede-social-de-jorge-jesus-anima-rubro-negros\/#respond\"]}],\"copyrightYear\":\"2021\",\"copyrightHolder\":{\"@id\":\"https:\/\/www.gaveanews.com\/#organization\"}},{\"@type\":\"WebPage\",\"@id\":\"https:\/\/www.gaveanews.com\/index.php\/2021\/11\/04\/vai-voltar-mudanca-em-perfil-de-rede-social-de-jorge-jesus-anima-rubro-negros\/\",\"url\":\"https:\/\/www.gaveanews.com\/index.php\/2021\/11\/04\/vai-voltar-mudanca-em-perfil-de-rede-social-de-jorge-jesus-anima-rubro-negros\/\",\"name\":\"Mudan\u00e7a em perfil de rede social de Jorge Jesus anima rubro-negros\",\"isPartOf\":{\"@id\":\"https:\/\/www.gaveanews.com\/#website\"},\"primaryImageOfPage\":{\"@id\":\"https:\/\/www.gaveanews.com\/index.php\/2021\/11\/04\/vai-voltar-mudanca-em-perfil-de-rede-social-de-jorge-jesus-anima-rubro-negros\/#primaryimage\"},\"image\":{\"@id\":\"https:\/\/www.gaveanews.com\/index.php\/2021\/11\/04\/vai-voltar-mudanca-em-perfil-de-rede-social-de-jorge-jesus-anima-rubro-negros\/#primaryimage\"},\"thumbnailUrl\":\"https:\/\/www.gaveanews.com\/wp-content\/uploads\/Jorge-Jesus-durante-partida-do-Flamengo-no-estadio-do-Maracana.webp\",\"datePublished\":\"2021-11-04T03:12:14+00:00\",\"dateModified\":\"2021-11-04T03:12:18+00:00\",\"author\":{\"@id\":\"https:\/\/www.gaveanews.com\/#\/schema\/person\/2ec14f73fb96be2caf28f91afb14749d\"},\"breadcrumb\":{\"@id\":\"https:\/\/www.gaveanews.com\/index.php\/2021\/11\/04\/vai-voltar-mudanca-em-perfil-de-rede-social-de-jorge-jesus-anima-rubro-negros\/#breadcrumb\"},\"inLanguage\":\"pt-BR\",\"potentialAction\":[{\"@type\":\"ReadAction\",\"target\":[\"https:\/\/www.gaveanews.com\/index.php\/2021\/11\/04\/vai-voltar-mudanca-em-perfil-de-rede-social-de-jorge-jesus-anima-rubro-negros\/\"]}]},{\"@type\":\"ImageObject\",\"inLanguage\":\"pt-BR\",\"@id\":\"https:\/\/www.gaveanews.com\/index.php\/2021\/11\/04\/vai-voltar-mudanca-em-perfil-de-rede-social-de-jorge-jesus-anima-rubro-negros\/#primaryimage\",\"url\":\"https:\/\/www.gaveanews.com\/wp-content\/uploads\/Jorge-Jesus-durante-partida-do-Flamengo-no-estadio-do-Maracana.webp\",\"contentUrl\":\"https:\/\/www.gaveanews.com\/wp-content\/uploads\/Jorge-Jesus-durante-partida-do-Flamengo-no-estadio-do-Maracana.webp\",\"caption\":\"Jorge Jesus durante partida do Flamengo no est\u00e1dio do Maracan\u00e3 (Foto: Alexandre Vidal\/Flamengo)\"},{\"@type\":\"BreadcrumbList\",\"@id\":\"https:\/\/www.gaveanews.com\/index.php\/2021\/11\/04\/vai-voltar-mudanca-em-perfil-de-rede-social-de-jorge-jesus-anima-rubro-negros\/#breadcrumb\",\"itemListElement\":[{\"@type\":\"ListItem\",\"position\":1,\"name\":\"Home\",\"item\":\"https:\/\/www.gaveanews.com\/\"},{\"@type\":\"ListItem\",\"position\":2,\"name\":\"Vai voltar? Mudan\u00e7a em perfil de rede social de Jorge Jesus anima rubro-negros\"}]},{\"@type\":\"WebSite\",\"@id\":\"https:\/\/www.gaveanews.com\/#website\",\"url\":\"https:\/\/www.gaveanews.com\/\",\"name\":\"G\u00e1vea News\",\"description\":\"Veja todas as not\u00edcias sobre o Flamengo: Contrata\u00e7\u00f5es, categorias de base, resultados das partidas, tabela de classifica\u00e7\u00e3o, pr\u00f3ximos jogos!\",\"potentialAction\":[{\"@type\":\"SearchAction\",\"target\":{\"@type\":\"EntryPoint\",\"urlTemplate\":\"https:\/\/www.gaveanews.com\/?s={search_term_string}\"},\"query-input\":{\"@type\":\"PropertyValueSpecification\",\"valueRequired\":true,\"valueName\":\"search_term_string\"}}],\"inLanguage\":\"pt-BR\"},{\"@type\":\"Person\",\"@id\":\"https:\/\/www.gaveanews.com\/#\/schema\/person\/2ec14f73fb96be2caf28f91afb14749d\",\"name\":\"Equipe G\u00e1vea News\",\"image\":{\"@type\":\"ImageObject\",\"inLanguage\":\"pt-BR\",\"@id\":\"https:\/\/www.gaveanews.com\/#\/schema\/person\/image\/\",\"url\":\"https:\/\/secure.gravatar.com\/avatar\/1e1956f1facbffd3f8fa53a326721950116b3b9dc9bd44939c01180fd4a745a9?s=96&d=mm&r=g\",\"contentUrl\":\"https:\/\/secure.gravatar.com\/avatar\/1e1956f1facbffd3f8fa53a326721950116b3b9dc9bd44939c01180fd4a745a9?s=96&d=mm&r=g\",\"caption\":\"Equipe G\u00e1vea News\"}}]}<\/script>\n<!-- \/ Yoast SEO Premium plugin. -->","yoast_head_json":{"title":"Mudan\u00e7a em perfil de rede social de Jorge Jesus anima rubro-negros","robots":{"index":"index","follow":"follow","max-snippet":"max-snippet:-1","max-image-preview":"max-image-preview:large","max-video-preview":"max-video-preview:-1"},"canonical":"https:\/\/www.gaveanews.com\/index.php\/2021\/11\/04\/vai-voltar-mudanca-em-perfil-de-rede-social-de-jorge-jesus-anima-rubro-negros\/","og_locale":"pt_BR","og_type":"article","og_title":"Vai voltar? Mudan\u00e7a em perfil de rede social de Jorge Jesus anima rubro-negros","og_description":"Na noite desta quarta-feira mais um fato envolvendo Jorge Jesus ganhou destaque nas redes sociais, isso se deve ao fato de na sua conta oficial do Instagram n\u00e3o constar mais na Bio a sua fun\u00e7\u00e3o no Benfica. E esse simples fato tem movimentado as redes sociais dos flamenguistas. Desde a derrota no Fla x Flu, [&hellip;]","og_url":"https:\/\/www.gaveanews.com\/index.php\/2021\/11\/04\/vai-voltar-mudanca-em-perfil-de-rede-social-de-jorge-jesus-anima-rubro-negros\/","og_site_name":"G\u00e1vea News","article_publisher":"https:\/\/facebook.com\/gaveaNews\/","article_published_time":"2021-11-04T03:12:14+00:00","article_modified_time":"2021-11-04T03:12:18+00:00","og_image":[{"url":"https:\/\/www.gaveanews.com\/wp-content\/uploads\/Jorge-Jesus-durante-partida-do-Flamengo-no-estadio-do-Maracana.webp","width":1,"height":1,"type":"image\/jpeg"}],"author":"Equipe G\u00e1vea News","twitter_card":"summary_large_image","twitter_misc":{"Escrito por":"Equipe G\u00e1vea News","Est. tempo de leitura":"2 minutos"},"schema":{"@context":"https:\/\/schema.org","@graph":[{"@type":"NewsArticle","@id":"https:\/\/www.gaveanews.com\/index.php\/2021\/11\/04\/vai-voltar-mudanca-em-perfil-de-rede-social-de-jorge-jesus-anima-rubro-negros\/#article","isPartOf":{"@id":"https:\/\/www.gaveanews.com\/index.php\/2021\/11\/04\/vai-voltar-mudanca-em-perfil-de-rede-social-de-jorge-jesus-anima-rubro-negros\/"},"author":{"name":"Equipe G\u00e1vea News","@id":"https:\/\/www.gaveanews.com\/#\/schema\/person\/2ec14f73fb96be2caf28f91afb14749d"},"headline":"Vai voltar? Mudan\u00e7a em perfil de rede social de Jorge Jesus anima rubro-negros","datePublished":"2021-11-04T03:12:14+00:00","dateModified":"2021-11-04T03:12:18+00:00","mainEntityOfPage":{"@id":"https:\/\/www.gaveanews.com\/index.php\/2021\/11\/04\/vai-voltar-mudanca-em-perfil-de-rede-social-de-jorge-jesus-anima-rubro-negros\/"},"wordCount":347,"commentCount":48,"image":{"@id":"https:\/\/www.gaveanews.com\/index.php\/2021\/11\/04\/vai-voltar-mudanca-em-perfil-de-rede-social-de-jorge-jesus-anima-rubro-negros\/#primaryimage"},"thumbnailUrl":"https:\/\/www.gaveanews.com\/wp-content\/uploads\/Jorge-Jesus-durante-partida-do-Flamengo-no-estadio-do-Maracana.webp","articleSection":["Flamengo"],"inLanguage":"pt-BR","potentialAction":[{"@type":"CommentAction","name":"Comment","target":["https:\/\/www.gaveanews.com\/index.php\/2021\/11\/04\/vai-voltar-mudanca-em-perfil-de-rede-social-de-jorge-jesus-anima-rubro-negros\/#respond"]}],"copyrightYear":"2021","copyrightHolder":{"@id":"https:\/\/www.gaveanews.com\/#organization"}},{"@type":"WebPage","@id":"https:\/\/www.gaveanews.com\/index.php\/2021\/11\/04\/vai-voltar-mudanca-em-perfil-de-rede-social-de-jorge-jesus-anima-rubro-negros\/","url":"https:\/\/www.gaveanews.com\/index.php\/2021\/11\/04\/vai-voltar-mudanca-em-perfil-de-rede-social-de-jorge-jesus-anima-rubro-negros\/","name":"Mudan\u00e7a em perfil de rede social de Jorge Jesus anima rubro-negros","isPartOf":{"@id":"https:\/\/www.gaveanews.com\/#website"},"primaryImageOfPage":{"@id":"https:\/\/www.gaveanews.com\/index.php\/2021\/11\/04\/vai-voltar-mudanca-em-perfil-de-rede-social-de-jorge-jesus-anima-rubro-negros\/#primaryimage"},"image":{"@id":"https:\/\/www.gaveanews.com\/index.php\/2021\/11\/04\/vai-voltar-mudanca-em-perfil-de-rede-social-de-jorge-jesus-anima-rubro-negros\/#primaryimage"},"thumbnailUrl":"https:\/\/www.gaveanews.com\/wp-content\/uploads\/Jorge-Jesus-durante-partida-do-Flamengo-no-estadio-do-Maracana.webp","datePublished":"2021-11-04T03:12:14+00:00","dateModified":"2021-11-04T03:12:18+00:00","author":{"@id":"https:\/\/www.gaveanews.com\/#\/schema\/person\/2ec14f73fb96be2caf28f91afb14749d"},"breadcrumb":{"@id":"https:\/\/www.gaveanews.com\/index.php\/2021\/11\/04\/vai-voltar-mudanca-em-perfil-de-rede-social-de-jorge-jesus-anima-rubro-negros\/#breadcrumb"},"inLanguage":"pt-BR","potentialAction":[{"@type":"ReadAction","target":["https:\/\/www.gaveanews.com\/index.php\/2021\/11\/04\/vai-voltar-mudanca-em-perfil-de-rede-social-de-jorge-jesus-anima-rubro-negros\/"]}]},{"@type":"ImageObject","inLanguage":"pt-BR","@id":"https:\/\/www.gaveanews.com\/index.php\/2021\/11\/04\/vai-voltar-mudanca-em-perfil-de-rede-social-de-jorge-jesus-anima-rubro-negros\/#primaryimage","url":"https:\/\/www.gaveanews.com\/wp-content\/uploads\/Jorge-Jesus-durante-partida-do-Flamengo-no-estadio-do-Maracana.webp","contentUrl":"https:\/\/www.gaveanews.com\/wp-content\/uploads\/Jorge-Jesus-durante-partida-do-Flamengo-no-estadio-do-Maracana.webp","caption":"Jorge Jesus durante partida do Flamengo no est\u00e1dio do Maracan\u00e3 (Foto: Alexandre Vidal\/Flamengo)"},{"@type":"BreadcrumbList","@id":"https:\/\/www.gaveanews.com\/index.php\/2021\/11\/04\/vai-voltar-mudanca-em-perfil-de-rede-social-de-jorge-jesus-anima-rubro-negros\/#breadcrumb","itemListElement":[{"@type":"ListItem","position":1,"name":"Home","item":"https:\/\/www.gaveanews.com\/"},{"@type":"ListItem","position":2,"name":"Vai voltar? Mudan\u00e7a em perfil de rede social de Jorge Jesus anima rubro-negros"}]},{"@type":"WebSite","@id":"https:\/\/www.gaveanews.com\/#website","url":"https:\/\/www.gaveanews.com\/","name":"G\u00e1vea News","description":"Veja todas as not\u00edcias sobre o Flamengo: Contrata\u00e7\u00f5es, categorias de base, resultados das partidas, tabela de classifica\u00e7\u00e3o, pr\u00f3ximos jogos!","potentialAction":[{"@type":"SearchAction","target":{"@type":"EntryPoint","urlTemplate":"https:\/\/www.gaveanews.com\/?s={search_term_string}"},"query-input":{"@type":"PropertyValueSpecification","valueRequired":true,"valueName":"search_term_string"}}],"inLanguage":"pt-BR"},{"@type":"Person","@id":"https:\/\/www.gaveanews.com\/#\/schema\/person\/2ec14f73fb96be2caf28f91afb14749d","name":"Equipe G\u00e1vea News","image":{"@type":"ImageObject","inLanguage":"pt-BR","@id":"https:\/\/www.gaveanews.com\/#\/schema\/person\/image\/","url":"https:\/\/secure.gravatar.com\/avatar\/1e1956f1facbffd3f8fa53a326721950116b3b9dc9bd44939c01180fd4a745a9?s=96&d=mm&r=g","contentUrl":"https:\/\/secure.gravatar.com\/avatar\/1e1956f1facbffd3f8fa53a326721950116b3b9dc9bd44939c01180fd4a745a9?s=96&d=mm&r=g","caption":"Equipe G\u00e1vea News"}}]}},"_links":{"self":[{"href":"https:\/\/www.gaveanews.com\/index.php\/wp-json\/wp\/v2\/posts\/71171","targetHints":{"allow":["GET"]}}],"collection":[{"href":"https:\/\/www.gaveanews.com\/index.php\/wp-json\/wp\/v2\/posts"}],"about":[{"href":"https:\/\/www.gaveanews.com\/index.php\/wp-json\/wp\/v2\/types\/post"}],"author":[{"embeddable":true,"href":"https:\/\/www.gaveanews.com\/index.php\/wp-json\/wp\/v2\/users\/1"}],"replies":[{"embeddable":true,"href":"https:\/\/www.gaveanews.com\/index.php\/wp-json\/wp\/v2\/comments?post=71171"}],"version-history":[{"count":0,"href":"https:\/\/www.gaveanews.com\/index.php\/wp-json\/wp\/v2\/posts\/71171\/revisions"}],"wp:featuredmedia":[{"embeddable":true,"href":"https:\/\/www.gaveanews.com\/index.php\/wp-json\/wp\/v2\/media\/28616"}],"wp:attachment":[{"href":"https:\/\/www.gaveanews.com\/index.php\/wp-json\/wp\/v2\/media?parent=71171"}],"wp:term":[{"taxonomy":"category","embeddable":true,"href":"https:\/\/www.gaveanews.com\/index.php\/wp-json\/wp\/v2\/categories?post=71171"},{"taxonomy":"post_tag","embeddable":true,"href":"https:\/\/www.gaveanews.com\/index.php\/wp-json\/wp\/v2\/tags?post=71171"}],"curies":[{"name":"wp","href":"https:\/\/api.w.org\/{rel}","templated":true}]}}