{"id":71177,"date":"2021-11-04T07:54:12","date_gmt":"2021-11-04T10:54:12","guid":{"rendered":"https:\/\/www.gaveanews.com\/?p=71177"},"modified":"2021-11-04T07:54:15","modified_gmt":"2021-11-04T10:54:15","slug":"time-da-italia-tem-interesse-na-contratacao-de-ramon-do-flamengo","status":"publish","type":"post","link":"https:\/\/www.gaveanews.com\/index.php\/2021\/11\/04\/time-da-italia-tem-interesse-na-contratacao-de-ramon-do-flamengo\/","title":{"rendered":"Time da It\u00e1lia tem interesse na contrata\u00e7\u00e3o de Ramon, do Flamengo"},"content":{"rendered":"\n<p>Ap\u00f3s contratar o t\u00e9cnico Jos\u00e9 Mourinho para esta temporada, a Roma retoma as aten\u00e7\u00f5es para o planejamento visando a sequ\u00eancia do Campeonato Italiano. E, por isso, o treinador mira a contrata\u00e7\u00f5es de refor\u00e7os para qualificar ainda mais o time.<\/p>\n\n\n\n<p>O site Torcedores apurou que a Roma tem interesse na contrata\u00e7\u00e3o de Ramon, do Flamengo. Por isso, o time enviou representantes ao Brasil para analisar o desempenho de jovens laterais-esquerdo que atuam por aqui.<\/p>\n\n\n\n<p>Inclusive, eles foram para o Maracan\u00e3 no \u00faltimo s\u00e1bado para assistir ao jogo do Flamengo contra o Atl\u00e9tico-MG, pela 29\u00aa rodada do Campeonato Brasileiro. E sa\u00edram impressionados com o desempenho do atleta enquanto esteve em campo.<\/p>\n\n\n\n<p>Ainda segundo apurou a reportagem, a ideia \u00e9 observar v\u00e1rias partidas do defensor e analisar os n\u00fameros antes de recomend\u00e1-lo para a Roma. O empres\u00e1rio Mino Raiola, conhecido por cuidar das carreiras de astros do futebol como Erling Haaland e Gianluigi Donarumma, \u00e9 o respons\u00e1vel pelas conversas com a diretoria rubro-negra.<\/p>\n\n\n\n<p>A princ\u00edpio, o representante da Roma sabe que n\u00e3o ser\u00e1 f\u00e1cil tirar Ramon do Flamengo. Afinal, Ramon tem contrato at\u00e9 dezembro de 2025. A multa rescis\u00f3ria, por sua vez, \u00e9 de 50 milh\u00f5es de euros (R$ 325,7 milh\u00f5es, pela cota\u00e7\u00e3o atual).<\/p>\n\n\n\n<p>A reportagem apurou ainda com pessoas ligadas ao estafe do atleta que n\u00e3o houve nenhum contato oficial por parte da Roma. Por\u00e9m, o atleta tem sido sim sondado e recebeu algumas sondagens de equipes como o Red Bull Bragantino e Porto.<\/p>\n\n\n\n<p>Em um primeiro momento, o Flamengo ainda n\u00e3o iniciou conversas oficiais a fim de manter o jogador focado na reta final da temporada. Afinal, o clube enfrenta o Palmeiras, dia 27, pela final da Copa Libertadores da Am\u00e9rica. E, atualmente, Ramon \u00e9 o reserva imediato de Filipe Lu\u00eds.<\/p>\n\n\n\n<h2 class=\"wp-block-heading\" id=\"h-a-temporada-de-ramon\"><strong>A temporada de Ramon<\/strong><\/h2>\n\n\n\n<p>Promovido ao profissional do Flamengo em 2020, Ramon \u00e9 considerado um dos jogadores mais promissores do clube nos \u00faltimos anos. Revelado pelo Nova Igua\u00e7u, o jogador \u00e9 alvo constante de equipes da Espanha, Fran\u00e7a e Portugal.<\/p>\n\n\n\n<p>Nesta temporada, por exemplo, ele disputou 16 partidas sendo quatro na Copa Libertadores da Am\u00e9rica, quatro no Campeonato Brasileiro, tr\u00eas na Copa do Brasil e cinco no Campeonato Carioca. Al\u00e9m disso, venceu a Recopa Sul-Americana (2020), o Brasileir\u00e3o (2020), a Supercopa do Brasil (2020 e 2021) e o Carioca (2019, 2020 e 2021).<\/p>\n\n\n\n<p>Retirado de: Torcedores<\/p>\n","protected":false},"excerpt":{"rendered":"<p>Ap\u00f3s contratar o t\u00e9cnico Jos\u00e9 Mourinho para esta temporada, a Roma retoma as aten\u00e7\u00f5es para o planejamento visando a sequ\u00eancia do Campeonato Italiano. E, por isso, o treinador mira a contrata\u00e7\u00f5es de refor\u00e7os para qualificar ainda mais o time. O site Torcedores apurou que a Roma tem interesse na contrata\u00e7\u00e3o de Ramon, do Flamengo. Por [&hellip;]<\/p>\n","protected":false},"author":1,"featured_media":70808,"comment_status":"open","ping_status":"closed","sticky":false,"template":"","format":"standard","meta":{"footnotes":""},"categories":[1],"tags":[],"class_list":["post-71177","post","type-post","status-publish","format-standard","has-post-thumbnail","hentry","category-flamengo"],"yoast_head":"<!-- This site is optimized with the Yoast SEO Premium plugin v24.2 (Yoast SEO v26.9) - https:\/\/yoast.com\/product\/yoast-seo-premium-wordpress\/ -->\n<title>Time da It\u00e1lia tem interesse na contrata\u00e7\u00e3o de Ramon, do Flamengo<\/title>\n<meta name=\"robots\" content=\"index, follow, max-snippet:-1, max-image-preview:large, max-video-preview:-1\" \/>\n<link rel=\"canonical\" href=\"https:\/\/www.gaveanews.com\/index.php\/2021\/11\/04\/time-da-italia-tem-interesse-na-contratacao-de-ramon-do-flamengo\/\" \/>\n<meta property=\"og:locale\" content=\"pt_BR\" \/>\n<meta property=\"og:type\" content=\"article\" \/>\n<meta property=\"og:title\" content=\"Time da It\u00e1lia tem interesse na contrata\u00e7\u00e3o de Ramon, do Flamengo\" \/>\n<meta property=\"og:description\" content=\"Ap\u00f3s contratar o t\u00e9cnico Jos\u00e9 Mourinho para esta temporada, a Roma retoma as aten\u00e7\u00f5es para o planejamento visando a sequ\u00eancia do Campeonato Italiano. E, por isso, o treinador mira a contrata\u00e7\u00f5es de refor\u00e7os para qualificar ainda mais o time. O site Torcedores apurou que a Roma tem interesse na contrata\u00e7\u00e3o de Ramon, do Flamengo. Por [&hellip;]\" \/>\n<meta property=\"og:url\" content=\"https:\/\/www.gaveanews.com\/index.php\/2021\/11\/04\/time-da-italia-tem-interesse-na-contratacao-de-ramon-do-flamengo\/\" \/>\n<meta property=\"og:site_name\" content=\"G\u00e1vea News\" \/>\n<meta property=\"article:publisher\" content=\"https:\/\/facebook.com\/gaveaNews\/\" \/>\n<meta property=\"article:published_time\" content=\"2021-11-04T10:54:12+00:00\" \/>\n<meta property=\"article:modified_time\" content=\"2021-11-04T10:54:15+00:00\" \/>\n<meta property=\"og:image\" content=\"https:\/\/www.gaveanews.com\/wp-content\/uploads\/Ramon-em-acao-pelo-Flamengo-contra-o-Athletico-PR-nas-semifinais-da-Copa-do-Brasil-2021.webp\" \/>\n\t<meta property=\"og:image:width\" content=\"2048\" \/>\n\t<meta property=\"og:image:height\" content=\"1366\" \/>\n\t<meta property=\"og:image:type\" content=\"image\/jpeg\" \/>\n<meta name=\"author\" content=\"Equipe G\u00e1vea News\" \/>\n<meta name=\"twitter:card\" content=\"summary_large_image\" \/>\n<meta name=\"twitter:label1\" content=\"Escrito por\" \/>\n\t<meta name=\"twitter:data1\" content=\"Equipe G\u00e1vea News\" \/>\n\t<meta name=\"twitter:label2\" content=\"Est. tempo de leitura\" \/>\n\t<meta name=\"twitter:data2\" content=\"2 minutos\" \/>\n<script type=\"application\/ld+json\" class=\"yoast-schema-graph\">{\"@context\":\"https:\/\/schema.org\",\"@graph\":[{\"@type\":\"NewsArticle\",\"@id\":\"https:\/\/www.gaveanews.com\/index.php\/2021\/11\/04\/time-da-italia-tem-interesse-na-contratacao-de-ramon-do-flamengo\/#article\",\"isPartOf\":{\"@id\":\"https:\/\/www.gaveanews.com\/index.php\/2021\/11\/04\/time-da-italia-tem-interesse-na-contratacao-de-ramon-do-flamengo\/\"},\"author\":{\"name\":\"Equipe G\u00e1vea News\",\"@id\":\"https:\/\/www.gaveanews.com\/#\/schema\/person\/2ec14f73fb96be2caf28f91afb14749d\"},\"headline\":\"Time da It\u00e1lia tem interesse na contrata\u00e7\u00e3o de Ramon, do Flamengo\",\"datePublished\":\"2021-11-04T10:54:12+00:00\",\"dateModified\":\"2021-11-04T10:54:15+00:00\",\"mainEntityOfPage\":{\"@id\":\"https:\/\/www.gaveanews.com\/index.php\/2021\/11\/04\/time-da-italia-tem-interesse-na-contratacao-de-ramon-do-flamengo\/\"},\"wordCount\":412,\"commentCount\":14,\"image\":{\"@id\":\"https:\/\/www.gaveanews.com\/index.php\/2021\/11\/04\/time-da-italia-tem-interesse-na-contratacao-de-ramon-do-flamengo\/#primaryimage\"},\"thumbnailUrl\":\"https:\/\/www.gaveanews.com\/wp-content\/uploads\/Ramon-em-acao-pelo-Flamengo-contra-o-Athletico-PR-nas-semifinais-da-Copa-do-Brasil-2021.webp\",\"articleSection\":[\"Flamengo\"],\"inLanguage\":\"pt-BR\",\"potentialAction\":[{\"@type\":\"CommentAction\",\"name\":\"Comment\",\"target\":[\"https:\/\/www.gaveanews.com\/index.php\/2021\/11\/04\/time-da-italia-tem-interesse-na-contratacao-de-ramon-do-flamengo\/#respond\"]}],\"copyrightYear\":\"2021\",\"copyrightHolder\":{\"@id\":\"https:\/\/www.gaveanews.com\/#organization\"}},{\"@type\":\"WebPage\",\"@id\":\"https:\/\/www.gaveanews.com\/index.php\/2021\/11\/04\/time-da-italia-tem-interesse-na-contratacao-de-ramon-do-flamengo\/\",\"url\":\"https:\/\/www.gaveanews.com\/index.php\/2021\/11\/04\/time-da-italia-tem-interesse-na-contratacao-de-ramon-do-flamengo\/\",\"name\":\"Time da It\u00e1lia tem interesse na contrata\u00e7\u00e3o de Ramon, do Flamengo\",\"isPartOf\":{\"@id\":\"https:\/\/www.gaveanews.com\/#website\"},\"primaryImageOfPage\":{\"@id\":\"https:\/\/www.gaveanews.com\/index.php\/2021\/11\/04\/time-da-italia-tem-interesse-na-contratacao-de-ramon-do-flamengo\/#primaryimage\"},\"image\":{\"@id\":\"https:\/\/www.gaveanews.com\/index.php\/2021\/11\/04\/time-da-italia-tem-interesse-na-contratacao-de-ramon-do-flamengo\/#primaryimage\"},\"thumbnailUrl\":\"https:\/\/www.gaveanews.com\/wp-content\/uploads\/Ramon-em-acao-pelo-Flamengo-contra-o-Athletico-PR-nas-semifinais-da-Copa-do-Brasil-2021.webp\",\"datePublished\":\"2021-11-04T10:54:12+00:00\",\"dateModified\":\"2021-11-04T10:54:15+00:00\",\"author\":{\"@id\":\"https:\/\/www.gaveanews.com\/#\/schema\/person\/2ec14f73fb96be2caf28f91afb14749d\"},\"breadcrumb\":{\"@id\":\"https:\/\/www.gaveanews.com\/index.php\/2021\/11\/04\/time-da-italia-tem-interesse-na-contratacao-de-ramon-do-flamengo\/#breadcrumb\"},\"inLanguage\":\"pt-BR\",\"potentialAction\":[{\"@type\":\"ReadAction\",\"target\":[\"https:\/\/www.gaveanews.com\/index.php\/2021\/11\/04\/time-da-italia-tem-interesse-na-contratacao-de-ramon-do-flamengo\/\"]}]},{\"@type\":\"ImageObject\",\"inLanguage\":\"pt-BR\",\"@id\":\"https:\/\/www.gaveanews.com\/index.php\/2021\/11\/04\/time-da-italia-tem-interesse-na-contratacao-de-ramon-do-flamengo\/#primaryimage\",\"url\":\"https:\/\/www.gaveanews.com\/wp-content\/uploads\/Ramon-em-acao-pelo-Flamengo-contra-o-Athletico-PR-nas-semifinais-da-Copa-do-Brasil-2021.webp\",\"contentUrl\":\"https:\/\/www.gaveanews.com\/wp-content\/uploads\/Ramon-em-acao-pelo-Flamengo-contra-o-Athletico-PR-nas-semifinais-da-Copa-do-Brasil-2021.webp\",\"width\":2048,\"height\":1366,\"caption\":\"Ramon em a\u00e7\u00e3o pelo Flamengo contra o Athletico-PR nas semifinais da Copa do Brasil 2021 (Foto: Marcelo Cortes\/Flamengo)\"},{\"@type\":\"BreadcrumbList\",\"@id\":\"https:\/\/www.gaveanews.com\/index.php\/2021\/11\/04\/time-da-italia-tem-interesse-na-contratacao-de-ramon-do-flamengo\/#breadcrumb\",\"itemListElement\":[{\"@type\":\"ListItem\",\"position\":1,\"name\":\"Home\",\"item\":\"https:\/\/www.gaveanews.com\/\"},{\"@type\":\"ListItem\",\"position\":2,\"name\":\"Time da It\u00e1lia tem interesse na contrata\u00e7\u00e3o de Ramon, do Flamengo\"}]},{\"@type\":\"WebSite\",\"@id\":\"https:\/\/www.gaveanews.com\/#website\",\"url\":\"https:\/\/www.gaveanews.com\/\",\"name\":\"G\u00e1vea News\",\"description\":\"Veja todas as not\u00edcias sobre o Flamengo: Contrata\u00e7\u00f5es, categorias de base, resultados das partidas, tabela de classifica\u00e7\u00e3o, pr\u00f3ximos jogos!\",\"potentialAction\":[{\"@type\":\"SearchAction\",\"target\":{\"@type\":\"EntryPoint\",\"urlTemplate\":\"https:\/\/www.gaveanews.com\/?s={search_term_string}\"},\"query-input\":{\"@type\":\"PropertyValueSpecification\",\"valueRequired\":true,\"valueName\":\"search_term_string\"}}],\"inLanguage\":\"pt-BR\"},{\"@type\":\"Person\",\"@id\":\"https:\/\/www.gaveanews.com\/#\/schema\/person\/2ec14f73fb96be2caf28f91afb14749d\",\"name\":\"Equipe G\u00e1vea News\",\"image\":{\"@type\":\"ImageObject\",\"inLanguage\":\"pt-BR\",\"@id\":\"https:\/\/www.gaveanews.com\/#\/schema\/person\/image\/\",\"url\":\"https:\/\/secure.gravatar.com\/avatar\/1e1956f1facbffd3f8fa53a326721950116b3b9dc9bd44939c01180fd4a745a9?s=96&d=mm&r=g\",\"contentUrl\":\"https:\/\/secure.gravatar.com\/avatar\/1e1956f1facbffd3f8fa53a326721950116b3b9dc9bd44939c01180fd4a745a9?s=96&d=mm&r=g\",\"caption\":\"Equipe G\u00e1vea News\"}}]}<\/script>\n<!-- \/ Yoast SEO Premium plugin. -->","yoast_head_json":{"title":"Time da It\u00e1lia tem interesse na contrata\u00e7\u00e3o de Ramon, do Flamengo","robots":{"index":"index","follow":"follow","max-snippet":"max-snippet:-1","max-image-preview":"max-image-preview:large","max-video-preview":"max-video-preview:-1"},"canonical":"https:\/\/www.gaveanews.com\/index.php\/2021\/11\/04\/time-da-italia-tem-interesse-na-contratacao-de-ramon-do-flamengo\/","og_locale":"pt_BR","og_type":"article","og_title":"Time da It\u00e1lia tem interesse na contrata\u00e7\u00e3o de Ramon, do Flamengo","og_description":"Ap\u00f3s contratar o t\u00e9cnico Jos\u00e9 Mourinho para esta temporada, a Roma retoma as aten\u00e7\u00f5es para o planejamento visando a sequ\u00eancia do Campeonato Italiano. E, por isso, o treinador mira a contrata\u00e7\u00f5es de refor\u00e7os para qualificar ainda mais o time. O site Torcedores apurou que a Roma tem interesse na contrata\u00e7\u00e3o de Ramon, do Flamengo. Por [&hellip;]","og_url":"https:\/\/www.gaveanews.com\/index.php\/2021\/11\/04\/time-da-italia-tem-interesse-na-contratacao-de-ramon-do-flamengo\/","og_site_name":"G\u00e1vea News","article_publisher":"https:\/\/facebook.com\/gaveaNews\/","article_published_time":"2021-11-04T10:54:12+00:00","article_modified_time":"2021-11-04T10:54:15+00:00","og_image":[{"width":2048,"height":1366,"url":"https:\/\/www.gaveanews.com\/wp-content\/uploads\/Ramon-em-acao-pelo-Flamengo-contra-o-Athletico-PR-nas-semifinais-da-Copa-do-Brasil-2021.webp","type":"image\/jpeg"}],"author":"Equipe G\u00e1vea News","twitter_card":"summary_large_image","twitter_misc":{"Escrito por":"Equipe G\u00e1vea News","Est. tempo de leitura":"2 minutos"},"schema":{"@context":"https:\/\/schema.org","@graph":[{"@type":"NewsArticle","@id":"https:\/\/www.gaveanews.com\/index.php\/2021\/11\/04\/time-da-italia-tem-interesse-na-contratacao-de-ramon-do-flamengo\/#article","isPartOf":{"@id":"https:\/\/www.gaveanews.com\/index.php\/2021\/11\/04\/time-da-italia-tem-interesse-na-contratacao-de-ramon-do-flamengo\/"},"author":{"name":"Equipe G\u00e1vea News","@id":"https:\/\/www.gaveanews.com\/#\/schema\/person\/2ec14f73fb96be2caf28f91afb14749d"},"headline":"Time da It\u00e1lia tem interesse na contrata\u00e7\u00e3o de Ramon, do Flamengo","datePublished":"2021-11-04T10:54:12+00:00","dateModified":"2021-11-04T10:54:15+00:00","mainEntityOfPage":{"@id":"https:\/\/www.gaveanews.com\/index.php\/2021\/11\/04\/time-da-italia-tem-interesse-na-contratacao-de-ramon-do-flamengo\/"},"wordCount":412,"commentCount":14,"image":{"@id":"https:\/\/www.gaveanews.com\/index.php\/2021\/11\/04\/time-da-italia-tem-interesse-na-contratacao-de-ramon-do-flamengo\/#primaryimage"},"thumbnailUrl":"https:\/\/www.gaveanews.com\/wp-content\/uploads\/Ramon-em-acao-pelo-Flamengo-contra-o-Athletico-PR-nas-semifinais-da-Copa-do-Brasil-2021.webp","articleSection":["Flamengo"],"inLanguage":"pt-BR","potentialAction":[{"@type":"CommentAction","name":"Comment","target":["https:\/\/www.gaveanews.com\/index.php\/2021\/11\/04\/time-da-italia-tem-interesse-na-contratacao-de-ramon-do-flamengo\/#respond"]}],"copyrightYear":"2021","copyrightHolder":{"@id":"https:\/\/www.gaveanews.com\/#organization"}},{"@type":"WebPage","@id":"https:\/\/www.gaveanews.com\/index.php\/2021\/11\/04\/time-da-italia-tem-interesse-na-contratacao-de-ramon-do-flamengo\/","url":"https:\/\/www.gaveanews.com\/index.php\/2021\/11\/04\/time-da-italia-tem-interesse-na-contratacao-de-ramon-do-flamengo\/","name":"Time da It\u00e1lia tem interesse na contrata\u00e7\u00e3o de Ramon, do Flamengo","isPartOf":{"@id":"https:\/\/www.gaveanews.com\/#website"},"primaryImageOfPage":{"@id":"https:\/\/www.gaveanews.com\/index.php\/2021\/11\/04\/time-da-italia-tem-interesse-na-contratacao-de-ramon-do-flamengo\/#primaryimage"},"image":{"@id":"https:\/\/www.gaveanews.com\/index.php\/2021\/11\/04\/time-da-italia-tem-interesse-na-contratacao-de-ramon-do-flamengo\/#primaryimage"},"thumbnailUrl":"https:\/\/www.gaveanews.com\/wp-content\/uploads\/Ramon-em-acao-pelo-Flamengo-contra-o-Athletico-PR-nas-semifinais-da-Copa-do-Brasil-2021.webp","datePublished":"2021-11-04T10:54:12+00:00","dateModified":"2021-11-04T10:54:15+00:00","author":{"@id":"https:\/\/www.gaveanews.com\/#\/schema\/person\/2ec14f73fb96be2caf28f91afb14749d"},"breadcrumb":{"@id":"https:\/\/www.gaveanews.com\/index.php\/2021\/11\/04\/time-da-italia-tem-interesse-na-contratacao-de-ramon-do-flamengo\/#breadcrumb"},"inLanguage":"pt-BR","potentialAction":[{"@type":"ReadAction","target":["https:\/\/www.gaveanews.com\/index.php\/2021\/11\/04\/time-da-italia-tem-interesse-na-contratacao-de-ramon-do-flamengo\/"]}]},{"@type":"ImageObject","inLanguage":"pt-BR","@id":"https:\/\/www.gaveanews.com\/index.php\/2021\/11\/04\/time-da-italia-tem-interesse-na-contratacao-de-ramon-do-flamengo\/#primaryimage","url":"https:\/\/www.gaveanews.com\/wp-content\/uploads\/Ramon-em-acao-pelo-Flamengo-contra-o-Athletico-PR-nas-semifinais-da-Copa-do-Brasil-2021.webp","contentUrl":"https:\/\/www.gaveanews.com\/wp-content\/uploads\/Ramon-em-acao-pelo-Flamengo-contra-o-Athletico-PR-nas-semifinais-da-Copa-do-Brasil-2021.webp","width":2048,"height":1366,"caption":"Ramon em a\u00e7\u00e3o pelo Flamengo contra o Athletico-PR nas semifinais da Copa do Brasil 2021 (Foto: Marcelo Cortes\/Flamengo)"},{"@type":"BreadcrumbList","@id":"https:\/\/www.gaveanews.com\/index.php\/2021\/11\/04\/time-da-italia-tem-interesse-na-contratacao-de-ramon-do-flamengo\/#breadcrumb","itemListElement":[{"@type":"ListItem","position":1,"name":"Home","item":"https:\/\/www.gaveanews.com\/"},{"@type":"ListItem","position":2,"name":"Time da It\u00e1lia tem interesse na contrata\u00e7\u00e3o de Ramon, do Flamengo"}]},{"@type":"WebSite","@id":"https:\/\/www.gaveanews.com\/#website","url":"https:\/\/www.gaveanews.com\/","name":"G\u00e1vea News","description":"Veja todas as not\u00edcias sobre o Flamengo: Contrata\u00e7\u00f5es, categorias de base, resultados das partidas, tabela de classifica\u00e7\u00e3o, pr\u00f3ximos jogos!","potentialAction":[{"@type":"SearchAction","target":{"@type":"EntryPoint","urlTemplate":"https:\/\/www.gaveanews.com\/?s={search_term_string}"},"query-input":{"@type":"PropertyValueSpecification","valueRequired":true,"valueName":"search_term_string"}}],"inLanguage":"pt-BR"},{"@type":"Person","@id":"https:\/\/www.gaveanews.com\/#\/schema\/person\/2ec14f73fb96be2caf28f91afb14749d","name":"Equipe G\u00e1vea News","image":{"@type":"ImageObject","inLanguage":"pt-BR","@id":"https:\/\/www.gaveanews.com\/#\/schema\/person\/image\/","url":"https:\/\/secure.gravatar.com\/avatar\/1e1956f1facbffd3f8fa53a326721950116b3b9dc9bd44939c01180fd4a745a9?s=96&d=mm&r=g","contentUrl":"https:\/\/secure.gravatar.com\/avatar\/1e1956f1facbffd3f8fa53a326721950116b3b9dc9bd44939c01180fd4a745a9?s=96&d=mm&r=g","caption":"Equipe G\u00e1vea News"}}]}},"_links":{"self":[{"href":"https:\/\/www.gaveanews.com\/index.php\/wp-json\/wp\/v2\/posts\/71177","targetHints":{"allow":["GET"]}}],"collection":[{"href":"https:\/\/www.gaveanews.com\/index.php\/wp-json\/wp\/v2\/posts"}],"about":[{"href":"https:\/\/www.gaveanews.com\/index.php\/wp-json\/wp\/v2\/types\/post"}],"author":[{"embeddable":true,"href":"https:\/\/www.gaveanews.com\/index.php\/wp-json\/wp\/v2\/users\/1"}],"replies":[{"embeddable":true,"href":"https:\/\/www.gaveanews.com\/index.php\/wp-json\/wp\/v2\/comments?post=71177"}],"version-history":[{"count":0,"href":"https:\/\/www.gaveanews.com\/index.php\/wp-json\/wp\/v2\/posts\/71177\/revisions"}],"wp:featuredmedia":[{"embeddable":true,"href":"https:\/\/www.gaveanews.com\/index.php\/wp-json\/wp\/v2\/media\/70808"}],"wp:attachment":[{"href":"https:\/\/www.gaveanews.com\/index.php\/wp-json\/wp\/v2\/media?parent=71177"}],"wp:term":[{"taxonomy":"category","embeddable":true,"href":"https:\/\/www.gaveanews.com\/index.php\/wp-json\/wp\/v2\/categories?post=71177"},{"taxonomy":"post_tag","embeddable":true,"href":"https:\/\/www.gaveanews.com\/index.php\/wp-json\/wp\/v2\/tags?post=71177"}],"curies":[{"name":"wp","href":"https:\/\/api.w.org\/{rel}","templated":true}]}}