{"id":71185,"date":"2021-11-04T13:23:07","date_gmt":"2021-11-04T16:23:07","guid":{"rendered":"https:\/\/www.gaveanews.com\/?p=71185"},"modified":"2021-11-04T13:23:10","modified_gmt":"2021-11-04T16:23:10","slug":"torcida-do-flamengo-detona-gramado-do-ninho-do-urubu-veja-video","status":"publish","type":"post","link":"https:\/\/www.gaveanews.com\/index.php\/2021\/11\/04\/torcida-do-flamengo-detona-gramado-do-ninho-do-urubu-veja-video\/","title":{"rendered":"Torcida do Flamengo detona gramado do Ninho do Urubu; veja v\u00eddeo"},"content":{"rendered":"\n<p>Com clima tenso dentro e fora dos gramados, o Flamengo tenta passar pela fase complicada que vive para conseguir conquistar t\u00edtulos ainda nesta temporada. Ap\u00f3s empatar com o Athletico na Arena da baixada, o elenco se reapresentou no Ninho do Urubu visando a partida contra o Atl\u00e9tico-GO desta sexta-feira (05).<\/p>\n\n\n\n<p>Ap\u00f3s o treinamento da equipe, o clube fez as publica\u00e7\u00f5es de praxe, mostrando parte das atividades realizadas com os jogadores. No entanto, a maior \u00eanfase dada pelos torcedores ao verem o v\u00eddeo publicado pelo Fla n\u00e3o foi em rela\u00e7\u00e3o treino, mas sim ao estado do CT.<\/p>\n\n\n\n<p>A reclama\u00e7\u00e3o pelas condi\u00e7\u00f5es do gramado do Ninho do Urubu encheu o post de coment\u00e1rios. Os torcedores que notaram o problema ficaram na bronca com o clube, exigindo melhorias na estrutura do CT.<\/p>\n\n\n\n<h2 class=\"wp-block-heading\" id=\"h-veja-a-publica-o-do-flamengo-e-algumas-das-rea-es\">Veja a publica\u00e7\u00e3o do Flamengo e algumas das rea\u00e7\u00f5es:<\/h2>\n\n\n\n<figure class=\"wp-block-embed is-type-rich is-provider-twitter wp-block-embed-twitter\"><div class=\"wp-block-embed__wrapper\">\n<blockquote class=\"twitter-tweet\" data-width=\"550\" data-dnt=\"true\"><p lang=\"pt\" dir=\"ltr\">O Meng\u00e3o se reapresentou na tarde desta quarta-feira no Ninho do Urubu e realizou mais um treinamento. Confira algumas imagens do dia! \ud83c\udfa5\ud83d\udd34\u26ab\ufe0f <a href=\"https:\/\/twitter.com\/hashtag\/VamosFlamengo?src=hash&amp;ref_src=twsrc%5Etfw\">#VamosFlamengo<\/a> <a href=\"https:\/\/t.co\/2BE5H79yrT\">pic.twitter.com\/2BE5H79yrT<\/a><\/p>&mdash; Flamengo (@Flamengo) <a href=\"https:\/\/twitter.com\/Flamengo\/status\/1456004701317648390?ref_src=twsrc%5Etfw\">November 3, 2021<\/a><\/blockquote><script async src=\"https:\/\/platform.twitter.com\/widgets.js\" charset=\"utf-8\"><\/script>\n<\/div><\/figure>\n\n\n\n<blockquote class=\"twitter-tweet\" data-conversation=\"none\"><p lang=\"pt\" dir=\"ltr\"><a href=\"https:\/\/twitter.com\/joaolucasmnzs\/status\/1456009044565635076?s=20\"><\/a><\/blockquote> <BR>\n\n\n\n<blockquote class=\"twitter-tweet\" data-conversation=\"none\"><p lang=\"pt\" dir=\"ltr\"><a href=\"https:\/\/twitter.com\/arthuritoCRF\/status\/1456049339084722179?s=20\"><\/a><\/blockquote> <BR>\n\n\n\n<figure class=\"wp-block-embed is-type-rich is-provider-twitter wp-block-embed-twitter\"><div class=\"wp-block-embed__wrapper\">\n<blockquote class=\"twitter-tweet\" data-width=\"550\" data-dnt=\"true\"><p lang=\"pt\" dir=\"ltr\">O campo tbm \u00e9  parecido.<\/p>&mdash; COSEMS (@clmengao50) <a href=\"https:\/\/twitter.com\/clmengao50\/status\/1456022889749258244?ref_src=twsrc%5Etfw\">November 3, 2021<\/a><\/blockquote><script async src=\"https:\/\/platform.twitter.com\/widgets.js\" charset=\"utf-8\"><\/script>\n<\/div><\/figure>\n\n\n\n<blockquote class=\"twitter-tweet\" data-conversation=\"none\"><p lang=\"pt\" dir=\"ltr\"><a href=\"https:\/\/twitter.com\/Urubu811\/status\/1456004988854013952?s=20\"><\/a><\/blockquote> <BR>\n\n\n\n<blockquote class=\"twitter-tweet\" data-conversation=\"none\"><p lang=\"pt\" dir=\"ltr\"><a href=\"https:\/\/twitter.com\/lioteixeira\/status\/1456056583293648896?s=20\"><\/a><\/blockquote> <BR>\n\n\n\n<blockquote class=\"twitter-tweet\" data-conversation=\"none\"><p lang=\"pt\" dir=\"ltr\"><a href=\"https:\/\/twitter.com\/MarcoVa43077017\/status\/1456225419464675330?s=20\"><\/a><\/blockquote> <BR>\n\n\n\n<blockquote class=\"twitter-tweet\" data-conversation=\"none\"><p lang=\"pt\" dir=\"ltr\"><a href=\"https:\/\/twitter.com\/_Felifla\/status\/1456035056108150786?s=20\"><\/a><\/blockquote> <BR>\n","protected":false},"excerpt":{"rendered":"<p>Com clima tenso dentro e fora dos gramados, o Flamengo tenta passar pela fase complicada que vive para conseguir conquistar t\u00edtulos ainda nesta temporada. Ap\u00f3s empatar com o Athletico na Arena da baixada, o elenco se reapresentou no Ninho do Urubu visando a partida contra o Atl\u00e9tico-GO desta sexta-feira (05). Ap\u00f3s o treinamento da equipe, [&hellip;]<\/p>\n","protected":false},"author":4,"featured_media":71186,"comment_status":"open","ping_status":"closed","sticky":false,"template":"","format":"standard","meta":{"footnotes":""},"categories":[40],"tags":[],"class_list":["post-71185","post","type-post","status-publish","format-standard","has-post-thumbnail","hentry","category-video"],"yoast_head":"<!-- This site is optimized with the Yoast SEO Premium plugin v24.2 (Yoast SEO v26.9) - https:\/\/yoast.com\/product\/yoast-seo-premium-wordpress\/ -->\n<title>Torcida do Flamengo detona gramado do Ninho do Urubu; veja v\u00eddeo<\/title>\n<meta name=\"robots\" content=\"index, follow, max-snippet:-1, max-image-preview:large, max-video-preview:-1\" \/>\n<link rel=\"canonical\" href=\"https:\/\/www.gaveanews.com\/index.php\/2021\/11\/04\/torcida-do-flamengo-detona-gramado-do-ninho-do-urubu-veja-video\/\" \/>\n<meta property=\"og:locale\" content=\"pt_BR\" \/>\n<meta property=\"og:type\" content=\"article\" \/>\n<meta property=\"og:title\" content=\"Torcida do Flamengo detona gramado do Ninho do Urubu; veja v\u00eddeo\" \/>\n<meta property=\"og:description\" content=\"Com clima tenso dentro e fora dos gramados, o Flamengo tenta passar pela fase complicada que vive para conseguir conquistar t\u00edtulos ainda nesta temporada. Ap\u00f3s empatar com o Athletico na Arena da baixada, o elenco se reapresentou no Ninho do Urubu visando a partida contra o Atl\u00e9tico-GO desta sexta-feira (05). Ap\u00f3s o treinamento da equipe, [&hellip;]\" \/>\n<meta property=\"og:url\" content=\"https:\/\/www.gaveanews.com\/index.php\/2021\/11\/04\/torcida-do-flamengo-detona-gramado-do-ninho-do-urubu-veja-video\/\" \/>\n<meta property=\"og:site_name\" content=\"G\u00e1vea News\" \/>\n<meta property=\"article:publisher\" content=\"https:\/\/facebook.com\/gaveaNews\/\" \/>\n<meta property=\"article:published_time\" content=\"2021-11-04T16:23:07+00:00\" \/>\n<meta property=\"article:modified_time\" content=\"2021-11-04T16:23:10+00:00\" \/>\n<meta property=\"og:image\" content=\"https:\/\/www.gaveanews.com\/wp-content\/uploads\/Rodinei-e-Bruno-Henrique-em-treinamento-do-Flamengo-no-Ninho-do-Urubu-scaled.webp\" \/>\n\t<meta property=\"og:image:width\" content=\"2560\" \/>\n\t<meta property=\"og:image:height\" content=\"1704\" \/>\n\t<meta property=\"og:image:type\" content=\"image\/jpeg\" \/>\n<meta name=\"author\" content=\"Let\u00edcia Gerheim\" \/>\n<meta name=\"twitter:card\" content=\"summary_large_image\" \/>\n<meta name=\"twitter:label1\" content=\"Escrito por\" \/>\n\t<meta name=\"twitter:data1\" content=\"Let\u00edcia Gerheim\" \/>\n\t<meta name=\"twitter:label2\" content=\"Est. tempo de leitura\" \/>\n\t<meta name=\"twitter:data2\" content=\"1 minuto\" \/>\n<script type=\"application\/ld+json\" class=\"yoast-schema-graph\">{\"@context\":\"https:\/\/schema.org\",\"@graph\":[{\"@type\":\"NewsArticle\",\"@id\":\"https:\/\/www.gaveanews.com\/index.php\/2021\/11\/04\/torcida-do-flamengo-detona-gramado-do-ninho-do-urubu-veja-video\/#article\",\"isPartOf\":{\"@id\":\"https:\/\/www.gaveanews.com\/index.php\/2021\/11\/04\/torcida-do-flamengo-detona-gramado-do-ninho-do-urubu-veja-video\/\"},\"author\":{\"name\":\"Let\u00edcia Gerheim\",\"@id\":\"https:\/\/www.gaveanews.com\/#\/schema\/person\/714c67050b836198af2450ba1c142a67\"},\"headline\":\"Torcida do Flamengo detona gramado do Ninho do Urubu; veja v\u00eddeo\",\"datePublished\":\"2021-11-04T16:23:07+00:00\",\"dateModified\":\"2021-11-04T16:23:10+00:00\",\"mainEntityOfPage\":{\"@id\":\"https:\/\/www.gaveanews.com\/index.php\/2021\/11\/04\/torcida-do-flamengo-detona-gramado-do-ninho-do-urubu-veja-video\/\"},\"wordCount\":174,\"commentCount\":12,\"image\":{\"@id\":\"https:\/\/www.gaveanews.com\/index.php\/2021\/11\/04\/torcida-do-flamengo-detona-gramado-do-ninho-do-urubu-veja-video\/#primaryimage\"},\"thumbnailUrl\":\"https:\/\/www.gaveanews.com\/wp-content\/uploads\/Rodinei-e-Bruno-Henrique-em-treinamento-do-Flamengo-no-Ninho-do-Urubu-scaled.webp\",\"articleSection\":[\"V\u00eddeos\"],\"inLanguage\":\"pt-BR\",\"potentialAction\":[{\"@type\":\"CommentAction\",\"name\":\"Comment\",\"target\":[\"https:\/\/www.gaveanews.com\/index.php\/2021\/11\/04\/torcida-do-flamengo-detona-gramado-do-ninho-do-urubu-veja-video\/#respond\"]}],\"copyrightYear\":\"2021\",\"copyrightHolder\":{\"@id\":\"https:\/\/www.gaveanews.com\/#organization\"}},{\"@type\":\"WebPage\",\"@id\":\"https:\/\/www.gaveanews.com\/index.php\/2021\/11\/04\/torcida-do-flamengo-detona-gramado-do-ninho-do-urubu-veja-video\/\",\"url\":\"https:\/\/www.gaveanews.com\/index.php\/2021\/11\/04\/torcida-do-flamengo-detona-gramado-do-ninho-do-urubu-veja-video\/\",\"name\":\"Torcida do Flamengo detona gramado do Ninho do Urubu; veja v\u00eddeo\",\"isPartOf\":{\"@id\":\"https:\/\/www.gaveanews.com\/#website\"},\"primaryImageOfPage\":{\"@id\":\"https:\/\/www.gaveanews.com\/index.php\/2021\/11\/04\/torcida-do-flamengo-detona-gramado-do-ninho-do-urubu-veja-video\/#primaryimage\"},\"image\":{\"@id\":\"https:\/\/www.gaveanews.com\/index.php\/2021\/11\/04\/torcida-do-flamengo-detona-gramado-do-ninho-do-urubu-veja-video\/#primaryimage\"},\"thumbnailUrl\":\"https:\/\/www.gaveanews.com\/wp-content\/uploads\/Rodinei-e-Bruno-Henrique-em-treinamento-do-Flamengo-no-Ninho-do-Urubu-scaled.webp\",\"datePublished\":\"2021-11-04T16:23:07+00:00\",\"dateModified\":\"2021-11-04T16:23:10+00:00\",\"author\":{\"@id\":\"https:\/\/www.gaveanews.com\/#\/schema\/person\/714c67050b836198af2450ba1c142a67\"},\"breadcrumb\":{\"@id\":\"https:\/\/www.gaveanews.com\/index.php\/2021\/11\/04\/torcida-do-flamengo-detona-gramado-do-ninho-do-urubu-veja-video\/#breadcrumb\"},\"inLanguage\":\"pt-BR\",\"potentialAction\":[{\"@type\":\"ReadAction\",\"target\":[\"https:\/\/www.gaveanews.com\/index.php\/2021\/11\/04\/torcida-do-flamengo-detona-gramado-do-ninho-do-urubu-veja-video\/\"]}]},{\"@type\":\"ImageObject\",\"inLanguage\":\"pt-BR\",\"@id\":\"https:\/\/www.gaveanews.com\/index.php\/2021\/11\/04\/torcida-do-flamengo-detona-gramado-do-ninho-do-urubu-veja-video\/#primaryimage\",\"url\":\"https:\/\/www.gaveanews.com\/wp-content\/uploads\/Rodinei-e-Bruno-Henrique-em-treinamento-do-Flamengo-no-Ninho-do-Urubu-scaled.webp\",\"contentUrl\":\"https:\/\/www.gaveanews.com\/wp-content\/uploads\/Rodinei-e-Bruno-Henrique-em-treinamento-do-Flamengo-no-Ninho-do-Urubu-scaled.webp\",\"width\":2560,\"height\":1704,\"caption\":\"Rodinei e Bruno Henrique em treinamento do Flamengo no Ninho do Urubu (Foto: Alexandre Vidal\/Flamengo)\"},{\"@type\":\"BreadcrumbList\",\"@id\":\"https:\/\/www.gaveanews.com\/index.php\/2021\/11\/04\/torcida-do-flamengo-detona-gramado-do-ninho-do-urubu-veja-video\/#breadcrumb\",\"itemListElement\":[{\"@type\":\"ListItem\",\"position\":1,\"name\":\"Home\",\"item\":\"https:\/\/www.gaveanews.com\/\"},{\"@type\":\"ListItem\",\"position\":2,\"name\":\"Torcida do Flamengo detona gramado do Ninho do Urubu; veja v\u00eddeo\"}]},{\"@type\":\"WebSite\",\"@id\":\"https:\/\/www.gaveanews.com\/#website\",\"url\":\"https:\/\/www.gaveanews.com\/\",\"name\":\"G\u00e1vea News\",\"description\":\"Veja todas as not\u00edcias sobre o Flamengo: Contrata\u00e7\u00f5es, categorias de base, resultados das partidas, tabela de classifica\u00e7\u00e3o, pr\u00f3ximos jogos!\",\"potentialAction\":[{\"@type\":\"SearchAction\",\"target\":{\"@type\":\"EntryPoint\",\"urlTemplate\":\"https:\/\/www.gaveanews.com\/?s={search_term_string}\"},\"query-input\":{\"@type\":\"PropertyValueSpecification\",\"valueRequired\":true,\"valueName\":\"search_term_string\"}}],\"inLanguage\":\"pt-BR\"},{\"@type\":\"Person\",\"@id\":\"https:\/\/www.gaveanews.com\/#\/schema\/person\/714c67050b836198af2450ba1c142a67\",\"name\":\"Let\u00edcia Gerheim\",\"image\":{\"@type\":\"ImageObject\",\"inLanguage\":\"pt-BR\",\"@id\":\"https:\/\/www.gaveanews.com\/#\/schema\/person\/image\/\",\"url\":\"https:\/\/secure.gravatar.com\/avatar\/60734739c50fcebfbac509e2a826ccd0ff405c019bc73aab9354f19ecad1dcb4?s=96&d=mm&r=g\",\"contentUrl\":\"https:\/\/secure.gravatar.com\/avatar\/60734739c50fcebfbac509e2a826ccd0ff405c019bc73aab9354f19ecad1dcb4?s=96&d=mm&r=g\",\"caption\":\"Let\u00edcia Gerheim\"}}]}<\/script>\n<!-- \/ Yoast SEO Premium plugin. -->","yoast_head_json":{"title":"Torcida do Flamengo detona gramado do Ninho do Urubu; veja v\u00eddeo","robots":{"index":"index","follow":"follow","max-snippet":"max-snippet:-1","max-image-preview":"max-image-preview:large","max-video-preview":"max-video-preview:-1"},"canonical":"https:\/\/www.gaveanews.com\/index.php\/2021\/11\/04\/torcida-do-flamengo-detona-gramado-do-ninho-do-urubu-veja-video\/","og_locale":"pt_BR","og_type":"article","og_title":"Torcida do Flamengo detona gramado do Ninho do Urubu; veja v\u00eddeo","og_description":"Com clima tenso dentro e fora dos gramados, o Flamengo tenta passar pela fase complicada que vive para conseguir conquistar t\u00edtulos ainda nesta temporada. Ap\u00f3s empatar com o Athletico na Arena da baixada, o elenco se reapresentou no Ninho do Urubu visando a partida contra o Atl\u00e9tico-GO desta sexta-feira (05). Ap\u00f3s o treinamento da equipe, [&hellip;]","og_url":"https:\/\/www.gaveanews.com\/index.php\/2021\/11\/04\/torcida-do-flamengo-detona-gramado-do-ninho-do-urubu-veja-video\/","og_site_name":"G\u00e1vea News","article_publisher":"https:\/\/facebook.com\/gaveaNews\/","article_published_time":"2021-11-04T16:23:07+00:00","article_modified_time":"2021-11-04T16:23:10+00:00","og_image":[{"width":2560,"height":1704,"url":"https:\/\/www.gaveanews.com\/wp-content\/uploads\/Rodinei-e-Bruno-Henrique-em-treinamento-do-Flamengo-no-Ninho-do-Urubu-scaled.webp","type":"image\/jpeg"}],"author":"Let\u00edcia Gerheim","twitter_card":"summary_large_image","twitter_misc":{"Escrito por":"Let\u00edcia Gerheim","Est. tempo de leitura":"1 minuto"},"schema":{"@context":"https:\/\/schema.org","@graph":[{"@type":"NewsArticle","@id":"https:\/\/www.gaveanews.com\/index.php\/2021\/11\/04\/torcida-do-flamengo-detona-gramado-do-ninho-do-urubu-veja-video\/#article","isPartOf":{"@id":"https:\/\/www.gaveanews.com\/index.php\/2021\/11\/04\/torcida-do-flamengo-detona-gramado-do-ninho-do-urubu-veja-video\/"},"author":{"name":"Let\u00edcia Gerheim","@id":"https:\/\/www.gaveanews.com\/#\/schema\/person\/714c67050b836198af2450ba1c142a67"},"headline":"Torcida do Flamengo detona gramado do Ninho do Urubu; veja v\u00eddeo","datePublished":"2021-11-04T16:23:07+00:00","dateModified":"2021-11-04T16:23:10+00:00","mainEntityOfPage":{"@id":"https:\/\/www.gaveanews.com\/index.php\/2021\/11\/04\/torcida-do-flamengo-detona-gramado-do-ninho-do-urubu-veja-video\/"},"wordCount":174,"commentCount":12,"image":{"@id":"https:\/\/www.gaveanews.com\/index.php\/2021\/11\/04\/torcida-do-flamengo-detona-gramado-do-ninho-do-urubu-veja-video\/#primaryimage"},"thumbnailUrl":"https:\/\/www.gaveanews.com\/wp-content\/uploads\/Rodinei-e-Bruno-Henrique-em-treinamento-do-Flamengo-no-Ninho-do-Urubu-scaled.webp","articleSection":["V\u00eddeos"],"inLanguage":"pt-BR","potentialAction":[{"@type":"CommentAction","name":"Comment","target":["https:\/\/www.gaveanews.com\/index.php\/2021\/11\/04\/torcida-do-flamengo-detona-gramado-do-ninho-do-urubu-veja-video\/#respond"]}],"copyrightYear":"2021","copyrightHolder":{"@id":"https:\/\/www.gaveanews.com\/#organization"}},{"@type":"WebPage","@id":"https:\/\/www.gaveanews.com\/index.php\/2021\/11\/04\/torcida-do-flamengo-detona-gramado-do-ninho-do-urubu-veja-video\/","url":"https:\/\/www.gaveanews.com\/index.php\/2021\/11\/04\/torcida-do-flamengo-detona-gramado-do-ninho-do-urubu-veja-video\/","name":"Torcida do Flamengo detona gramado do Ninho do Urubu; veja v\u00eddeo","isPartOf":{"@id":"https:\/\/www.gaveanews.com\/#website"},"primaryImageOfPage":{"@id":"https:\/\/www.gaveanews.com\/index.php\/2021\/11\/04\/torcida-do-flamengo-detona-gramado-do-ninho-do-urubu-veja-video\/#primaryimage"},"image":{"@id":"https:\/\/www.gaveanews.com\/index.php\/2021\/11\/04\/torcida-do-flamengo-detona-gramado-do-ninho-do-urubu-veja-video\/#primaryimage"},"thumbnailUrl":"https:\/\/www.gaveanews.com\/wp-content\/uploads\/Rodinei-e-Bruno-Henrique-em-treinamento-do-Flamengo-no-Ninho-do-Urubu-scaled.webp","datePublished":"2021-11-04T16:23:07+00:00","dateModified":"2021-11-04T16:23:10+00:00","author":{"@id":"https:\/\/www.gaveanews.com\/#\/schema\/person\/714c67050b836198af2450ba1c142a67"},"breadcrumb":{"@id":"https:\/\/www.gaveanews.com\/index.php\/2021\/11\/04\/torcida-do-flamengo-detona-gramado-do-ninho-do-urubu-veja-video\/#breadcrumb"},"inLanguage":"pt-BR","potentialAction":[{"@type":"ReadAction","target":["https:\/\/www.gaveanews.com\/index.php\/2021\/11\/04\/torcida-do-flamengo-detona-gramado-do-ninho-do-urubu-veja-video\/"]}]},{"@type":"ImageObject","inLanguage":"pt-BR","@id":"https:\/\/www.gaveanews.com\/index.php\/2021\/11\/04\/torcida-do-flamengo-detona-gramado-do-ninho-do-urubu-veja-video\/#primaryimage","url":"https:\/\/www.gaveanews.com\/wp-content\/uploads\/Rodinei-e-Bruno-Henrique-em-treinamento-do-Flamengo-no-Ninho-do-Urubu-scaled.webp","contentUrl":"https:\/\/www.gaveanews.com\/wp-content\/uploads\/Rodinei-e-Bruno-Henrique-em-treinamento-do-Flamengo-no-Ninho-do-Urubu-scaled.webp","width":2560,"height":1704,"caption":"Rodinei e Bruno Henrique em treinamento do Flamengo no Ninho do Urubu (Foto: Alexandre Vidal\/Flamengo)"},{"@type":"BreadcrumbList","@id":"https:\/\/www.gaveanews.com\/index.php\/2021\/11\/04\/torcida-do-flamengo-detona-gramado-do-ninho-do-urubu-veja-video\/#breadcrumb","itemListElement":[{"@type":"ListItem","position":1,"name":"Home","item":"https:\/\/www.gaveanews.com\/"},{"@type":"ListItem","position":2,"name":"Torcida do Flamengo detona gramado do Ninho do Urubu; veja v\u00eddeo"}]},{"@type":"WebSite","@id":"https:\/\/www.gaveanews.com\/#website","url":"https:\/\/www.gaveanews.com\/","name":"G\u00e1vea News","description":"Veja todas as not\u00edcias sobre o Flamengo: Contrata\u00e7\u00f5es, categorias de base, resultados das partidas, tabela de classifica\u00e7\u00e3o, pr\u00f3ximos jogos!","potentialAction":[{"@type":"SearchAction","target":{"@type":"EntryPoint","urlTemplate":"https:\/\/www.gaveanews.com\/?s={search_term_string}"},"query-input":{"@type":"PropertyValueSpecification","valueRequired":true,"valueName":"search_term_string"}}],"inLanguage":"pt-BR"},{"@type":"Person","@id":"https:\/\/www.gaveanews.com\/#\/schema\/person\/714c67050b836198af2450ba1c142a67","name":"Let\u00edcia Gerheim","image":{"@type":"ImageObject","inLanguage":"pt-BR","@id":"https:\/\/www.gaveanews.com\/#\/schema\/person\/image\/","url":"https:\/\/secure.gravatar.com\/avatar\/60734739c50fcebfbac509e2a826ccd0ff405c019bc73aab9354f19ecad1dcb4?s=96&d=mm&r=g","contentUrl":"https:\/\/secure.gravatar.com\/avatar\/60734739c50fcebfbac509e2a826ccd0ff405c019bc73aab9354f19ecad1dcb4?s=96&d=mm&r=g","caption":"Let\u00edcia Gerheim"}}]}},"_links":{"self":[{"href":"https:\/\/www.gaveanews.com\/index.php\/wp-json\/wp\/v2\/posts\/71185","targetHints":{"allow":["GET"]}}],"collection":[{"href":"https:\/\/www.gaveanews.com\/index.php\/wp-json\/wp\/v2\/posts"}],"about":[{"href":"https:\/\/www.gaveanews.com\/index.php\/wp-json\/wp\/v2\/types\/post"}],"author":[{"embeddable":true,"href":"https:\/\/www.gaveanews.com\/index.php\/wp-json\/wp\/v2\/users\/4"}],"replies":[{"embeddable":true,"href":"https:\/\/www.gaveanews.com\/index.php\/wp-json\/wp\/v2\/comments?post=71185"}],"version-history":[{"count":0,"href":"https:\/\/www.gaveanews.com\/index.php\/wp-json\/wp\/v2\/posts\/71185\/revisions"}],"wp:featuredmedia":[{"embeddable":true,"href":"https:\/\/www.gaveanews.com\/index.php\/wp-json\/wp\/v2\/media\/71186"}],"wp:attachment":[{"href":"https:\/\/www.gaveanews.com\/index.php\/wp-json\/wp\/v2\/media?parent=71185"}],"wp:term":[{"taxonomy":"category","embeddable":true,"href":"https:\/\/www.gaveanews.com\/index.php\/wp-json\/wp\/v2\/categories?post=71185"},{"taxonomy":"post_tag","embeddable":true,"href":"https:\/\/www.gaveanews.com\/index.php\/wp-json\/wp\/v2\/tags?post=71185"}],"curies":[{"name":"wp","href":"https:\/\/api.w.org\/{rel}","templated":true}]}}