{"id":71192,"date":"2021-11-04T14:36:38","date_gmt":"2021-11-04T17:36:38","guid":{"rendered":"https:\/\/www.gaveanews.com\/?p=71192"},"modified":"2021-11-04T14:36:41","modified_gmt":"2021-11-04T17:36:41","slug":"dirigente-do-flamengo-da-sugestao-a-cbf-sobre-calendario-de-2022","status":"publish","type":"post","link":"https:\/\/www.gaveanews.com\/index.php\/2021\/11\/04\/dirigente-do-flamengo-da-sugestao-a-cbf-sobre-calendario-de-2022\/","title":{"rendered":"Dirigente do Flamengo d\u00e1 sugest\u00e3o \u00e0 CBF sobre calend\u00e1rio de 2022"},"content":{"rendered":"\n<p>Se aproximando do fim da temporada de 2021, o Flamengo j\u00e1 pensa no que ter\u00e1 para enfrentar no ano seguinte. O ciclo de 2022 precisar\u00e1 ser encurtado, uma vez que a Copa do Mundo, marcada para novembro e dezembro, impede que as principais ligas de clubes tenham eventos paralelamente \u00e0 disputa das Sele\u00e7\u00f5es.<\/p>\n\n\n\n<p>Desta forma, os torneios (estaduais, nacionais e continentais) precisar\u00e3o ser espremidos em um curto espa\u00e7o de tempo. S\u00f3 da\u00ed j\u00e1 \u00e9 poss\u00edvel compreender que a agenda dos times ser\u00e1 bastante corrida, principalmente se considerarmos que a atual temporada ser\u00e1 emendada na pr\u00f3xima.<\/p>\n\n\n\n<p>Visando o planejamento do Flamengo para ano que vem, o vice-presidente de rela\u00e7\u00f5es externas do clube, Luiz Eduardo Baptista, conhecido como Bap, fez uma sugest\u00e3o \u00e0 CBF em rela\u00e7\u00e3o ao pr\u00f3ximo calend\u00e1rio. Cabe lembrar que as ideias para esta temporada n\u00e3o ajudaram nem um pouco na recupera\u00e7\u00e3o e sa\u00fade f\u00edsica dos jogadores das equipes que disputaram as principais competi\u00e7\u00f5es de 2021.<\/p>\n\n\n\n<h2 class=\"wp-block-heading\" id=\"h-confira-a-publica-o\">Confira a publica\u00e7\u00e3o:<\/h2>\n\n\n\n<figure class=\"wp-block-embed is-type-rich is-provider-twitter wp-block-embed-twitter\"><div class=\"wp-block-embed__wrapper\">\n<blockquote class=\"twitter-tweet\" data-width=\"550\" data-dnt=\"true\"><p lang=\"pt\" dir=\"ltr\">Calend\u00e1rio22 ter\u00e1 9 meses e meio apenas,at\u00e9 7\/11,por causa da Copa.Sugest\u00e3o do Flamengo ANTES:<br>Brasileir\u00e3o deve acabar dia 7\/11,\u00faltima data do calend\u00e1rio; iniciar estaduais dia 15\/01.<br>Libertadores,j\u00e1 definido,com mata matas entre julho e setembro, final em Guayaquil, 27\/10.<\/p>&mdash; Luiz Eduardo Baptista (@BapLuizEduardo) <a href=\"https:\/\/twitter.com\/BapLuizEduardo\/status\/1456246699484229638?ref_src=twsrc%5Etfw\">November 4, 2021<\/a><\/blockquote><script async src=\"https:\/\/platform.twitter.com\/widgets.js\" charset=\"utf-8\"><\/script>\n<\/div><\/figure>\n\n\n\n<p>A Conmebol foi outra que j\u00e1 se adiantou sobre o assunto e informou que a final da Libertadores de 2022 ser\u00e1 disputada no dia 29 de outubro, no Est\u00e1dio Monumental de Guayaquil, no Equador. O acerto da data auxilia para que as equipes consigam se organizar previamente e se adequem aos moldes necess\u00e1rios.<\/p>\n\n\n\n<p>Quanto ao agendamento dos Estaduais, h\u00e1 a espera pela defini\u00e7\u00e3o da CBF, que deve manter os torneios locais com 16 datas. A expectativa \u00e9 de que o calend\u00e1rio do ano que vem seja oficializado pela entidade ainda este m\u00eas.<\/p>\n\n\n\n<p>Enquanto se mant\u00e9m atento \u00e0s movimenta\u00e7\u00f5es da CBF em rela\u00e7\u00e3o \u00e0 pr\u00f3xima temporada, o Flamengo volta seu foco para o fim deste ciclo, e se prepara para enfrentar o Atl\u00e9tico-GO. O confronto contra o Drag\u00e3o acontecer\u00e1 nesta sexta-feira (05), \u00e0s 21h30 (hor\u00e1rio de Bras\u00edlia), no Maracan\u00e3.<\/p>\n","protected":false},"excerpt":{"rendered":"<p>Se aproximando do fim da temporada de 2021, o Flamengo j\u00e1 pensa no que ter\u00e1 para enfrentar no ano seguinte. O ciclo de 2022 precisar\u00e1 ser encurtado, uma vez que a Copa do Mundo, marcada para novembro e dezembro, impede que as principais ligas de clubes tenham eventos paralelamente \u00e0 disputa das Sele\u00e7\u00f5es. Desta forma, [&hellip;]<\/p>\n","protected":false},"author":4,"featured_media":43567,"comment_status":"open","ping_status":"closed","sticky":false,"template":"","format":"standard","meta":{"footnotes":""},"categories":[1],"tags":[],"class_list":["post-71192","post","type-post","status-publish","format-standard","has-post-thumbnail","hentry","category-flamengo"],"yoast_head":"<!-- This site is optimized with the Yoast SEO Premium plugin v24.2 (Yoast SEO v26.9) - https:\/\/yoast.com\/product\/yoast-seo-premium-wordpress\/ -->\n<title>Dirigente do Flamengo d\u00e1 sugest\u00e3o \u00e0 CBF sobre calend\u00e1rio de 2022<\/title>\n<meta name=\"robots\" content=\"index, follow, max-snippet:-1, max-image-preview:large, max-video-preview:-1\" \/>\n<link rel=\"canonical\" href=\"https:\/\/www.gaveanews.com\/index.php\/2021\/11\/04\/dirigente-do-flamengo-da-sugestao-a-cbf-sobre-calendario-de-2022\/\" \/>\n<meta property=\"og:locale\" content=\"pt_BR\" \/>\n<meta property=\"og:type\" content=\"article\" \/>\n<meta property=\"og:title\" content=\"Dirigente do Flamengo d\u00e1 sugest\u00e3o \u00e0 CBF sobre calend\u00e1rio de 2022\" \/>\n<meta property=\"og:description\" content=\"Se aproximando do fim da temporada de 2021, o Flamengo j\u00e1 pensa no que ter\u00e1 para enfrentar no ano seguinte. O ciclo de 2022 precisar\u00e1 ser encurtado, uma vez que a Copa do Mundo, marcada para novembro e dezembro, impede que as principais ligas de clubes tenham eventos paralelamente \u00e0 disputa das Sele\u00e7\u00f5es. Desta forma, [&hellip;]\" \/>\n<meta property=\"og:url\" content=\"https:\/\/www.gaveanews.com\/index.php\/2021\/11\/04\/dirigente-do-flamengo-da-sugestao-a-cbf-sobre-calendario-de-2022\/\" \/>\n<meta property=\"og:site_name\" content=\"G\u00e1vea News\" \/>\n<meta property=\"article:publisher\" content=\"https:\/\/facebook.com\/gaveaNews\/\" \/>\n<meta property=\"article:published_time\" content=\"2021-11-04T17:36:38+00:00\" \/>\n<meta property=\"article:modified_time\" content=\"2021-11-04T17:36:41+00:00\" \/>\n<meta property=\"og:image\" content=\"https:\/\/www.gaveanews.com\/wp-content\/uploads\/Luiz-Eduardo-Baptista-o-Bap-durante-coletiva-de-imprensa.webp\" \/>\n\t<meta property=\"og:image:width\" content=\"984\" \/>\n\t<meta property=\"og:image:height\" content=\"554\" \/>\n\t<meta property=\"og:image:type\" content=\"image\/jpeg\" \/>\n<meta name=\"author\" content=\"Let\u00edcia Gerheim\" \/>\n<meta name=\"twitter:card\" content=\"summary_large_image\" \/>\n<meta name=\"twitter:label1\" content=\"Escrito por\" \/>\n\t<meta name=\"twitter:data1\" content=\"Let\u00edcia Gerheim\" \/>\n\t<meta name=\"twitter:label2\" content=\"Est. tempo de leitura\" \/>\n\t<meta name=\"twitter:data2\" content=\"2 minutos\" \/>\n<script type=\"application\/ld+json\" class=\"yoast-schema-graph\">{\"@context\":\"https:\/\/schema.org\",\"@graph\":[{\"@type\":\"NewsArticle\",\"@id\":\"https:\/\/www.gaveanews.com\/index.php\/2021\/11\/04\/dirigente-do-flamengo-da-sugestao-a-cbf-sobre-calendario-de-2022\/#article\",\"isPartOf\":{\"@id\":\"https:\/\/www.gaveanews.com\/index.php\/2021\/11\/04\/dirigente-do-flamengo-da-sugestao-a-cbf-sobre-calendario-de-2022\/\"},\"author\":{\"name\":\"Let\u00edcia Gerheim\",\"@id\":\"https:\/\/www.gaveanews.com\/#\/schema\/person\/714c67050b836198af2450ba1c142a67\"},\"headline\":\"Dirigente do Flamengo d\u00e1 sugest\u00e3o \u00e0 CBF sobre calend\u00e1rio de 2022\",\"datePublished\":\"2021-11-04T17:36:38+00:00\",\"dateModified\":\"2021-11-04T17:36:41+00:00\",\"mainEntityOfPage\":{\"@id\":\"https:\/\/www.gaveanews.com\/index.php\/2021\/11\/04\/dirigente-do-flamengo-da-sugestao-a-cbf-sobre-calendario-de-2022\/\"},\"wordCount\":331,\"commentCount\":9,\"image\":{\"@id\":\"https:\/\/www.gaveanews.com\/index.php\/2021\/11\/04\/dirigente-do-flamengo-da-sugestao-a-cbf-sobre-calendario-de-2022\/#primaryimage\"},\"thumbnailUrl\":\"https:\/\/www.gaveanews.com\/wp-content\/uploads\/Luiz-Eduardo-Baptista-o-Bap-durante-coletiva-de-imprensa.webp\",\"articleSection\":[\"Flamengo\"],\"inLanguage\":\"pt-BR\",\"potentialAction\":[{\"@type\":\"CommentAction\",\"name\":\"Comment\",\"target\":[\"https:\/\/www.gaveanews.com\/index.php\/2021\/11\/04\/dirigente-do-flamengo-da-sugestao-a-cbf-sobre-calendario-de-2022\/#respond\"]}],\"copyrightYear\":\"2021\",\"copyrightHolder\":{\"@id\":\"https:\/\/www.gaveanews.com\/#organization\"}},{\"@type\":\"WebPage\",\"@id\":\"https:\/\/www.gaveanews.com\/index.php\/2021\/11\/04\/dirigente-do-flamengo-da-sugestao-a-cbf-sobre-calendario-de-2022\/\",\"url\":\"https:\/\/www.gaveanews.com\/index.php\/2021\/11\/04\/dirigente-do-flamengo-da-sugestao-a-cbf-sobre-calendario-de-2022\/\",\"name\":\"Dirigente do Flamengo d\u00e1 sugest\u00e3o \u00e0 CBF sobre calend\u00e1rio de 2022\",\"isPartOf\":{\"@id\":\"https:\/\/www.gaveanews.com\/#website\"},\"primaryImageOfPage\":{\"@id\":\"https:\/\/www.gaveanews.com\/index.php\/2021\/11\/04\/dirigente-do-flamengo-da-sugestao-a-cbf-sobre-calendario-de-2022\/#primaryimage\"},\"image\":{\"@id\":\"https:\/\/www.gaveanews.com\/index.php\/2021\/11\/04\/dirigente-do-flamengo-da-sugestao-a-cbf-sobre-calendario-de-2022\/#primaryimage\"},\"thumbnailUrl\":\"https:\/\/www.gaveanews.com\/wp-content\/uploads\/Luiz-Eduardo-Baptista-o-Bap-durante-coletiva-de-imprensa.webp\",\"datePublished\":\"2021-11-04T17:36:38+00:00\",\"dateModified\":\"2021-11-04T17:36:41+00:00\",\"author\":{\"@id\":\"https:\/\/www.gaveanews.com\/#\/schema\/person\/714c67050b836198af2450ba1c142a67\"},\"breadcrumb\":{\"@id\":\"https:\/\/www.gaveanews.com\/index.php\/2021\/11\/04\/dirigente-do-flamengo-da-sugestao-a-cbf-sobre-calendario-de-2022\/#breadcrumb\"},\"inLanguage\":\"pt-BR\",\"potentialAction\":[{\"@type\":\"ReadAction\",\"target\":[\"https:\/\/www.gaveanews.com\/index.php\/2021\/11\/04\/dirigente-do-flamengo-da-sugestao-a-cbf-sobre-calendario-de-2022\/\"]}]},{\"@type\":\"ImageObject\",\"inLanguage\":\"pt-BR\",\"@id\":\"https:\/\/www.gaveanews.com\/index.php\/2021\/11\/04\/dirigente-do-flamengo-da-sugestao-a-cbf-sobre-calendario-de-2022\/#primaryimage\",\"url\":\"https:\/\/www.gaveanews.com\/wp-content\/uploads\/Luiz-Eduardo-Baptista-o-Bap-durante-coletiva-de-imprensa.webp\",\"contentUrl\":\"https:\/\/www.gaveanews.com\/wp-content\/uploads\/Luiz-Eduardo-Baptista-o-Bap-durante-coletiva-de-imprensa.webp\",\"width\":984,\"height\":554,\"caption\":\"Luiz Eduardo Baptista, o Bap, durante coletiva de imprensa (Foto: Divulga\u00e7\u00e3o)\"},{\"@type\":\"BreadcrumbList\",\"@id\":\"https:\/\/www.gaveanews.com\/index.php\/2021\/11\/04\/dirigente-do-flamengo-da-sugestao-a-cbf-sobre-calendario-de-2022\/#breadcrumb\",\"itemListElement\":[{\"@type\":\"ListItem\",\"position\":1,\"name\":\"Home\",\"item\":\"https:\/\/www.gaveanews.com\/\"},{\"@type\":\"ListItem\",\"position\":2,\"name\":\"Dirigente do Flamengo d\u00e1 sugest\u00e3o \u00e0 CBF sobre calend\u00e1rio de 2022\"}]},{\"@type\":\"WebSite\",\"@id\":\"https:\/\/www.gaveanews.com\/#website\",\"url\":\"https:\/\/www.gaveanews.com\/\",\"name\":\"G\u00e1vea News\",\"description\":\"Veja todas as not\u00edcias sobre o Flamengo: Contrata\u00e7\u00f5es, categorias de base, resultados das partidas, tabela de classifica\u00e7\u00e3o, pr\u00f3ximos jogos!\",\"potentialAction\":[{\"@type\":\"SearchAction\",\"target\":{\"@type\":\"EntryPoint\",\"urlTemplate\":\"https:\/\/www.gaveanews.com\/?s={search_term_string}\"},\"query-input\":{\"@type\":\"PropertyValueSpecification\",\"valueRequired\":true,\"valueName\":\"search_term_string\"}}],\"inLanguage\":\"pt-BR\"},{\"@type\":\"Person\",\"@id\":\"https:\/\/www.gaveanews.com\/#\/schema\/person\/714c67050b836198af2450ba1c142a67\",\"name\":\"Let\u00edcia Gerheim\",\"image\":{\"@type\":\"ImageObject\",\"inLanguage\":\"pt-BR\",\"@id\":\"https:\/\/www.gaveanews.com\/#\/schema\/person\/image\/\",\"url\":\"https:\/\/secure.gravatar.com\/avatar\/60734739c50fcebfbac509e2a826ccd0ff405c019bc73aab9354f19ecad1dcb4?s=96&d=mm&r=g\",\"contentUrl\":\"https:\/\/secure.gravatar.com\/avatar\/60734739c50fcebfbac509e2a826ccd0ff405c019bc73aab9354f19ecad1dcb4?s=96&d=mm&r=g\",\"caption\":\"Let\u00edcia Gerheim\"}}]}<\/script>\n<!-- \/ Yoast SEO Premium plugin. -->","yoast_head_json":{"title":"Dirigente do Flamengo d\u00e1 sugest\u00e3o \u00e0 CBF sobre calend\u00e1rio de 2022","robots":{"index":"index","follow":"follow","max-snippet":"max-snippet:-1","max-image-preview":"max-image-preview:large","max-video-preview":"max-video-preview:-1"},"canonical":"https:\/\/www.gaveanews.com\/index.php\/2021\/11\/04\/dirigente-do-flamengo-da-sugestao-a-cbf-sobre-calendario-de-2022\/","og_locale":"pt_BR","og_type":"article","og_title":"Dirigente do Flamengo d\u00e1 sugest\u00e3o \u00e0 CBF sobre calend\u00e1rio de 2022","og_description":"Se aproximando do fim da temporada de 2021, o Flamengo j\u00e1 pensa no que ter\u00e1 para enfrentar no ano seguinte. O ciclo de 2022 precisar\u00e1 ser encurtado, uma vez que a Copa do Mundo, marcada para novembro e dezembro, impede que as principais ligas de clubes tenham eventos paralelamente \u00e0 disputa das Sele\u00e7\u00f5es. Desta forma, [&hellip;]","og_url":"https:\/\/www.gaveanews.com\/index.php\/2021\/11\/04\/dirigente-do-flamengo-da-sugestao-a-cbf-sobre-calendario-de-2022\/","og_site_name":"G\u00e1vea News","article_publisher":"https:\/\/facebook.com\/gaveaNews\/","article_published_time":"2021-11-04T17:36:38+00:00","article_modified_time":"2021-11-04T17:36:41+00:00","og_image":[{"width":984,"height":554,"url":"https:\/\/www.gaveanews.com\/wp-content\/uploads\/Luiz-Eduardo-Baptista-o-Bap-durante-coletiva-de-imprensa.webp","type":"image\/jpeg"}],"author":"Let\u00edcia Gerheim","twitter_card":"summary_large_image","twitter_misc":{"Escrito por":"Let\u00edcia Gerheim","Est. tempo de leitura":"2 minutos"},"schema":{"@context":"https:\/\/schema.org","@graph":[{"@type":"NewsArticle","@id":"https:\/\/www.gaveanews.com\/index.php\/2021\/11\/04\/dirigente-do-flamengo-da-sugestao-a-cbf-sobre-calendario-de-2022\/#article","isPartOf":{"@id":"https:\/\/www.gaveanews.com\/index.php\/2021\/11\/04\/dirigente-do-flamengo-da-sugestao-a-cbf-sobre-calendario-de-2022\/"},"author":{"name":"Let\u00edcia Gerheim","@id":"https:\/\/www.gaveanews.com\/#\/schema\/person\/714c67050b836198af2450ba1c142a67"},"headline":"Dirigente do Flamengo d\u00e1 sugest\u00e3o \u00e0 CBF sobre calend\u00e1rio de 2022","datePublished":"2021-11-04T17:36:38+00:00","dateModified":"2021-11-04T17:36:41+00:00","mainEntityOfPage":{"@id":"https:\/\/www.gaveanews.com\/index.php\/2021\/11\/04\/dirigente-do-flamengo-da-sugestao-a-cbf-sobre-calendario-de-2022\/"},"wordCount":331,"commentCount":9,"image":{"@id":"https:\/\/www.gaveanews.com\/index.php\/2021\/11\/04\/dirigente-do-flamengo-da-sugestao-a-cbf-sobre-calendario-de-2022\/#primaryimage"},"thumbnailUrl":"https:\/\/www.gaveanews.com\/wp-content\/uploads\/Luiz-Eduardo-Baptista-o-Bap-durante-coletiva-de-imprensa.webp","articleSection":["Flamengo"],"inLanguage":"pt-BR","potentialAction":[{"@type":"CommentAction","name":"Comment","target":["https:\/\/www.gaveanews.com\/index.php\/2021\/11\/04\/dirigente-do-flamengo-da-sugestao-a-cbf-sobre-calendario-de-2022\/#respond"]}],"copyrightYear":"2021","copyrightHolder":{"@id":"https:\/\/www.gaveanews.com\/#organization"}},{"@type":"WebPage","@id":"https:\/\/www.gaveanews.com\/index.php\/2021\/11\/04\/dirigente-do-flamengo-da-sugestao-a-cbf-sobre-calendario-de-2022\/","url":"https:\/\/www.gaveanews.com\/index.php\/2021\/11\/04\/dirigente-do-flamengo-da-sugestao-a-cbf-sobre-calendario-de-2022\/","name":"Dirigente do Flamengo d\u00e1 sugest\u00e3o \u00e0 CBF sobre calend\u00e1rio de 2022","isPartOf":{"@id":"https:\/\/www.gaveanews.com\/#website"},"primaryImageOfPage":{"@id":"https:\/\/www.gaveanews.com\/index.php\/2021\/11\/04\/dirigente-do-flamengo-da-sugestao-a-cbf-sobre-calendario-de-2022\/#primaryimage"},"image":{"@id":"https:\/\/www.gaveanews.com\/index.php\/2021\/11\/04\/dirigente-do-flamengo-da-sugestao-a-cbf-sobre-calendario-de-2022\/#primaryimage"},"thumbnailUrl":"https:\/\/www.gaveanews.com\/wp-content\/uploads\/Luiz-Eduardo-Baptista-o-Bap-durante-coletiva-de-imprensa.webp","datePublished":"2021-11-04T17:36:38+00:00","dateModified":"2021-11-04T17:36:41+00:00","author":{"@id":"https:\/\/www.gaveanews.com\/#\/schema\/person\/714c67050b836198af2450ba1c142a67"},"breadcrumb":{"@id":"https:\/\/www.gaveanews.com\/index.php\/2021\/11\/04\/dirigente-do-flamengo-da-sugestao-a-cbf-sobre-calendario-de-2022\/#breadcrumb"},"inLanguage":"pt-BR","potentialAction":[{"@type":"ReadAction","target":["https:\/\/www.gaveanews.com\/index.php\/2021\/11\/04\/dirigente-do-flamengo-da-sugestao-a-cbf-sobre-calendario-de-2022\/"]}]},{"@type":"ImageObject","inLanguage":"pt-BR","@id":"https:\/\/www.gaveanews.com\/index.php\/2021\/11\/04\/dirigente-do-flamengo-da-sugestao-a-cbf-sobre-calendario-de-2022\/#primaryimage","url":"https:\/\/www.gaveanews.com\/wp-content\/uploads\/Luiz-Eduardo-Baptista-o-Bap-durante-coletiva-de-imprensa.webp","contentUrl":"https:\/\/www.gaveanews.com\/wp-content\/uploads\/Luiz-Eduardo-Baptista-o-Bap-durante-coletiva-de-imprensa.webp","width":984,"height":554,"caption":"Luiz Eduardo Baptista, o Bap, durante coletiva de imprensa (Foto: Divulga\u00e7\u00e3o)"},{"@type":"BreadcrumbList","@id":"https:\/\/www.gaveanews.com\/index.php\/2021\/11\/04\/dirigente-do-flamengo-da-sugestao-a-cbf-sobre-calendario-de-2022\/#breadcrumb","itemListElement":[{"@type":"ListItem","position":1,"name":"Home","item":"https:\/\/www.gaveanews.com\/"},{"@type":"ListItem","position":2,"name":"Dirigente do Flamengo d\u00e1 sugest\u00e3o \u00e0 CBF sobre calend\u00e1rio de 2022"}]},{"@type":"WebSite","@id":"https:\/\/www.gaveanews.com\/#website","url":"https:\/\/www.gaveanews.com\/","name":"G\u00e1vea News","description":"Veja todas as not\u00edcias sobre o Flamengo: Contrata\u00e7\u00f5es, categorias de base, resultados das partidas, tabela de classifica\u00e7\u00e3o, pr\u00f3ximos jogos!","potentialAction":[{"@type":"SearchAction","target":{"@type":"EntryPoint","urlTemplate":"https:\/\/www.gaveanews.com\/?s={search_term_string}"},"query-input":{"@type":"PropertyValueSpecification","valueRequired":true,"valueName":"search_term_string"}}],"inLanguage":"pt-BR"},{"@type":"Person","@id":"https:\/\/www.gaveanews.com\/#\/schema\/person\/714c67050b836198af2450ba1c142a67","name":"Let\u00edcia Gerheim","image":{"@type":"ImageObject","inLanguage":"pt-BR","@id":"https:\/\/www.gaveanews.com\/#\/schema\/person\/image\/","url":"https:\/\/secure.gravatar.com\/avatar\/60734739c50fcebfbac509e2a826ccd0ff405c019bc73aab9354f19ecad1dcb4?s=96&d=mm&r=g","contentUrl":"https:\/\/secure.gravatar.com\/avatar\/60734739c50fcebfbac509e2a826ccd0ff405c019bc73aab9354f19ecad1dcb4?s=96&d=mm&r=g","caption":"Let\u00edcia Gerheim"}}]}},"_links":{"self":[{"href":"https:\/\/www.gaveanews.com\/index.php\/wp-json\/wp\/v2\/posts\/71192","targetHints":{"allow":["GET"]}}],"collection":[{"href":"https:\/\/www.gaveanews.com\/index.php\/wp-json\/wp\/v2\/posts"}],"about":[{"href":"https:\/\/www.gaveanews.com\/index.php\/wp-json\/wp\/v2\/types\/post"}],"author":[{"embeddable":true,"href":"https:\/\/www.gaveanews.com\/index.php\/wp-json\/wp\/v2\/users\/4"}],"replies":[{"embeddable":true,"href":"https:\/\/www.gaveanews.com\/index.php\/wp-json\/wp\/v2\/comments?post=71192"}],"version-history":[{"count":0,"href":"https:\/\/www.gaveanews.com\/index.php\/wp-json\/wp\/v2\/posts\/71192\/revisions"}],"wp:featuredmedia":[{"embeddable":true,"href":"https:\/\/www.gaveanews.com\/index.php\/wp-json\/wp\/v2\/media\/43567"}],"wp:attachment":[{"href":"https:\/\/www.gaveanews.com\/index.php\/wp-json\/wp\/v2\/media?parent=71192"}],"wp:term":[{"taxonomy":"category","embeddable":true,"href":"https:\/\/www.gaveanews.com\/index.php\/wp-json\/wp\/v2\/categories?post=71192"},{"taxonomy":"post_tag","embeddable":true,"href":"https:\/\/www.gaveanews.com\/index.php\/wp-json\/wp\/v2\/tags?post=71192"}],"curies":[{"name":"wp","href":"https:\/\/api.w.org\/{rel}","templated":true}]}}