{"id":71205,"date":"2021-11-04T17:46:06","date_gmt":"2021-11-04T20:46:06","guid":{"rendered":"https:\/\/www.gaveanews.com\/?p=71205"},"modified":"2021-11-04T17:46:10","modified_gmt":"2021-11-04T20:46:10","slug":"fla-informa-selecao-sobre-arrascaeta-e-espera-que-atleta-nao-seja-convocado","status":"publish","type":"post","link":"https:\/\/www.gaveanews.com\/index.php\/2021\/11\/04\/fla-informa-selecao-sobre-arrascaeta-e-espera-que-atleta-nao-seja-convocado\/","title":{"rendered":"Fla informa sele\u00e7\u00e3o sobre Arrascaeta e espera que atleta n\u00e3o seja convocado"},"content":{"rendered":"\n<p>Com muitos problemas para solucionar e pouco tempo para resolv\u00ea-los, o Flamengo luta contra o tempo para conseguir ter sua for\u00e7a m\u00e1xima na final da Libertadores. E a recupera\u00e7\u00e3o total de Arrascaeta est\u00e1 nos planos da clube.<\/p>\n\n\n\n<p>Para que o jogador n\u00e3o passe por nenhum novo imprevisto, o Mais Querido j\u00e1 informou \u00e0 Associa\u00e7\u00e3o Uruguaia de Futebol (AUF) sobre a atual situa\u00e7\u00e3o do meia, e espera que ele n\u00e3o esteja na lista final da entidade para os jogos pelas Eliminat\u00f3rias de novembro.<\/p>\n\n\n\n<p>A realidade \u00e9 que o atleta se aproxima de completar um m\u00eas fora dos gramados. Neste meio tempo, ele se machucou duas vezes, uma \u00e0 servi\u00e7o da Sele\u00e7\u00e3o Uruguaia e outra j\u00e1 no Flamengo, quando se recuperava da primeira.<\/p>\n\n\n\n<p>Por isso, a ideia do clube \u00e9 de que ele n\u00e3o seja convocado neste fim de temporada. At\u00e9 o momento, ele ainda se encontra sob os cuidados do departamento m\u00e9dico do clube e nem mesmo iniciou seu processo de retorno \u00e0s atividades coletivas.<\/p>\n\n\n\n<p>Por\u00e9m, a AUF permanece no direito de convoc\u00e1-lo e realizar sua pr\u00f3pria avalia\u00e7\u00e3o sobre o caso. Em contrapartida, seria pouco prov\u00e1vel que o jogador conseguisse voltar \u00e0 forma a tempo de defender sua sele\u00e7\u00e3o, uma vez que os 23 selecionados se apresentar\u00e3o na pr\u00f3xima segunda-feira (08).<\/p>\n\n\n\n<p>A Sele\u00e7\u00e3o Uruguaia entrar\u00e1 em campo duas vezes neste m\u00eas: no dia 12, contra a Argentina, e no dia 16, diante da Bol\u00edvia. A AUF n\u00e3o possui data certa para divulgar sua lista final de convocados, mas a expectativa \u00e9 de que ela seja divulgada nesta sexta-feira (05).<\/p>\n","protected":false},"excerpt":{"rendered":"<p>Com muitos problemas para solucionar e pouco tempo para resolv\u00ea-los, o Flamengo luta contra o tempo para conseguir ter sua for\u00e7a m\u00e1xima na final da Libertadores. E a recupera\u00e7\u00e3o total de Arrascaeta est\u00e1 nos planos da clube. Para que o jogador n\u00e3o passe por nenhum novo imprevisto, o Mais Querido j\u00e1 informou \u00e0 Associa\u00e7\u00e3o Uruguaia [&hellip;]<\/p>\n","protected":false},"author":4,"featured_media":71206,"comment_status":"open","ping_status":"closed","sticky":false,"template":"","format":"standard","meta":{"footnotes":""},"categories":[1],"tags":[],"class_list":["post-71205","post","type-post","status-publish","format-standard","has-post-thumbnail","hentry","category-flamengo"],"yoast_head":"<!-- This site is optimized with the Yoast SEO Premium plugin v24.2 (Yoast SEO v26.9) - https:\/\/yoast.com\/product\/yoast-seo-premium-wordpress\/ -->\n<title>Fla informa sele\u00e7\u00e3o sobre Arrascaeta e espera que n\u00e3o seja convocado<\/title>\n<meta name=\"robots\" content=\"index, follow, max-snippet:-1, max-image-preview:large, max-video-preview:-1\" \/>\n<link rel=\"canonical\" href=\"https:\/\/www.gaveanews.com\/index.php\/2021\/11\/04\/fla-informa-selecao-sobre-arrascaeta-e-espera-que-atleta-nao-seja-convocado\/\" \/>\n<meta property=\"og:locale\" content=\"pt_BR\" \/>\n<meta property=\"og:type\" content=\"article\" \/>\n<meta property=\"og:title\" content=\"Fla informa sele\u00e7\u00e3o sobre Arrascaeta e espera que atleta n\u00e3o seja convocado\" \/>\n<meta property=\"og:description\" content=\"Com muitos problemas para solucionar e pouco tempo para resolv\u00ea-los, o Flamengo luta contra o tempo para conseguir ter sua for\u00e7a m\u00e1xima na final da Libertadores. E a recupera\u00e7\u00e3o total de Arrascaeta est\u00e1 nos planos da clube. Para que o jogador n\u00e3o passe por nenhum novo imprevisto, o Mais Querido j\u00e1 informou \u00e0 Associa\u00e7\u00e3o Uruguaia [&hellip;]\" \/>\n<meta property=\"og:url\" content=\"https:\/\/www.gaveanews.com\/index.php\/2021\/11\/04\/fla-informa-selecao-sobre-arrascaeta-e-espera-que-atleta-nao-seja-convocado\/\" \/>\n<meta property=\"og:site_name\" content=\"G\u00e1vea News\" \/>\n<meta property=\"article:publisher\" content=\"https:\/\/facebook.com\/gaveaNews\/\" \/>\n<meta property=\"article:published_time\" content=\"2021-11-04T20:46:06+00:00\" \/>\n<meta property=\"article:modified_time\" content=\"2021-11-04T20:46:10+00:00\" \/>\n<meta property=\"og:image\" content=\"https:\/\/www.gaveanews.com\/wp-content\/uploads\/Arrascaeta-durante-treino-do-Flamengo-no-Ninho-do-Urubu.webp\" \/>\n\t<meta property=\"og:image:width\" content=\"1000\" \/>\n\t<meta property=\"og:image:height\" content=\"666\" \/>\n\t<meta property=\"og:image:type\" content=\"image\/jpeg\" \/>\n<meta name=\"author\" content=\"Let\u00edcia Gerheim\" \/>\n<meta name=\"twitter:card\" content=\"summary_large_image\" \/>\n<meta name=\"twitter:label1\" content=\"Escrito por\" \/>\n\t<meta name=\"twitter:data1\" content=\"Let\u00edcia Gerheim\" \/>\n\t<meta name=\"twitter:label2\" content=\"Est. tempo de leitura\" \/>\n\t<meta name=\"twitter:data2\" content=\"2 minutos\" \/>\n<script type=\"application\/ld+json\" class=\"yoast-schema-graph\">{\"@context\":\"https:\/\/schema.org\",\"@graph\":[{\"@type\":\"NewsArticle\",\"@id\":\"https:\/\/www.gaveanews.com\/index.php\/2021\/11\/04\/fla-informa-selecao-sobre-arrascaeta-e-espera-que-atleta-nao-seja-convocado\/#article\",\"isPartOf\":{\"@id\":\"https:\/\/www.gaveanews.com\/index.php\/2021\/11\/04\/fla-informa-selecao-sobre-arrascaeta-e-espera-que-atleta-nao-seja-convocado\/\"},\"author\":{\"name\":\"Let\u00edcia Gerheim\",\"@id\":\"https:\/\/www.gaveanews.com\/#\/schema\/person\/714c67050b836198af2450ba1c142a67\"},\"headline\":\"Fla informa sele\u00e7\u00e3o sobre Arrascaeta e espera que atleta n\u00e3o seja convocado\",\"datePublished\":\"2021-11-04T20:46:06+00:00\",\"dateModified\":\"2021-11-04T20:46:10+00:00\",\"mainEntityOfPage\":{\"@id\":\"https:\/\/www.gaveanews.com\/index.php\/2021\/11\/04\/fla-informa-selecao-sobre-arrascaeta-e-espera-que-atleta-nao-seja-convocado\/\"},\"wordCount\":287,\"commentCount\":5,\"image\":{\"@id\":\"https:\/\/www.gaveanews.com\/index.php\/2021\/11\/04\/fla-informa-selecao-sobre-arrascaeta-e-espera-que-atleta-nao-seja-convocado\/#primaryimage\"},\"thumbnailUrl\":\"https:\/\/www.gaveanews.com\/wp-content\/uploads\/Arrascaeta-durante-treino-do-Flamengo-no-Ninho-do-Urubu.webp\",\"articleSection\":[\"Flamengo\"],\"inLanguage\":\"pt-BR\",\"potentialAction\":[{\"@type\":\"CommentAction\",\"name\":\"Comment\",\"target\":[\"https:\/\/www.gaveanews.com\/index.php\/2021\/11\/04\/fla-informa-selecao-sobre-arrascaeta-e-espera-que-atleta-nao-seja-convocado\/#respond\"]}],\"copyrightYear\":\"2021\",\"copyrightHolder\":{\"@id\":\"https:\/\/www.gaveanews.com\/#organization\"}},{\"@type\":\"WebPage\",\"@id\":\"https:\/\/www.gaveanews.com\/index.php\/2021\/11\/04\/fla-informa-selecao-sobre-arrascaeta-e-espera-que-atleta-nao-seja-convocado\/\",\"url\":\"https:\/\/www.gaveanews.com\/index.php\/2021\/11\/04\/fla-informa-selecao-sobre-arrascaeta-e-espera-que-atleta-nao-seja-convocado\/\",\"name\":\"Fla informa sele\u00e7\u00e3o sobre Arrascaeta e espera que n\u00e3o seja convocado\",\"isPartOf\":{\"@id\":\"https:\/\/www.gaveanews.com\/#website\"},\"primaryImageOfPage\":{\"@id\":\"https:\/\/www.gaveanews.com\/index.php\/2021\/11\/04\/fla-informa-selecao-sobre-arrascaeta-e-espera-que-atleta-nao-seja-convocado\/#primaryimage\"},\"image\":{\"@id\":\"https:\/\/www.gaveanews.com\/index.php\/2021\/11\/04\/fla-informa-selecao-sobre-arrascaeta-e-espera-que-atleta-nao-seja-convocado\/#primaryimage\"},\"thumbnailUrl\":\"https:\/\/www.gaveanews.com\/wp-content\/uploads\/Arrascaeta-durante-treino-do-Flamengo-no-Ninho-do-Urubu.webp\",\"datePublished\":\"2021-11-04T20:46:06+00:00\",\"dateModified\":\"2021-11-04T20:46:10+00:00\",\"author\":{\"@id\":\"https:\/\/www.gaveanews.com\/#\/schema\/person\/714c67050b836198af2450ba1c142a67\"},\"breadcrumb\":{\"@id\":\"https:\/\/www.gaveanews.com\/index.php\/2021\/11\/04\/fla-informa-selecao-sobre-arrascaeta-e-espera-que-atleta-nao-seja-convocado\/#breadcrumb\"},\"inLanguage\":\"pt-BR\",\"potentialAction\":[{\"@type\":\"ReadAction\",\"target\":[\"https:\/\/www.gaveanews.com\/index.php\/2021\/11\/04\/fla-informa-selecao-sobre-arrascaeta-e-espera-que-atleta-nao-seja-convocado\/\"]}]},{\"@type\":\"ImageObject\",\"inLanguage\":\"pt-BR\",\"@id\":\"https:\/\/www.gaveanews.com\/index.php\/2021\/11\/04\/fla-informa-selecao-sobre-arrascaeta-e-espera-que-atleta-nao-seja-convocado\/#primaryimage\",\"url\":\"https:\/\/www.gaveanews.com\/wp-content\/uploads\/Arrascaeta-durante-treino-do-Flamengo-no-Ninho-do-Urubu.webp\",\"contentUrl\":\"https:\/\/www.gaveanews.com\/wp-content\/uploads\/Arrascaeta-durante-treino-do-Flamengo-no-Ninho-do-Urubu.webp\",\"width\":1000,\"height\":666,\"caption\":\"Arrascaeta durante treino do Flamengo no Ninho do Urubu (Foto: Marcelo Cortes\/Flamengo)\"},{\"@type\":\"BreadcrumbList\",\"@id\":\"https:\/\/www.gaveanews.com\/index.php\/2021\/11\/04\/fla-informa-selecao-sobre-arrascaeta-e-espera-que-atleta-nao-seja-convocado\/#breadcrumb\",\"itemListElement\":[{\"@type\":\"ListItem\",\"position\":1,\"name\":\"Home\",\"item\":\"https:\/\/www.gaveanews.com\/\"},{\"@type\":\"ListItem\",\"position\":2,\"name\":\"Fla informa sele\u00e7\u00e3o sobre Arrascaeta e espera que atleta n\u00e3o seja convocado\"}]},{\"@type\":\"WebSite\",\"@id\":\"https:\/\/www.gaveanews.com\/#website\",\"url\":\"https:\/\/www.gaveanews.com\/\",\"name\":\"G\u00e1vea News\",\"description\":\"Veja todas as not\u00edcias sobre o Flamengo: Contrata\u00e7\u00f5es, categorias de base, resultados das partidas, tabela de classifica\u00e7\u00e3o, pr\u00f3ximos jogos!\",\"potentialAction\":[{\"@type\":\"SearchAction\",\"target\":{\"@type\":\"EntryPoint\",\"urlTemplate\":\"https:\/\/www.gaveanews.com\/?s={search_term_string}\"},\"query-input\":{\"@type\":\"PropertyValueSpecification\",\"valueRequired\":true,\"valueName\":\"search_term_string\"}}],\"inLanguage\":\"pt-BR\"},{\"@type\":\"Person\",\"@id\":\"https:\/\/www.gaveanews.com\/#\/schema\/person\/714c67050b836198af2450ba1c142a67\",\"name\":\"Let\u00edcia Gerheim\",\"image\":{\"@type\":\"ImageObject\",\"inLanguage\":\"pt-BR\",\"@id\":\"https:\/\/www.gaveanews.com\/#\/schema\/person\/image\/\",\"url\":\"https:\/\/secure.gravatar.com\/avatar\/60734739c50fcebfbac509e2a826ccd0ff405c019bc73aab9354f19ecad1dcb4?s=96&d=mm&r=g\",\"contentUrl\":\"https:\/\/secure.gravatar.com\/avatar\/60734739c50fcebfbac509e2a826ccd0ff405c019bc73aab9354f19ecad1dcb4?s=96&d=mm&r=g\",\"caption\":\"Let\u00edcia Gerheim\"}}]}<\/script>\n<!-- \/ Yoast SEO Premium plugin. -->","yoast_head_json":{"title":"Fla informa sele\u00e7\u00e3o sobre Arrascaeta e espera que n\u00e3o seja convocado","robots":{"index":"index","follow":"follow","max-snippet":"max-snippet:-1","max-image-preview":"max-image-preview:large","max-video-preview":"max-video-preview:-1"},"canonical":"https:\/\/www.gaveanews.com\/index.php\/2021\/11\/04\/fla-informa-selecao-sobre-arrascaeta-e-espera-que-atleta-nao-seja-convocado\/","og_locale":"pt_BR","og_type":"article","og_title":"Fla informa sele\u00e7\u00e3o sobre Arrascaeta e espera que atleta n\u00e3o seja convocado","og_description":"Com muitos problemas para solucionar e pouco tempo para resolv\u00ea-los, o Flamengo luta contra o tempo para conseguir ter sua for\u00e7a m\u00e1xima na final da Libertadores. E a recupera\u00e7\u00e3o total de Arrascaeta est\u00e1 nos planos da clube. Para que o jogador n\u00e3o passe por nenhum novo imprevisto, o Mais Querido j\u00e1 informou \u00e0 Associa\u00e7\u00e3o Uruguaia [&hellip;]","og_url":"https:\/\/www.gaveanews.com\/index.php\/2021\/11\/04\/fla-informa-selecao-sobre-arrascaeta-e-espera-que-atleta-nao-seja-convocado\/","og_site_name":"G\u00e1vea News","article_publisher":"https:\/\/facebook.com\/gaveaNews\/","article_published_time":"2021-11-04T20:46:06+00:00","article_modified_time":"2021-11-04T20:46:10+00:00","og_image":[{"width":1000,"height":666,"url":"https:\/\/www.gaveanews.com\/wp-content\/uploads\/Arrascaeta-durante-treino-do-Flamengo-no-Ninho-do-Urubu.webp","type":"image\/jpeg"}],"author":"Let\u00edcia Gerheim","twitter_card":"summary_large_image","twitter_misc":{"Escrito por":"Let\u00edcia Gerheim","Est. tempo de leitura":"2 minutos"},"schema":{"@context":"https:\/\/schema.org","@graph":[{"@type":"NewsArticle","@id":"https:\/\/www.gaveanews.com\/index.php\/2021\/11\/04\/fla-informa-selecao-sobre-arrascaeta-e-espera-que-atleta-nao-seja-convocado\/#article","isPartOf":{"@id":"https:\/\/www.gaveanews.com\/index.php\/2021\/11\/04\/fla-informa-selecao-sobre-arrascaeta-e-espera-que-atleta-nao-seja-convocado\/"},"author":{"name":"Let\u00edcia Gerheim","@id":"https:\/\/www.gaveanews.com\/#\/schema\/person\/714c67050b836198af2450ba1c142a67"},"headline":"Fla informa sele\u00e7\u00e3o sobre Arrascaeta e espera que atleta n\u00e3o seja convocado","datePublished":"2021-11-04T20:46:06+00:00","dateModified":"2021-11-04T20:46:10+00:00","mainEntityOfPage":{"@id":"https:\/\/www.gaveanews.com\/index.php\/2021\/11\/04\/fla-informa-selecao-sobre-arrascaeta-e-espera-que-atleta-nao-seja-convocado\/"},"wordCount":287,"commentCount":5,"image":{"@id":"https:\/\/www.gaveanews.com\/index.php\/2021\/11\/04\/fla-informa-selecao-sobre-arrascaeta-e-espera-que-atleta-nao-seja-convocado\/#primaryimage"},"thumbnailUrl":"https:\/\/www.gaveanews.com\/wp-content\/uploads\/Arrascaeta-durante-treino-do-Flamengo-no-Ninho-do-Urubu.webp","articleSection":["Flamengo"],"inLanguage":"pt-BR","potentialAction":[{"@type":"CommentAction","name":"Comment","target":["https:\/\/www.gaveanews.com\/index.php\/2021\/11\/04\/fla-informa-selecao-sobre-arrascaeta-e-espera-que-atleta-nao-seja-convocado\/#respond"]}],"copyrightYear":"2021","copyrightHolder":{"@id":"https:\/\/www.gaveanews.com\/#organization"}},{"@type":"WebPage","@id":"https:\/\/www.gaveanews.com\/index.php\/2021\/11\/04\/fla-informa-selecao-sobre-arrascaeta-e-espera-que-atleta-nao-seja-convocado\/","url":"https:\/\/www.gaveanews.com\/index.php\/2021\/11\/04\/fla-informa-selecao-sobre-arrascaeta-e-espera-que-atleta-nao-seja-convocado\/","name":"Fla informa sele\u00e7\u00e3o sobre Arrascaeta e espera que n\u00e3o seja convocado","isPartOf":{"@id":"https:\/\/www.gaveanews.com\/#website"},"primaryImageOfPage":{"@id":"https:\/\/www.gaveanews.com\/index.php\/2021\/11\/04\/fla-informa-selecao-sobre-arrascaeta-e-espera-que-atleta-nao-seja-convocado\/#primaryimage"},"image":{"@id":"https:\/\/www.gaveanews.com\/index.php\/2021\/11\/04\/fla-informa-selecao-sobre-arrascaeta-e-espera-que-atleta-nao-seja-convocado\/#primaryimage"},"thumbnailUrl":"https:\/\/www.gaveanews.com\/wp-content\/uploads\/Arrascaeta-durante-treino-do-Flamengo-no-Ninho-do-Urubu.webp","datePublished":"2021-11-04T20:46:06+00:00","dateModified":"2021-11-04T20:46:10+00:00","author":{"@id":"https:\/\/www.gaveanews.com\/#\/schema\/person\/714c67050b836198af2450ba1c142a67"},"breadcrumb":{"@id":"https:\/\/www.gaveanews.com\/index.php\/2021\/11\/04\/fla-informa-selecao-sobre-arrascaeta-e-espera-que-atleta-nao-seja-convocado\/#breadcrumb"},"inLanguage":"pt-BR","potentialAction":[{"@type":"ReadAction","target":["https:\/\/www.gaveanews.com\/index.php\/2021\/11\/04\/fla-informa-selecao-sobre-arrascaeta-e-espera-que-atleta-nao-seja-convocado\/"]}]},{"@type":"ImageObject","inLanguage":"pt-BR","@id":"https:\/\/www.gaveanews.com\/index.php\/2021\/11\/04\/fla-informa-selecao-sobre-arrascaeta-e-espera-que-atleta-nao-seja-convocado\/#primaryimage","url":"https:\/\/www.gaveanews.com\/wp-content\/uploads\/Arrascaeta-durante-treino-do-Flamengo-no-Ninho-do-Urubu.webp","contentUrl":"https:\/\/www.gaveanews.com\/wp-content\/uploads\/Arrascaeta-durante-treino-do-Flamengo-no-Ninho-do-Urubu.webp","width":1000,"height":666,"caption":"Arrascaeta durante treino do Flamengo no Ninho do Urubu (Foto: Marcelo Cortes\/Flamengo)"},{"@type":"BreadcrumbList","@id":"https:\/\/www.gaveanews.com\/index.php\/2021\/11\/04\/fla-informa-selecao-sobre-arrascaeta-e-espera-que-atleta-nao-seja-convocado\/#breadcrumb","itemListElement":[{"@type":"ListItem","position":1,"name":"Home","item":"https:\/\/www.gaveanews.com\/"},{"@type":"ListItem","position":2,"name":"Fla informa sele\u00e7\u00e3o sobre Arrascaeta e espera que atleta n\u00e3o seja convocado"}]},{"@type":"WebSite","@id":"https:\/\/www.gaveanews.com\/#website","url":"https:\/\/www.gaveanews.com\/","name":"G\u00e1vea News","description":"Veja todas as not\u00edcias sobre o Flamengo: Contrata\u00e7\u00f5es, categorias de base, resultados das partidas, tabela de classifica\u00e7\u00e3o, pr\u00f3ximos jogos!","potentialAction":[{"@type":"SearchAction","target":{"@type":"EntryPoint","urlTemplate":"https:\/\/www.gaveanews.com\/?s={search_term_string}"},"query-input":{"@type":"PropertyValueSpecification","valueRequired":true,"valueName":"search_term_string"}}],"inLanguage":"pt-BR"},{"@type":"Person","@id":"https:\/\/www.gaveanews.com\/#\/schema\/person\/714c67050b836198af2450ba1c142a67","name":"Let\u00edcia Gerheim","image":{"@type":"ImageObject","inLanguage":"pt-BR","@id":"https:\/\/www.gaveanews.com\/#\/schema\/person\/image\/","url":"https:\/\/secure.gravatar.com\/avatar\/60734739c50fcebfbac509e2a826ccd0ff405c019bc73aab9354f19ecad1dcb4?s=96&d=mm&r=g","contentUrl":"https:\/\/secure.gravatar.com\/avatar\/60734739c50fcebfbac509e2a826ccd0ff405c019bc73aab9354f19ecad1dcb4?s=96&d=mm&r=g","caption":"Let\u00edcia Gerheim"}}]}},"_links":{"self":[{"href":"https:\/\/www.gaveanews.com\/index.php\/wp-json\/wp\/v2\/posts\/71205","targetHints":{"allow":["GET"]}}],"collection":[{"href":"https:\/\/www.gaveanews.com\/index.php\/wp-json\/wp\/v2\/posts"}],"about":[{"href":"https:\/\/www.gaveanews.com\/index.php\/wp-json\/wp\/v2\/types\/post"}],"author":[{"embeddable":true,"href":"https:\/\/www.gaveanews.com\/index.php\/wp-json\/wp\/v2\/users\/4"}],"replies":[{"embeddable":true,"href":"https:\/\/www.gaveanews.com\/index.php\/wp-json\/wp\/v2\/comments?post=71205"}],"version-history":[{"count":0,"href":"https:\/\/www.gaveanews.com\/index.php\/wp-json\/wp\/v2\/posts\/71205\/revisions"}],"wp:featuredmedia":[{"embeddable":true,"href":"https:\/\/www.gaveanews.com\/index.php\/wp-json\/wp\/v2\/media\/71206"}],"wp:attachment":[{"href":"https:\/\/www.gaveanews.com\/index.php\/wp-json\/wp\/v2\/media?parent=71205"}],"wp:term":[{"taxonomy":"category","embeddable":true,"href":"https:\/\/www.gaveanews.com\/index.php\/wp-json\/wp\/v2\/categories?post=71205"},{"taxonomy":"post_tag","embeddable":true,"href":"https:\/\/www.gaveanews.com\/index.php\/wp-json\/wp\/v2\/tags?post=71205"}],"curies":[{"name":"wp","href":"https:\/\/api.w.org\/{rel}","templated":true}]}}