{"id":71213,"date":"2021-11-04T19:34:04","date_gmt":"2021-11-04T22:34:04","guid":{"rendered":"https:\/\/www.gaveanews.com\/?p=71213"},"modified":"2021-11-04T19:34:07","modified_gmt":"2021-11-04T22:34:07","slug":"denuncia-contra-landim-nao-interfere-em-eleicao-no-flamengo","status":"publish","type":"post","link":"https:\/\/www.gaveanews.com\/index.php\/2021\/11\/04\/denuncia-contra-landim-nao-interfere-em-eleicao-no-flamengo\/","title":{"rendered":"Den\u00fancia contra Landim n\u00e3o interfere em elei\u00e7\u00e3o no Flamengo"},"content":{"rendered":"\n<p>R\u00e9u em um processo que corre em Bras\u00edlia por crimes durante a administra\u00e7\u00e3o de um fundo de pens\u00e3o, o presidente do Flamengo, Rodolfo Landim, que \u00e9 candidato a reelei\u00e7\u00e3o, j\u00e1 cumpriu os pr\u00e9-requisitos para ter a chapa roxa homologada pela Comiss\u00e3o Eleitoral do clube. A den\u00fancia acatada pela Justi\u00e7a nesta quarta-feira n\u00e3o tem como gerar quaisquer implica\u00e7\u00f5es neste processo, segundo O Globo apurou.<\/p>\n\n\n\n<p>O candidato s\u00f3 \u00e9 ficha suja no Flamengo quando h\u00e1 condena\u00e7\u00e3o em segunda inst\u00e2ncia. Landim \u00e9 r\u00e9u, e teria impedimento para ser candidato a presidente do Brasil, por exemplo. O mandat\u00e1rio apresentou certid\u00f5es do Rio de Janeiro e elas j\u00e1 foram aprovadas em prazo estipulado pelo Conselho de Administra\u00e7\u00e3o (COAD).<\/p>\n\n\n\n<p><strong><em>\u2014 No Flamengo, e em qualquer cargo eletivo, s\u00f3 depois de condenado. N\u00e3o implica em nada. As chapas j\u00e1 foram homologadas, as certid\u00f5es apresentadas. Mesmo que n\u00e3o tivesse apresentado, n\u00e3o teria problema<\/em><\/strong> \u2013 explica Delair Dumbrosk, vice-presidente do COAD.<\/p>\n\n\n\n<p>Membros da oposi\u00e7\u00e3o, no entanto, entendem que h\u00e1 risco de dano \u00e0 imagem do clube, que tem contrato com empresas que preveem regras de compliance, e romper o acordo.<\/p>\n\n\n\n<p>As chapas foram homologdas at\u00e9 o dia 20 de outubro, data do t\u00e9rmino do prazo para registro pela Comiss\u00e3o Permanente Eleitoral, ap\u00f3s verifica\u00e7\u00e3o das condi\u00e7\u00f5es de elegibilidade dos candidatos. Foi previsto envio de recursos de contesta\u00e7\u00e3o at\u00e9 o dia 25, o que n\u00e3o aconteceu.<\/p>\n\n\n\n<p>Na pr\u00f3xima segunda-feira, se necess\u00e1rio, uma sess\u00e3o da Comiss\u00e3o Eleitoral avaliaria esses questionamentos. Os candidatos de oposi\u00e7\u00e3o n\u00e3o se movimentaram neste sentido ap\u00f3s a justi\u00e7a de Bras\u00edlia acatar a den\u00fancia contra Landim. H\u00e1 entendimento de que os membros da comiss\u00e3o s\u00e3o alinhados ao governo, e n\u00e3o fariam nada.<\/p>\n\n\n\n<p>Procurado, o presidente Rodolfo Landim n\u00e3o retornou os contatos da reportagem.<\/p>\n\n\n\n<p>Retirado de: O Globo<\/p>\n","protected":false},"excerpt":{"rendered":"<p>R\u00e9u em um processo que corre em Bras\u00edlia por crimes durante a administra\u00e7\u00e3o de um fundo de pens\u00e3o, o presidente do Flamengo, Rodolfo Landim, que \u00e9 candidato a reelei\u00e7\u00e3o, j\u00e1 cumpriu os pr\u00e9-requisitos para ter a chapa roxa homologada pela Comiss\u00e3o Eleitoral do clube. A den\u00fancia acatada pela Justi\u00e7a nesta quarta-feira n\u00e3o tem como gerar [&hellip;]<\/p>\n","protected":false},"author":1,"featured_media":64406,"comment_status":"open","ping_status":"closed","sticky":false,"template":"","format":"standard","meta":{"footnotes":""},"categories":[1],"tags":[],"class_list":["post-71213","post","type-post","status-publish","format-standard","has-post-thumbnail","hentry","category-flamengo"],"yoast_head":"<!-- This site is optimized with the Yoast SEO Premium plugin v24.2 (Yoast SEO v26.9) - https:\/\/yoast.com\/product\/yoast-seo-premium-wordpress\/ -->\n<title>Den\u00fancia contra Landim n\u00e3o interfere em elei\u00e7\u00e3o no Flamengo<\/title>\n<meta name=\"robots\" content=\"index, follow, max-snippet:-1, max-image-preview:large, max-video-preview:-1\" \/>\n<link rel=\"canonical\" href=\"https:\/\/www.gaveanews.com\/index.php\/2021\/11\/04\/denuncia-contra-landim-nao-interfere-em-eleicao-no-flamengo\/\" \/>\n<meta property=\"og:locale\" content=\"pt_BR\" \/>\n<meta property=\"og:type\" content=\"article\" \/>\n<meta property=\"og:title\" content=\"Den\u00fancia contra Landim n\u00e3o interfere em elei\u00e7\u00e3o no Flamengo\" \/>\n<meta property=\"og:description\" content=\"R\u00e9u em um processo que corre em Bras\u00edlia por crimes durante a administra\u00e7\u00e3o de um fundo de pens\u00e3o, o presidente do Flamengo, Rodolfo Landim, que \u00e9 candidato a reelei\u00e7\u00e3o, j\u00e1 cumpriu os pr\u00e9-requisitos para ter a chapa roxa homologada pela Comiss\u00e3o Eleitoral do clube. A den\u00fancia acatada pela Justi\u00e7a nesta quarta-feira n\u00e3o tem como gerar [&hellip;]\" \/>\n<meta property=\"og:url\" content=\"https:\/\/www.gaveanews.com\/index.php\/2021\/11\/04\/denuncia-contra-landim-nao-interfere-em-eleicao-no-flamengo\/\" \/>\n<meta property=\"og:site_name\" content=\"G\u00e1vea News\" \/>\n<meta property=\"article:publisher\" content=\"https:\/\/facebook.com\/gaveaNews\/\" \/>\n<meta property=\"article:published_time\" content=\"2021-11-04T22:34:04+00:00\" \/>\n<meta property=\"article:modified_time\" content=\"2021-11-04T22:34:07+00:00\" \/>\n<meta property=\"og:image\" content=\"https:\/\/www.gaveanews.com\/wp-content\/uploads\/Rodolfo-Landim-em-entrevista-coletiva-no-Ninho-do-Urubu.webp\" \/>\n\t<meta property=\"og:image:width\" content=\"799\" \/>\n\t<meta property=\"og:image:height\" content=\"532\" \/>\n\t<meta property=\"og:image:type\" content=\"image\/jpeg\" \/>\n<meta name=\"author\" content=\"Equipe G\u00e1vea News\" \/>\n<meta name=\"twitter:card\" content=\"summary_large_image\" \/>\n<meta name=\"twitter:label1\" content=\"Escrito por\" \/>\n\t<meta name=\"twitter:data1\" content=\"Equipe G\u00e1vea News\" \/>\n\t<meta name=\"twitter:label2\" content=\"Est. tempo de leitura\" \/>\n\t<meta name=\"twitter:data2\" content=\"2 minutos\" \/>\n<script type=\"application\/ld+json\" class=\"yoast-schema-graph\">{\"@context\":\"https:\/\/schema.org\",\"@graph\":[{\"@type\":\"NewsArticle\",\"@id\":\"https:\/\/www.gaveanews.com\/index.php\/2021\/11\/04\/denuncia-contra-landim-nao-interfere-em-eleicao-no-flamengo\/#article\",\"isPartOf\":{\"@id\":\"https:\/\/www.gaveanews.com\/index.php\/2021\/11\/04\/denuncia-contra-landim-nao-interfere-em-eleicao-no-flamengo\/\"},\"author\":{\"name\":\"Equipe G\u00e1vea News\",\"@id\":\"https:\/\/www.gaveanews.com\/#\/schema\/person\/2ec14f73fb96be2caf28f91afb14749d\"},\"headline\":\"Den\u00fancia contra Landim n\u00e3o interfere em elei\u00e7\u00e3o no Flamengo\",\"datePublished\":\"2021-11-04T22:34:04+00:00\",\"dateModified\":\"2021-11-04T22:34:07+00:00\",\"mainEntityOfPage\":{\"@id\":\"https:\/\/www.gaveanews.com\/index.php\/2021\/11\/04\/denuncia-contra-landim-nao-interfere-em-eleicao-no-flamengo\/\"},\"wordCount\":335,\"commentCount\":2,\"image\":{\"@id\":\"https:\/\/www.gaveanews.com\/index.php\/2021\/11\/04\/denuncia-contra-landim-nao-interfere-em-eleicao-no-flamengo\/#primaryimage\"},\"thumbnailUrl\":\"https:\/\/www.gaveanews.com\/wp-content\/uploads\/Rodolfo-Landim-em-entrevista-coletiva-no-Ninho-do-Urubu.webp\",\"articleSection\":[\"Flamengo\"],\"inLanguage\":\"pt-BR\",\"potentialAction\":[{\"@type\":\"CommentAction\",\"name\":\"Comment\",\"target\":[\"https:\/\/www.gaveanews.com\/index.php\/2021\/11\/04\/denuncia-contra-landim-nao-interfere-em-eleicao-no-flamengo\/#respond\"]}],\"copyrightYear\":\"2021\",\"copyrightHolder\":{\"@id\":\"https:\/\/www.gaveanews.com\/#organization\"}},{\"@type\":\"WebPage\",\"@id\":\"https:\/\/www.gaveanews.com\/index.php\/2021\/11\/04\/denuncia-contra-landim-nao-interfere-em-eleicao-no-flamengo\/\",\"url\":\"https:\/\/www.gaveanews.com\/index.php\/2021\/11\/04\/denuncia-contra-landim-nao-interfere-em-eleicao-no-flamengo\/\",\"name\":\"Den\u00fancia contra Landim n\u00e3o interfere em elei\u00e7\u00e3o no Flamengo\",\"isPartOf\":{\"@id\":\"https:\/\/www.gaveanews.com\/#website\"},\"primaryImageOfPage\":{\"@id\":\"https:\/\/www.gaveanews.com\/index.php\/2021\/11\/04\/denuncia-contra-landim-nao-interfere-em-eleicao-no-flamengo\/#primaryimage\"},\"image\":{\"@id\":\"https:\/\/www.gaveanews.com\/index.php\/2021\/11\/04\/denuncia-contra-landim-nao-interfere-em-eleicao-no-flamengo\/#primaryimage\"},\"thumbnailUrl\":\"https:\/\/www.gaveanews.com\/wp-content\/uploads\/Rodolfo-Landim-em-entrevista-coletiva-no-Ninho-do-Urubu.webp\",\"datePublished\":\"2021-11-04T22:34:04+00:00\",\"dateModified\":\"2021-11-04T22:34:07+00:00\",\"author\":{\"@id\":\"https:\/\/www.gaveanews.com\/#\/schema\/person\/2ec14f73fb96be2caf28f91afb14749d\"},\"breadcrumb\":{\"@id\":\"https:\/\/www.gaveanews.com\/index.php\/2021\/11\/04\/denuncia-contra-landim-nao-interfere-em-eleicao-no-flamengo\/#breadcrumb\"},\"inLanguage\":\"pt-BR\",\"potentialAction\":[{\"@type\":\"ReadAction\",\"target\":[\"https:\/\/www.gaveanews.com\/index.php\/2021\/11\/04\/denuncia-contra-landim-nao-interfere-em-eleicao-no-flamengo\/\"]}]},{\"@type\":\"ImageObject\",\"inLanguage\":\"pt-BR\",\"@id\":\"https:\/\/www.gaveanews.com\/index.php\/2021\/11\/04\/denuncia-contra-landim-nao-interfere-em-eleicao-no-flamengo\/#primaryimage\",\"url\":\"https:\/\/www.gaveanews.com\/wp-content\/uploads\/Rodolfo-Landim-em-entrevista-coletiva-no-Ninho-do-Urubu.webp\",\"contentUrl\":\"https:\/\/www.gaveanews.com\/wp-content\/uploads\/Rodolfo-Landim-em-entrevista-coletiva-no-Ninho-do-Urubu.webp\",\"width\":799,\"height\":532,\"caption\":\"Rodolfo Landim em entrevista coletiva no Ninho do Urubu (Foto: Alexandre Vidal\/Flamengo)\"},{\"@type\":\"BreadcrumbList\",\"@id\":\"https:\/\/www.gaveanews.com\/index.php\/2021\/11\/04\/denuncia-contra-landim-nao-interfere-em-eleicao-no-flamengo\/#breadcrumb\",\"itemListElement\":[{\"@type\":\"ListItem\",\"position\":1,\"name\":\"Home\",\"item\":\"https:\/\/www.gaveanews.com\/\"},{\"@type\":\"ListItem\",\"position\":2,\"name\":\"Den\u00fancia contra Landim n\u00e3o interfere em elei\u00e7\u00e3o no Flamengo\"}]},{\"@type\":\"WebSite\",\"@id\":\"https:\/\/www.gaveanews.com\/#website\",\"url\":\"https:\/\/www.gaveanews.com\/\",\"name\":\"G\u00e1vea News\",\"description\":\"Veja todas as not\u00edcias sobre o Flamengo: Contrata\u00e7\u00f5es, categorias de base, resultados das partidas, tabela de classifica\u00e7\u00e3o, pr\u00f3ximos jogos!\",\"potentialAction\":[{\"@type\":\"SearchAction\",\"target\":{\"@type\":\"EntryPoint\",\"urlTemplate\":\"https:\/\/www.gaveanews.com\/?s={search_term_string}\"},\"query-input\":{\"@type\":\"PropertyValueSpecification\",\"valueRequired\":true,\"valueName\":\"search_term_string\"}}],\"inLanguage\":\"pt-BR\"},{\"@type\":\"Person\",\"@id\":\"https:\/\/www.gaveanews.com\/#\/schema\/person\/2ec14f73fb96be2caf28f91afb14749d\",\"name\":\"Equipe G\u00e1vea News\",\"image\":{\"@type\":\"ImageObject\",\"inLanguage\":\"pt-BR\",\"@id\":\"https:\/\/www.gaveanews.com\/#\/schema\/person\/image\/\",\"url\":\"https:\/\/secure.gravatar.com\/avatar\/1e1956f1facbffd3f8fa53a326721950116b3b9dc9bd44939c01180fd4a745a9?s=96&d=mm&r=g\",\"contentUrl\":\"https:\/\/secure.gravatar.com\/avatar\/1e1956f1facbffd3f8fa53a326721950116b3b9dc9bd44939c01180fd4a745a9?s=96&d=mm&r=g\",\"caption\":\"Equipe G\u00e1vea News\"}}]}<\/script>\n<!-- \/ Yoast SEO Premium plugin. -->","yoast_head_json":{"title":"Den\u00fancia contra Landim n\u00e3o interfere em elei\u00e7\u00e3o no Flamengo","robots":{"index":"index","follow":"follow","max-snippet":"max-snippet:-1","max-image-preview":"max-image-preview:large","max-video-preview":"max-video-preview:-1"},"canonical":"https:\/\/www.gaveanews.com\/index.php\/2021\/11\/04\/denuncia-contra-landim-nao-interfere-em-eleicao-no-flamengo\/","og_locale":"pt_BR","og_type":"article","og_title":"Den\u00fancia contra Landim n\u00e3o interfere em elei\u00e7\u00e3o no Flamengo","og_description":"R\u00e9u em um processo que corre em Bras\u00edlia por crimes durante a administra\u00e7\u00e3o de um fundo de pens\u00e3o, o presidente do Flamengo, Rodolfo Landim, que \u00e9 candidato a reelei\u00e7\u00e3o, j\u00e1 cumpriu os pr\u00e9-requisitos para ter a chapa roxa homologada pela Comiss\u00e3o Eleitoral do clube. A den\u00fancia acatada pela Justi\u00e7a nesta quarta-feira n\u00e3o tem como gerar [&hellip;]","og_url":"https:\/\/www.gaveanews.com\/index.php\/2021\/11\/04\/denuncia-contra-landim-nao-interfere-em-eleicao-no-flamengo\/","og_site_name":"G\u00e1vea News","article_publisher":"https:\/\/facebook.com\/gaveaNews\/","article_published_time":"2021-11-04T22:34:04+00:00","article_modified_time":"2021-11-04T22:34:07+00:00","og_image":[{"width":799,"height":532,"url":"https:\/\/www.gaveanews.com\/wp-content\/uploads\/Rodolfo-Landim-em-entrevista-coletiva-no-Ninho-do-Urubu.webp","type":"image\/jpeg"}],"author":"Equipe G\u00e1vea News","twitter_card":"summary_large_image","twitter_misc":{"Escrito por":"Equipe G\u00e1vea News","Est. tempo de leitura":"2 minutos"},"schema":{"@context":"https:\/\/schema.org","@graph":[{"@type":"NewsArticle","@id":"https:\/\/www.gaveanews.com\/index.php\/2021\/11\/04\/denuncia-contra-landim-nao-interfere-em-eleicao-no-flamengo\/#article","isPartOf":{"@id":"https:\/\/www.gaveanews.com\/index.php\/2021\/11\/04\/denuncia-contra-landim-nao-interfere-em-eleicao-no-flamengo\/"},"author":{"name":"Equipe G\u00e1vea News","@id":"https:\/\/www.gaveanews.com\/#\/schema\/person\/2ec14f73fb96be2caf28f91afb14749d"},"headline":"Den\u00fancia contra Landim n\u00e3o interfere em elei\u00e7\u00e3o no Flamengo","datePublished":"2021-11-04T22:34:04+00:00","dateModified":"2021-11-04T22:34:07+00:00","mainEntityOfPage":{"@id":"https:\/\/www.gaveanews.com\/index.php\/2021\/11\/04\/denuncia-contra-landim-nao-interfere-em-eleicao-no-flamengo\/"},"wordCount":335,"commentCount":2,"image":{"@id":"https:\/\/www.gaveanews.com\/index.php\/2021\/11\/04\/denuncia-contra-landim-nao-interfere-em-eleicao-no-flamengo\/#primaryimage"},"thumbnailUrl":"https:\/\/www.gaveanews.com\/wp-content\/uploads\/Rodolfo-Landim-em-entrevista-coletiva-no-Ninho-do-Urubu.webp","articleSection":["Flamengo"],"inLanguage":"pt-BR","potentialAction":[{"@type":"CommentAction","name":"Comment","target":["https:\/\/www.gaveanews.com\/index.php\/2021\/11\/04\/denuncia-contra-landim-nao-interfere-em-eleicao-no-flamengo\/#respond"]}],"copyrightYear":"2021","copyrightHolder":{"@id":"https:\/\/www.gaveanews.com\/#organization"}},{"@type":"WebPage","@id":"https:\/\/www.gaveanews.com\/index.php\/2021\/11\/04\/denuncia-contra-landim-nao-interfere-em-eleicao-no-flamengo\/","url":"https:\/\/www.gaveanews.com\/index.php\/2021\/11\/04\/denuncia-contra-landim-nao-interfere-em-eleicao-no-flamengo\/","name":"Den\u00fancia contra Landim n\u00e3o interfere em elei\u00e7\u00e3o no Flamengo","isPartOf":{"@id":"https:\/\/www.gaveanews.com\/#website"},"primaryImageOfPage":{"@id":"https:\/\/www.gaveanews.com\/index.php\/2021\/11\/04\/denuncia-contra-landim-nao-interfere-em-eleicao-no-flamengo\/#primaryimage"},"image":{"@id":"https:\/\/www.gaveanews.com\/index.php\/2021\/11\/04\/denuncia-contra-landim-nao-interfere-em-eleicao-no-flamengo\/#primaryimage"},"thumbnailUrl":"https:\/\/www.gaveanews.com\/wp-content\/uploads\/Rodolfo-Landim-em-entrevista-coletiva-no-Ninho-do-Urubu.webp","datePublished":"2021-11-04T22:34:04+00:00","dateModified":"2021-11-04T22:34:07+00:00","author":{"@id":"https:\/\/www.gaveanews.com\/#\/schema\/person\/2ec14f73fb96be2caf28f91afb14749d"},"breadcrumb":{"@id":"https:\/\/www.gaveanews.com\/index.php\/2021\/11\/04\/denuncia-contra-landim-nao-interfere-em-eleicao-no-flamengo\/#breadcrumb"},"inLanguage":"pt-BR","potentialAction":[{"@type":"ReadAction","target":["https:\/\/www.gaveanews.com\/index.php\/2021\/11\/04\/denuncia-contra-landim-nao-interfere-em-eleicao-no-flamengo\/"]}]},{"@type":"ImageObject","inLanguage":"pt-BR","@id":"https:\/\/www.gaveanews.com\/index.php\/2021\/11\/04\/denuncia-contra-landim-nao-interfere-em-eleicao-no-flamengo\/#primaryimage","url":"https:\/\/www.gaveanews.com\/wp-content\/uploads\/Rodolfo-Landim-em-entrevista-coletiva-no-Ninho-do-Urubu.webp","contentUrl":"https:\/\/www.gaveanews.com\/wp-content\/uploads\/Rodolfo-Landim-em-entrevista-coletiva-no-Ninho-do-Urubu.webp","width":799,"height":532,"caption":"Rodolfo Landim em entrevista coletiva no Ninho do Urubu (Foto: Alexandre Vidal\/Flamengo)"},{"@type":"BreadcrumbList","@id":"https:\/\/www.gaveanews.com\/index.php\/2021\/11\/04\/denuncia-contra-landim-nao-interfere-em-eleicao-no-flamengo\/#breadcrumb","itemListElement":[{"@type":"ListItem","position":1,"name":"Home","item":"https:\/\/www.gaveanews.com\/"},{"@type":"ListItem","position":2,"name":"Den\u00fancia contra Landim n\u00e3o interfere em elei\u00e7\u00e3o no Flamengo"}]},{"@type":"WebSite","@id":"https:\/\/www.gaveanews.com\/#website","url":"https:\/\/www.gaveanews.com\/","name":"G\u00e1vea News","description":"Veja todas as not\u00edcias sobre o Flamengo: Contrata\u00e7\u00f5es, categorias de base, resultados das partidas, tabela de classifica\u00e7\u00e3o, pr\u00f3ximos jogos!","potentialAction":[{"@type":"SearchAction","target":{"@type":"EntryPoint","urlTemplate":"https:\/\/www.gaveanews.com\/?s={search_term_string}"},"query-input":{"@type":"PropertyValueSpecification","valueRequired":true,"valueName":"search_term_string"}}],"inLanguage":"pt-BR"},{"@type":"Person","@id":"https:\/\/www.gaveanews.com\/#\/schema\/person\/2ec14f73fb96be2caf28f91afb14749d","name":"Equipe G\u00e1vea News","image":{"@type":"ImageObject","inLanguage":"pt-BR","@id":"https:\/\/www.gaveanews.com\/#\/schema\/person\/image\/","url":"https:\/\/secure.gravatar.com\/avatar\/1e1956f1facbffd3f8fa53a326721950116b3b9dc9bd44939c01180fd4a745a9?s=96&d=mm&r=g","contentUrl":"https:\/\/secure.gravatar.com\/avatar\/1e1956f1facbffd3f8fa53a326721950116b3b9dc9bd44939c01180fd4a745a9?s=96&d=mm&r=g","caption":"Equipe G\u00e1vea News"}}]}},"_links":{"self":[{"href":"https:\/\/www.gaveanews.com\/index.php\/wp-json\/wp\/v2\/posts\/71213","targetHints":{"allow":["GET"]}}],"collection":[{"href":"https:\/\/www.gaveanews.com\/index.php\/wp-json\/wp\/v2\/posts"}],"about":[{"href":"https:\/\/www.gaveanews.com\/index.php\/wp-json\/wp\/v2\/types\/post"}],"author":[{"embeddable":true,"href":"https:\/\/www.gaveanews.com\/index.php\/wp-json\/wp\/v2\/users\/1"}],"replies":[{"embeddable":true,"href":"https:\/\/www.gaveanews.com\/index.php\/wp-json\/wp\/v2\/comments?post=71213"}],"version-history":[{"count":0,"href":"https:\/\/www.gaveanews.com\/index.php\/wp-json\/wp\/v2\/posts\/71213\/revisions"}],"wp:featuredmedia":[{"embeddable":true,"href":"https:\/\/www.gaveanews.com\/index.php\/wp-json\/wp\/v2\/media\/64406"}],"wp:attachment":[{"href":"https:\/\/www.gaveanews.com\/index.php\/wp-json\/wp\/v2\/media?parent=71213"}],"wp:term":[{"taxonomy":"category","embeddable":true,"href":"https:\/\/www.gaveanews.com\/index.php\/wp-json\/wp\/v2\/categories?post=71213"},{"taxonomy":"post_tag","embeddable":true,"href":"https:\/\/www.gaveanews.com\/index.php\/wp-json\/wp\/v2\/tags?post=71213"}],"curies":[{"name":"wp","href":"https:\/\/api.w.org\/{rel}","templated":true}]}}