{"id":71240,"date":"2021-11-05T06:53:44","date_gmt":"2021-11-05T09:53:44","guid":{"rendered":"https:\/\/www.gaveanews.com\/?p=71240"},"modified":"2021-11-05T06:53:47","modified_gmt":"2021-11-05T09:53:47","slug":"cbf-avisa-clubes-que-nao-poupara-atletas-em-convocacoes-em-ano-da-copa","status":"publish","type":"post","link":"https:\/\/www.gaveanews.com\/index.php\/2021\/11\/05\/cbf-avisa-clubes-que-nao-poupara-atletas-em-convocacoes-em-ano-da-copa\/","title":{"rendered":"CBF avisa clubes que n\u00e3o poupar\u00e1 atletas em convoca\u00e7\u00f5es em ano da Copa"},"content":{"rendered":"\n<p>A CBF avisou os clubes que o t\u00e9cnico Tite n\u00e3o evitar\u00e1 convoca\u00e7\u00f5es de jogadores em datas-Fifa conflitantes com partidas do Brasileiro no ano da Copa. Esse alerta foi dado ap\u00f3s um pedido do Flamengo em reuni\u00e3o com clubes e federa\u00e7\u00f5es para discutir o calend\u00e1rio de 2022. Assim, n\u00e3o se repetir\u00e1 o que ocorreu nos jogos das eliminat\u00f3rias no final deste ano.<\/p>\n\n\n\n<p>Na reuni\u00e3o, a CBF mostrou o calend\u00e1rio para 2022. No documento, h\u00e1 datas-Fifa coincidentes com cinco jogos do Brasileiro. Assim, os times estar\u00e3o desfalcados nestas rodadas. S\u00f3 ser\u00e1 diferente se a confedera\u00e7\u00e3o optar por uma mudan\u00e7a no calend\u00e1rio apresentado.<\/p>\n\n\n\n<p>Pois bem, o Flamengo queria o in\u00edcio dos Estaduais antecipado para n\u00e3o haver os desfalques. Quando a CBF sinalizou que isso seria imposs\u00edvel, o presidente rubro-negro, Rodolfo Landim, perguntou se se seria poss\u00edvel n\u00e3o convocar jogadores que atuam no Brasil nas datas-Fifa conflitantes com o Brasileiro.<\/p>\n\n\n\n<p>O vice-presidente da CBF, Gustavo Feij\u00f3, que \u00e9 respons\u00e1vel por cuidar da parte de sele\u00e7\u00e3o, respondeu que isso n\u00e3o seria vi\u00e1vel. Sua explica\u00e7\u00e3o foi de que Tite n\u00e3o poderia deixar de chamar atletas no ano da Copa-2022 porque prejudicaria a prepara\u00e7\u00e3o do time. Alegou ainda que os atletas ficaram contrariados por perderem chances na disputa da vaga para o Mundial.<\/p>\n\n\n\n<p>Ou seja, a diretoria da confedera\u00e7\u00e3o sinalizou que n\u00e3o repetir\u00e1 o que aconteceu na fase decisiva do Brasileiro em que abdicou dos atletas que atuam no Brasil. Os desfalques ocorrer\u00e3o em datas do Brasileiro em junho \u2014quatro rodadas afetadas\u2014 e setembro\u2014 uma.<\/p>\n\n\n\n<p>A declara\u00e7\u00e3o de Feij\u00f3 n\u00e3o agradou o Flamengo que tamb\u00e9m ficou contrariado com o fato de a CBF ter se recusado a antecipar o in\u00edcio dos Estadual para evitar conflitos. A alega\u00e7\u00e3o da entidade, neste caso, \u00e9 que contratos dos campeonatos impedem que isso ocorra.<\/p>\n\n\n\n<p>Outra possibilidade levantada pelo Flamengo foi deslocar jogos da Copa do Brasil para datas-Fifa. A CBF tamb\u00e9m indicou que isso n\u00e3o deve ocorrer.<\/p>\n\n\n\n<p>Pelo calend\u00e1rio apresentado, a temporada come\u00e7a em 26 de janeiro, com os Estaduais. H\u00e1 datas de competi\u00e7\u00f5es regionais tamb\u00e9m conflitantes com a sele\u00e7\u00e3o, mas isso n\u00e3o gerou reclama\u00e7\u00e3o. A temporada ir\u00e1 at\u00e9 14 de novembro quando acaba o Brasileiro.<\/p>\n\n\n\n<p>Retirado de: UOL<\/p>\n","protected":false},"excerpt":{"rendered":"<p>A CBF avisou os clubes que o t\u00e9cnico Tite n\u00e3o evitar\u00e1 convoca\u00e7\u00f5es de jogadores em datas-Fifa conflitantes com partidas do Brasileiro no ano da Copa. Esse alerta foi dado ap\u00f3s um pedido do Flamengo em reuni\u00e3o com clubes e federa\u00e7\u00f5es para discutir o calend\u00e1rio de 2022. Assim, n\u00e3o se repetir\u00e1 o que ocorreu nos jogos [&hellip;]<\/p>\n","protected":false},"author":1,"featured_media":51867,"comment_status":"open","ping_status":"closed","sticky":false,"template":"","format":"standard","meta":{"footnotes":""},"categories":[1],"tags":[],"class_list":["post-71240","post","type-post","status-publish","format-standard","has-post-thumbnail","hentry","category-flamengo"],"yoast_head":"<!-- This site is optimized with the Yoast SEO Premium plugin v24.2 (Yoast SEO v26.9) - https:\/\/yoast.com\/product\/yoast-seo-premium-wordpress\/ -->\n<title>CBF avisa clubes que n\u00e3o poupar\u00e1 atletas em convoca\u00e7\u00f5es em ano da Copa<\/title>\n<meta name=\"robots\" content=\"index, follow, max-snippet:-1, max-image-preview:large, max-video-preview:-1\" \/>\n<link rel=\"canonical\" href=\"https:\/\/www.gaveanews.com\/index.php\/2021\/11\/05\/cbf-avisa-clubes-que-nao-poupara-atletas-em-convocacoes-em-ano-da-copa\/\" \/>\n<meta property=\"og:locale\" content=\"pt_BR\" \/>\n<meta property=\"og:type\" content=\"article\" \/>\n<meta property=\"og:title\" content=\"CBF avisa clubes que n\u00e3o poupar\u00e1 atletas em convoca\u00e7\u00f5es em ano da Copa\" \/>\n<meta property=\"og:description\" content=\"A CBF avisou os clubes que o t\u00e9cnico Tite n\u00e3o evitar\u00e1 convoca\u00e7\u00f5es de jogadores em datas-Fifa conflitantes com partidas do Brasileiro no ano da Copa. Esse alerta foi dado ap\u00f3s um pedido do Flamengo em reuni\u00e3o com clubes e federa\u00e7\u00f5es para discutir o calend\u00e1rio de 2022. Assim, n\u00e3o se repetir\u00e1 o que ocorreu nos jogos [&hellip;]\" \/>\n<meta property=\"og:url\" content=\"https:\/\/www.gaveanews.com\/index.php\/2021\/11\/05\/cbf-avisa-clubes-que-nao-poupara-atletas-em-convocacoes-em-ano-da-copa\/\" \/>\n<meta property=\"og:site_name\" content=\"G\u00e1vea News\" \/>\n<meta property=\"article:publisher\" content=\"https:\/\/facebook.com\/gaveaNews\/\" \/>\n<meta property=\"article:published_time\" content=\"2021-11-05T09:53:44+00:00\" \/>\n<meta property=\"article:modified_time\" content=\"2021-11-05T09:53:47+00:00\" \/>\n<meta property=\"og:image\" content=\"https:\/\/www.gaveanews.com\/wp-content\/uploads\/Everton-Ribeiro-em-acao-pelo-Brasil.webp\" \/>\n\t<meta property=\"og:image:width\" content=\"900\" \/>\n\t<meta property=\"og:image:height\" content=\"506\" \/>\n\t<meta property=\"og:image:type\" content=\"image\/jpeg\" \/>\n<meta name=\"author\" content=\"Equipe G\u00e1vea News\" \/>\n<meta name=\"twitter:card\" content=\"summary_large_image\" \/>\n<meta name=\"twitter:label1\" content=\"Escrito por\" \/>\n\t<meta name=\"twitter:data1\" content=\"Equipe G\u00e1vea News\" \/>\n\t<meta name=\"twitter:label2\" content=\"Est. tempo de leitura\" \/>\n\t<meta name=\"twitter:data2\" content=\"2 minutos\" \/>\n<script type=\"application\/ld+json\" class=\"yoast-schema-graph\">{\"@context\":\"https:\/\/schema.org\",\"@graph\":[{\"@type\":\"NewsArticle\",\"@id\":\"https:\/\/www.gaveanews.com\/index.php\/2021\/11\/05\/cbf-avisa-clubes-que-nao-poupara-atletas-em-convocacoes-em-ano-da-copa\/#article\",\"isPartOf\":{\"@id\":\"https:\/\/www.gaveanews.com\/index.php\/2021\/11\/05\/cbf-avisa-clubes-que-nao-poupara-atletas-em-convocacoes-em-ano-da-copa\/\"},\"author\":{\"name\":\"Equipe G\u00e1vea News\",\"@id\":\"https:\/\/www.gaveanews.com\/#\/schema\/person\/2ec14f73fb96be2caf28f91afb14749d\"},\"headline\":\"CBF avisa clubes que n\u00e3o poupar\u00e1 atletas em convoca\u00e7\u00f5es em ano da Copa\",\"datePublished\":\"2021-11-05T09:53:44+00:00\",\"dateModified\":\"2021-11-05T09:53:47+00:00\",\"mainEntityOfPage\":{\"@id\":\"https:\/\/www.gaveanews.com\/index.php\/2021\/11\/05\/cbf-avisa-clubes-que-nao-poupara-atletas-em-convocacoes-em-ano-da-copa\/\"},\"wordCount\":411,\"commentCount\":12,\"image\":{\"@id\":\"https:\/\/www.gaveanews.com\/index.php\/2021\/11\/05\/cbf-avisa-clubes-que-nao-poupara-atletas-em-convocacoes-em-ano-da-copa\/#primaryimage\"},\"thumbnailUrl\":\"https:\/\/www.gaveanews.com\/wp-content\/uploads\/Everton-Ribeiro-em-acao-pelo-Brasil.webp\",\"articleSection\":[\"Flamengo\"],\"inLanguage\":\"pt-BR\",\"potentialAction\":[{\"@type\":\"CommentAction\",\"name\":\"Comment\",\"target\":[\"https:\/\/www.gaveanews.com\/index.php\/2021\/11\/05\/cbf-avisa-clubes-que-nao-poupara-atletas-em-convocacoes-em-ano-da-copa\/#respond\"]}],\"copyrightYear\":\"2021\",\"copyrightHolder\":{\"@id\":\"https:\/\/www.gaveanews.com\/#organization\"}},{\"@type\":\"WebPage\",\"@id\":\"https:\/\/www.gaveanews.com\/index.php\/2021\/11\/05\/cbf-avisa-clubes-que-nao-poupara-atletas-em-convocacoes-em-ano-da-copa\/\",\"url\":\"https:\/\/www.gaveanews.com\/index.php\/2021\/11\/05\/cbf-avisa-clubes-que-nao-poupara-atletas-em-convocacoes-em-ano-da-copa\/\",\"name\":\"CBF avisa clubes que n\u00e3o poupar\u00e1 atletas em convoca\u00e7\u00f5es em ano da Copa\",\"isPartOf\":{\"@id\":\"https:\/\/www.gaveanews.com\/#website\"},\"primaryImageOfPage\":{\"@id\":\"https:\/\/www.gaveanews.com\/index.php\/2021\/11\/05\/cbf-avisa-clubes-que-nao-poupara-atletas-em-convocacoes-em-ano-da-copa\/#primaryimage\"},\"image\":{\"@id\":\"https:\/\/www.gaveanews.com\/index.php\/2021\/11\/05\/cbf-avisa-clubes-que-nao-poupara-atletas-em-convocacoes-em-ano-da-copa\/#primaryimage\"},\"thumbnailUrl\":\"https:\/\/www.gaveanews.com\/wp-content\/uploads\/Everton-Ribeiro-em-acao-pelo-Brasil.webp\",\"datePublished\":\"2021-11-05T09:53:44+00:00\",\"dateModified\":\"2021-11-05T09:53:47+00:00\",\"author\":{\"@id\":\"https:\/\/www.gaveanews.com\/#\/schema\/person\/2ec14f73fb96be2caf28f91afb14749d\"},\"breadcrumb\":{\"@id\":\"https:\/\/www.gaveanews.com\/index.php\/2021\/11\/05\/cbf-avisa-clubes-que-nao-poupara-atletas-em-convocacoes-em-ano-da-copa\/#breadcrumb\"},\"inLanguage\":\"pt-BR\",\"potentialAction\":[{\"@type\":\"ReadAction\",\"target\":[\"https:\/\/www.gaveanews.com\/index.php\/2021\/11\/05\/cbf-avisa-clubes-que-nao-poupara-atletas-em-convocacoes-em-ano-da-copa\/\"]}]},{\"@type\":\"ImageObject\",\"inLanguage\":\"pt-BR\",\"@id\":\"https:\/\/www.gaveanews.com\/index.php\/2021\/11\/05\/cbf-avisa-clubes-que-nao-poupara-atletas-em-convocacoes-em-ano-da-copa\/#primaryimage\",\"url\":\"https:\/\/www.gaveanews.com\/wp-content\/uploads\/Everton-Ribeiro-em-acao-pelo-Brasil.webp\",\"contentUrl\":\"https:\/\/www.gaveanews.com\/wp-content\/uploads\/Everton-Ribeiro-em-acao-pelo-Brasil.webp\",\"width\":900,\"height\":506,\"caption\":\"Everton Ribeiro em a\u00e7\u00e3o pelo Brasil (Foto: Lucas Figueiredo\/CBF)\"},{\"@type\":\"BreadcrumbList\",\"@id\":\"https:\/\/www.gaveanews.com\/index.php\/2021\/11\/05\/cbf-avisa-clubes-que-nao-poupara-atletas-em-convocacoes-em-ano-da-copa\/#breadcrumb\",\"itemListElement\":[{\"@type\":\"ListItem\",\"position\":1,\"name\":\"Home\",\"item\":\"https:\/\/www.gaveanews.com\/\"},{\"@type\":\"ListItem\",\"position\":2,\"name\":\"CBF avisa clubes que n\u00e3o poupar\u00e1 atletas em convoca\u00e7\u00f5es em ano da Copa\"}]},{\"@type\":\"WebSite\",\"@id\":\"https:\/\/www.gaveanews.com\/#website\",\"url\":\"https:\/\/www.gaveanews.com\/\",\"name\":\"G\u00e1vea News\",\"description\":\"Veja todas as not\u00edcias sobre o Flamengo: Contrata\u00e7\u00f5es, categorias de base, resultados das partidas, tabela de classifica\u00e7\u00e3o, pr\u00f3ximos jogos!\",\"potentialAction\":[{\"@type\":\"SearchAction\",\"target\":{\"@type\":\"EntryPoint\",\"urlTemplate\":\"https:\/\/www.gaveanews.com\/?s={search_term_string}\"},\"query-input\":{\"@type\":\"PropertyValueSpecification\",\"valueRequired\":true,\"valueName\":\"search_term_string\"}}],\"inLanguage\":\"pt-BR\"},{\"@type\":\"Person\",\"@id\":\"https:\/\/www.gaveanews.com\/#\/schema\/person\/2ec14f73fb96be2caf28f91afb14749d\",\"name\":\"Equipe G\u00e1vea News\",\"image\":{\"@type\":\"ImageObject\",\"inLanguage\":\"pt-BR\",\"@id\":\"https:\/\/www.gaveanews.com\/#\/schema\/person\/image\/\",\"url\":\"https:\/\/secure.gravatar.com\/avatar\/1e1956f1facbffd3f8fa53a326721950116b3b9dc9bd44939c01180fd4a745a9?s=96&d=mm&r=g\",\"contentUrl\":\"https:\/\/secure.gravatar.com\/avatar\/1e1956f1facbffd3f8fa53a326721950116b3b9dc9bd44939c01180fd4a745a9?s=96&d=mm&r=g\",\"caption\":\"Equipe G\u00e1vea News\"}}]}<\/script>\n<!-- \/ Yoast SEO Premium plugin. -->","yoast_head_json":{"title":"CBF avisa clubes que n\u00e3o poupar\u00e1 atletas em convoca\u00e7\u00f5es em ano da Copa","robots":{"index":"index","follow":"follow","max-snippet":"max-snippet:-1","max-image-preview":"max-image-preview:large","max-video-preview":"max-video-preview:-1"},"canonical":"https:\/\/www.gaveanews.com\/index.php\/2021\/11\/05\/cbf-avisa-clubes-que-nao-poupara-atletas-em-convocacoes-em-ano-da-copa\/","og_locale":"pt_BR","og_type":"article","og_title":"CBF avisa clubes que n\u00e3o poupar\u00e1 atletas em convoca\u00e7\u00f5es em ano da Copa","og_description":"A CBF avisou os clubes que o t\u00e9cnico Tite n\u00e3o evitar\u00e1 convoca\u00e7\u00f5es de jogadores em datas-Fifa conflitantes com partidas do Brasileiro no ano da Copa. Esse alerta foi dado ap\u00f3s um pedido do Flamengo em reuni\u00e3o com clubes e federa\u00e7\u00f5es para discutir o calend\u00e1rio de 2022. Assim, n\u00e3o se repetir\u00e1 o que ocorreu nos jogos [&hellip;]","og_url":"https:\/\/www.gaveanews.com\/index.php\/2021\/11\/05\/cbf-avisa-clubes-que-nao-poupara-atletas-em-convocacoes-em-ano-da-copa\/","og_site_name":"G\u00e1vea News","article_publisher":"https:\/\/facebook.com\/gaveaNews\/","article_published_time":"2021-11-05T09:53:44+00:00","article_modified_time":"2021-11-05T09:53:47+00:00","og_image":[{"width":900,"height":506,"url":"https:\/\/www.gaveanews.com\/wp-content\/uploads\/Everton-Ribeiro-em-acao-pelo-Brasil.webp","type":"image\/jpeg"}],"author":"Equipe G\u00e1vea News","twitter_card":"summary_large_image","twitter_misc":{"Escrito por":"Equipe G\u00e1vea News","Est. tempo de leitura":"2 minutos"},"schema":{"@context":"https:\/\/schema.org","@graph":[{"@type":"NewsArticle","@id":"https:\/\/www.gaveanews.com\/index.php\/2021\/11\/05\/cbf-avisa-clubes-que-nao-poupara-atletas-em-convocacoes-em-ano-da-copa\/#article","isPartOf":{"@id":"https:\/\/www.gaveanews.com\/index.php\/2021\/11\/05\/cbf-avisa-clubes-que-nao-poupara-atletas-em-convocacoes-em-ano-da-copa\/"},"author":{"name":"Equipe G\u00e1vea News","@id":"https:\/\/www.gaveanews.com\/#\/schema\/person\/2ec14f73fb96be2caf28f91afb14749d"},"headline":"CBF avisa clubes que n\u00e3o poupar\u00e1 atletas em convoca\u00e7\u00f5es em ano da Copa","datePublished":"2021-11-05T09:53:44+00:00","dateModified":"2021-11-05T09:53:47+00:00","mainEntityOfPage":{"@id":"https:\/\/www.gaveanews.com\/index.php\/2021\/11\/05\/cbf-avisa-clubes-que-nao-poupara-atletas-em-convocacoes-em-ano-da-copa\/"},"wordCount":411,"commentCount":12,"image":{"@id":"https:\/\/www.gaveanews.com\/index.php\/2021\/11\/05\/cbf-avisa-clubes-que-nao-poupara-atletas-em-convocacoes-em-ano-da-copa\/#primaryimage"},"thumbnailUrl":"https:\/\/www.gaveanews.com\/wp-content\/uploads\/Everton-Ribeiro-em-acao-pelo-Brasil.webp","articleSection":["Flamengo"],"inLanguage":"pt-BR","potentialAction":[{"@type":"CommentAction","name":"Comment","target":["https:\/\/www.gaveanews.com\/index.php\/2021\/11\/05\/cbf-avisa-clubes-que-nao-poupara-atletas-em-convocacoes-em-ano-da-copa\/#respond"]}],"copyrightYear":"2021","copyrightHolder":{"@id":"https:\/\/www.gaveanews.com\/#organization"}},{"@type":"WebPage","@id":"https:\/\/www.gaveanews.com\/index.php\/2021\/11\/05\/cbf-avisa-clubes-que-nao-poupara-atletas-em-convocacoes-em-ano-da-copa\/","url":"https:\/\/www.gaveanews.com\/index.php\/2021\/11\/05\/cbf-avisa-clubes-que-nao-poupara-atletas-em-convocacoes-em-ano-da-copa\/","name":"CBF avisa clubes que n\u00e3o poupar\u00e1 atletas em convoca\u00e7\u00f5es em ano da Copa","isPartOf":{"@id":"https:\/\/www.gaveanews.com\/#website"},"primaryImageOfPage":{"@id":"https:\/\/www.gaveanews.com\/index.php\/2021\/11\/05\/cbf-avisa-clubes-que-nao-poupara-atletas-em-convocacoes-em-ano-da-copa\/#primaryimage"},"image":{"@id":"https:\/\/www.gaveanews.com\/index.php\/2021\/11\/05\/cbf-avisa-clubes-que-nao-poupara-atletas-em-convocacoes-em-ano-da-copa\/#primaryimage"},"thumbnailUrl":"https:\/\/www.gaveanews.com\/wp-content\/uploads\/Everton-Ribeiro-em-acao-pelo-Brasil.webp","datePublished":"2021-11-05T09:53:44+00:00","dateModified":"2021-11-05T09:53:47+00:00","author":{"@id":"https:\/\/www.gaveanews.com\/#\/schema\/person\/2ec14f73fb96be2caf28f91afb14749d"},"breadcrumb":{"@id":"https:\/\/www.gaveanews.com\/index.php\/2021\/11\/05\/cbf-avisa-clubes-que-nao-poupara-atletas-em-convocacoes-em-ano-da-copa\/#breadcrumb"},"inLanguage":"pt-BR","potentialAction":[{"@type":"ReadAction","target":["https:\/\/www.gaveanews.com\/index.php\/2021\/11\/05\/cbf-avisa-clubes-que-nao-poupara-atletas-em-convocacoes-em-ano-da-copa\/"]}]},{"@type":"ImageObject","inLanguage":"pt-BR","@id":"https:\/\/www.gaveanews.com\/index.php\/2021\/11\/05\/cbf-avisa-clubes-que-nao-poupara-atletas-em-convocacoes-em-ano-da-copa\/#primaryimage","url":"https:\/\/www.gaveanews.com\/wp-content\/uploads\/Everton-Ribeiro-em-acao-pelo-Brasil.webp","contentUrl":"https:\/\/www.gaveanews.com\/wp-content\/uploads\/Everton-Ribeiro-em-acao-pelo-Brasil.webp","width":900,"height":506,"caption":"Everton Ribeiro em a\u00e7\u00e3o pelo Brasil (Foto: Lucas Figueiredo\/CBF)"},{"@type":"BreadcrumbList","@id":"https:\/\/www.gaveanews.com\/index.php\/2021\/11\/05\/cbf-avisa-clubes-que-nao-poupara-atletas-em-convocacoes-em-ano-da-copa\/#breadcrumb","itemListElement":[{"@type":"ListItem","position":1,"name":"Home","item":"https:\/\/www.gaveanews.com\/"},{"@type":"ListItem","position":2,"name":"CBF avisa clubes que n\u00e3o poupar\u00e1 atletas em convoca\u00e7\u00f5es em ano da Copa"}]},{"@type":"WebSite","@id":"https:\/\/www.gaveanews.com\/#website","url":"https:\/\/www.gaveanews.com\/","name":"G\u00e1vea News","description":"Veja todas as not\u00edcias sobre o Flamengo: Contrata\u00e7\u00f5es, categorias de base, resultados das partidas, tabela de classifica\u00e7\u00e3o, pr\u00f3ximos jogos!","potentialAction":[{"@type":"SearchAction","target":{"@type":"EntryPoint","urlTemplate":"https:\/\/www.gaveanews.com\/?s={search_term_string}"},"query-input":{"@type":"PropertyValueSpecification","valueRequired":true,"valueName":"search_term_string"}}],"inLanguage":"pt-BR"},{"@type":"Person","@id":"https:\/\/www.gaveanews.com\/#\/schema\/person\/2ec14f73fb96be2caf28f91afb14749d","name":"Equipe G\u00e1vea News","image":{"@type":"ImageObject","inLanguage":"pt-BR","@id":"https:\/\/www.gaveanews.com\/#\/schema\/person\/image\/","url":"https:\/\/secure.gravatar.com\/avatar\/1e1956f1facbffd3f8fa53a326721950116b3b9dc9bd44939c01180fd4a745a9?s=96&d=mm&r=g","contentUrl":"https:\/\/secure.gravatar.com\/avatar\/1e1956f1facbffd3f8fa53a326721950116b3b9dc9bd44939c01180fd4a745a9?s=96&d=mm&r=g","caption":"Equipe G\u00e1vea News"}}]}},"_links":{"self":[{"href":"https:\/\/www.gaveanews.com\/index.php\/wp-json\/wp\/v2\/posts\/71240","targetHints":{"allow":["GET"]}}],"collection":[{"href":"https:\/\/www.gaveanews.com\/index.php\/wp-json\/wp\/v2\/posts"}],"about":[{"href":"https:\/\/www.gaveanews.com\/index.php\/wp-json\/wp\/v2\/types\/post"}],"author":[{"embeddable":true,"href":"https:\/\/www.gaveanews.com\/index.php\/wp-json\/wp\/v2\/users\/1"}],"replies":[{"embeddable":true,"href":"https:\/\/www.gaveanews.com\/index.php\/wp-json\/wp\/v2\/comments?post=71240"}],"version-history":[{"count":0,"href":"https:\/\/www.gaveanews.com\/index.php\/wp-json\/wp\/v2\/posts\/71240\/revisions"}],"wp:featuredmedia":[{"embeddable":true,"href":"https:\/\/www.gaveanews.com\/index.php\/wp-json\/wp\/v2\/media\/51867"}],"wp:attachment":[{"href":"https:\/\/www.gaveanews.com\/index.php\/wp-json\/wp\/v2\/media?parent=71240"}],"wp:term":[{"taxonomy":"category","embeddable":true,"href":"https:\/\/www.gaveanews.com\/index.php\/wp-json\/wp\/v2\/categories?post=71240"},{"taxonomy":"post_tag","embeddable":true,"href":"https:\/\/www.gaveanews.com\/index.php\/wp-json\/wp\/v2\/tags?post=71240"}],"curies":[{"name":"wp","href":"https:\/\/api.w.org\/{rel}","templated":true}]}}