{"id":71244,"date":"2021-11-05T08:50:41","date_gmt":"2021-11-05T11:50:41","guid":{"rendered":"https:\/\/www.gaveanews.com\/?p=71244"},"modified":"2021-11-05T08:50:46","modified_gmt":"2021-11-05T11:50:46","slug":"dupla-de-zaga-ideal-e-sequencia-de-ramon-defesa-do-flamengo-ganha-novos-holofotes-contra-o-atletico-go","status":"publish","type":"post","link":"https:\/\/www.gaveanews.com\/index.php\/2021\/11\/05\/dupla-de-zaga-ideal-e-sequencia-de-ramon-defesa-do-flamengo-ganha-novos-holofotes-contra-o-atletico-go\/","title":{"rendered":"Dupla de zaga &#8216;ideal&#8217; e sequ\u00eancia de Ramon: defesa do Flamengo ganha novos holofotes contra o Atl\u00e9tico-GO"},"content":{"rendered":"\n<p>Aos trancos e barrancos, o Flamengo de Renato Ga\u00facho est\u00e1 pressionado para dar uma resposta positiva e n\u00e3o esmorecer na briga pelo t\u00edtulo do Brasileiro. E a dupla de zaga considerada &#8220;ideal&#8221;, composta por David Luiz e Rodrigo Caio, tende a retornar contra o Atl\u00e9tico-GO e iniciar uma sequ\u00eancia que ser\u00e1 essencial, inclusive, para a disputa da final da Libertadores, no fim deste m\u00eas.<\/p>\n\n\n\n<p>At\u00e9 o momento, David Luiz e Rodrigo Caio ainda n\u00e3o conseguiram completar os 90 minutos de um jogo lado a lado. Isso porque, pelo Flamengo, David s\u00f3 atuou em duas partidas, ambas contra o Barcelona-EQU (pelas semifinais da Libertadores, em setembro), sendo que saiu na reta final do primeiro jogo e sentiu uma les\u00e3o muscular ainda no in\u00edcio do segundo &#8211; onde s\u00f3 atuou por 10&#8242;.<\/p>\n\n\n\n<p>Agora, recuperado e treinando sem restri\u00e7\u00f5es com o grupo, David Luiz pode voltar contra o Atl\u00e9tico-GO, nesta sexta-feira, seguindo um recente planejamento do departamento m\u00e9dico do Flamengo.<\/p>\n\n\n\n<p>E Rodrigo Caio, ap\u00f3s dois dias de tratamento por dores no joelho direito, voltou a treinar no campo com os companheiros na \u00faltima quarta, o que alimenta uma \u00f3tima expectativa para voltar a atuar com David Luiz j\u00e1 nesta sexta.<\/p>\n\n\n\n<p>Vale lembrar que Gustavo Henrique e L\u00e9o Pereira atuaram na zaga titular nos dois \u00faltimos jogos (vit\u00f3ria contra o Atl\u00e9tico-MG e empate com o Athletico).<\/p>\n\n\n\n<h2 class=\"wp-block-heading\" id=\"h-sequ-ncia-de-ramon\">Sequ\u00eancia de Ramon<\/h2>\n\n\n\n<p>O holofote no sistema defensivo tamb\u00e9m estar\u00e1 direcionado \u00e0 prov\u00e1vel sequ\u00eancia de Ramon entre os 11, o que ser\u00e1 um recorde pessoal para o lateral-esquerdo no grupo principal do Flamengo.<\/p>\n\n\n\n<p>Como Filipe Lu\u00eds ainda n\u00e3o ter\u00e1 condi\u00e7\u00f5es de retornar contra o Drag\u00e3o, a tend\u00eancia \u00e9 que Ramon atue como titular pelo terceiro jogo consecutivo. Pelos profissionais, o jovem lateral-esquerdo chegou a jogar quatro partidas seguidas em tal condi\u00e7\u00e3o, mas por conta do grupo principal estar de f\u00e9rias (no in\u00edcio do Carioca-2020, quando deu duas assist\u00eancias no per\u00edodo, com Maur\u00edcio Souza).<\/p>\n\n\n\n<p>Ramon foi bastante elogiado pelo empenho diante do Galo, mas oscilou e n\u00e3o conseguiu render o esperado contra o Furac\u00e3o na fase ofensiva. Na sexta, tende a ter mais uma oportunidade para mostrar o seu potencial e carimbar, em definitivo, a vaga de op\u00e7\u00e3o imediata na aus\u00eancia de Filipe Lu\u00eds.<\/p>\n\n\n\n<p>Retirado de: Lance<\/p>\n","protected":false},"excerpt":{"rendered":"<p>Aos trancos e barrancos, o Flamengo de Renato Ga\u00facho est\u00e1 pressionado para dar uma resposta positiva e n\u00e3o esmorecer na briga pelo t\u00edtulo do Brasileiro. E a dupla de zaga considerada &#8220;ideal&#8221;, composta por David Luiz e Rodrigo Caio, tende a retornar contra o Atl\u00e9tico-GO e iniciar uma sequ\u00eancia que ser\u00e1 essencial, inclusive, para a [&hellip;]<\/p>\n","protected":false},"author":1,"featured_media":70808,"comment_status":"open","ping_status":"closed","sticky":false,"template":"","format":"standard","meta":{"footnotes":""},"categories":[1],"tags":[],"class_list":["post-71244","post","type-post","status-publish","format-standard","has-post-thumbnail","hentry","category-flamengo"],"yoast_head":"<!-- This site is optimized with the Yoast SEO Premium plugin v24.2 (Yoast SEO v26.9) - https:\/\/yoast.com\/product\/yoast-seo-premium-wordpress\/ -->\n<title>Dupla de zaga &#039;ideal&#039; e sequ\u00eancia de Ramon: defesa do Flamengo ganha novos holofotes contra o Atl\u00e9tico-GO<\/title>\n<meta name=\"robots\" content=\"index, follow, max-snippet:-1, max-image-preview:large, max-video-preview:-1\" \/>\n<link rel=\"canonical\" href=\"https:\/\/www.gaveanews.com\/index.php\/2021\/11\/05\/dupla-de-zaga-ideal-e-sequencia-de-ramon-defesa-do-flamengo-ganha-novos-holofotes-contra-o-atletico-go\/\" \/>\n<meta property=\"og:locale\" content=\"pt_BR\" \/>\n<meta property=\"og:type\" content=\"article\" \/>\n<meta property=\"og:title\" content=\"Dupla de zaga &#039;ideal&#039; e sequ\u00eancia de Ramon: defesa do Flamengo ganha novos holofotes contra o Atl\u00e9tico-GO\" \/>\n<meta property=\"og:description\" content=\"Aos trancos e barrancos, o Flamengo de Renato Ga\u00facho est\u00e1 pressionado para dar uma resposta positiva e n\u00e3o esmorecer na briga pelo t\u00edtulo do Brasileiro. E a dupla de zaga considerada &#8220;ideal&#8221;, composta por David Luiz e Rodrigo Caio, tende a retornar contra o Atl\u00e9tico-GO e iniciar uma sequ\u00eancia que ser\u00e1 essencial, inclusive, para a [&hellip;]\" \/>\n<meta property=\"og:url\" content=\"https:\/\/www.gaveanews.com\/index.php\/2021\/11\/05\/dupla-de-zaga-ideal-e-sequencia-de-ramon-defesa-do-flamengo-ganha-novos-holofotes-contra-o-atletico-go\/\" \/>\n<meta property=\"og:site_name\" content=\"G\u00e1vea News\" \/>\n<meta property=\"article:publisher\" content=\"https:\/\/facebook.com\/gaveaNews\/\" \/>\n<meta property=\"article:published_time\" content=\"2021-11-05T11:50:41+00:00\" \/>\n<meta property=\"article:modified_time\" content=\"2021-11-05T11:50:46+00:00\" \/>\n<meta property=\"og:image\" content=\"https:\/\/www.gaveanews.com\/wp-content\/uploads\/Ramon-em-acao-pelo-Flamengo-contra-o-Athletico-PR-nas-semifinais-da-Copa-do-Brasil-2021.webp\" \/>\n\t<meta property=\"og:image:width\" content=\"2048\" \/>\n\t<meta property=\"og:image:height\" content=\"1366\" \/>\n\t<meta property=\"og:image:type\" content=\"image\/jpeg\" \/>\n<meta name=\"author\" content=\"Equipe G\u00e1vea News\" \/>\n<meta name=\"twitter:card\" content=\"summary_large_image\" \/>\n<meta name=\"twitter:label1\" content=\"Escrito por\" \/>\n\t<meta name=\"twitter:data1\" content=\"Equipe G\u00e1vea News\" \/>\n\t<meta name=\"twitter:label2\" content=\"Est. tempo de leitura\" \/>\n\t<meta name=\"twitter:data2\" content=\"2 minutos\" \/>\n<script type=\"application\/ld+json\" class=\"yoast-schema-graph\">{\"@context\":\"https:\/\/schema.org\",\"@graph\":[{\"@type\":\"NewsArticle\",\"@id\":\"https:\/\/www.gaveanews.com\/index.php\/2021\/11\/05\/dupla-de-zaga-ideal-e-sequencia-de-ramon-defesa-do-flamengo-ganha-novos-holofotes-contra-o-atletico-go\/#article\",\"isPartOf\":{\"@id\":\"https:\/\/www.gaveanews.com\/index.php\/2021\/11\/05\/dupla-de-zaga-ideal-e-sequencia-de-ramon-defesa-do-flamengo-ganha-novos-holofotes-contra-o-atletico-go\/\"},\"author\":{\"name\":\"Equipe G\u00e1vea News\",\"@id\":\"https:\/\/www.gaveanews.com\/#\/schema\/person\/2ec14f73fb96be2caf28f91afb14749d\"},\"headline\":\"Dupla de zaga &#8216;ideal&#8217; e sequ\u00eancia de Ramon: defesa do Flamengo ganha novos holofotes contra o Atl\u00e9tico-GO\",\"datePublished\":\"2021-11-05T11:50:41+00:00\",\"dateModified\":\"2021-11-05T11:50:46+00:00\",\"mainEntityOfPage\":{\"@id\":\"https:\/\/www.gaveanews.com\/index.php\/2021\/11\/05\/dupla-de-zaga-ideal-e-sequencia-de-ramon-defesa-do-flamengo-ganha-novos-holofotes-contra-o-atletico-go\/\"},\"wordCount\":418,\"commentCount\":7,\"image\":{\"@id\":\"https:\/\/www.gaveanews.com\/index.php\/2021\/11\/05\/dupla-de-zaga-ideal-e-sequencia-de-ramon-defesa-do-flamengo-ganha-novos-holofotes-contra-o-atletico-go\/#primaryimage\"},\"thumbnailUrl\":\"https:\/\/www.gaveanews.com\/wp-content\/uploads\/Ramon-em-acao-pelo-Flamengo-contra-o-Athletico-PR-nas-semifinais-da-Copa-do-Brasil-2021.webp\",\"articleSection\":[\"Flamengo\"],\"inLanguage\":\"pt-BR\",\"potentialAction\":[{\"@type\":\"CommentAction\",\"name\":\"Comment\",\"target\":[\"https:\/\/www.gaveanews.com\/index.php\/2021\/11\/05\/dupla-de-zaga-ideal-e-sequencia-de-ramon-defesa-do-flamengo-ganha-novos-holofotes-contra-o-atletico-go\/#respond\"]}],\"copyrightYear\":\"2021\",\"copyrightHolder\":{\"@id\":\"https:\/\/www.gaveanews.com\/#organization\"}},{\"@type\":\"WebPage\",\"@id\":\"https:\/\/www.gaveanews.com\/index.php\/2021\/11\/05\/dupla-de-zaga-ideal-e-sequencia-de-ramon-defesa-do-flamengo-ganha-novos-holofotes-contra-o-atletico-go\/\",\"url\":\"https:\/\/www.gaveanews.com\/index.php\/2021\/11\/05\/dupla-de-zaga-ideal-e-sequencia-de-ramon-defesa-do-flamengo-ganha-novos-holofotes-contra-o-atletico-go\/\",\"name\":\"Dupla de zaga 'ideal' e sequ\u00eancia de Ramon: defesa do Flamengo ganha novos holofotes contra o Atl\u00e9tico-GO\",\"isPartOf\":{\"@id\":\"https:\/\/www.gaveanews.com\/#website\"},\"primaryImageOfPage\":{\"@id\":\"https:\/\/www.gaveanews.com\/index.php\/2021\/11\/05\/dupla-de-zaga-ideal-e-sequencia-de-ramon-defesa-do-flamengo-ganha-novos-holofotes-contra-o-atletico-go\/#primaryimage\"},\"image\":{\"@id\":\"https:\/\/www.gaveanews.com\/index.php\/2021\/11\/05\/dupla-de-zaga-ideal-e-sequencia-de-ramon-defesa-do-flamengo-ganha-novos-holofotes-contra-o-atletico-go\/#primaryimage\"},\"thumbnailUrl\":\"https:\/\/www.gaveanews.com\/wp-content\/uploads\/Ramon-em-acao-pelo-Flamengo-contra-o-Athletico-PR-nas-semifinais-da-Copa-do-Brasil-2021.webp\",\"datePublished\":\"2021-11-05T11:50:41+00:00\",\"dateModified\":\"2021-11-05T11:50:46+00:00\",\"author\":{\"@id\":\"https:\/\/www.gaveanews.com\/#\/schema\/person\/2ec14f73fb96be2caf28f91afb14749d\"},\"breadcrumb\":{\"@id\":\"https:\/\/www.gaveanews.com\/index.php\/2021\/11\/05\/dupla-de-zaga-ideal-e-sequencia-de-ramon-defesa-do-flamengo-ganha-novos-holofotes-contra-o-atletico-go\/#breadcrumb\"},\"inLanguage\":\"pt-BR\",\"potentialAction\":[{\"@type\":\"ReadAction\",\"target\":[\"https:\/\/www.gaveanews.com\/index.php\/2021\/11\/05\/dupla-de-zaga-ideal-e-sequencia-de-ramon-defesa-do-flamengo-ganha-novos-holofotes-contra-o-atletico-go\/\"]}]},{\"@type\":\"ImageObject\",\"inLanguage\":\"pt-BR\",\"@id\":\"https:\/\/www.gaveanews.com\/index.php\/2021\/11\/05\/dupla-de-zaga-ideal-e-sequencia-de-ramon-defesa-do-flamengo-ganha-novos-holofotes-contra-o-atletico-go\/#primaryimage\",\"url\":\"https:\/\/www.gaveanews.com\/wp-content\/uploads\/Ramon-em-acao-pelo-Flamengo-contra-o-Athletico-PR-nas-semifinais-da-Copa-do-Brasil-2021.webp\",\"contentUrl\":\"https:\/\/www.gaveanews.com\/wp-content\/uploads\/Ramon-em-acao-pelo-Flamengo-contra-o-Athletico-PR-nas-semifinais-da-Copa-do-Brasil-2021.webp\",\"width\":2048,\"height\":1366,\"caption\":\"Ramon em a\u00e7\u00e3o pelo Flamengo contra o Athletico-PR nas semifinais da Copa do Brasil 2021 (Foto: Marcelo Cortes\/Flamengo)\"},{\"@type\":\"BreadcrumbList\",\"@id\":\"https:\/\/www.gaveanews.com\/index.php\/2021\/11\/05\/dupla-de-zaga-ideal-e-sequencia-de-ramon-defesa-do-flamengo-ganha-novos-holofotes-contra-o-atletico-go\/#breadcrumb\",\"itemListElement\":[{\"@type\":\"ListItem\",\"position\":1,\"name\":\"Home\",\"item\":\"https:\/\/www.gaveanews.com\/\"},{\"@type\":\"ListItem\",\"position\":2,\"name\":\"Dupla de zaga &#8216;ideal&#8217; e sequ\u00eancia de Ramon: defesa do Flamengo ganha novos holofotes contra o Atl\u00e9tico-GO\"}]},{\"@type\":\"WebSite\",\"@id\":\"https:\/\/www.gaveanews.com\/#website\",\"url\":\"https:\/\/www.gaveanews.com\/\",\"name\":\"G\u00e1vea News\",\"description\":\"Veja todas as not\u00edcias sobre o Flamengo: Contrata\u00e7\u00f5es, categorias de base, resultados das partidas, tabela de classifica\u00e7\u00e3o, pr\u00f3ximos jogos!\",\"potentialAction\":[{\"@type\":\"SearchAction\",\"target\":{\"@type\":\"EntryPoint\",\"urlTemplate\":\"https:\/\/www.gaveanews.com\/?s={search_term_string}\"},\"query-input\":{\"@type\":\"PropertyValueSpecification\",\"valueRequired\":true,\"valueName\":\"search_term_string\"}}],\"inLanguage\":\"pt-BR\"},{\"@type\":\"Person\",\"@id\":\"https:\/\/www.gaveanews.com\/#\/schema\/person\/2ec14f73fb96be2caf28f91afb14749d\",\"name\":\"Equipe G\u00e1vea News\",\"image\":{\"@type\":\"ImageObject\",\"inLanguage\":\"pt-BR\",\"@id\":\"https:\/\/www.gaveanews.com\/#\/schema\/person\/image\/\",\"url\":\"https:\/\/secure.gravatar.com\/avatar\/1e1956f1facbffd3f8fa53a326721950116b3b9dc9bd44939c01180fd4a745a9?s=96&d=mm&r=g\",\"contentUrl\":\"https:\/\/secure.gravatar.com\/avatar\/1e1956f1facbffd3f8fa53a326721950116b3b9dc9bd44939c01180fd4a745a9?s=96&d=mm&r=g\",\"caption\":\"Equipe G\u00e1vea News\"}}]}<\/script>\n<!-- \/ Yoast SEO Premium plugin. -->","yoast_head_json":{"title":"Dupla de zaga 'ideal' e sequ\u00eancia de Ramon: defesa do Flamengo ganha novos holofotes contra o Atl\u00e9tico-GO","robots":{"index":"index","follow":"follow","max-snippet":"max-snippet:-1","max-image-preview":"max-image-preview:large","max-video-preview":"max-video-preview:-1"},"canonical":"https:\/\/www.gaveanews.com\/index.php\/2021\/11\/05\/dupla-de-zaga-ideal-e-sequencia-de-ramon-defesa-do-flamengo-ganha-novos-holofotes-contra-o-atletico-go\/","og_locale":"pt_BR","og_type":"article","og_title":"Dupla de zaga 'ideal' e sequ\u00eancia de Ramon: defesa do Flamengo ganha novos holofotes contra o Atl\u00e9tico-GO","og_description":"Aos trancos e barrancos, o Flamengo de Renato Ga\u00facho est\u00e1 pressionado para dar uma resposta positiva e n\u00e3o esmorecer na briga pelo t\u00edtulo do Brasileiro. E a dupla de zaga considerada &#8220;ideal&#8221;, composta por David Luiz e Rodrigo Caio, tende a retornar contra o Atl\u00e9tico-GO e iniciar uma sequ\u00eancia que ser\u00e1 essencial, inclusive, para a [&hellip;]","og_url":"https:\/\/www.gaveanews.com\/index.php\/2021\/11\/05\/dupla-de-zaga-ideal-e-sequencia-de-ramon-defesa-do-flamengo-ganha-novos-holofotes-contra-o-atletico-go\/","og_site_name":"G\u00e1vea News","article_publisher":"https:\/\/facebook.com\/gaveaNews\/","article_published_time":"2021-11-05T11:50:41+00:00","article_modified_time":"2021-11-05T11:50:46+00:00","og_image":[{"width":2048,"height":1366,"url":"https:\/\/www.gaveanews.com\/wp-content\/uploads\/Ramon-em-acao-pelo-Flamengo-contra-o-Athletico-PR-nas-semifinais-da-Copa-do-Brasil-2021.webp","type":"image\/jpeg"}],"author":"Equipe G\u00e1vea News","twitter_card":"summary_large_image","twitter_misc":{"Escrito por":"Equipe G\u00e1vea News","Est. tempo de leitura":"2 minutos"},"schema":{"@context":"https:\/\/schema.org","@graph":[{"@type":"NewsArticle","@id":"https:\/\/www.gaveanews.com\/index.php\/2021\/11\/05\/dupla-de-zaga-ideal-e-sequencia-de-ramon-defesa-do-flamengo-ganha-novos-holofotes-contra-o-atletico-go\/#article","isPartOf":{"@id":"https:\/\/www.gaveanews.com\/index.php\/2021\/11\/05\/dupla-de-zaga-ideal-e-sequencia-de-ramon-defesa-do-flamengo-ganha-novos-holofotes-contra-o-atletico-go\/"},"author":{"name":"Equipe G\u00e1vea News","@id":"https:\/\/www.gaveanews.com\/#\/schema\/person\/2ec14f73fb96be2caf28f91afb14749d"},"headline":"Dupla de zaga &#8216;ideal&#8217; e sequ\u00eancia de Ramon: defesa do Flamengo ganha novos holofotes contra o Atl\u00e9tico-GO","datePublished":"2021-11-05T11:50:41+00:00","dateModified":"2021-11-05T11:50:46+00:00","mainEntityOfPage":{"@id":"https:\/\/www.gaveanews.com\/index.php\/2021\/11\/05\/dupla-de-zaga-ideal-e-sequencia-de-ramon-defesa-do-flamengo-ganha-novos-holofotes-contra-o-atletico-go\/"},"wordCount":418,"commentCount":7,"image":{"@id":"https:\/\/www.gaveanews.com\/index.php\/2021\/11\/05\/dupla-de-zaga-ideal-e-sequencia-de-ramon-defesa-do-flamengo-ganha-novos-holofotes-contra-o-atletico-go\/#primaryimage"},"thumbnailUrl":"https:\/\/www.gaveanews.com\/wp-content\/uploads\/Ramon-em-acao-pelo-Flamengo-contra-o-Athletico-PR-nas-semifinais-da-Copa-do-Brasil-2021.webp","articleSection":["Flamengo"],"inLanguage":"pt-BR","potentialAction":[{"@type":"CommentAction","name":"Comment","target":["https:\/\/www.gaveanews.com\/index.php\/2021\/11\/05\/dupla-de-zaga-ideal-e-sequencia-de-ramon-defesa-do-flamengo-ganha-novos-holofotes-contra-o-atletico-go\/#respond"]}],"copyrightYear":"2021","copyrightHolder":{"@id":"https:\/\/www.gaveanews.com\/#organization"}},{"@type":"WebPage","@id":"https:\/\/www.gaveanews.com\/index.php\/2021\/11\/05\/dupla-de-zaga-ideal-e-sequencia-de-ramon-defesa-do-flamengo-ganha-novos-holofotes-contra-o-atletico-go\/","url":"https:\/\/www.gaveanews.com\/index.php\/2021\/11\/05\/dupla-de-zaga-ideal-e-sequencia-de-ramon-defesa-do-flamengo-ganha-novos-holofotes-contra-o-atletico-go\/","name":"Dupla de zaga 'ideal' e sequ\u00eancia de Ramon: defesa do Flamengo ganha novos holofotes contra o Atl\u00e9tico-GO","isPartOf":{"@id":"https:\/\/www.gaveanews.com\/#website"},"primaryImageOfPage":{"@id":"https:\/\/www.gaveanews.com\/index.php\/2021\/11\/05\/dupla-de-zaga-ideal-e-sequencia-de-ramon-defesa-do-flamengo-ganha-novos-holofotes-contra-o-atletico-go\/#primaryimage"},"image":{"@id":"https:\/\/www.gaveanews.com\/index.php\/2021\/11\/05\/dupla-de-zaga-ideal-e-sequencia-de-ramon-defesa-do-flamengo-ganha-novos-holofotes-contra-o-atletico-go\/#primaryimage"},"thumbnailUrl":"https:\/\/www.gaveanews.com\/wp-content\/uploads\/Ramon-em-acao-pelo-Flamengo-contra-o-Athletico-PR-nas-semifinais-da-Copa-do-Brasil-2021.webp","datePublished":"2021-11-05T11:50:41+00:00","dateModified":"2021-11-05T11:50:46+00:00","author":{"@id":"https:\/\/www.gaveanews.com\/#\/schema\/person\/2ec14f73fb96be2caf28f91afb14749d"},"breadcrumb":{"@id":"https:\/\/www.gaveanews.com\/index.php\/2021\/11\/05\/dupla-de-zaga-ideal-e-sequencia-de-ramon-defesa-do-flamengo-ganha-novos-holofotes-contra-o-atletico-go\/#breadcrumb"},"inLanguage":"pt-BR","potentialAction":[{"@type":"ReadAction","target":["https:\/\/www.gaveanews.com\/index.php\/2021\/11\/05\/dupla-de-zaga-ideal-e-sequencia-de-ramon-defesa-do-flamengo-ganha-novos-holofotes-contra-o-atletico-go\/"]}]},{"@type":"ImageObject","inLanguage":"pt-BR","@id":"https:\/\/www.gaveanews.com\/index.php\/2021\/11\/05\/dupla-de-zaga-ideal-e-sequencia-de-ramon-defesa-do-flamengo-ganha-novos-holofotes-contra-o-atletico-go\/#primaryimage","url":"https:\/\/www.gaveanews.com\/wp-content\/uploads\/Ramon-em-acao-pelo-Flamengo-contra-o-Athletico-PR-nas-semifinais-da-Copa-do-Brasil-2021.webp","contentUrl":"https:\/\/www.gaveanews.com\/wp-content\/uploads\/Ramon-em-acao-pelo-Flamengo-contra-o-Athletico-PR-nas-semifinais-da-Copa-do-Brasil-2021.webp","width":2048,"height":1366,"caption":"Ramon em a\u00e7\u00e3o pelo Flamengo contra o Athletico-PR nas semifinais da Copa do Brasil 2021 (Foto: Marcelo Cortes\/Flamengo)"},{"@type":"BreadcrumbList","@id":"https:\/\/www.gaveanews.com\/index.php\/2021\/11\/05\/dupla-de-zaga-ideal-e-sequencia-de-ramon-defesa-do-flamengo-ganha-novos-holofotes-contra-o-atletico-go\/#breadcrumb","itemListElement":[{"@type":"ListItem","position":1,"name":"Home","item":"https:\/\/www.gaveanews.com\/"},{"@type":"ListItem","position":2,"name":"Dupla de zaga &#8216;ideal&#8217; e sequ\u00eancia de Ramon: defesa do Flamengo ganha novos holofotes contra o Atl\u00e9tico-GO"}]},{"@type":"WebSite","@id":"https:\/\/www.gaveanews.com\/#website","url":"https:\/\/www.gaveanews.com\/","name":"G\u00e1vea News","description":"Veja todas as not\u00edcias sobre o Flamengo: Contrata\u00e7\u00f5es, categorias de base, resultados das partidas, tabela de classifica\u00e7\u00e3o, pr\u00f3ximos jogos!","potentialAction":[{"@type":"SearchAction","target":{"@type":"EntryPoint","urlTemplate":"https:\/\/www.gaveanews.com\/?s={search_term_string}"},"query-input":{"@type":"PropertyValueSpecification","valueRequired":true,"valueName":"search_term_string"}}],"inLanguage":"pt-BR"},{"@type":"Person","@id":"https:\/\/www.gaveanews.com\/#\/schema\/person\/2ec14f73fb96be2caf28f91afb14749d","name":"Equipe G\u00e1vea News","image":{"@type":"ImageObject","inLanguage":"pt-BR","@id":"https:\/\/www.gaveanews.com\/#\/schema\/person\/image\/","url":"https:\/\/secure.gravatar.com\/avatar\/1e1956f1facbffd3f8fa53a326721950116b3b9dc9bd44939c01180fd4a745a9?s=96&d=mm&r=g","contentUrl":"https:\/\/secure.gravatar.com\/avatar\/1e1956f1facbffd3f8fa53a326721950116b3b9dc9bd44939c01180fd4a745a9?s=96&d=mm&r=g","caption":"Equipe G\u00e1vea News"}}]}},"_links":{"self":[{"href":"https:\/\/www.gaveanews.com\/index.php\/wp-json\/wp\/v2\/posts\/71244","targetHints":{"allow":["GET"]}}],"collection":[{"href":"https:\/\/www.gaveanews.com\/index.php\/wp-json\/wp\/v2\/posts"}],"about":[{"href":"https:\/\/www.gaveanews.com\/index.php\/wp-json\/wp\/v2\/types\/post"}],"author":[{"embeddable":true,"href":"https:\/\/www.gaveanews.com\/index.php\/wp-json\/wp\/v2\/users\/1"}],"replies":[{"embeddable":true,"href":"https:\/\/www.gaveanews.com\/index.php\/wp-json\/wp\/v2\/comments?post=71244"}],"version-history":[{"count":0,"href":"https:\/\/www.gaveanews.com\/index.php\/wp-json\/wp\/v2\/posts\/71244\/revisions"}],"wp:featuredmedia":[{"embeddable":true,"href":"https:\/\/www.gaveanews.com\/index.php\/wp-json\/wp\/v2\/media\/70808"}],"wp:attachment":[{"href":"https:\/\/www.gaveanews.com\/index.php\/wp-json\/wp\/v2\/media?parent=71244"}],"wp:term":[{"taxonomy":"category","embeddable":true,"href":"https:\/\/www.gaveanews.com\/index.php\/wp-json\/wp\/v2\/categories?post=71244"},{"taxonomy":"post_tag","embeddable":true,"href":"https:\/\/www.gaveanews.com\/index.php\/wp-json\/wp\/v2\/tags?post=71244"}],"curies":[{"name":"wp","href":"https:\/\/api.w.org\/{rel}","templated":true}]}}