{"id":71248,"date":"2021-11-05T20:15:00","date_gmt":"2021-11-05T23:15:00","guid":{"rendered":"https:\/\/www.gaveanews.com\/?p=71248"},"modified":"2021-11-05T20:27:39","modified_gmt":"2021-11-05T23:27:39","slug":"saiu-confira-a-escalacao-oficial-do-flamengo-contra-o-atletico-go","status":"publish","type":"post","link":"https:\/\/www.gaveanews.com\/index.php\/2021\/11\/05\/saiu-confira-a-escalacao-oficial-do-flamengo-contra-o-atletico-go\/","title":{"rendered":"Saiu! Confira a escala\u00e7\u00e3o oficial do Flamengo contra o Atl\u00e9tico-GO"},"content":{"rendered":"\n<p>Nesta noite (05), o Mais Querido disputar\u00e1 uma de suas partidas adiadas no Campeonato Brasileiro. A partida contra o Atl\u00e9tico-GO, v\u00e1lida pela 19\u00aa rodada do torneio, acontecer\u00e1 \u00e0s 21h30 (hor\u00e1rio de Bras\u00edlia), no Maracan\u00e3.<\/p>\n\n\n\n<p>Este ser\u00e1 mais um dos confrontos decisivos do time de Renato Ga\u00facho na competi\u00e7\u00e3o. Precisando da vit\u00f3ria para se manter vivo na briga pelo trof\u00e9u, o Fla ir\u00e1 a campo pensando apenas nos tr\u00eas pontos. Um eventual empate ou uma derrota poder\u00e3o colocar as esperan\u00e7as do clube por \u00e1gua abaixo. <strong>Confira as principais informa\u00e7\u00f5es do duelo:<\/strong><\/p>\n\n\n\n<h2 class=\"wp-block-heading\" id=\"h-transmiss-o\">Transmiss\u00e3o:<\/h2>\n\n\n\n<p>Com data e hor\u00e1rio um pouco ex\u00f3ticos, o confronto n\u00e3o ser\u00e1 disponibilizado pela TV aberta. Sendo assim, a transmiss\u00e3o ser\u00e1 feita exclusivamente no Premiere, onde Gustavo Villani comandar\u00e1 a cobertura do evento. Junto a ele, Caio Ribeiro e PVC comentar\u00e3o os lances, com Sandro Meira Ricci na Central do Apito.<\/p>\n\n\n\n<h2 class=\"wp-block-heading\" id=\"h-retrospecto\">Retrospecto:<\/h2>\n\n\n\n<p>No que diz respeito ao hist\u00f3rico recente, o Drag\u00e3o acaba levando a melhor at\u00e9 agora. Na temporada passada, o clube do Centro-Oeste enfrentou o Flamengo em duas ocasi\u00f5es, empatando em 1 a 1 no primeiro turno do Brasileir\u00e3o e vencendo por 3 a 0 no segundo.<\/p>\n\n\n\n<h2 class=\"wp-block-heading\" id=\"h-desfalques\">Desfalques:<\/h2>\n\n\n\n<p>Pedro se recupera de cirurgia realizada em seu joelho direito e ainda n\u00e3o possui data para voltar ao elenco. Arrascaeta trata de les\u00e3o muscular e tamb\u00e9m n\u00e3o possui previs\u00e3o de retorno. Filipe Lu\u00eds e Kenedy j\u00e1 come\u00e7aram a fazer atividades nos gramados, mas est\u00e3o entregues aos preparadores do time e treinam separadamente. Diego Ribas \u00e9 quem est\u00e1 mais adiantado, e come\u00e7ou o processo de transi\u00e7\u00e3o, mas tamb\u00e9m n\u00e3o poder\u00e1 ser utilizado neste jogo.<\/p>\n\n\n\n<h2 class=\"wp-block-heading\" id=\"h-pendurados\">Pendurados:<\/h2>\n\n\n\n<p>Andreas, Everton Ribeiro, L\u00e9o Pereira e Rodinei.<\/p>\n\n\n\n<h2 class=\"wp-block-heading\" id=\"h-escala-o-oficial-do-flamengo\">Escala\u00e7\u00e3o oficial do Flamengo:<\/h2>\n\n\n\n<p>Diego Alves; Isla, Rodrigo Caio, David Luiz e Ramon; Ar\u00e3o, Andreas, Everton Ribeiro, Michael, Bruno Henrique e Gabigol.<\/p>\n\n\n\n<h2 class=\"wp-block-heading\" id=\"h-banco-de-reservas\">Banco de reservas:<\/h2>\n\n\n\n<p>Gabriel Batista, Hugo, Matheuzinho, Rodinei, Gustavo Henrique, Bruno Viana, L\u00e9o Pereira, Ren\u00ea, Jo\u00e3o Gomes, Thiago Maia, Vitinho e Vitor Gabriel.<\/p>\n\n\n\n<h2 class=\"wp-block-heading\" id=\"h-arbitragem\">Arbitragem:<\/h2>\n\n\n\n<ul class=\"wp-block-list\"><li><strong>\u00c1rbitro:<\/strong>&nbsp;Rodolpho Toski Marques \u2013 FIFA\/PR<\/li><li><strong>Assistente 1:<\/strong>&nbsp;Bruno Boschillia \u2013 FIFA\/PR<\/li><li><strong>Assistente 2:<\/strong>&nbsp;Rafael Trombeta \u2013 CBF\/PR<\/li><li><strong>Quarto \u00c1rbitro:<\/strong> Daniel Victor Costa Silva &#8211; CBF\/RJ<\/li><li><strong>VAR:<\/strong>&nbsp;Rafael Traci \u2013 FIFA\/SC<\/li><\/ul>\n\n\n\n<h2 class=\"wp-block-heading\" id=\"h-pr-ximo-compromisso\">Pr\u00f3ximo compromisso:<\/h2>\n\n\n\n<p>Depois de enfrentar o Atl\u00e9tico-GO, o Flamengo viajar\u00e1 para Santa Catarina para visitar a Chapecoense pela 30\u00aa rodada do Brasileir\u00e3o. A partida acontecer\u00e1 na pr\u00f3xima segunda-feira (08), \u00e0s 20h (hor\u00e1rio de Bras\u00edlia).<\/p>\n","protected":false},"excerpt":{"rendered":"<p>Nesta noite (05), o Mais Querido disputar\u00e1 uma de suas partidas adiadas no Campeonato Brasileiro. A partida contra o Atl\u00e9tico-GO, v\u00e1lida pela 19\u00aa rodada do torneio, acontecer\u00e1 \u00e0s 21h30 (hor\u00e1rio de Bras\u00edlia), no Maracan\u00e3. Este ser\u00e1 mais um dos confrontos decisivos do time de Renato Ga\u00facho na competi\u00e7\u00e3o. Precisando da vit\u00f3ria para se manter vivo [&hellip;]<\/p>\n","protected":false},"author":4,"featured_media":30000,"comment_status":"open","ping_status":"closed","sticky":false,"template":"","format":"standard","meta":{"footnotes":""},"categories":[1],"tags":[],"class_list":["post-71248","post","type-post","status-publish","format-standard","has-post-thumbnail","hentry","category-flamengo"],"yoast_head":"<!-- This site is optimized with the Yoast SEO Premium plugin v24.2 (Yoast SEO v26.9) - https:\/\/yoast.com\/product\/yoast-seo-premium-wordpress\/ -->\n<title>Saiu! Confira a escala\u00e7\u00e3o oficial do Flamengo contra o Atl\u00e9tico-GO<\/title>\n<meta name=\"robots\" content=\"index, follow, max-snippet:-1, max-image-preview:large, max-video-preview:-1\" \/>\n<link rel=\"canonical\" href=\"https:\/\/www.gaveanews.com\/index.php\/2021\/11\/05\/saiu-confira-a-escalacao-oficial-do-flamengo-contra-o-atletico-go\/\" \/>\n<meta property=\"og:locale\" content=\"pt_BR\" \/>\n<meta property=\"og:type\" content=\"article\" \/>\n<meta property=\"og:title\" content=\"Saiu! Confira a escala\u00e7\u00e3o oficial do Flamengo contra o Atl\u00e9tico-GO\" \/>\n<meta property=\"og:description\" content=\"Nesta noite (05), o Mais Querido disputar\u00e1 uma de suas partidas adiadas no Campeonato Brasileiro. A partida contra o Atl\u00e9tico-GO, v\u00e1lida pela 19\u00aa rodada do torneio, acontecer\u00e1 \u00e0s 21h30 (hor\u00e1rio de Bras\u00edlia), no Maracan\u00e3. Este ser\u00e1 mais um dos confrontos decisivos do time de Renato Ga\u00facho na competi\u00e7\u00e3o. Precisando da vit\u00f3ria para se manter vivo [&hellip;]\" \/>\n<meta property=\"og:url\" content=\"https:\/\/www.gaveanews.com\/index.php\/2021\/11\/05\/saiu-confira-a-escalacao-oficial-do-flamengo-contra-o-atletico-go\/\" \/>\n<meta property=\"og:site_name\" content=\"G\u00e1vea News\" \/>\n<meta property=\"article:publisher\" content=\"https:\/\/facebook.com\/gaveaNews\/\" \/>\n<meta property=\"article:published_time\" content=\"2021-11-05T23:15:00+00:00\" \/>\n<meta property=\"article:modified_time\" content=\"2021-11-05T23:27:39+00:00\" \/>\n<meta property=\"og:image\" content=\"https:\/\/www.gaveanews.com\/wp-content\/uploads\/Escalacao-oficial-do-Flamengo.webp\" \/>\n\t<meta property=\"og:image:width\" content=\"1\" \/>\n\t<meta property=\"og:image:height\" content=\"1\" \/>\n\t<meta property=\"og:image:type\" content=\"image\/jpeg\" \/>\n<meta name=\"author\" content=\"Let\u00edcia Gerheim\" \/>\n<meta name=\"twitter:card\" content=\"summary_large_image\" \/>\n<meta name=\"twitter:label1\" content=\"Escrito por\" \/>\n\t<meta name=\"twitter:data1\" content=\"Let\u00edcia Gerheim\" \/>\n\t<meta name=\"twitter:label2\" content=\"Est. tempo de leitura\" \/>\n\t<meta name=\"twitter:data2\" content=\"2 minutos\" \/>\n<script type=\"application\/ld+json\" class=\"yoast-schema-graph\">{\"@context\":\"https:\/\/schema.org\",\"@graph\":[{\"@type\":\"NewsArticle\",\"@id\":\"https:\/\/www.gaveanews.com\/index.php\/2021\/11\/05\/saiu-confira-a-escalacao-oficial-do-flamengo-contra-o-atletico-go\/#article\",\"isPartOf\":{\"@id\":\"https:\/\/www.gaveanews.com\/index.php\/2021\/11\/05\/saiu-confira-a-escalacao-oficial-do-flamengo-contra-o-atletico-go\/\"},\"author\":{\"name\":\"Let\u00edcia Gerheim\",\"@id\":\"https:\/\/www.gaveanews.com\/#\/schema\/person\/714c67050b836198af2450ba1c142a67\"},\"headline\":\"Saiu! Confira a escala\u00e7\u00e3o oficial do Flamengo contra o Atl\u00e9tico-GO\",\"datePublished\":\"2021-11-05T23:15:00+00:00\",\"dateModified\":\"2021-11-05T23:27:39+00:00\",\"mainEntityOfPage\":{\"@id\":\"https:\/\/www.gaveanews.com\/index.php\/2021\/11\/05\/saiu-confira-a-escalacao-oficial-do-flamengo-contra-o-atletico-go\/\"},\"wordCount\":432,\"commentCount\":23,\"image\":{\"@id\":\"https:\/\/www.gaveanews.com\/index.php\/2021\/11\/05\/saiu-confira-a-escalacao-oficial-do-flamengo-contra-o-atletico-go\/#primaryimage\"},\"thumbnailUrl\":\"https:\/\/www.gaveanews.com\/wp-content\/uploads\/Escalacao-oficial-do-Flamengo.webp\",\"articleSection\":[\"Flamengo\"],\"inLanguage\":\"pt-BR\",\"potentialAction\":[{\"@type\":\"CommentAction\",\"name\":\"Comment\",\"target\":[\"https:\/\/www.gaveanews.com\/index.php\/2021\/11\/05\/saiu-confira-a-escalacao-oficial-do-flamengo-contra-o-atletico-go\/#respond\"]}],\"copyrightYear\":\"2021\",\"copyrightHolder\":{\"@id\":\"https:\/\/www.gaveanews.com\/#organization\"}},{\"@type\":\"WebPage\",\"@id\":\"https:\/\/www.gaveanews.com\/index.php\/2021\/11\/05\/saiu-confira-a-escalacao-oficial-do-flamengo-contra-o-atletico-go\/\",\"url\":\"https:\/\/www.gaveanews.com\/index.php\/2021\/11\/05\/saiu-confira-a-escalacao-oficial-do-flamengo-contra-o-atletico-go\/\",\"name\":\"Saiu! Confira a escala\u00e7\u00e3o oficial do Flamengo contra o Atl\u00e9tico-GO\",\"isPartOf\":{\"@id\":\"https:\/\/www.gaveanews.com\/#website\"},\"primaryImageOfPage\":{\"@id\":\"https:\/\/www.gaveanews.com\/index.php\/2021\/11\/05\/saiu-confira-a-escalacao-oficial-do-flamengo-contra-o-atletico-go\/#primaryimage\"},\"image\":{\"@id\":\"https:\/\/www.gaveanews.com\/index.php\/2021\/11\/05\/saiu-confira-a-escalacao-oficial-do-flamengo-contra-o-atletico-go\/#primaryimage\"},\"thumbnailUrl\":\"https:\/\/www.gaveanews.com\/wp-content\/uploads\/Escalacao-oficial-do-Flamengo.webp\",\"datePublished\":\"2021-11-05T23:15:00+00:00\",\"dateModified\":\"2021-11-05T23:27:39+00:00\",\"author\":{\"@id\":\"https:\/\/www.gaveanews.com\/#\/schema\/person\/714c67050b836198af2450ba1c142a67\"},\"breadcrumb\":{\"@id\":\"https:\/\/www.gaveanews.com\/index.php\/2021\/11\/05\/saiu-confira-a-escalacao-oficial-do-flamengo-contra-o-atletico-go\/#breadcrumb\"},\"inLanguage\":\"pt-BR\",\"potentialAction\":[{\"@type\":\"ReadAction\",\"target\":[\"https:\/\/www.gaveanews.com\/index.php\/2021\/11\/05\/saiu-confira-a-escalacao-oficial-do-flamengo-contra-o-atletico-go\/\"]}]},{\"@type\":\"ImageObject\",\"inLanguage\":\"pt-BR\",\"@id\":\"https:\/\/www.gaveanews.com\/index.php\/2021\/11\/05\/saiu-confira-a-escalacao-oficial-do-flamengo-contra-o-atletico-go\/#primaryimage\",\"url\":\"https:\/\/www.gaveanews.com\/wp-content\/uploads\/Escalacao-oficial-do-Flamengo.webp\",\"contentUrl\":\"https:\/\/www.gaveanews.com\/wp-content\/uploads\/Escalacao-oficial-do-Flamengo.webp\",\"caption\":\"Confira a escala\u00e7\u00e3o oficial do Flamengo (Ilustra\u00e7\u00e3o: Editoria de Arte\/GaveaNews.com)\"},{\"@type\":\"BreadcrumbList\",\"@id\":\"https:\/\/www.gaveanews.com\/index.php\/2021\/11\/05\/saiu-confira-a-escalacao-oficial-do-flamengo-contra-o-atletico-go\/#breadcrumb\",\"itemListElement\":[{\"@type\":\"ListItem\",\"position\":1,\"name\":\"Home\",\"item\":\"https:\/\/www.gaveanews.com\/\"},{\"@type\":\"ListItem\",\"position\":2,\"name\":\"Saiu! Confira a escala\u00e7\u00e3o oficial do Flamengo contra o Atl\u00e9tico-GO\"}]},{\"@type\":\"WebSite\",\"@id\":\"https:\/\/www.gaveanews.com\/#website\",\"url\":\"https:\/\/www.gaveanews.com\/\",\"name\":\"G\u00e1vea News\",\"description\":\"Veja todas as not\u00edcias sobre o Flamengo: Contrata\u00e7\u00f5es, categorias de base, resultados das partidas, tabela de classifica\u00e7\u00e3o, pr\u00f3ximos jogos!\",\"potentialAction\":[{\"@type\":\"SearchAction\",\"target\":{\"@type\":\"EntryPoint\",\"urlTemplate\":\"https:\/\/www.gaveanews.com\/?s={search_term_string}\"},\"query-input\":{\"@type\":\"PropertyValueSpecification\",\"valueRequired\":true,\"valueName\":\"search_term_string\"}}],\"inLanguage\":\"pt-BR\"},{\"@type\":\"Person\",\"@id\":\"https:\/\/www.gaveanews.com\/#\/schema\/person\/714c67050b836198af2450ba1c142a67\",\"name\":\"Let\u00edcia Gerheim\",\"image\":{\"@type\":\"ImageObject\",\"inLanguage\":\"pt-BR\",\"@id\":\"https:\/\/www.gaveanews.com\/#\/schema\/person\/image\/\",\"url\":\"https:\/\/secure.gravatar.com\/avatar\/60734739c50fcebfbac509e2a826ccd0ff405c019bc73aab9354f19ecad1dcb4?s=96&d=mm&r=g\",\"contentUrl\":\"https:\/\/secure.gravatar.com\/avatar\/60734739c50fcebfbac509e2a826ccd0ff405c019bc73aab9354f19ecad1dcb4?s=96&d=mm&r=g\",\"caption\":\"Let\u00edcia Gerheim\"}}]}<\/script>\n<!-- \/ Yoast SEO Premium plugin. -->","yoast_head_json":{"title":"Saiu! Confira a escala\u00e7\u00e3o oficial do Flamengo contra o Atl\u00e9tico-GO","robots":{"index":"index","follow":"follow","max-snippet":"max-snippet:-1","max-image-preview":"max-image-preview:large","max-video-preview":"max-video-preview:-1"},"canonical":"https:\/\/www.gaveanews.com\/index.php\/2021\/11\/05\/saiu-confira-a-escalacao-oficial-do-flamengo-contra-o-atletico-go\/","og_locale":"pt_BR","og_type":"article","og_title":"Saiu! Confira a escala\u00e7\u00e3o oficial do Flamengo contra o Atl\u00e9tico-GO","og_description":"Nesta noite (05), o Mais Querido disputar\u00e1 uma de suas partidas adiadas no Campeonato Brasileiro. A partida contra o Atl\u00e9tico-GO, v\u00e1lida pela 19\u00aa rodada do torneio, acontecer\u00e1 \u00e0s 21h30 (hor\u00e1rio de Bras\u00edlia), no Maracan\u00e3. Este ser\u00e1 mais um dos confrontos decisivos do time de Renato Ga\u00facho na competi\u00e7\u00e3o. Precisando da vit\u00f3ria para se manter vivo [&hellip;]","og_url":"https:\/\/www.gaveanews.com\/index.php\/2021\/11\/05\/saiu-confira-a-escalacao-oficial-do-flamengo-contra-o-atletico-go\/","og_site_name":"G\u00e1vea News","article_publisher":"https:\/\/facebook.com\/gaveaNews\/","article_published_time":"2021-11-05T23:15:00+00:00","article_modified_time":"2021-11-05T23:27:39+00:00","og_image":[{"url":"https:\/\/www.gaveanews.com\/wp-content\/uploads\/Escalacao-oficial-do-Flamengo.webp","width":1,"height":1,"type":"image\/jpeg"}],"author":"Let\u00edcia Gerheim","twitter_card":"summary_large_image","twitter_misc":{"Escrito por":"Let\u00edcia Gerheim","Est. tempo de leitura":"2 minutos"},"schema":{"@context":"https:\/\/schema.org","@graph":[{"@type":"NewsArticle","@id":"https:\/\/www.gaveanews.com\/index.php\/2021\/11\/05\/saiu-confira-a-escalacao-oficial-do-flamengo-contra-o-atletico-go\/#article","isPartOf":{"@id":"https:\/\/www.gaveanews.com\/index.php\/2021\/11\/05\/saiu-confira-a-escalacao-oficial-do-flamengo-contra-o-atletico-go\/"},"author":{"name":"Let\u00edcia Gerheim","@id":"https:\/\/www.gaveanews.com\/#\/schema\/person\/714c67050b836198af2450ba1c142a67"},"headline":"Saiu! Confira a escala\u00e7\u00e3o oficial do Flamengo contra o Atl\u00e9tico-GO","datePublished":"2021-11-05T23:15:00+00:00","dateModified":"2021-11-05T23:27:39+00:00","mainEntityOfPage":{"@id":"https:\/\/www.gaveanews.com\/index.php\/2021\/11\/05\/saiu-confira-a-escalacao-oficial-do-flamengo-contra-o-atletico-go\/"},"wordCount":432,"commentCount":23,"image":{"@id":"https:\/\/www.gaveanews.com\/index.php\/2021\/11\/05\/saiu-confira-a-escalacao-oficial-do-flamengo-contra-o-atletico-go\/#primaryimage"},"thumbnailUrl":"https:\/\/www.gaveanews.com\/wp-content\/uploads\/Escalacao-oficial-do-Flamengo.webp","articleSection":["Flamengo"],"inLanguage":"pt-BR","potentialAction":[{"@type":"CommentAction","name":"Comment","target":["https:\/\/www.gaveanews.com\/index.php\/2021\/11\/05\/saiu-confira-a-escalacao-oficial-do-flamengo-contra-o-atletico-go\/#respond"]}],"copyrightYear":"2021","copyrightHolder":{"@id":"https:\/\/www.gaveanews.com\/#organization"}},{"@type":"WebPage","@id":"https:\/\/www.gaveanews.com\/index.php\/2021\/11\/05\/saiu-confira-a-escalacao-oficial-do-flamengo-contra-o-atletico-go\/","url":"https:\/\/www.gaveanews.com\/index.php\/2021\/11\/05\/saiu-confira-a-escalacao-oficial-do-flamengo-contra-o-atletico-go\/","name":"Saiu! Confira a escala\u00e7\u00e3o oficial do Flamengo contra o Atl\u00e9tico-GO","isPartOf":{"@id":"https:\/\/www.gaveanews.com\/#website"},"primaryImageOfPage":{"@id":"https:\/\/www.gaveanews.com\/index.php\/2021\/11\/05\/saiu-confira-a-escalacao-oficial-do-flamengo-contra-o-atletico-go\/#primaryimage"},"image":{"@id":"https:\/\/www.gaveanews.com\/index.php\/2021\/11\/05\/saiu-confira-a-escalacao-oficial-do-flamengo-contra-o-atletico-go\/#primaryimage"},"thumbnailUrl":"https:\/\/www.gaveanews.com\/wp-content\/uploads\/Escalacao-oficial-do-Flamengo.webp","datePublished":"2021-11-05T23:15:00+00:00","dateModified":"2021-11-05T23:27:39+00:00","author":{"@id":"https:\/\/www.gaveanews.com\/#\/schema\/person\/714c67050b836198af2450ba1c142a67"},"breadcrumb":{"@id":"https:\/\/www.gaveanews.com\/index.php\/2021\/11\/05\/saiu-confira-a-escalacao-oficial-do-flamengo-contra-o-atletico-go\/#breadcrumb"},"inLanguage":"pt-BR","potentialAction":[{"@type":"ReadAction","target":["https:\/\/www.gaveanews.com\/index.php\/2021\/11\/05\/saiu-confira-a-escalacao-oficial-do-flamengo-contra-o-atletico-go\/"]}]},{"@type":"ImageObject","inLanguage":"pt-BR","@id":"https:\/\/www.gaveanews.com\/index.php\/2021\/11\/05\/saiu-confira-a-escalacao-oficial-do-flamengo-contra-o-atletico-go\/#primaryimage","url":"https:\/\/www.gaveanews.com\/wp-content\/uploads\/Escalacao-oficial-do-Flamengo.webp","contentUrl":"https:\/\/www.gaveanews.com\/wp-content\/uploads\/Escalacao-oficial-do-Flamengo.webp","caption":"Confira a escala\u00e7\u00e3o oficial do Flamengo (Ilustra\u00e7\u00e3o: Editoria de Arte\/GaveaNews.com)"},{"@type":"BreadcrumbList","@id":"https:\/\/www.gaveanews.com\/index.php\/2021\/11\/05\/saiu-confira-a-escalacao-oficial-do-flamengo-contra-o-atletico-go\/#breadcrumb","itemListElement":[{"@type":"ListItem","position":1,"name":"Home","item":"https:\/\/www.gaveanews.com\/"},{"@type":"ListItem","position":2,"name":"Saiu! Confira a escala\u00e7\u00e3o oficial do Flamengo contra o Atl\u00e9tico-GO"}]},{"@type":"WebSite","@id":"https:\/\/www.gaveanews.com\/#website","url":"https:\/\/www.gaveanews.com\/","name":"G\u00e1vea News","description":"Veja todas as not\u00edcias sobre o Flamengo: Contrata\u00e7\u00f5es, categorias de base, resultados das partidas, tabela de classifica\u00e7\u00e3o, pr\u00f3ximos jogos!","potentialAction":[{"@type":"SearchAction","target":{"@type":"EntryPoint","urlTemplate":"https:\/\/www.gaveanews.com\/?s={search_term_string}"},"query-input":{"@type":"PropertyValueSpecification","valueRequired":true,"valueName":"search_term_string"}}],"inLanguage":"pt-BR"},{"@type":"Person","@id":"https:\/\/www.gaveanews.com\/#\/schema\/person\/714c67050b836198af2450ba1c142a67","name":"Let\u00edcia Gerheim","image":{"@type":"ImageObject","inLanguage":"pt-BR","@id":"https:\/\/www.gaveanews.com\/#\/schema\/person\/image\/","url":"https:\/\/secure.gravatar.com\/avatar\/60734739c50fcebfbac509e2a826ccd0ff405c019bc73aab9354f19ecad1dcb4?s=96&d=mm&r=g","contentUrl":"https:\/\/secure.gravatar.com\/avatar\/60734739c50fcebfbac509e2a826ccd0ff405c019bc73aab9354f19ecad1dcb4?s=96&d=mm&r=g","caption":"Let\u00edcia Gerheim"}}]}},"_links":{"self":[{"href":"https:\/\/www.gaveanews.com\/index.php\/wp-json\/wp\/v2\/posts\/71248","targetHints":{"allow":["GET"]}}],"collection":[{"href":"https:\/\/www.gaveanews.com\/index.php\/wp-json\/wp\/v2\/posts"}],"about":[{"href":"https:\/\/www.gaveanews.com\/index.php\/wp-json\/wp\/v2\/types\/post"}],"author":[{"embeddable":true,"href":"https:\/\/www.gaveanews.com\/index.php\/wp-json\/wp\/v2\/users\/4"}],"replies":[{"embeddable":true,"href":"https:\/\/www.gaveanews.com\/index.php\/wp-json\/wp\/v2\/comments?post=71248"}],"version-history":[{"count":0,"href":"https:\/\/www.gaveanews.com\/index.php\/wp-json\/wp\/v2\/posts\/71248\/revisions"}],"wp:featuredmedia":[{"embeddable":true,"href":"https:\/\/www.gaveanews.com\/index.php\/wp-json\/wp\/v2\/media\/30000"}],"wp:attachment":[{"href":"https:\/\/www.gaveanews.com\/index.php\/wp-json\/wp\/v2\/media?parent=71248"}],"wp:term":[{"taxonomy":"category","embeddable":true,"href":"https:\/\/www.gaveanews.com\/index.php\/wp-json\/wp\/v2\/categories?post=71248"},{"taxonomy":"post_tag","embeddable":true,"href":"https:\/\/www.gaveanews.com\/index.php\/wp-json\/wp\/v2\/tags?post=71248"}],"curies":[{"name":"wp","href":"https:\/\/api.w.org\/{rel}","templated":true}]}}