{"id":71252,"date":"2021-11-05T17:16:07","date_gmt":"2021-11-05T20:16:07","guid":{"rendered":"https:\/\/www.gaveanews.com\/?p=71252"},"modified":"2021-11-05T17:16:10","modified_gmt":"2021-11-05T20:16:10","slug":"diretor-da-cbf-fala-sobre-proximo-calendario-e-ignora-consideracoes-do-flamengo","status":"publish","type":"post","link":"https:\/\/www.gaveanews.com\/index.php\/2021\/11\/05\/diretor-da-cbf-fala-sobre-proximo-calendario-e-ignora-consideracoes-do-flamengo\/","title":{"rendered":"Diretor da CBF fala sobre pr\u00f3ximo calend\u00e1rio e ignora considera\u00e7\u00f5es do Flamengo"},"content":{"rendered":"\n<p>A temporada de 2021 se aproxima de seu fim. Os torneios continentais disputar\u00e3o suas finais ainda em novembro, e os nacionais conhecer\u00e3o seus novos campe\u00f5es na primeira quinzena da dezembro.<\/p>\n\n\n\n<p>Assim, tanto a CBF quanto os clubes j\u00e1 se organizam e debatem as op\u00e7\u00f5es para o pr\u00f3ximo ano. A principal quest\u00e3o tratada, por\u00e9m, se deve ao encurtamento do ciclo de 2022, que precisar\u00e1 terminar at\u00e9 o come\u00e7o de novembro por conta da Copa do Mundo no Qatar, marcada para os dois \u00faltimos meses do ano.<\/p>\n\n\n\n<p>Comentando sobre o calend\u00e1rio que ainda est\u00e1 sendo definido, Manoel Flores disse em entrevista ao <em>Uol<\/em> que n\u00e3o pensar\u00e1 nas equipes individualmente. Quando questionado sobre as <a href=\"https:\/\/www.gaveanews.com\/index.php\/2021\/11\/04\/dirigente-do-flamengo-da-sugestao-a-cbf-sobre-calendario-de-2022\/\">sugest\u00f5es feitas pelo Flamengo,<\/a> o diretor da entidade informou que tentar\u00e1 fazer o que for melhor para a maioria.<\/p>\n\n\n\n<p><strong><em>\u2014 A rea\u00e7\u00e3o foi positiva. \u00d3bvio que o calend\u00e1rio \u00e9 uma representa\u00e7\u00e3o de uma m\u00e9dia geral do que se v\u00ea no pa\u00eds, que \u00e9 t\u00e3o diverso. Tem federa\u00e7\u00f5es grandes e pequenas, clubes grandes, m\u00e9dios e pequenos. Cada um com seu interesse, objetivo em cada temporada. Quando voc\u00ea re\u00fane esses players, cada um enxerga o calend\u00e1rio com sua \u00f3tica. Mas a gente ficou satisfeito de explicar antes de fazer a publica\u00e7\u00e3o<\/em><\/strong> &#8211; disse, antes de continuar:<\/p>\n\n\n\n<p><strong><em>\u2014 N\u00e3o vamos falar de clube individual. A gente teve diversas manifesta\u00e7\u00f5es. Deixamos todos \u00e0 vontade de falar e expor sua opini\u00e3o. A gente entende as demandas. Mas o que ficou claro \u00e9 que \u00e9 o calend\u00e1rio poss\u00edvel, dentro de um quadro complexo. \u00c9 o que vamos viver em 2022 e que n\u00e3o \u00e9 diferente de 2021 e 2020<\/em>.<\/strong><\/p>\n\n\n\n<p>Em seguida, Manoel Flores comentou um pouco sobre o cen\u00e1rio no qual a CBF ter\u00e1 que encaixar a pr\u00f3xima temporada. A expectativa da entidade \u00e9 ajustar todas as competi\u00e7\u00f5es nacionais at\u00e9 o limite das convoca\u00e7\u00f5es para a Copa. Outro ponto ainda n\u00e3o definido se deve \u00e0 disponibilidade das Datas FIFA ao longo do ano.<\/p>\n\n\n\n<p><strong><em>\u2014 Foi uma iniciativa importante para a gente apresentar o calend\u00e1rio de 2022, que \u00e9 um ano, como foi 2020 e 2021, completamente fora da curva. Em 2020, sofremos muito pela paralisa\u00e7\u00e3o do futebol, de todas as atividades do pa\u00eds. Sofremos para poder equacionar e entregar as competi\u00e7\u00f5es<\/em>.<\/strong><\/p>\n\n\n\n<p><strong><em>\u2014 O calend\u00e1rio de 2022 \u00e9 um grande desafio porque tem quest\u00f5es diferentes. Uma \u00e9 a Copa do Mundo no fim do ano. As sele\u00e7\u00f5es precisam apresentar seus atletas no dia 14 de novembro, o que fez a gente antecipar o Brasileir\u00e3o em cerca de um m\u00eas. A outra quest\u00e3o \u00e9 a data Fifa, que n\u00e3o ser\u00e1 usual: entre 30 de maio e 14 de junho, o que \u00e9 algo diferente. Foi uma maneira de explicar e colocar todos aqueles impactados pelo calend\u00e1rio em uma apresenta\u00e7\u00e3o para explicarmos o que vir\u00e1<\/em>.<\/strong><\/p>\n","protected":false},"excerpt":{"rendered":"<p>A temporada de 2021 se aproxima de seu fim. Os torneios continentais disputar\u00e3o suas finais ainda em novembro, e os nacionais conhecer\u00e3o seus novos campe\u00f5es na primeira quinzena da dezembro. Assim, tanto a CBF quanto os clubes j\u00e1 se organizam e debatem as op\u00e7\u00f5es para o pr\u00f3ximo ano. A principal quest\u00e3o tratada, por\u00e9m, se deve [&hellip;]<\/p>\n","protected":false},"author":4,"featured_media":16271,"comment_status":"open","ping_status":"closed","sticky":false,"template":"","format":"standard","meta":{"footnotes":""},"categories":[1],"tags":[],"class_list":["post-71252","post","type-post","status-publish","format-standard","has-post-thumbnail","hentry","category-flamengo"],"yoast_head":"<!-- This site is optimized with the Yoast SEO Premium plugin v24.2 (Yoast SEO v26.9) - https:\/\/yoast.com\/product\/yoast-seo-premium-wordpress\/ -->\n<title>CBF fala sobre pr\u00f3ximo calend\u00e1rio e ignora considera\u00e7\u00f5es do Flamengo<\/title>\n<meta name=\"robots\" content=\"index, follow, max-snippet:-1, max-image-preview:large, max-video-preview:-1\" \/>\n<link rel=\"canonical\" href=\"https:\/\/www.gaveanews.com\/index.php\/2021\/11\/05\/diretor-da-cbf-fala-sobre-proximo-calendario-e-ignora-consideracoes-do-flamengo\/\" \/>\n<meta property=\"og:locale\" content=\"pt_BR\" \/>\n<meta property=\"og:type\" content=\"article\" \/>\n<meta property=\"og:title\" content=\"Diretor da CBF fala sobre pr\u00f3ximo calend\u00e1rio e ignora considera\u00e7\u00f5es do Flamengo\" \/>\n<meta property=\"og:description\" content=\"A temporada de 2021 se aproxima de seu fim. Os torneios continentais disputar\u00e3o suas finais ainda em novembro, e os nacionais conhecer\u00e3o seus novos campe\u00f5es na primeira quinzena da dezembro. Assim, tanto a CBF quanto os clubes j\u00e1 se organizam e debatem as op\u00e7\u00f5es para o pr\u00f3ximo ano. A principal quest\u00e3o tratada, por\u00e9m, se deve [&hellip;]\" \/>\n<meta property=\"og:url\" content=\"https:\/\/www.gaveanews.com\/index.php\/2021\/11\/05\/diretor-da-cbf-fala-sobre-proximo-calendario-e-ignora-consideracoes-do-flamengo\/\" \/>\n<meta property=\"og:site_name\" content=\"G\u00e1vea News\" \/>\n<meta property=\"article:publisher\" content=\"https:\/\/facebook.com\/gaveaNews\/\" \/>\n<meta property=\"article:published_time\" content=\"2021-11-05T20:16:07+00:00\" \/>\n<meta property=\"article:modified_time\" content=\"2021-11-05T20:16:10+00:00\" \/>\n<meta property=\"og:image\" content=\"https:\/\/www.gaveanews.com\/wp-content\/uploads\/2019\/02\/Sede-da-CBF-no-Rio-de-Janeiro.webp\" \/>\n\t<meta property=\"og:image:width\" content=\"690\" \/>\n\t<meta property=\"og:image:height\" content=\"518\" \/>\n\t<meta property=\"og:image:type\" content=\"image\/jpeg\" \/>\n<meta name=\"author\" content=\"Let\u00edcia Gerheim\" \/>\n<meta name=\"twitter:card\" content=\"summary_large_image\" \/>\n<meta name=\"twitter:label1\" content=\"Escrito por\" \/>\n\t<meta name=\"twitter:data1\" content=\"Let\u00edcia Gerheim\" \/>\n\t<meta name=\"twitter:label2\" content=\"Est. tempo de leitura\" \/>\n\t<meta name=\"twitter:data2\" content=\"2 minutos\" \/>\n<script type=\"application\/ld+json\" class=\"yoast-schema-graph\">{\"@context\":\"https:\/\/schema.org\",\"@graph\":[{\"@type\":\"NewsArticle\",\"@id\":\"https:\/\/www.gaveanews.com\/index.php\/2021\/11\/05\/diretor-da-cbf-fala-sobre-proximo-calendario-e-ignora-consideracoes-do-flamengo\/#article\",\"isPartOf\":{\"@id\":\"https:\/\/www.gaveanews.com\/index.php\/2021\/11\/05\/diretor-da-cbf-fala-sobre-proximo-calendario-e-ignora-consideracoes-do-flamengo\/\"},\"author\":{\"name\":\"Let\u00edcia Gerheim\",\"@id\":\"https:\/\/www.gaveanews.com\/#\/schema\/person\/714c67050b836198af2450ba1c142a67\"},\"headline\":\"Diretor da CBF fala sobre pr\u00f3ximo calend\u00e1rio e ignora considera\u00e7\u00f5es do Flamengo\",\"datePublished\":\"2021-11-05T20:16:07+00:00\",\"dateModified\":\"2021-11-05T20:16:10+00:00\",\"mainEntityOfPage\":{\"@id\":\"https:\/\/www.gaveanews.com\/index.php\/2021\/11\/05\/diretor-da-cbf-fala-sobre-proximo-calendario-e-ignora-consideracoes-do-flamengo\/\"},\"wordCount\":487,\"commentCount\":5,\"image\":{\"@id\":\"https:\/\/www.gaveanews.com\/index.php\/2021\/11\/05\/diretor-da-cbf-fala-sobre-proximo-calendario-e-ignora-consideracoes-do-flamengo\/#primaryimage\"},\"thumbnailUrl\":\"https:\/\/www.gaveanews.com\/wp-content\/uploads\/2019\/02\/Sede-da-CBF-no-Rio-de-Janeiro.webp\",\"articleSection\":[\"Flamengo\"],\"inLanguage\":\"pt-BR\",\"potentialAction\":[{\"@type\":\"CommentAction\",\"name\":\"Comment\",\"target\":[\"https:\/\/www.gaveanews.com\/index.php\/2021\/11\/05\/diretor-da-cbf-fala-sobre-proximo-calendario-e-ignora-consideracoes-do-flamengo\/#respond\"]}],\"copyrightYear\":\"2021\",\"copyrightHolder\":{\"@id\":\"https:\/\/www.gaveanews.com\/#organization\"}},{\"@type\":\"WebPage\",\"@id\":\"https:\/\/www.gaveanews.com\/index.php\/2021\/11\/05\/diretor-da-cbf-fala-sobre-proximo-calendario-e-ignora-consideracoes-do-flamengo\/\",\"url\":\"https:\/\/www.gaveanews.com\/index.php\/2021\/11\/05\/diretor-da-cbf-fala-sobre-proximo-calendario-e-ignora-consideracoes-do-flamengo\/\",\"name\":\"CBF fala sobre pr\u00f3ximo calend\u00e1rio e ignora considera\u00e7\u00f5es do Flamengo\",\"isPartOf\":{\"@id\":\"https:\/\/www.gaveanews.com\/#website\"},\"primaryImageOfPage\":{\"@id\":\"https:\/\/www.gaveanews.com\/index.php\/2021\/11\/05\/diretor-da-cbf-fala-sobre-proximo-calendario-e-ignora-consideracoes-do-flamengo\/#primaryimage\"},\"image\":{\"@id\":\"https:\/\/www.gaveanews.com\/index.php\/2021\/11\/05\/diretor-da-cbf-fala-sobre-proximo-calendario-e-ignora-consideracoes-do-flamengo\/#primaryimage\"},\"thumbnailUrl\":\"https:\/\/www.gaveanews.com\/wp-content\/uploads\/2019\/02\/Sede-da-CBF-no-Rio-de-Janeiro.webp\",\"datePublished\":\"2021-11-05T20:16:07+00:00\",\"dateModified\":\"2021-11-05T20:16:10+00:00\",\"author\":{\"@id\":\"https:\/\/www.gaveanews.com\/#\/schema\/person\/714c67050b836198af2450ba1c142a67\"},\"breadcrumb\":{\"@id\":\"https:\/\/www.gaveanews.com\/index.php\/2021\/11\/05\/diretor-da-cbf-fala-sobre-proximo-calendario-e-ignora-consideracoes-do-flamengo\/#breadcrumb\"},\"inLanguage\":\"pt-BR\",\"potentialAction\":[{\"@type\":\"ReadAction\",\"target\":[\"https:\/\/www.gaveanews.com\/index.php\/2021\/11\/05\/diretor-da-cbf-fala-sobre-proximo-calendario-e-ignora-consideracoes-do-flamengo\/\"]}]},{\"@type\":\"ImageObject\",\"inLanguage\":\"pt-BR\",\"@id\":\"https:\/\/www.gaveanews.com\/index.php\/2021\/11\/05\/diretor-da-cbf-fala-sobre-proximo-calendario-e-ignora-consideracoes-do-flamengo\/#primaryimage\",\"url\":\"https:\/\/www.gaveanews.com\/wp-content\/uploads\/2019\/02\/Sede-da-CBF-no-Rio-de-Janeiro.webp\",\"contentUrl\":\"https:\/\/www.gaveanews.com\/wp-content\/uploads\/2019\/02\/Sede-da-CBF-no-Rio-de-Janeiro.webp\",\"width\":690,\"height\":518,\"caption\":\"Sede da CBF no Rio de Janeiro (Foto: Cah\u00ea Mota\/Globo Esporte)\"},{\"@type\":\"BreadcrumbList\",\"@id\":\"https:\/\/www.gaveanews.com\/index.php\/2021\/11\/05\/diretor-da-cbf-fala-sobre-proximo-calendario-e-ignora-consideracoes-do-flamengo\/#breadcrumb\",\"itemListElement\":[{\"@type\":\"ListItem\",\"position\":1,\"name\":\"Home\",\"item\":\"https:\/\/www.gaveanews.com\/\"},{\"@type\":\"ListItem\",\"position\":2,\"name\":\"Diretor da CBF fala sobre pr\u00f3ximo calend\u00e1rio e ignora considera\u00e7\u00f5es do Flamengo\"}]},{\"@type\":\"WebSite\",\"@id\":\"https:\/\/www.gaveanews.com\/#website\",\"url\":\"https:\/\/www.gaveanews.com\/\",\"name\":\"G\u00e1vea News\",\"description\":\"Veja todas as not\u00edcias sobre o Flamengo: Contrata\u00e7\u00f5es, categorias de base, resultados das partidas, tabela de classifica\u00e7\u00e3o, pr\u00f3ximos jogos!\",\"potentialAction\":[{\"@type\":\"SearchAction\",\"target\":{\"@type\":\"EntryPoint\",\"urlTemplate\":\"https:\/\/www.gaveanews.com\/?s={search_term_string}\"},\"query-input\":{\"@type\":\"PropertyValueSpecification\",\"valueRequired\":true,\"valueName\":\"search_term_string\"}}],\"inLanguage\":\"pt-BR\"},{\"@type\":\"Person\",\"@id\":\"https:\/\/www.gaveanews.com\/#\/schema\/person\/714c67050b836198af2450ba1c142a67\",\"name\":\"Let\u00edcia Gerheim\",\"image\":{\"@type\":\"ImageObject\",\"inLanguage\":\"pt-BR\",\"@id\":\"https:\/\/www.gaveanews.com\/#\/schema\/person\/image\/\",\"url\":\"https:\/\/secure.gravatar.com\/avatar\/60734739c50fcebfbac509e2a826ccd0ff405c019bc73aab9354f19ecad1dcb4?s=96&d=mm&r=g\",\"contentUrl\":\"https:\/\/secure.gravatar.com\/avatar\/60734739c50fcebfbac509e2a826ccd0ff405c019bc73aab9354f19ecad1dcb4?s=96&d=mm&r=g\",\"caption\":\"Let\u00edcia Gerheim\"}}]}<\/script>\n<!-- \/ Yoast SEO Premium plugin. -->","yoast_head_json":{"title":"CBF fala sobre pr\u00f3ximo calend\u00e1rio e ignora considera\u00e7\u00f5es do Flamengo","robots":{"index":"index","follow":"follow","max-snippet":"max-snippet:-1","max-image-preview":"max-image-preview:large","max-video-preview":"max-video-preview:-1"},"canonical":"https:\/\/www.gaveanews.com\/index.php\/2021\/11\/05\/diretor-da-cbf-fala-sobre-proximo-calendario-e-ignora-consideracoes-do-flamengo\/","og_locale":"pt_BR","og_type":"article","og_title":"Diretor da CBF fala sobre pr\u00f3ximo calend\u00e1rio e ignora considera\u00e7\u00f5es do Flamengo","og_description":"A temporada de 2021 se aproxima de seu fim. Os torneios continentais disputar\u00e3o suas finais ainda em novembro, e os nacionais conhecer\u00e3o seus novos campe\u00f5es na primeira quinzena da dezembro. Assim, tanto a CBF quanto os clubes j\u00e1 se organizam e debatem as op\u00e7\u00f5es para o pr\u00f3ximo ano. A principal quest\u00e3o tratada, por\u00e9m, se deve [&hellip;]","og_url":"https:\/\/www.gaveanews.com\/index.php\/2021\/11\/05\/diretor-da-cbf-fala-sobre-proximo-calendario-e-ignora-consideracoes-do-flamengo\/","og_site_name":"G\u00e1vea News","article_publisher":"https:\/\/facebook.com\/gaveaNews\/","article_published_time":"2021-11-05T20:16:07+00:00","article_modified_time":"2021-11-05T20:16:10+00:00","og_image":[{"width":690,"height":518,"url":"https:\/\/www.gaveanews.com\/wp-content\/uploads\/2019\/02\/Sede-da-CBF-no-Rio-de-Janeiro.webp","type":"image\/jpeg"}],"author":"Let\u00edcia Gerheim","twitter_card":"summary_large_image","twitter_misc":{"Escrito por":"Let\u00edcia Gerheim","Est. tempo de leitura":"2 minutos"},"schema":{"@context":"https:\/\/schema.org","@graph":[{"@type":"NewsArticle","@id":"https:\/\/www.gaveanews.com\/index.php\/2021\/11\/05\/diretor-da-cbf-fala-sobre-proximo-calendario-e-ignora-consideracoes-do-flamengo\/#article","isPartOf":{"@id":"https:\/\/www.gaveanews.com\/index.php\/2021\/11\/05\/diretor-da-cbf-fala-sobre-proximo-calendario-e-ignora-consideracoes-do-flamengo\/"},"author":{"name":"Let\u00edcia Gerheim","@id":"https:\/\/www.gaveanews.com\/#\/schema\/person\/714c67050b836198af2450ba1c142a67"},"headline":"Diretor da CBF fala sobre pr\u00f3ximo calend\u00e1rio e ignora considera\u00e7\u00f5es do Flamengo","datePublished":"2021-11-05T20:16:07+00:00","dateModified":"2021-11-05T20:16:10+00:00","mainEntityOfPage":{"@id":"https:\/\/www.gaveanews.com\/index.php\/2021\/11\/05\/diretor-da-cbf-fala-sobre-proximo-calendario-e-ignora-consideracoes-do-flamengo\/"},"wordCount":487,"commentCount":5,"image":{"@id":"https:\/\/www.gaveanews.com\/index.php\/2021\/11\/05\/diretor-da-cbf-fala-sobre-proximo-calendario-e-ignora-consideracoes-do-flamengo\/#primaryimage"},"thumbnailUrl":"https:\/\/www.gaveanews.com\/wp-content\/uploads\/2019\/02\/Sede-da-CBF-no-Rio-de-Janeiro.webp","articleSection":["Flamengo"],"inLanguage":"pt-BR","potentialAction":[{"@type":"CommentAction","name":"Comment","target":["https:\/\/www.gaveanews.com\/index.php\/2021\/11\/05\/diretor-da-cbf-fala-sobre-proximo-calendario-e-ignora-consideracoes-do-flamengo\/#respond"]}],"copyrightYear":"2021","copyrightHolder":{"@id":"https:\/\/www.gaveanews.com\/#organization"}},{"@type":"WebPage","@id":"https:\/\/www.gaveanews.com\/index.php\/2021\/11\/05\/diretor-da-cbf-fala-sobre-proximo-calendario-e-ignora-consideracoes-do-flamengo\/","url":"https:\/\/www.gaveanews.com\/index.php\/2021\/11\/05\/diretor-da-cbf-fala-sobre-proximo-calendario-e-ignora-consideracoes-do-flamengo\/","name":"CBF fala sobre pr\u00f3ximo calend\u00e1rio e ignora considera\u00e7\u00f5es do Flamengo","isPartOf":{"@id":"https:\/\/www.gaveanews.com\/#website"},"primaryImageOfPage":{"@id":"https:\/\/www.gaveanews.com\/index.php\/2021\/11\/05\/diretor-da-cbf-fala-sobre-proximo-calendario-e-ignora-consideracoes-do-flamengo\/#primaryimage"},"image":{"@id":"https:\/\/www.gaveanews.com\/index.php\/2021\/11\/05\/diretor-da-cbf-fala-sobre-proximo-calendario-e-ignora-consideracoes-do-flamengo\/#primaryimage"},"thumbnailUrl":"https:\/\/www.gaveanews.com\/wp-content\/uploads\/2019\/02\/Sede-da-CBF-no-Rio-de-Janeiro.webp","datePublished":"2021-11-05T20:16:07+00:00","dateModified":"2021-11-05T20:16:10+00:00","author":{"@id":"https:\/\/www.gaveanews.com\/#\/schema\/person\/714c67050b836198af2450ba1c142a67"},"breadcrumb":{"@id":"https:\/\/www.gaveanews.com\/index.php\/2021\/11\/05\/diretor-da-cbf-fala-sobre-proximo-calendario-e-ignora-consideracoes-do-flamengo\/#breadcrumb"},"inLanguage":"pt-BR","potentialAction":[{"@type":"ReadAction","target":["https:\/\/www.gaveanews.com\/index.php\/2021\/11\/05\/diretor-da-cbf-fala-sobre-proximo-calendario-e-ignora-consideracoes-do-flamengo\/"]}]},{"@type":"ImageObject","inLanguage":"pt-BR","@id":"https:\/\/www.gaveanews.com\/index.php\/2021\/11\/05\/diretor-da-cbf-fala-sobre-proximo-calendario-e-ignora-consideracoes-do-flamengo\/#primaryimage","url":"https:\/\/www.gaveanews.com\/wp-content\/uploads\/2019\/02\/Sede-da-CBF-no-Rio-de-Janeiro.webp","contentUrl":"https:\/\/www.gaveanews.com\/wp-content\/uploads\/2019\/02\/Sede-da-CBF-no-Rio-de-Janeiro.webp","width":690,"height":518,"caption":"Sede da CBF no Rio de Janeiro (Foto: Cah\u00ea Mota\/Globo Esporte)"},{"@type":"BreadcrumbList","@id":"https:\/\/www.gaveanews.com\/index.php\/2021\/11\/05\/diretor-da-cbf-fala-sobre-proximo-calendario-e-ignora-consideracoes-do-flamengo\/#breadcrumb","itemListElement":[{"@type":"ListItem","position":1,"name":"Home","item":"https:\/\/www.gaveanews.com\/"},{"@type":"ListItem","position":2,"name":"Diretor da CBF fala sobre pr\u00f3ximo calend\u00e1rio e ignora considera\u00e7\u00f5es do Flamengo"}]},{"@type":"WebSite","@id":"https:\/\/www.gaveanews.com\/#website","url":"https:\/\/www.gaveanews.com\/","name":"G\u00e1vea News","description":"Veja todas as not\u00edcias sobre o Flamengo: Contrata\u00e7\u00f5es, categorias de base, resultados das partidas, tabela de classifica\u00e7\u00e3o, pr\u00f3ximos jogos!","potentialAction":[{"@type":"SearchAction","target":{"@type":"EntryPoint","urlTemplate":"https:\/\/www.gaveanews.com\/?s={search_term_string}"},"query-input":{"@type":"PropertyValueSpecification","valueRequired":true,"valueName":"search_term_string"}}],"inLanguage":"pt-BR"},{"@type":"Person","@id":"https:\/\/www.gaveanews.com\/#\/schema\/person\/714c67050b836198af2450ba1c142a67","name":"Let\u00edcia Gerheim","image":{"@type":"ImageObject","inLanguage":"pt-BR","@id":"https:\/\/www.gaveanews.com\/#\/schema\/person\/image\/","url":"https:\/\/secure.gravatar.com\/avatar\/60734739c50fcebfbac509e2a826ccd0ff405c019bc73aab9354f19ecad1dcb4?s=96&d=mm&r=g","contentUrl":"https:\/\/secure.gravatar.com\/avatar\/60734739c50fcebfbac509e2a826ccd0ff405c019bc73aab9354f19ecad1dcb4?s=96&d=mm&r=g","caption":"Let\u00edcia Gerheim"}}]}},"_links":{"self":[{"href":"https:\/\/www.gaveanews.com\/index.php\/wp-json\/wp\/v2\/posts\/71252","targetHints":{"allow":["GET"]}}],"collection":[{"href":"https:\/\/www.gaveanews.com\/index.php\/wp-json\/wp\/v2\/posts"}],"about":[{"href":"https:\/\/www.gaveanews.com\/index.php\/wp-json\/wp\/v2\/types\/post"}],"author":[{"embeddable":true,"href":"https:\/\/www.gaveanews.com\/index.php\/wp-json\/wp\/v2\/users\/4"}],"replies":[{"embeddable":true,"href":"https:\/\/www.gaveanews.com\/index.php\/wp-json\/wp\/v2\/comments?post=71252"}],"version-history":[{"count":0,"href":"https:\/\/www.gaveanews.com\/index.php\/wp-json\/wp\/v2\/posts\/71252\/revisions"}],"wp:featuredmedia":[{"embeddable":true,"href":"https:\/\/www.gaveanews.com\/index.php\/wp-json\/wp\/v2\/media\/16271"}],"wp:attachment":[{"href":"https:\/\/www.gaveanews.com\/index.php\/wp-json\/wp\/v2\/media?parent=71252"}],"wp:term":[{"taxonomy":"category","embeddable":true,"href":"https:\/\/www.gaveanews.com\/index.php\/wp-json\/wp\/v2\/categories?post=71252"},{"taxonomy":"post_tag","embeddable":true,"href":"https:\/\/www.gaveanews.com\/index.php\/wp-json\/wp\/v2\/tags?post=71252"}],"curies":[{"name":"wp","href":"https:\/\/api.w.org\/{rel}","templated":true}]}}