{"id":71261,"date":"2021-11-05T15:26:31","date_gmt":"2021-11-05T18:26:31","guid":{"rendered":"https:\/\/www.gaveanews.com\/?p=71261"},"modified":"2021-11-05T15:26:33","modified_gmt":"2021-11-05T18:26:33","slug":"ex-fla-e-palmeiras-alan-patrick-revela-torcida-para-a-final-da-libertadores","status":"publish","type":"post","link":"https:\/\/www.gaveanews.com\/index.php\/2021\/11\/05\/ex-fla-e-palmeiras-alan-patrick-revela-torcida-para-a-final-da-libertadores\/","title":{"rendered":"Ex-Fla e Palmeiras, Alan Patrick revela torcida para a final da Libertadores"},"content":{"rendered":"\n<p>Se aproximando do fim desta temporada, o Flamengo tenta dividir sua aten\u00e7\u00e3o entre o Campeonato Brasileiro e a Libertadores. O clube possui apenas 22 dias para definir sua melhor estrat\u00e9gia para enfrentar o Alviverde, ainda tendo que driblar os desfalques e a maratona de jogos neste meio tempo.<\/p>\n\n\n\n<p>No entanto, enquanto a equipe tenta se equilibrar nas duas competi\u00e7\u00f5es, pessoas que n\u00e3o s\u00e3o torcedoras declaradas de nenhum dos dois finalistas escolhem por qual time torcer no dia 27 de novembro, quando ser\u00e1 definido o novo campe\u00e3o do torneio continental.<\/p>\n\n\n\n<p>Com passagens por Flamengo e Palmeiras, Alan Patrick j\u00e1 resolveu para quem ficar\u00e1 sua torcida. Em entrevista \u00e0 <em>TNT Sports<\/em>, o jogador, atualmente membro do Shakhtar Donetsk, revelou que colocar\u00e1 suas apostas no Mais Querido, onde atuou por mais tempo.<\/p>\n\n\n\n<p><strong><em>\u2014 Tive a oportunidade de passar por esses grandes clubes, mas acredito que a&nbsp;minha passagem pelo Flamengo foi mais marcante do que no Palmeiras, que foi por pouco tempo, n\u00e3o tive uma sequ\u00eancia. Ent\u00e3o,&nbsp;fico com a minha torcida pelo Flamengo.<\/em><\/strong><\/p>\n\n\n\n<p>Antes de disputar a final contra o Palmeiras, o Flamengo ainda ter\u00e1 sete compromissos pela frente, nos quais ter\u00e1 que escolher entre poupar alguns jogadores ou mandar sua for\u00e7a m\u00e1xima para continuar em busca do t\u00edtulo do Brasileir\u00e3o tamb\u00e9m.<\/p>\n\n\n\n<p>Precisando ponderar as situa\u00e7\u00f5es e em busca de equil\u00edbrio, o Rubro-Negro ir\u00e1 a campo nesta sexta-feira (05) \u00e0 noite. O clube enfrentar\u00e1 o Atl\u00e9tico-GO \u00e0s 21h30 (hor\u00e1rio de Bras\u00edlia), em partida que acontecer\u00e1 no Maracan\u00e3.<\/p>\n","protected":false},"excerpt":{"rendered":"<p>Se aproximando do fim desta temporada, o Flamengo tenta dividir sua aten\u00e7\u00e3o entre o Campeonato Brasileiro e a Libertadores. O clube possui apenas 22 dias para definir sua melhor estrat\u00e9gia para enfrentar o Alviverde, ainda tendo que driblar os desfalques e a maratona de jogos neste meio tempo. No entanto, enquanto a equipe tenta se [&hellip;]<\/p>\n","protected":false},"author":4,"featured_media":71263,"comment_status":"open","ping_status":"closed","sticky":false,"template":"","format":"standard","meta":{"footnotes":""},"categories":[1],"tags":[],"class_list":["post-71261","post","type-post","status-publish","format-standard","has-post-thumbnail","hentry","category-flamengo"],"yoast_head":"<!-- This site is optimized with the Yoast SEO Premium plugin v24.2 (Yoast SEO v26.9) - https:\/\/yoast.com\/product\/yoast-seo-premium-wordpress\/ -->\n<title>Ex-Fla e Palmeiras, Alan Patrick revela torcida para a final da Libertadores<\/title>\n<meta name=\"robots\" content=\"index, follow, max-snippet:-1, max-image-preview:large, max-video-preview:-1\" \/>\n<link rel=\"canonical\" href=\"https:\/\/www.gaveanews.com\/index.php\/2021\/11\/05\/ex-fla-e-palmeiras-alan-patrick-revela-torcida-para-a-final-da-libertadores\/\" \/>\n<meta property=\"og:locale\" content=\"pt_BR\" \/>\n<meta property=\"og:type\" content=\"article\" \/>\n<meta property=\"og:title\" content=\"Ex-Fla e Palmeiras, Alan Patrick revela torcida para a final da Libertadores\" \/>\n<meta property=\"og:description\" content=\"Se aproximando do fim desta temporada, o Flamengo tenta dividir sua aten\u00e7\u00e3o entre o Campeonato Brasileiro e a Libertadores. O clube possui apenas 22 dias para definir sua melhor estrat\u00e9gia para enfrentar o Alviverde, ainda tendo que driblar os desfalques e a maratona de jogos neste meio tempo. No entanto, enquanto a equipe tenta se [&hellip;]\" \/>\n<meta property=\"og:url\" content=\"https:\/\/www.gaveanews.com\/index.php\/2021\/11\/05\/ex-fla-e-palmeiras-alan-patrick-revela-torcida-para-a-final-da-libertadores\/\" \/>\n<meta property=\"og:site_name\" content=\"G\u00e1vea News\" \/>\n<meta property=\"article:publisher\" content=\"https:\/\/facebook.com\/gaveaNews\/\" \/>\n<meta property=\"article:published_time\" content=\"2021-11-05T18:26:31+00:00\" \/>\n<meta property=\"article:modified_time\" content=\"2021-11-05T18:26:33+00:00\" \/>\n<meta property=\"og:image\" content=\"https:\/\/www.gaveanews.com\/wp-content\/uploads\/Alan-Patrick-jogador-do-Shakhtar-Donetsk.webp\" \/>\n\t<meta property=\"og:image:width\" content=\"768\" \/>\n\t<meta property=\"og:image:height\" content=\"521\" \/>\n\t<meta property=\"og:image:type\" content=\"image\/jpeg\" \/>\n<meta name=\"author\" content=\"Let\u00edcia Gerheim\" \/>\n<meta name=\"twitter:card\" content=\"summary_large_image\" \/>\n<meta name=\"twitter:label1\" content=\"Escrito por\" \/>\n\t<meta name=\"twitter:data1\" content=\"Let\u00edcia Gerheim\" \/>\n\t<meta name=\"twitter:label2\" content=\"Est. tempo de leitura\" \/>\n\t<meta name=\"twitter:data2\" content=\"2 minutos\" \/>\n<script type=\"application\/ld+json\" class=\"yoast-schema-graph\">{\"@context\":\"https:\/\/schema.org\",\"@graph\":[{\"@type\":\"NewsArticle\",\"@id\":\"https:\/\/www.gaveanews.com\/index.php\/2021\/11\/05\/ex-fla-e-palmeiras-alan-patrick-revela-torcida-para-a-final-da-libertadores\/#article\",\"isPartOf\":{\"@id\":\"https:\/\/www.gaveanews.com\/index.php\/2021\/11\/05\/ex-fla-e-palmeiras-alan-patrick-revela-torcida-para-a-final-da-libertadores\/\"},\"author\":{\"name\":\"Let\u00edcia Gerheim\",\"@id\":\"https:\/\/www.gaveanews.com\/#\/schema\/person\/714c67050b836198af2450ba1c142a67\"},\"headline\":\"Ex-Fla e Palmeiras, Alan Patrick revela torcida para a final da Libertadores\",\"datePublished\":\"2021-11-05T18:26:31+00:00\",\"dateModified\":\"2021-11-05T18:26:33+00:00\",\"mainEntityOfPage\":{\"@id\":\"https:\/\/www.gaveanews.com\/index.php\/2021\/11\/05\/ex-fla-e-palmeiras-alan-patrick-revela-torcida-para-a-final-da-libertadores\/\"},\"wordCount\":272,\"commentCount\":6,\"image\":{\"@id\":\"https:\/\/www.gaveanews.com\/index.php\/2021\/11\/05\/ex-fla-e-palmeiras-alan-patrick-revela-torcida-para-a-final-da-libertadores\/#primaryimage\"},\"thumbnailUrl\":\"https:\/\/www.gaveanews.com\/wp-content\/uploads\/Alan-Patrick-jogador-do-Shakhtar-Donetsk.webp\",\"articleSection\":[\"Flamengo\"],\"inLanguage\":\"pt-BR\",\"potentialAction\":[{\"@type\":\"CommentAction\",\"name\":\"Comment\",\"target\":[\"https:\/\/www.gaveanews.com\/index.php\/2021\/11\/05\/ex-fla-e-palmeiras-alan-patrick-revela-torcida-para-a-final-da-libertadores\/#respond\"]}],\"copyrightYear\":\"2021\",\"copyrightHolder\":{\"@id\":\"https:\/\/www.gaveanews.com\/#organization\"}},{\"@type\":\"WebPage\",\"@id\":\"https:\/\/www.gaveanews.com\/index.php\/2021\/11\/05\/ex-fla-e-palmeiras-alan-patrick-revela-torcida-para-a-final-da-libertadores\/\",\"url\":\"https:\/\/www.gaveanews.com\/index.php\/2021\/11\/05\/ex-fla-e-palmeiras-alan-patrick-revela-torcida-para-a-final-da-libertadores\/\",\"name\":\"Ex-Fla e Palmeiras, Alan Patrick revela torcida para a final da Libertadores\",\"isPartOf\":{\"@id\":\"https:\/\/www.gaveanews.com\/#website\"},\"primaryImageOfPage\":{\"@id\":\"https:\/\/www.gaveanews.com\/index.php\/2021\/11\/05\/ex-fla-e-palmeiras-alan-patrick-revela-torcida-para-a-final-da-libertadores\/#primaryimage\"},\"image\":{\"@id\":\"https:\/\/www.gaveanews.com\/index.php\/2021\/11\/05\/ex-fla-e-palmeiras-alan-patrick-revela-torcida-para-a-final-da-libertadores\/#primaryimage\"},\"thumbnailUrl\":\"https:\/\/www.gaveanews.com\/wp-content\/uploads\/Alan-Patrick-jogador-do-Shakhtar-Donetsk.webp\",\"datePublished\":\"2021-11-05T18:26:31+00:00\",\"dateModified\":\"2021-11-05T18:26:33+00:00\",\"author\":{\"@id\":\"https:\/\/www.gaveanews.com\/#\/schema\/person\/714c67050b836198af2450ba1c142a67\"},\"breadcrumb\":{\"@id\":\"https:\/\/www.gaveanews.com\/index.php\/2021\/11\/05\/ex-fla-e-palmeiras-alan-patrick-revela-torcida-para-a-final-da-libertadores\/#breadcrumb\"},\"inLanguage\":\"pt-BR\",\"potentialAction\":[{\"@type\":\"ReadAction\",\"target\":[\"https:\/\/www.gaveanews.com\/index.php\/2021\/11\/05\/ex-fla-e-palmeiras-alan-patrick-revela-torcida-para-a-final-da-libertadores\/\"]}]},{\"@type\":\"ImageObject\",\"inLanguage\":\"pt-BR\",\"@id\":\"https:\/\/www.gaveanews.com\/index.php\/2021\/11\/05\/ex-fla-e-palmeiras-alan-patrick-revela-torcida-para-a-final-da-libertadores\/#primaryimage\",\"url\":\"https:\/\/www.gaveanews.com\/wp-content\/uploads\/Alan-Patrick-jogador-do-Shakhtar-Donetsk.webp\",\"contentUrl\":\"https:\/\/www.gaveanews.com\/wp-content\/uploads\/Alan-Patrick-jogador-do-Shakhtar-Donetsk.webp\",\"width\":768,\"height\":521,\"caption\":\"Alan Patrick, jogador do Shakhtar Donetsk (Foto: Divulga\u00e7\u00e3o\/Shakhtar Donetsk)\"},{\"@type\":\"BreadcrumbList\",\"@id\":\"https:\/\/www.gaveanews.com\/index.php\/2021\/11\/05\/ex-fla-e-palmeiras-alan-patrick-revela-torcida-para-a-final-da-libertadores\/#breadcrumb\",\"itemListElement\":[{\"@type\":\"ListItem\",\"position\":1,\"name\":\"Home\",\"item\":\"https:\/\/www.gaveanews.com\/\"},{\"@type\":\"ListItem\",\"position\":2,\"name\":\"Ex-Fla e Palmeiras, Alan Patrick revela torcida para a final da Libertadores\"}]},{\"@type\":\"WebSite\",\"@id\":\"https:\/\/www.gaveanews.com\/#website\",\"url\":\"https:\/\/www.gaveanews.com\/\",\"name\":\"G\u00e1vea News\",\"description\":\"Veja todas as not\u00edcias sobre o Flamengo: Contrata\u00e7\u00f5es, categorias de base, resultados das partidas, tabela de classifica\u00e7\u00e3o, pr\u00f3ximos jogos!\",\"potentialAction\":[{\"@type\":\"SearchAction\",\"target\":{\"@type\":\"EntryPoint\",\"urlTemplate\":\"https:\/\/www.gaveanews.com\/?s={search_term_string}\"},\"query-input\":{\"@type\":\"PropertyValueSpecification\",\"valueRequired\":true,\"valueName\":\"search_term_string\"}}],\"inLanguage\":\"pt-BR\"},{\"@type\":\"Person\",\"@id\":\"https:\/\/www.gaveanews.com\/#\/schema\/person\/714c67050b836198af2450ba1c142a67\",\"name\":\"Let\u00edcia Gerheim\",\"image\":{\"@type\":\"ImageObject\",\"inLanguage\":\"pt-BR\",\"@id\":\"https:\/\/www.gaveanews.com\/#\/schema\/person\/image\/\",\"url\":\"https:\/\/secure.gravatar.com\/avatar\/60734739c50fcebfbac509e2a826ccd0ff405c019bc73aab9354f19ecad1dcb4?s=96&d=mm&r=g\",\"contentUrl\":\"https:\/\/secure.gravatar.com\/avatar\/60734739c50fcebfbac509e2a826ccd0ff405c019bc73aab9354f19ecad1dcb4?s=96&d=mm&r=g\",\"caption\":\"Let\u00edcia Gerheim\"}}]}<\/script>\n<!-- \/ Yoast SEO Premium plugin. -->","yoast_head_json":{"title":"Ex-Fla e Palmeiras, Alan Patrick revela torcida para a final da Libertadores","robots":{"index":"index","follow":"follow","max-snippet":"max-snippet:-1","max-image-preview":"max-image-preview:large","max-video-preview":"max-video-preview:-1"},"canonical":"https:\/\/www.gaveanews.com\/index.php\/2021\/11\/05\/ex-fla-e-palmeiras-alan-patrick-revela-torcida-para-a-final-da-libertadores\/","og_locale":"pt_BR","og_type":"article","og_title":"Ex-Fla e Palmeiras, Alan Patrick revela torcida para a final da Libertadores","og_description":"Se aproximando do fim desta temporada, o Flamengo tenta dividir sua aten\u00e7\u00e3o entre o Campeonato Brasileiro e a Libertadores. O clube possui apenas 22 dias para definir sua melhor estrat\u00e9gia para enfrentar o Alviverde, ainda tendo que driblar os desfalques e a maratona de jogos neste meio tempo. No entanto, enquanto a equipe tenta se [&hellip;]","og_url":"https:\/\/www.gaveanews.com\/index.php\/2021\/11\/05\/ex-fla-e-palmeiras-alan-patrick-revela-torcida-para-a-final-da-libertadores\/","og_site_name":"G\u00e1vea News","article_publisher":"https:\/\/facebook.com\/gaveaNews\/","article_published_time":"2021-11-05T18:26:31+00:00","article_modified_time":"2021-11-05T18:26:33+00:00","og_image":[{"width":768,"height":521,"url":"https:\/\/www.gaveanews.com\/wp-content\/uploads\/Alan-Patrick-jogador-do-Shakhtar-Donetsk.webp","type":"image\/jpeg"}],"author":"Let\u00edcia Gerheim","twitter_card":"summary_large_image","twitter_misc":{"Escrito por":"Let\u00edcia Gerheim","Est. tempo de leitura":"2 minutos"},"schema":{"@context":"https:\/\/schema.org","@graph":[{"@type":"NewsArticle","@id":"https:\/\/www.gaveanews.com\/index.php\/2021\/11\/05\/ex-fla-e-palmeiras-alan-patrick-revela-torcida-para-a-final-da-libertadores\/#article","isPartOf":{"@id":"https:\/\/www.gaveanews.com\/index.php\/2021\/11\/05\/ex-fla-e-palmeiras-alan-patrick-revela-torcida-para-a-final-da-libertadores\/"},"author":{"name":"Let\u00edcia Gerheim","@id":"https:\/\/www.gaveanews.com\/#\/schema\/person\/714c67050b836198af2450ba1c142a67"},"headline":"Ex-Fla e Palmeiras, Alan Patrick revela torcida para a final da Libertadores","datePublished":"2021-11-05T18:26:31+00:00","dateModified":"2021-11-05T18:26:33+00:00","mainEntityOfPage":{"@id":"https:\/\/www.gaveanews.com\/index.php\/2021\/11\/05\/ex-fla-e-palmeiras-alan-patrick-revela-torcida-para-a-final-da-libertadores\/"},"wordCount":272,"commentCount":6,"image":{"@id":"https:\/\/www.gaveanews.com\/index.php\/2021\/11\/05\/ex-fla-e-palmeiras-alan-patrick-revela-torcida-para-a-final-da-libertadores\/#primaryimage"},"thumbnailUrl":"https:\/\/www.gaveanews.com\/wp-content\/uploads\/Alan-Patrick-jogador-do-Shakhtar-Donetsk.webp","articleSection":["Flamengo"],"inLanguage":"pt-BR","potentialAction":[{"@type":"CommentAction","name":"Comment","target":["https:\/\/www.gaveanews.com\/index.php\/2021\/11\/05\/ex-fla-e-palmeiras-alan-patrick-revela-torcida-para-a-final-da-libertadores\/#respond"]}],"copyrightYear":"2021","copyrightHolder":{"@id":"https:\/\/www.gaveanews.com\/#organization"}},{"@type":"WebPage","@id":"https:\/\/www.gaveanews.com\/index.php\/2021\/11\/05\/ex-fla-e-palmeiras-alan-patrick-revela-torcida-para-a-final-da-libertadores\/","url":"https:\/\/www.gaveanews.com\/index.php\/2021\/11\/05\/ex-fla-e-palmeiras-alan-patrick-revela-torcida-para-a-final-da-libertadores\/","name":"Ex-Fla e Palmeiras, Alan Patrick revela torcida para a final da Libertadores","isPartOf":{"@id":"https:\/\/www.gaveanews.com\/#website"},"primaryImageOfPage":{"@id":"https:\/\/www.gaveanews.com\/index.php\/2021\/11\/05\/ex-fla-e-palmeiras-alan-patrick-revela-torcida-para-a-final-da-libertadores\/#primaryimage"},"image":{"@id":"https:\/\/www.gaveanews.com\/index.php\/2021\/11\/05\/ex-fla-e-palmeiras-alan-patrick-revela-torcida-para-a-final-da-libertadores\/#primaryimage"},"thumbnailUrl":"https:\/\/www.gaveanews.com\/wp-content\/uploads\/Alan-Patrick-jogador-do-Shakhtar-Donetsk.webp","datePublished":"2021-11-05T18:26:31+00:00","dateModified":"2021-11-05T18:26:33+00:00","author":{"@id":"https:\/\/www.gaveanews.com\/#\/schema\/person\/714c67050b836198af2450ba1c142a67"},"breadcrumb":{"@id":"https:\/\/www.gaveanews.com\/index.php\/2021\/11\/05\/ex-fla-e-palmeiras-alan-patrick-revela-torcida-para-a-final-da-libertadores\/#breadcrumb"},"inLanguage":"pt-BR","potentialAction":[{"@type":"ReadAction","target":["https:\/\/www.gaveanews.com\/index.php\/2021\/11\/05\/ex-fla-e-palmeiras-alan-patrick-revela-torcida-para-a-final-da-libertadores\/"]}]},{"@type":"ImageObject","inLanguage":"pt-BR","@id":"https:\/\/www.gaveanews.com\/index.php\/2021\/11\/05\/ex-fla-e-palmeiras-alan-patrick-revela-torcida-para-a-final-da-libertadores\/#primaryimage","url":"https:\/\/www.gaveanews.com\/wp-content\/uploads\/Alan-Patrick-jogador-do-Shakhtar-Donetsk.webp","contentUrl":"https:\/\/www.gaveanews.com\/wp-content\/uploads\/Alan-Patrick-jogador-do-Shakhtar-Donetsk.webp","width":768,"height":521,"caption":"Alan Patrick, jogador do Shakhtar Donetsk (Foto: Divulga\u00e7\u00e3o\/Shakhtar Donetsk)"},{"@type":"BreadcrumbList","@id":"https:\/\/www.gaveanews.com\/index.php\/2021\/11\/05\/ex-fla-e-palmeiras-alan-patrick-revela-torcida-para-a-final-da-libertadores\/#breadcrumb","itemListElement":[{"@type":"ListItem","position":1,"name":"Home","item":"https:\/\/www.gaveanews.com\/"},{"@type":"ListItem","position":2,"name":"Ex-Fla e Palmeiras, Alan Patrick revela torcida para a final da Libertadores"}]},{"@type":"WebSite","@id":"https:\/\/www.gaveanews.com\/#website","url":"https:\/\/www.gaveanews.com\/","name":"G\u00e1vea News","description":"Veja todas as not\u00edcias sobre o Flamengo: Contrata\u00e7\u00f5es, categorias de base, resultados das partidas, tabela de classifica\u00e7\u00e3o, pr\u00f3ximos jogos!","potentialAction":[{"@type":"SearchAction","target":{"@type":"EntryPoint","urlTemplate":"https:\/\/www.gaveanews.com\/?s={search_term_string}"},"query-input":{"@type":"PropertyValueSpecification","valueRequired":true,"valueName":"search_term_string"}}],"inLanguage":"pt-BR"},{"@type":"Person","@id":"https:\/\/www.gaveanews.com\/#\/schema\/person\/714c67050b836198af2450ba1c142a67","name":"Let\u00edcia Gerheim","image":{"@type":"ImageObject","inLanguage":"pt-BR","@id":"https:\/\/www.gaveanews.com\/#\/schema\/person\/image\/","url":"https:\/\/secure.gravatar.com\/avatar\/60734739c50fcebfbac509e2a826ccd0ff405c019bc73aab9354f19ecad1dcb4?s=96&d=mm&r=g","contentUrl":"https:\/\/secure.gravatar.com\/avatar\/60734739c50fcebfbac509e2a826ccd0ff405c019bc73aab9354f19ecad1dcb4?s=96&d=mm&r=g","caption":"Let\u00edcia Gerheim"}}]}},"_links":{"self":[{"href":"https:\/\/www.gaveanews.com\/index.php\/wp-json\/wp\/v2\/posts\/71261","targetHints":{"allow":["GET"]}}],"collection":[{"href":"https:\/\/www.gaveanews.com\/index.php\/wp-json\/wp\/v2\/posts"}],"about":[{"href":"https:\/\/www.gaveanews.com\/index.php\/wp-json\/wp\/v2\/types\/post"}],"author":[{"embeddable":true,"href":"https:\/\/www.gaveanews.com\/index.php\/wp-json\/wp\/v2\/users\/4"}],"replies":[{"embeddable":true,"href":"https:\/\/www.gaveanews.com\/index.php\/wp-json\/wp\/v2\/comments?post=71261"}],"version-history":[{"count":0,"href":"https:\/\/www.gaveanews.com\/index.php\/wp-json\/wp\/v2\/posts\/71261\/revisions"}],"wp:featuredmedia":[{"embeddable":true,"href":"https:\/\/www.gaveanews.com\/index.php\/wp-json\/wp\/v2\/media\/71263"}],"wp:attachment":[{"href":"https:\/\/www.gaveanews.com\/index.php\/wp-json\/wp\/v2\/media?parent=71261"}],"wp:term":[{"taxonomy":"category","embeddable":true,"href":"https:\/\/www.gaveanews.com\/index.php\/wp-json\/wp\/v2\/categories?post=71261"},{"taxonomy":"post_tag","embeddable":true,"href":"https:\/\/www.gaveanews.com\/index.php\/wp-json\/wp\/v2\/tags?post=71261"}],"curies":[{"name":"wp","href":"https:\/\/api.w.org\/{rel}","templated":true}]}}