{"id":71293,"date":"2021-11-06T00:22:29","date_gmt":"2021-11-06T03:22:29","guid":{"rendered":"https:\/\/www.gaveanews.com\/?p=71293"},"modified":"2021-11-06T00:22:33","modified_gmt":"2021-11-06T03:22:33","slug":"marilia-mendonca-comemorou-titulo-do-flamengo-na-libertadores-e-enviou-mensagem-para-gabigol","status":"publish","type":"post","link":"https:\/\/www.gaveanews.com\/index.php\/2021\/11\/06\/marilia-mendonca-comemorou-titulo-do-flamengo-na-libertadores-e-enviou-mensagem-para-gabigol\/","title":{"rendered":"Mar\u00edlia Mendon\u00e7a comemorou t\u00edtulo do Flamengo na Libertadores e enviou mensagem para Gabigol"},"content":{"rendered":"\n<p>Estrela da m\u00fasica, Mar\u00edlia Mendon\u00e7a, infelizmente, faleceu nesta sexta-feira (5). Presente em avi\u00e3o de pequeno porte , que caui perto de uma cachoeira na serra de Caratinga, interior de Minas Gerais, a cantora acabou n\u00e3o resistindo e teve sua morte confirmada pelo Corpo de Bombeiros. Henrique Ribeiro, seu tio e assessor Abicieli Silveira Dias Filho, do piloto e co-pilto do avi\u00e3o, tamb\u00e9m vieram a \u00f3bito.<\/p>\n\n\n\n<p><strong><em>\u2014 Com imenso pesar, confirmamos a morte da cantora Mar\u00edlia Mendon\u00e7a, seu produtor Henrique Ribeiro, seu tio e assessor Abicieli Silveira Dias Filho, do piloto e co-pilto do avi\u00e3o, os quais iremos preservar os nomes neste momento. O avi\u00e3o decolou de Goi\u00e2nia com destino a Caratinga\/MG, onde Mar\u00edlia teria uma apresenta\u00e7\u00e3o esta noite. De momento, s\u00e3o estas as informa\u00e7\u00f5es que temos<\/em><\/strong>, informou a assessoria da cantora.<\/p>\n\n\n\n<p>Em 2019, Mar\u00edlia Mendon\u00e7a comemorou, pelas redes sociais, o t\u00edtulo do Flamengo na Libertadores. Diante do River Plate, em um confronto marcante, Gabigol marcou duas vezes e garantiu o bicampeonato do Rubro-Negro. Sendo assim, ela enviou uma mensagem para o camisa 9.<\/p>\n\n\n\n<p><strong><em>\u2014 Futebol \u00e9 isso! Parab\u00e9ns, Flamengo! Gabigol, voc\u00ea \u00e9 estranho, cara!<\/em><\/strong>, escreveu.<\/p>\n\n\n\n<figure class=\"wp-block-embed is-type-rich is-provider-twitter wp-block-embed-twitter\"><div class=\"wp-block-embed__wrapper\">\n<blockquote class=\"twitter-tweet\" data-width=\"550\" data-dnt=\"true\"><p lang=\"pt\" dir=\"ltr\">futebol \u00e9 isso! parab\u00e9ns flamengo! gabigol, voc\u00ea \u00e9 estranho, cara! kk \ud83d\udc4f\ud83c\udffc<\/p>&mdash; mar\u00edlia mendon\u00e7a (@MariliaMReal) <a href=\"https:\/\/twitter.com\/MariliaMReal\/status\/1198361381696950272?ref_src=twsrc%5Etfw\">November 23, 2019<\/a><\/blockquote><script async src=\"https:\/\/platform.twitter.com\/widgets.js\" charset=\"utf-8\"><\/script>\n<\/div><\/figure>\n\n\n\n<p><\/p>\n\n\n\n<p>Atrav\u00e9s de postagem nos perfis oficiais, o Flamengo lamentou a morte de Mar\u00edlia Mendon\u00e7a. Por conta da lament\u00e1vel perda, o clube enviou for\u00e7a aos familiares e f\u00e3s da cantora, que perdeu sua vida aos 26 anos.<\/p>\n\n\n\n<p><strong><em>\u2014 O Clube de Regatas do Flamengo lamenta profundamente a morte da cantora rubro-negra Mar\u00edlia Mendon\u00e7a, v\u00edtima de um acidente a\u00e9reo em Minas Gerais. Muita for\u00e7a aos familiares, amigos e f\u00e3s neste momento t\u00e3o triste. Descanse em paz, Mar\u00edlia<\/em><\/strong>, afirmou o time.<\/p>\n\n\n\n<figure class=\"wp-block-embed is-type-rich is-provider-twitter wp-block-embed-twitter\"><div class=\"wp-block-embed__wrapper\">\n<blockquote class=\"twitter-tweet\" data-width=\"550\" data-dnt=\"true\"><p lang=\"pt\" dir=\"ltr\">O Clube de Regatas do Flamengo lamenta profundamente a morte da cantora rubro-negra Mar\u00edlia Mendon\u00e7a, v\u00edtima de um acidente a\u00e9reo em Minas Gerais. Muita for\u00e7a aos familiares, amigos e f\u00e3s neste momento t\u00e3o triste. Descanse em paz, Mar\u00edlia. \ud83d\ude4f<a href=\"https:\/\/twitter.com\/hashtag\/CRF?src=hash&amp;ref_src=twsrc%5Etfw\">#CRF<\/a><\/p>&mdash; Flamengo (@Flamengo) <a href=\"https:\/\/twitter.com\/Flamengo\/status\/1456728438161674248?ref_src=twsrc%5Etfw\">November 5, 2021<\/a><\/blockquote><script async src=\"https:\/\/platform.twitter.com\/widgets.js\" charset=\"utf-8\"><\/script>\n<\/div><\/figure>\n\n\n\n<p>Retirado de: Torcedores<\/p>\n","protected":false},"excerpt":{"rendered":"<p>Estrela da m\u00fasica, Mar\u00edlia Mendon\u00e7a, infelizmente, faleceu nesta sexta-feira (5). Presente em avi\u00e3o de pequeno porte , que caui perto de uma cachoeira na serra de Caratinga, interior de Minas Gerais, a cantora acabou n\u00e3o resistindo e teve sua morte confirmada pelo Corpo de Bombeiros. Henrique Ribeiro, seu tio e assessor Abicieli Silveira Dias Filho, [&hellip;]<\/p>\n","protected":false},"author":1,"featured_media":31951,"comment_status":"open","ping_status":"closed","sticky":false,"template":"","format":"standard","meta":{"footnotes":""},"categories":[1],"tags":[],"class_list":["post-71293","post","type-post","status-publish","format-standard","has-post-thumbnail","hentry","category-flamengo"],"yoast_head":"<!-- This site is optimized with the Yoast SEO Premium plugin v24.2 (Yoast SEO v26.9) - https:\/\/yoast.com\/product\/yoast-seo-premium-wordpress\/ -->\n<title>Mar\u00edlia Mendon\u00e7a comemorou t\u00edtulo do Flamengo na Libertadores e enviou mensagem para Gabigol<\/title>\n<meta name=\"robots\" content=\"index, follow, max-snippet:-1, max-image-preview:large, max-video-preview:-1\" \/>\n<link rel=\"canonical\" href=\"https:\/\/www.gaveanews.com\/index.php\/2021\/11\/06\/marilia-mendonca-comemorou-titulo-do-flamengo-na-libertadores-e-enviou-mensagem-para-gabigol\/\" \/>\n<meta property=\"og:locale\" content=\"pt_BR\" \/>\n<meta property=\"og:type\" content=\"article\" \/>\n<meta property=\"og:title\" content=\"Mar\u00edlia Mendon\u00e7a comemorou t\u00edtulo do Flamengo na Libertadores e enviou mensagem para Gabigol\" \/>\n<meta property=\"og:description\" content=\"Estrela da m\u00fasica, Mar\u00edlia Mendon\u00e7a, infelizmente, faleceu nesta sexta-feira (5). Presente em avi\u00e3o de pequeno porte , que caui perto de uma cachoeira na serra de Caratinga, interior de Minas Gerais, a cantora acabou n\u00e3o resistindo e teve sua morte confirmada pelo Corpo de Bombeiros. Henrique Ribeiro, seu tio e assessor Abicieli Silveira Dias Filho, [&hellip;]\" \/>\n<meta property=\"og:url\" content=\"https:\/\/www.gaveanews.com\/index.php\/2021\/11\/06\/marilia-mendonca-comemorou-titulo-do-flamengo-na-libertadores-e-enviou-mensagem-para-gabigol\/\" \/>\n<meta property=\"og:site_name\" content=\"G\u00e1vea News\" \/>\n<meta property=\"article:publisher\" content=\"https:\/\/facebook.com\/gaveaNews\/\" \/>\n<meta property=\"article:published_time\" content=\"2021-11-06T03:22:29+00:00\" \/>\n<meta property=\"article:modified_time\" content=\"2021-11-06T03:22:33+00:00\" \/>\n<meta property=\"og:image\" content=\"https:\/\/www.gaveanews.com\/wp-content\/uploads\/luto-o-que-e.webp\" \/>\n\t<meta property=\"og:image:width\" content=\"640\" \/>\n\t<meta property=\"og:image:height\" content=\"424\" \/>\n\t<meta property=\"og:image:type\" content=\"image\/jpeg\" \/>\n<meta name=\"author\" content=\"Equipe G\u00e1vea News\" \/>\n<meta name=\"twitter:card\" content=\"summary_large_image\" \/>\n<meta name=\"twitter:label1\" content=\"Escrito por\" \/>\n\t<meta name=\"twitter:data1\" content=\"Equipe G\u00e1vea News\" \/>\n\t<meta name=\"twitter:label2\" content=\"Est. tempo de leitura\" \/>\n\t<meta name=\"twitter:data2\" content=\"2 minutos\" \/>\n<script type=\"application\/ld+json\" class=\"yoast-schema-graph\">{\"@context\":\"https:\/\/schema.org\",\"@graph\":[{\"@type\":\"NewsArticle\",\"@id\":\"https:\/\/www.gaveanews.com\/index.php\/2021\/11\/06\/marilia-mendonca-comemorou-titulo-do-flamengo-na-libertadores-e-enviou-mensagem-para-gabigol\/#article\",\"isPartOf\":{\"@id\":\"https:\/\/www.gaveanews.com\/index.php\/2021\/11\/06\/marilia-mendonca-comemorou-titulo-do-flamengo-na-libertadores-e-enviou-mensagem-para-gabigol\/\"},\"author\":{\"name\":\"Equipe G\u00e1vea News\",\"@id\":\"https:\/\/www.gaveanews.com\/#\/schema\/person\/2ec14f73fb96be2caf28f91afb14749d\"},\"headline\":\"Mar\u00edlia Mendon\u00e7a comemorou t\u00edtulo do Flamengo na Libertadores e enviou mensagem para Gabigol\",\"datePublished\":\"2021-11-06T03:22:29+00:00\",\"dateModified\":\"2021-11-06T03:22:33+00:00\",\"mainEntityOfPage\":{\"@id\":\"https:\/\/www.gaveanews.com\/index.php\/2021\/11\/06\/marilia-mendonca-comemorou-titulo-do-flamengo-na-libertadores-e-enviou-mensagem-para-gabigol\/\"},\"wordCount\":317,\"commentCount\":8,\"image\":{\"@id\":\"https:\/\/www.gaveanews.com\/index.php\/2021\/11\/06\/marilia-mendonca-comemorou-titulo-do-flamengo-na-libertadores-e-enviou-mensagem-para-gabigol\/#primaryimage\"},\"thumbnailUrl\":\"https:\/\/www.gaveanews.com\/wp-content\/uploads\/luto-o-que-e.webp\",\"articleSection\":[\"Flamengo\"],\"inLanguage\":\"pt-BR\",\"potentialAction\":[{\"@type\":\"CommentAction\",\"name\":\"Comment\",\"target\":[\"https:\/\/www.gaveanews.com\/index.php\/2021\/11\/06\/marilia-mendonca-comemorou-titulo-do-flamengo-na-libertadores-e-enviou-mensagem-para-gabigol\/#respond\"]}],\"copyrightYear\":\"2021\",\"copyrightHolder\":{\"@id\":\"https:\/\/www.gaveanews.com\/#organization\"}},{\"@type\":\"WebPage\",\"@id\":\"https:\/\/www.gaveanews.com\/index.php\/2021\/11\/06\/marilia-mendonca-comemorou-titulo-do-flamengo-na-libertadores-e-enviou-mensagem-para-gabigol\/\",\"url\":\"https:\/\/www.gaveanews.com\/index.php\/2021\/11\/06\/marilia-mendonca-comemorou-titulo-do-flamengo-na-libertadores-e-enviou-mensagem-para-gabigol\/\",\"name\":\"Mar\u00edlia Mendon\u00e7a comemorou t\u00edtulo do Flamengo na Libertadores e enviou mensagem para Gabigol\",\"isPartOf\":{\"@id\":\"https:\/\/www.gaveanews.com\/#website\"},\"primaryImageOfPage\":{\"@id\":\"https:\/\/www.gaveanews.com\/index.php\/2021\/11\/06\/marilia-mendonca-comemorou-titulo-do-flamengo-na-libertadores-e-enviou-mensagem-para-gabigol\/#primaryimage\"},\"image\":{\"@id\":\"https:\/\/www.gaveanews.com\/index.php\/2021\/11\/06\/marilia-mendonca-comemorou-titulo-do-flamengo-na-libertadores-e-enviou-mensagem-para-gabigol\/#primaryimage\"},\"thumbnailUrl\":\"https:\/\/www.gaveanews.com\/wp-content\/uploads\/luto-o-que-e.webp\",\"datePublished\":\"2021-11-06T03:22:29+00:00\",\"dateModified\":\"2021-11-06T03:22:33+00:00\",\"author\":{\"@id\":\"https:\/\/www.gaveanews.com\/#\/schema\/person\/2ec14f73fb96be2caf28f91afb14749d\"},\"breadcrumb\":{\"@id\":\"https:\/\/www.gaveanews.com\/index.php\/2021\/11\/06\/marilia-mendonca-comemorou-titulo-do-flamengo-na-libertadores-e-enviou-mensagem-para-gabigol\/#breadcrumb\"},\"inLanguage\":\"pt-BR\",\"potentialAction\":[{\"@type\":\"ReadAction\",\"target\":[\"https:\/\/www.gaveanews.com\/index.php\/2021\/11\/06\/marilia-mendonca-comemorou-titulo-do-flamengo-na-libertadores-e-enviou-mensagem-para-gabigol\/\"]}]},{\"@type\":\"ImageObject\",\"inLanguage\":\"pt-BR\",\"@id\":\"https:\/\/www.gaveanews.com\/index.php\/2021\/11\/06\/marilia-mendonca-comemorou-titulo-do-flamengo-na-libertadores-e-enviou-mensagem-para-gabigol\/#primaryimage\",\"url\":\"https:\/\/www.gaveanews.com\/wp-content\/uploads\/luto-o-que-e.webp\",\"contentUrl\":\"https:\/\/www.gaveanews.com\/wp-content\/uploads\/luto-o-que-e.webp\",\"width\":640,\"height\":424},{\"@type\":\"BreadcrumbList\",\"@id\":\"https:\/\/www.gaveanews.com\/index.php\/2021\/11\/06\/marilia-mendonca-comemorou-titulo-do-flamengo-na-libertadores-e-enviou-mensagem-para-gabigol\/#breadcrumb\",\"itemListElement\":[{\"@type\":\"ListItem\",\"position\":1,\"name\":\"Home\",\"item\":\"https:\/\/www.gaveanews.com\/\"},{\"@type\":\"ListItem\",\"position\":2,\"name\":\"Mar\u00edlia Mendon\u00e7a comemorou t\u00edtulo do Flamengo na Libertadores e enviou mensagem para Gabigol\"}]},{\"@type\":\"WebSite\",\"@id\":\"https:\/\/www.gaveanews.com\/#website\",\"url\":\"https:\/\/www.gaveanews.com\/\",\"name\":\"G\u00e1vea News\",\"description\":\"Veja todas as not\u00edcias sobre o Flamengo: Contrata\u00e7\u00f5es, categorias de base, resultados das partidas, tabela de classifica\u00e7\u00e3o, pr\u00f3ximos jogos!\",\"potentialAction\":[{\"@type\":\"SearchAction\",\"target\":{\"@type\":\"EntryPoint\",\"urlTemplate\":\"https:\/\/www.gaveanews.com\/?s={search_term_string}\"},\"query-input\":{\"@type\":\"PropertyValueSpecification\",\"valueRequired\":true,\"valueName\":\"search_term_string\"}}],\"inLanguage\":\"pt-BR\"},{\"@type\":\"Person\",\"@id\":\"https:\/\/www.gaveanews.com\/#\/schema\/person\/2ec14f73fb96be2caf28f91afb14749d\",\"name\":\"Equipe G\u00e1vea News\",\"image\":{\"@type\":\"ImageObject\",\"inLanguage\":\"pt-BR\",\"@id\":\"https:\/\/www.gaveanews.com\/#\/schema\/person\/image\/\",\"url\":\"https:\/\/secure.gravatar.com\/avatar\/1e1956f1facbffd3f8fa53a326721950116b3b9dc9bd44939c01180fd4a745a9?s=96&d=mm&r=g\",\"contentUrl\":\"https:\/\/secure.gravatar.com\/avatar\/1e1956f1facbffd3f8fa53a326721950116b3b9dc9bd44939c01180fd4a745a9?s=96&d=mm&r=g\",\"caption\":\"Equipe G\u00e1vea News\"}}]}<\/script>\n<!-- \/ Yoast SEO Premium plugin. -->","yoast_head_json":{"title":"Mar\u00edlia Mendon\u00e7a comemorou t\u00edtulo do Flamengo na Libertadores e enviou mensagem para Gabigol","robots":{"index":"index","follow":"follow","max-snippet":"max-snippet:-1","max-image-preview":"max-image-preview:large","max-video-preview":"max-video-preview:-1"},"canonical":"https:\/\/www.gaveanews.com\/index.php\/2021\/11\/06\/marilia-mendonca-comemorou-titulo-do-flamengo-na-libertadores-e-enviou-mensagem-para-gabigol\/","og_locale":"pt_BR","og_type":"article","og_title":"Mar\u00edlia Mendon\u00e7a comemorou t\u00edtulo do Flamengo na Libertadores e enviou mensagem para Gabigol","og_description":"Estrela da m\u00fasica, Mar\u00edlia Mendon\u00e7a, infelizmente, faleceu nesta sexta-feira (5). Presente em avi\u00e3o de pequeno porte , que caui perto de uma cachoeira na serra de Caratinga, interior de Minas Gerais, a cantora acabou n\u00e3o resistindo e teve sua morte confirmada pelo Corpo de Bombeiros. Henrique Ribeiro, seu tio e assessor Abicieli Silveira Dias Filho, [&hellip;]","og_url":"https:\/\/www.gaveanews.com\/index.php\/2021\/11\/06\/marilia-mendonca-comemorou-titulo-do-flamengo-na-libertadores-e-enviou-mensagem-para-gabigol\/","og_site_name":"G\u00e1vea News","article_publisher":"https:\/\/facebook.com\/gaveaNews\/","article_published_time":"2021-11-06T03:22:29+00:00","article_modified_time":"2021-11-06T03:22:33+00:00","og_image":[{"width":640,"height":424,"url":"https:\/\/www.gaveanews.com\/wp-content\/uploads\/luto-o-que-e.webp","type":"image\/jpeg"}],"author":"Equipe G\u00e1vea News","twitter_card":"summary_large_image","twitter_misc":{"Escrito por":"Equipe G\u00e1vea News","Est. tempo de leitura":"2 minutos"},"schema":{"@context":"https:\/\/schema.org","@graph":[{"@type":"NewsArticle","@id":"https:\/\/www.gaveanews.com\/index.php\/2021\/11\/06\/marilia-mendonca-comemorou-titulo-do-flamengo-na-libertadores-e-enviou-mensagem-para-gabigol\/#article","isPartOf":{"@id":"https:\/\/www.gaveanews.com\/index.php\/2021\/11\/06\/marilia-mendonca-comemorou-titulo-do-flamengo-na-libertadores-e-enviou-mensagem-para-gabigol\/"},"author":{"name":"Equipe G\u00e1vea News","@id":"https:\/\/www.gaveanews.com\/#\/schema\/person\/2ec14f73fb96be2caf28f91afb14749d"},"headline":"Mar\u00edlia Mendon\u00e7a comemorou t\u00edtulo do Flamengo na Libertadores e enviou mensagem para Gabigol","datePublished":"2021-11-06T03:22:29+00:00","dateModified":"2021-11-06T03:22:33+00:00","mainEntityOfPage":{"@id":"https:\/\/www.gaveanews.com\/index.php\/2021\/11\/06\/marilia-mendonca-comemorou-titulo-do-flamengo-na-libertadores-e-enviou-mensagem-para-gabigol\/"},"wordCount":317,"commentCount":8,"image":{"@id":"https:\/\/www.gaveanews.com\/index.php\/2021\/11\/06\/marilia-mendonca-comemorou-titulo-do-flamengo-na-libertadores-e-enviou-mensagem-para-gabigol\/#primaryimage"},"thumbnailUrl":"https:\/\/www.gaveanews.com\/wp-content\/uploads\/luto-o-que-e.webp","articleSection":["Flamengo"],"inLanguage":"pt-BR","potentialAction":[{"@type":"CommentAction","name":"Comment","target":["https:\/\/www.gaveanews.com\/index.php\/2021\/11\/06\/marilia-mendonca-comemorou-titulo-do-flamengo-na-libertadores-e-enviou-mensagem-para-gabigol\/#respond"]}],"copyrightYear":"2021","copyrightHolder":{"@id":"https:\/\/www.gaveanews.com\/#organization"}},{"@type":"WebPage","@id":"https:\/\/www.gaveanews.com\/index.php\/2021\/11\/06\/marilia-mendonca-comemorou-titulo-do-flamengo-na-libertadores-e-enviou-mensagem-para-gabigol\/","url":"https:\/\/www.gaveanews.com\/index.php\/2021\/11\/06\/marilia-mendonca-comemorou-titulo-do-flamengo-na-libertadores-e-enviou-mensagem-para-gabigol\/","name":"Mar\u00edlia Mendon\u00e7a comemorou t\u00edtulo do Flamengo na Libertadores e enviou mensagem para Gabigol","isPartOf":{"@id":"https:\/\/www.gaveanews.com\/#website"},"primaryImageOfPage":{"@id":"https:\/\/www.gaveanews.com\/index.php\/2021\/11\/06\/marilia-mendonca-comemorou-titulo-do-flamengo-na-libertadores-e-enviou-mensagem-para-gabigol\/#primaryimage"},"image":{"@id":"https:\/\/www.gaveanews.com\/index.php\/2021\/11\/06\/marilia-mendonca-comemorou-titulo-do-flamengo-na-libertadores-e-enviou-mensagem-para-gabigol\/#primaryimage"},"thumbnailUrl":"https:\/\/www.gaveanews.com\/wp-content\/uploads\/luto-o-que-e.webp","datePublished":"2021-11-06T03:22:29+00:00","dateModified":"2021-11-06T03:22:33+00:00","author":{"@id":"https:\/\/www.gaveanews.com\/#\/schema\/person\/2ec14f73fb96be2caf28f91afb14749d"},"breadcrumb":{"@id":"https:\/\/www.gaveanews.com\/index.php\/2021\/11\/06\/marilia-mendonca-comemorou-titulo-do-flamengo-na-libertadores-e-enviou-mensagem-para-gabigol\/#breadcrumb"},"inLanguage":"pt-BR","potentialAction":[{"@type":"ReadAction","target":["https:\/\/www.gaveanews.com\/index.php\/2021\/11\/06\/marilia-mendonca-comemorou-titulo-do-flamengo-na-libertadores-e-enviou-mensagem-para-gabigol\/"]}]},{"@type":"ImageObject","inLanguage":"pt-BR","@id":"https:\/\/www.gaveanews.com\/index.php\/2021\/11\/06\/marilia-mendonca-comemorou-titulo-do-flamengo-na-libertadores-e-enviou-mensagem-para-gabigol\/#primaryimage","url":"https:\/\/www.gaveanews.com\/wp-content\/uploads\/luto-o-que-e.webp","contentUrl":"https:\/\/www.gaveanews.com\/wp-content\/uploads\/luto-o-que-e.webp","width":640,"height":424},{"@type":"BreadcrumbList","@id":"https:\/\/www.gaveanews.com\/index.php\/2021\/11\/06\/marilia-mendonca-comemorou-titulo-do-flamengo-na-libertadores-e-enviou-mensagem-para-gabigol\/#breadcrumb","itemListElement":[{"@type":"ListItem","position":1,"name":"Home","item":"https:\/\/www.gaveanews.com\/"},{"@type":"ListItem","position":2,"name":"Mar\u00edlia Mendon\u00e7a comemorou t\u00edtulo do Flamengo na Libertadores e enviou mensagem para Gabigol"}]},{"@type":"WebSite","@id":"https:\/\/www.gaveanews.com\/#website","url":"https:\/\/www.gaveanews.com\/","name":"G\u00e1vea News","description":"Veja todas as not\u00edcias sobre o Flamengo: Contrata\u00e7\u00f5es, categorias de base, resultados das partidas, tabela de classifica\u00e7\u00e3o, pr\u00f3ximos jogos!","potentialAction":[{"@type":"SearchAction","target":{"@type":"EntryPoint","urlTemplate":"https:\/\/www.gaveanews.com\/?s={search_term_string}"},"query-input":{"@type":"PropertyValueSpecification","valueRequired":true,"valueName":"search_term_string"}}],"inLanguage":"pt-BR"},{"@type":"Person","@id":"https:\/\/www.gaveanews.com\/#\/schema\/person\/2ec14f73fb96be2caf28f91afb14749d","name":"Equipe G\u00e1vea News","image":{"@type":"ImageObject","inLanguage":"pt-BR","@id":"https:\/\/www.gaveanews.com\/#\/schema\/person\/image\/","url":"https:\/\/secure.gravatar.com\/avatar\/1e1956f1facbffd3f8fa53a326721950116b3b9dc9bd44939c01180fd4a745a9?s=96&d=mm&r=g","contentUrl":"https:\/\/secure.gravatar.com\/avatar\/1e1956f1facbffd3f8fa53a326721950116b3b9dc9bd44939c01180fd4a745a9?s=96&d=mm&r=g","caption":"Equipe G\u00e1vea News"}}]}},"_links":{"self":[{"href":"https:\/\/www.gaveanews.com\/index.php\/wp-json\/wp\/v2\/posts\/71293","targetHints":{"allow":["GET"]}}],"collection":[{"href":"https:\/\/www.gaveanews.com\/index.php\/wp-json\/wp\/v2\/posts"}],"about":[{"href":"https:\/\/www.gaveanews.com\/index.php\/wp-json\/wp\/v2\/types\/post"}],"author":[{"embeddable":true,"href":"https:\/\/www.gaveanews.com\/index.php\/wp-json\/wp\/v2\/users\/1"}],"replies":[{"embeddable":true,"href":"https:\/\/www.gaveanews.com\/index.php\/wp-json\/wp\/v2\/comments?post=71293"}],"version-history":[{"count":0,"href":"https:\/\/www.gaveanews.com\/index.php\/wp-json\/wp\/v2\/posts\/71293\/revisions"}],"wp:featuredmedia":[{"embeddable":true,"href":"https:\/\/www.gaveanews.com\/index.php\/wp-json\/wp\/v2\/media\/31951"}],"wp:attachment":[{"href":"https:\/\/www.gaveanews.com\/index.php\/wp-json\/wp\/v2\/media?parent=71293"}],"wp:term":[{"taxonomy":"category","embeddable":true,"href":"https:\/\/www.gaveanews.com\/index.php\/wp-json\/wp\/v2\/categories?post=71293"},{"taxonomy":"post_tag","embeddable":true,"href":"https:\/\/www.gaveanews.com\/index.php\/wp-json\/wp\/v2\/tags?post=71293"}],"curies":[{"name":"wp","href":"https:\/\/api.w.org\/{rel}","templated":true}]}}