{"id":71299,"date":"2021-11-06T17:41:27","date_gmt":"2021-11-06T20:41:27","guid":{"rendered":"https:\/\/www.gaveanews.com\/?p=71299"},"modified":"2021-11-06T17:41:30","modified_gmt":"2021-11-06T20:41:30","slug":"lastimavel-cbf-libera-audios-do-var-do-jogo-entre-flamengo-e-athletico","status":"publish","type":"post","link":"https:\/\/www.gaveanews.com\/index.php\/2021\/11\/06\/lastimavel-cbf-libera-audios-do-var-do-jogo-entre-flamengo-e-athletico\/","title":{"rendered":"Lastim\u00e1vel! CBF libera \u00e1udios do VAR do jogo entre Flamengo e Athletico"},"content":{"rendered":"\n<p>A CBF liberou os \u00e1udios da cabine do VAR da partida entre Athletico-PR e Flamengo, que terminou em 2 a 2, na Arena da Baixada. Recentemente, a Confedera\u00e7\u00e3o anunciou que iria liberar todos os \u00e1udios do VAR nos jogos no seu site oficial ap\u00f3s o fim de cada rodada.<\/p>\n\n\n\n<p>Sobre a partida em quest\u00e3o, ocorreu um lance pol\u00eamico no primeiro tempo. Este foi uma agress\u00e3o de Renato Kayzer, atacante do Athletico-PR, a L\u00e9o Pereira. Dessa forma, o \u00e1rbitro de campo, Marielson Alves, chegou a dar um cart\u00e3o vermelho para o atacante da equipe mandante. No entanto, ap\u00f3s consultar o VAR, chefiado por Marcio de Gois, retirou o vermelho e deu apenas um amarelo.<\/p>\n\n\n\n<p>Enfim, confira abaixo o di\u00e1logo da cabine do VAR na an\u00e1lise do lance:<\/p>\n\n\n\n<p><em><strong>\u2014 Marielson, h\u00e1 um contato sim e at\u00e9 um golpe na barriga mas eu entendo como n\u00e3o suficiente para cart\u00e3o vermelho, ok? <\/strong>\u2013\u00a0<\/em>disse Marcio de Gois.<\/p>\n\n\n\n<p><em><em>\u2014 <\/em> <strong>Ah, t\u00e1, eu achei que ele tinha dado o joelho<\/strong> \u2013\u00a0<\/em>respondeu o juiz, antes de ir assistir ao lance.<\/p>\n\n\n\n<p><em><strong><em>\u2014 <\/em> Vou alterar minha decis\u00e3o, reiniciar com lateral que a bola se encontrava fora de jogo e cart\u00e3o amarelo, retirando o vermelho, cart\u00e3o amarelo<\/strong> \u2013\u00a0<\/em>afirmou Marielson Alves da Silva.<\/p>\n\n\n\n<p>Segundo o vice presidente da Comiss\u00e3o Nacional de Arbitragem da CBF, Al\u00edcio Pena J\u00fanior, a cabine do VAR cometeu um erro. Assim, a revis\u00e3o n\u00e3o deveria ter acontecido e a decis\u00e3o do \u00e1rbitro de campo, respeitada.<\/p>\n\n\n\n<h2 class=\"wp-block-heading\" id=\"h-o-flamengo-no-campeonato-brasileiro\">O Flamengo no Campeonato Brasileiro<\/h2>\n\n\n\n<p>A pr\u00f3xima partida do Flamengo ser\u00e1 na segunda-feira, \u00e0s 20h, contra a Chapecoense, na Arena Cond\u00e1. No momento, o Mais Querido ocupa a 2\u00aa coloca\u00e7\u00e3o com 53 pontos. Ap\u00f3s 28 jogos na competi\u00e7\u00e3o, o Rubro-Negro chegou a 16 vit\u00f3rias, 5 empates e 7 derrotas. Por outro lado, o Atl\u00e9tico-MG \u00e9 o l\u00edder isolado do Campeonato Brasileiro, com 62 pontos. Mas vale lembrar que o carioca ainda tem um jogo atrasado contra o Gr\u00eamio (v\u00e1lido pela 2\u00aa rodada).<\/p>\n\n\n\n<p>Retirado de: Di\u00e1rio do Fla<\/p>\n","protected":false},"excerpt":{"rendered":"<p>A CBF liberou os \u00e1udios da cabine do VAR da partida entre Athletico-PR e Flamengo, que terminou em 2 a 2, na Arena da Baixada. Recentemente, a Confedera\u00e7\u00e3o anunciou que iria liberar todos os \u00e1udios do VAR nos jogos no seu site oficial ap\u00f3s o fim de cada rodada. Sobre a partida em quest\u00e3o, ocorreu [&hellip;]<\/p>\n","protected":false},"author":1,"featured_media":16271,"comment_status":"open","ping_status":"closed","sticky":false,"template":"","format":"standard","meta":{"footnotes":""},"categories":[1],"tags":[],"class_list":["post-71299","post","type-post","status-publish","format-standard","has-post-thumbnail","hentry","category-flamengo"],"yoast_head":"<!-- This site is optimized with the Yoast SEO Premium plugin v24.2 (Yoast SEO v26.9) - https:\/\/yoast.com\/product\/yoast-seo-premium-wordpress\/ -->\n<title>Lastim\u00e1vel! CBF libera \u00e1udios do VAR do jogo entre Flamengo e Athletico<\/title>\n<meta name=\"robots\" content=\"index, follow, max-snippet:-1, max-image-preview:large, max-video-preview:-1\" \/>\n<link rel=\"canonical\" href=\"https:\/\/www.gaveanews.com\/index.php\/2021\/11\/06\/lastimavel-cbf-libera-audios-do-var-do-jogo-entre-flamengo-e-athletico\/\" \/>\n<meta property=\"og:locale\" content=\"pt_BR\" \/>\n<meta property=\"og:type\" content=\"article\" \/>\n<meta property=\"og:title\" content=\"Lastim\u00e1vel! CBF libera \u00e1udios do VAR do jogo entre Flamengo e Athletico\" \/>\n<meta property=\"og:description\" content=\"A CBF liberou os \u00e1udios da cabine do VAR da partida entre Athletico-PR e Flamengo, que terminou em 2 a 2, na Arena da Baixada. Recentemente, a Confedera\u00e7\u00e3o anunciou que iria liberar todos os \u00e1udios do VAR nos jogos no seu site oficial ap\u00f3s o fim de cada rodada. Sobre a partida em quest\u00e3o, ocorreu [&hellip;]\" \/>\n<meta property=\"og:url\" content=\"https:\/\/www.gaveanews.com\/index.php\/2021\/11\/06\/lastimavel-cbf-libera-audios-do-var-do-jogo-entre-flamengo-e-athletico\/\" \/>\n<meta property=\"og:site_name\" content=\"G\u00e1vea News\" \/>\n<meta property=\"article:publisher\" content=\"https:\/\/facebook.com\/gaveaNews\/\" \/>\n<meta property=\"article:published_time\" content=\"2021-11-06T20:41:27+00:00\" \/>\n<meta property=\"article:modified_time\" content=\"2021-11-06T20:41:30+00:00\" \/>\n<meta property=\"og:image\" content=\"https:\/\/www.gaveanews.com\/wp-content\/uploads\/2019\/02\/Sede-da-CBF-no-Rio-de-Janeiro.webp\" \/>\n\t<meta property=\"og:image:width\" content=\"690\" \/>\n\t<meta property=\"og:image:height\" content=\"518\" \/>\n\t<meta property=\"og:image:type\" content=\"image\/jpeg\" \/>\n<meta name=\"author\" content=\"Equipe G\u00e1vea News\" \/>\n<meta name=\"twitter:card\" content=\"summary_large_image\" \/>\n<meta name=\"twitter:label1\" content=\"Escrito por\" \/>\n\t<meta name=\"twitter:data1\" content=\"Equipe G\u00e1vea News\" \/>\n\t<meta name=\"twitter:label2\" content=\"Est. tempo de leitura\" \/>\n\t<meta name=\"twitter:data2\" content=\"2 minutos\" \/>\n<script type=\"application\/ld+json\" class=\"yoast-schema-graph\">{\"@context\":\"https:\/\/schema.org\",\"@graph\":[{\"@type\":\"NewsArticle\",\"@id\":\"https:\/\/www.gaveanews.com\/index.php\/2021\/11\/06\/lastimavel-cbf-libera-audios-do-var-do-jogo-entre-flamengo-e-athletico\/#article\",\"isPartOf\":{\"@id\":\"https:\/\/www.gaveanews.com\/index.php\/2021\/11\/06\/lastimavel-cbf-libera-audios-do-var-do-jogo-entre-flamengo-e-athletico\/\"},\"author\":{\"name\":\"Equipe G\u00e1vea News\",\"@id\":\"https:\/\/www.gaveanews.com\/#\/schema\/person\/2ec14f73fb96be2caf28f91afb14749d\"},\"headline\":\"Lastim\u00e1vel! CBF libera \u00e1udios do VAR do jogo entre Flamengo e Athletico\",\"datePublished\":\"2021-11-06T20:41:27+00:00\",\"dateModified\":\"2021-11-06T20:41:30+00:00\",\"mainEntityOfPage\":{\"@id\":\"https:\/\/www.gaveanews.com\/index.php\/2021\/11\/06\/lastimavel-cbf-libera-audios-do-var-do-jogo-entre-flamengo-e-athletico\/\"},\"wordCount\":354,\"commentCount\":39,\"image\":{\"@id\":\"https:\/\/www.gaveanews.com\/index.php\/2021\/11\/06\/lastimavel-cbf-libera-audios-do-var-do-jogo-entre-flamengo-e-athletico\/#primaryimage\"},\"thumbnailUrl\":\"https:\/\/www.gaveanews.com\/wp-content\/uploads\/2019\/02\/Sede-da-CBF-no-Rio-de-Janeiro.webp\",\"articleSection\":[\"Flamengo\"],\"inLanguage\":\"pt-BR\",\"potentialAction\":[{\"@type\":\"CommentAction\",\"name\":\"Comment\",\"target\":[\"https:\/\/www.gaveanews.com\/index.php\/2021\/11\/06\/lastimavel-cbf-libera-audios-do-var-do-jogo-entre-flamengo-e-athletico\/#respond\"]}],\"copyrightYear\":\"2021\",\"copyrightHolder\":{\"@id\":\"https:\/\/www.gaveanews.com\/#organization\"}},{\"@type\":\"WebPage\",\"@id\":\"https:\/\/www.gaveanews.com\/index.php\/2021\/11\/06\/lastimavel-cbf-libera-audios-do-var-do-jogo-entre-flamengo-e-athletico\/\",\"url\":\"https:\/\/www.gaveanews.com\/index.php\/2021\/11\/06\/lastimavel-cbf-libera-audios-do-var-do-jogo-entre-flamengo-e-athletico\/\",\"name\":\"Lastim\u00e1vel! CBF libera \u00e1udios do VAR do jogo entre Flamengo e Athletico\",\"isPartOf\":{\"@id\":\"https:\/\/www.gaveanews.com\/#website\"},\"primaryImageOfPage\":{\"@id\":\"https:\/\/www.gaveanews.com\/index.php\/2021\/11\/06\/lastimavel-cbf-libera-audios-do-var-do-jogo-entre-flamengo-e-athletico\/#primaryimage\"},\"image\":{\"@id\":\"https:\/\/www.gaveanews.com\/index.php\/2021\/11\/06\/lastimavel-cbf-libera-audios-do-var-do-jogo-entre-flamengo-e-athletico\/#primaryimage\"},\"thumbnailUrl\":\"https:\/\/www.gaveanews.com\/wp-content\/uploads\/2019\/02\/Sede-da-CBF-no-Rio-de-Janeiro.webp\",\"datePublished\":\"2021-11-06T20:41:27+00:00\",\"dateModified\":\"2021-11-06T20:41:30+00:00\",\"author\":{\"@id\":\"https:\/\/www.gaveanews.com\/#\/schema\/person\/2ec14f73fb96be2caf28f91afb14749d\"},\"breadcrumb\":{\"@id\":\"https:\/\/www.gaveanews.com\/index.php\/2021\/11\/06\/lastimavel-cbf-libera-audios-do-var-do-jogo-entre-flamengo-e-athletico\/#breadcrumb\"},\"inLanguage\":\"pt-BR\",\"potentialAction\":[{\"@type\":\"ReadAction\",\"target\":[\"https:\/\/www.gaveanews.com\/index.php\/2021\/11\/06\/lastimavel-cbf-libera-audios-do-var-do-jogo-entre-flamengo-e-athletico\/\"]}]},{\"@type\":\"ImageObject\",\"inLanguage\":\"pt-BR\",\"@id\":\"https:\/\/www.gaveanews.com\/index.php\/2021\/11\/06\/lastimavel-cbf-libera-audios-do-var-do-jogo-entre-flamengo-e-athletico\/#primaryimage\",\"url\":\"https:\/\/www.gaveanews.com\/wp-content\/uploads\/2019\/02\/Sede-da-CBF-no-Rio-de-Janeiro.webp\",\"contentUrl\":\"https:\/\/www.gaveanews.com\/wp-content\/uploads\/2019\/02\/Sede-da-CBF-no-Rio-de-Janeiro.webp\",\"width\":690,\"height\":518,\"caption\":\"Sede da CBF no Rio de Janeiro (Foto: Cah\u00ea Mota\/Globo Esporte)\"},{\"@type\":\"BreadcrumbList\",\"@id\":\"https:\/\/www.gaveanews.com\/index.php\/2021\/11\/06\/lastimavel-cbf-libera-audios-do-var-do-jogo-entre-flamengo-e-athletico\/#breadcrumb\",\"itemListElement\":[{\"@type\":\"ListItem\",\"position\":1,\"name\":\"Home\",\"item\":\"https:\/\/www.gaveanews.com\/\"},{\"@type\":\"ListItem\",\"position\":2,\"name\":\"Lastim\u00e1vel! CBF libera \u00e1udios do VAR do jogo entre Flamengo e Athletico\"}]},{\"@type\":\"WebSite\",\"@id\":\"https:\/\/www.gaveanews.com\/#website\",\"url\":\"https:\/\/www.gaveanews.com\/\",\"name\":\"G\u00e1vea News\",\"description\":\"Veja todas as not\u00edcias sobre o Flamengo: Contrata\u00e7\u00f5es, categorias de base, resultados das partidas, tabela de classifica\u00e7\u00e3o, pr\u00f3ximos jogos!\",\"potentialAction\":[{\"@type\":\"SearchAction\",\"target\":{\"@type\":\"EntryPoint\",\"urlTemplate\":\"https:\/\/www.gaveanews.com\/?s={search_term_string}\"},\"query-input\":{\"@type\":\"PropertyValueSpecification\",\"valueRequired\":true,\"valueName\":\"search_term_string\"}}],\"inLanguage\":\"pt-BR\"},{\"@type\":\"Person\",\"@id\":\"https:\/\/www.gaveanews.com\/#\/schema\/person\/2ec14f73fb96be2caf28f91afb14749d\",\"name\":\"Equipe G\u00e1vea News\",\"image\":{\"@type\":\"ImageObject\",\"inLanguage\":\"pt-BR\",\"@id\":\"https:\/\/www.gaveanews.com\/#\/schema\/person\/image\/\",\"url\":\"https:\/\/secure.gravatar.com\/avatar\/1e1956f1facbffd3f8fa53a326721950116b3b9dc9bd44939c01180fd4a745a9?s=96&d=mm&r=g\",\"contentUrl\":\"https:\/\/secure.gravatar.com\/avatar\/1e1956f1facbffd3f8fa53a326721950116b3b9dc9bd44939c01180fd4a745a9?s=96&d=mm&r=g\",\"caption\":\"Equipe G\u00e1vea News\"}}]}<\/script>\n<!-- \/ Yoast SEO Premium plugin. -->","yoast_head_json":{"title":"Lastim\u00e1vel! CBF libera \u00e1udios do VAR do jogo entre Flamengo e Athletico","robots":{"index":"index","follow":"follow","max-snippet":"max-snippet:-1","max-image-preview":"max-image-preview:large","max-video-preview":"max-video-preview:-1"},"canonical":"https:\/\/www.gaveanews.com\/index.php\/2021\/11\/06\/lastimavel-cbf-libera-audios-do-var-do-jogo-entre-flamengo-e-athletico\/","og_locale":"pt_BR","og_type":"article","og_title":"Lastim\u00e1vel! CBF libera \u00e1udios do VAR do jogo entre Flamengo e Athletico","og_description":"A CBF liberou os \u00e1udios da cabine do VAR da partida entre Athletico-PR e Flamengo, que terminou em 2 a 2, na Arena da Baixada. Recentemente, a Confedera\u00e7\u00e3o anunciou que iria liberar todos os \u00e1udios do VAR nos jogos no seu site oficial ap\u00f3s o fim de cada rodada. Sobre a partida em quest\u00e3o, ocorreu [&hellip;]","og_url":"https:\/\/www.gaveanews.com\/index.php\/2021\/11\/06\/lastimavel-cbf-libera-audios-do-var-do-jogo-entre-flamengo-e-athletico\/","og_site_name":"G\u00e1vea News","article_publisher":"https:\/\/facebook.com\/gaveaNews\/","article_published_time":"2021-11-06T20:41:27+00:00","article_modified_time":"2021-11-06T20:41:30+00:00","og_image":[{"width":690,"height":518,"url":"https:\/\/www.gaveanews.com\/wp-content\/uploads\/2019\/02\/Sede-da-CBF-no-Rio-de-Janeiro.webp","type":"image\/jpeg"}],"author":"Equipe G\u00e1vea News","twitter_card":"summary_large_image","twitter_misc":{"Escrito por":"Equipe G\u00e1vea News","Est. tempo de leitura":"2 minutos"},"schema":{"@context":"https:\/\/schema.org","@graph":[{"@type":"NewsArticle","@id":"https:\/\/www.gaveanews.com\/index.php\/2021\/11\/06\/lastimavel-cbf-libera-audios-do-var-do-jogo-entre-flamengo-e-athletico\/#article","isPartOf":{"@id":"https:\/\/www.gaveanews.com\/index.php\/2021\/11\/06\/lastimavel-cbf-libera-audios-do-var-do-jogo-entre-flamengo-e-athletico\/"},"author":{"name":"Equipe G\u00e1vea News","@id":"https:\/\/www.gaveanews.com\/#\/schema\/person\/2ec14f73fb96be2caf28f91afb14749d"},"headline":"Lastim\u00e1vel! CBF libera \u00e1udios do VAR do jogo entre Flamengo e Athletico","datePublished":"2021-11-06T20:41:27+00:00","dateModified":"2021-11-06T20:41:30+00:00","mainEntityOfPage":{"@id":"https:\/\/www.gaveanews.com\/index.php\/2021\/11\/06\/lastimavel-cbf-libera-audios-do-var-do-jogo-entre-flamengo-e-athletico\/"},"wordCount":354,"commentCount":39,"image":{"@id":"https:\/\/www.gaveanews.com\/index.php\/2021\/11\/06\/lastimavel-cbf-libera-audios-do-var-do-jogo-entre-flamengo-e-athletico\/#primaryimage"},"thumbnailUrl":"https:\/\/www.gaveanews.com\/wp-content\/uploads\/2019\/02\/Sede-da-CBF-no-Rio-de-Janeiro.webp","articleSection":["Flamengo"],"inLanguage":"pt-BR","potentialAction":[{"@type":"CommentAction","name":"Comment","target":["https:\/\/www.gaveanews.com\/index.php\/2021\/11\/06\/lastimavel-cbf-libera-audios-do-var-do-jogo-entre-flamengo-e-athletico\/#respond"]}],"copyrightYear":"2021","copyrightHolder":{"@id":"https:\/\/www.gaveanews.com\/#organization"}},{"@type":"WebPage","@id":"https:\/\/www.gaveanews.com\/index.php\/2021\/11\/06\/lastimavel-cbf-libera-audios-do-var-do-jogo-entre-flamengo-e-athletico\/","url":"https:\/\/www.gaveanews.com\/index.php\/2021\/11\/06\/lastimavel-cbf-libera-audios-do-var-do-jogo-entre-flamengo-e-athletico\/","name":"Lastim\u00e1vel! CBF libera \u00e1udios do VAR do jogo entre Flamengo e Athletico","isPartOf":{"@id":"https:\/\/www.gaveanews.com\/#website"},"primaryImageOfPage":{"@id":"https:\/\/www.gaveanews.com\/index.php\/2021\/11\/06\/lastimavel-cbf-libera-audios-do-var-do-jogo-entre-flamengo-e-athletico\/#primaryimage"},"image":{"@id":"https:\/\/www.gaveanews.com\/index.php\/2021\/11\/06\/lastimavel-cbf-libera-audios-do-var-do-jogo-entre-flamengo-e-athletico\/#primaryimage"},"thumbnailUrl":"https:\/\/www.gaveanews.com\/wp-content\/uploads\/2019\/02\/Sede-da-CBF-no-Rio-de-Janeiro.webp","datePublished":"2021-11-06T20:41:27+00:00","dateModified":"2021-11-06T20:41:30+00:00","author":{"@id":"https:\/\/www.gaveanews.com\/#\/schema\/person\/2ec14f73fb96be2caf28f91afb14749d"},"breadcrumb":{"@id":"https:\/\/www.gaveanews.com\/index.php\/2021\/11\/06\/lastimavel-cbf-libera-audios-do-var-do-jogo-entre-flamengo-e-athletico\/#breadcrumb"},"inLanguage":"pt-BR","potentialAction":[{"@type":"ReadAction","target":["https:\/\/www.gaveanews.com\/index.php\/2021\/11\/06\/lastimavel-cbf-libera-audios-do-var-do-jogo-entre-flamengo-e-athletico\/"]}]},{"@type":"ImageObject","inLanguage":"pt-BR","@id":"https:\/\/www.gaveanews.com\/index.php\/2021\/11\/06\/lastimavel-cbf-libera-audios-do-var-do-jogo-entre-flamengo-e-athletico\/#primaryimage","url":"https:\/\/www.gaveanews.com\/wp-content\/uploads\/2019\/02\/Sede-da-CBF-no-Rio-de-Janeiro.webp","contentUrl":"https:\/\/www.gaveanews.com\/wp-content\/uploads\/2019\/02\/Sede-da-CBF-no-Rio-de-Janeiro.webp","width":690,"height":518,"caption":"Sede da CBF no Rio de Janeiro (Foto: Cah\u00ea Mota\/Globo Esporte)"},{"@type":"BreadcrumbList","@id":"https:\/\/www.gaveanews.com\/index.php\/2021\/11\/06\/lastimavel-cbf-libera-audios-do-var-do-jogo-entre-flamengo-e-athletico\/#breadcrumb","itemListElement":[{"@type":"ListItem","position":1,"name":"Home","item":"https:\/\/www.gaveanews.com\/"},{"@type":"ListItem","position":2,"name":"Lastim\u00e1vel! CBF libera \u00e1udios do VAR do jogo entre Flamengo e Athletico"}]},{"@type":"WebSite","@id":"https:\/\/www.gaveanews.com\/#website","url":"https:\/\/www.gaveanews.com\/","name":"G\u00e1vea News","description":"Veja todas as not\u00edcias sobre o Flamengo: Contrata\u00e7\u00f5es, categorias de base, resultados das partidas, tabela de classifica\u00e7\u00e3o, pr\u00f3ximos jogos!","potentialAction":[{"@type":"SearchAction","target":{"@type":"EntryPoint","urlTemplate":"https:\/\/www.gaveanews.com\/?s={search_term_string}"},"query-input":{"@type":"PropertyValueSpecification","valueRequired":true,"valueName":"search_term_string"}}],"inLanguage":"pt-BR"},{"@type":"Person","@id":"https:\/\/www.gaveanews.com\/#\/schema\/person\/2ec14f73fb96be2caf28f91afb14749d","name":"Equipe G\u00e1vea News","image":{"@type":"ImageObject","inLanguage":"pt-BR","@id":"https:\/\/www.gaveanews.com\/#\/schema\/person\/image\/","url":"https:\/\/secure.gravatar.com\/avatar\/1e1956f1facbffd3f8fa53a326721950116b3b9dc9bd44939c01180fd4a745a9?s=96&d=mm&r=g","contentUrl":"https:\/\/secure.gravatar.com\/avatar\/1e1956f1facbffd3f8fa53a326721950116b3b9dc9bd44939c01180fd4a745a9?s=96&d=mm&r=g","caption":"Equipe G\u00e1vea News"}}]}},"_links":{"self":[{"href":"https:\/\/www.gaveanews.com\/index.php\/wp-json\/wp\/v2\/posts\/71299","targetHints":{"allow":["GET"]}}],"collection":[{"href":"https:\/\/www.gaveanews.com\/index.php\/wp-json\/wp\/v2\/posts"}],"about":[{"href":"https:\/\/www.gaveanews.com\/index.php\/wp-json\/wp\/v2\/types\/post"}],"author":[{"embeddable":true,"href":"https:\/\/www.gaveanews.com\/index.php\/wp-json\/wp\/v2\/users\/1"}],"replies":[{"embeddable":true,"href":"https:\/\/www.gaveanews.com\/index.php\/wp-json\/wp\/v2\/comments?post=71299"}],"version-history":[{"count":0,"href":"https:\/\/www.gaveanews.com\/index.php\/wp-json\/wp\/v2\/posts\/71299\/revisions"}],"wp:featuredmedia":[{"embeddable":true,"href":"https:\/\/www.gaveanews.com\/index.php\/wp-json\/wp\/v2\/media\/16271"}],"wp:attachment":[{"href":"https:\/\/www.gaveanews.com\/index.php\/wp-json\/wp\/v2\/media?parent=71299"}],"wp:term":[{"taxonomy":"category","embeddable":true,"href":"https:\/\/www.gaveanews.com\/index.php\/wp-json\/wp\/v2\/categories?post=71299"},{"taxonomy":"post_tag","embeddable":true,"href":"https:\/\/www.gaveanews.com\/index.php\/wp-json\/wp\/v2\/tags?post=71299"}],"curies":[{"name":"wp","href":"https:\/\/api.w.org\/{rel}","templated":true}]}}