{"id":71463,"date":"2021-11-09T23:11:59","date_gmt":"2021-11-10T02:11:59","guid":{"rendered":"https:\/\/www.gaveanews.com\/?p=71463"},"modified":"2021-11-09T23:24:21","modified_gmt":"2021-11-10T02:24:21","slug":"weverton-minimiza-ma-fase-do-flamengo-temos-que-fazer-nossa-parte","status":"publish","type":"post","link":"https:\/\/www.gaveanews.com\/index.php\/2021\/11\/09\/weverton-minimiza-ma-fase-do-flamengo-temos-que-fazer-nossa-parte\/","title":{"rendered":"Weverton minimiza m\u00e1 fase do Flamengo: &#8220;Temos que fazer nossa parte&#8221;"},"content":{"rendered":"\n<p>Nesta ter\u00e7a-feira, Weverton foi o representante do Palmeiras no sorteio do Campeonato Paulista. Ap\u00f3s a cerim\u00f4nia, o goleiro conversou com a imprensa e projetou a final da Libertadores contra o Flamengo, que ser\u00e1 disputada no dia 27 de novembro, \u00e0s 17h (hor\u00e1rio de Bras\u00edlia), no Est\u00e1dio Centen\u00e1rio, em Montevid\u00e9u, no Uruguai.<\/p>\n\n\n\n<p>O advers\u00e1rio do Verd\u00e3o na decis\u00e3o do torneio continental vem oscilando no Campeonato Brasileiro. Na segunda, o time comandado por Renato Ga\u00facho apenas empatou com a lanterna Chapecoense. No entanto, Weverton minimizou o peso que o atual momento do Flamengo ter\u00e1 na final da Libertadores, destacando que o Palmeiras tem que focar \u00fanica e exclusivamente em seu desempenho.<\/p>\n\n\n\n<p><strong><em>\u2014 A gente sabe que tudo o que acontecer agora n\u00e3o \u00e9 garantia do que vai acontecer no futuro. Dia 27 \u00e9 um jogo, s\u00e3o 90 minutos e podemos ter mais 30 de prorroga\u00e7\u00e3o. Ent\u00e3o, n\u00e3o d\u00e1 para projetar nada, n\u00e3o \u00e9 o momento dos times hoje que vai determinar o que vai acontecer no jogo. \u00d3bvio que todo mundo quer performar bem. O Palmeiras vinha de cinco jogos sem vencer, agora melhorou a sua performance<\/em><\/strong>, disse Weverton.<\/p>\n\n\n\n<p>\u2014 <strong><em>O fato do Flamengo estar atravessando um mau momento significa que ser\u00e1 um jogo f\u00e1cil, muito pelo contr\u00e1rio. \u00c9 um jogo s\u00f3, dia 27 vai ser a hist\u00f3ria daquele jogo. A gente tem que fazer a nossa parte, independentemente da fase do Flamengo<\/em><\/strong>, completou.<\/p>\n\n\n\n<p>Na sequ\u00eancia, Weverton comentou sobre a import\u00e2ncia de fortalecer aspectos psicol\u00f3gicos nas \u00faltimas semanas da prepara\u00e7\u00e3o para o jogo mais importante do Verd\u00e3o na temporada.<\/p>\n\n\n\n<p><strong><em>\u2014 O Palmeiras est\u00e1 evoluindo tecnicamente e mentalmente, est\u00e1 chegando na reta final da competi\u00e7\u00e3o em um n\u00edvel bom, mas sempre d\u00e1 para melhorar. Sempre d\u00e1 para fazer mais, buscar nossa melhor forma f\u00edsica e mental, porque isso faz muita diferen\u00e7a na hora da decis\u00e3o<\/em><\/strong>, finalizou.<\/p>\n\n\n\n<p>Retirado de: UOL<\/p>\n","protected":false},"excerpt":{"rendered":"<p>Nesta ter\u00e7a-feira, Weverton foi o representante do Palmeiras no sorteio do Campeonato Paulista. Ap\u00f3s a cerim\u00f4nia, o goleiro conversou com a imprensa e projetou a final da Libertadores contra o Flamengo, que ser\u00e1 disputada no dia 27 de novembro, \u00e0s 17h (hor\u00e1rio de Bras\u00edlia), no Est\u00e1dio Centen\u00e1rio, em Montevid\u00e9u, no Uruguai. O advers\u00e1rio do Verd\u00e3o [&hellip;]<\/p>\n","protected":false},"author":1,"featured_media":15269,"comment_status":"open","ping_status":"closed","sticky":false,"template":"","format":"standard","meta":{"footnotes":""},"categories":[1],"tags":[],"class_list":["post-71463","post","type-post","status-publish","format-standard","has-post-thumbnail","hentry","category-flamengo"],"yoast_head":"<!-- This site is optimized with the Yoast SEO Premium plugin v24.2 (Yoast SEO v26.9) - https:\/\/yoast.com\/product\/yoast-seo-premium-wordpress\/ -->\n<title>Weverton minimiza m\u00e1 fase do Flamengo: &quot;Temos que fazer nossa parte&quot;<\/title>\n<meta name=\"robots\" content=\"index, follow, max-snippet:-1, max-image-preview:large, max-video-preview:-1\" \/>\n<link rel=\"canonical\" href=\"https:\/\/www.gaveanews.com\/index.php\/2021\/11\/09\/weverton-minimiza-ma-fase-do-flamengo-temos-que-fazer-nossa-parte\/\" \/>\n<meta property=\"og:locale\" content=\"pt_BR\" \/>\n<meta property=\"og:type\" content=\"article\" \/>\n<meta property=\"og:title\" content=\"Weverton minimiza m\u00e1 fase do Flamengo: &quot;Temos que fazer nossa parte&quot;\" \/>\n<meta property=\"og:description\" content=\"Nesta ter\u00e7a-feira, Weverton foi o representante do Palmeiras no sorteio do Campeonato Paulista. Ap\u00f3s a cerim\u00f4nia, o goleiro conversou com a imprensa e projetou a final da Libertadores contra o Flamengo, que ser\u00e1 disputada no dia 27 de novembro, \u00e0s 17h (hor\u00e1rio de Bras\u00edlia), no Est\u00e1dio Centen\u00e1rio, em Montevid\u00e9u, no Uruguai. O advers\u00e1rio do Verd\u00e3o [&hellip;]\" \/>\n<meta property=\"og:url\" content=\"https:\/\/www.gaveanews.com\/index.php\/2021\/11\/09\/weverton-minimiza-ma-fase-do-flamengo-temos-que-fazer-nossa-parte\/\" \/>\n<meta property=\"og:site_name\" content=\"G\u00e1vea News\" \/>\n<meta property=\"article:publisher\" content=\"https:\/\/facebook.com\/gaveaNews\/\" \/>\n<meta property=\"article:published_time\" content=\"2021-11-10T02:11:59+00:00\" \/>\n<meta property=\"article:modified_time\" content=\"2021-11-10T02:24:21+00:00\" \/>\n<meta property=\"og:image\" content=\"https:\/\/www.gaveanews.com\/wp-content\/uploads\/2018\/07\/Elenco-do-Flamengo-durante-treinamento-na-Gavea.webp\" \/>\n\t<meta property=\"og:image:width\" content=\"1\" \/>\n\t<meta property=\"og:image:height\" content=\"1\" \/>\n\t<meta property=\"og:image:type\" content=\"image\/jpeg\" \/>\n<meta name=\"author\" content=\"Equipe G\u00e1vea News\" \/>\n<meta name=\"twitter:card\" content=\"summary_large_image\" \/>\n<meta name=\"twitter:label1\" content=\"Escrito por\" \/>\n\t<meta name=\"twitter:data1\" content=\"Equipe G\u00e1vea News\" \/>\n\t<meta name=\"twitter:label2\" content=\"Est. tempo de leitura\" \/>\n\t<meta name=\"twitter:data2\" content=\"2 minutos\" \/>\n<script type=\"application\/ld+json\" class=\"yoast-schema-graph\">{\"@context\":\"https:\/\/schema.org\",\"@graph\":[{\"@type\":\"NewsArticle\",\"@id\":\"https:\/\/www.gaveanews.com\/index.php\/2021\/11\/09\/weverton-minimiza-ma-fase-do-flamengo-temos-que-fazer-nossa-parte\/#article\",\"isPartOf\":{\"@id\":\"https:\/\/www.gaveanews.com\/index.php\/2021\/11\/09\/weverton-minimiza-ma-fase-do-flamengo-temos-que-fazer-nossa-parte\/\"},\"author\":{\"name\":\"Equipe G\u00e1vea News\",\"@id\":\"https:\/\/www.gaveanews.com\/#\/schema\/person\/2ec14f73fb96be2caf28f91afb14749d\"},\"headline\":\"Weverton minimiza m\u00e1 fase do Flamengo: &#8220;Temos que fazer nossa parte&#8221;\",\"datePublished\":\"2021-11-10T02:11:59+00:00\",\"dateModified\":\"2021-11-10T02:24:21+00:00\",\"mainEntityOfPage\":{\"@id\":\"https:\/\/www.gaveanews.com\/index.php\/2021\/11\/09\/weverton-minimiza-ma-fase-do-flamengo-temos-que-fazer-nossa-parte\/\"},\"wordCount\":336,\"commentCount\":3,\"image\":{\"@id\":\"https:\/\/www.gaveanews.com\/index.php\/2021\/11\/09\/weverton-minimiza-ma-fase-do-flamengo-temos-que-fazer-nossa-parte\/#primaryimage\"},\"thumbnailUrl\":\"https:\/\/www.gaveanews.com\/wp-content\/uploads\/2018\/07\/Elenco-do-Flamengo-durante-treinamento-na-Gavea.webp\",\"articleSection\":[\"Flamengo\"],\"inLanguage\":\"pt-BR\",\"potentialAction\":[{\"@type\":\"CommentAction\",\"name\":\"Comment\",\"target\":[\"https:\/\/www.gaveanews.com\/index.php\/2021\/11\/09\/weverton-minimiza-ma-fase-do-flamengo-temos-que-fazer-nossa-parte\/#respond\"]}],\"copyrightYear\":\"2021\",\"copyrightHolder\":{\"@id\":\"https:\/\/www.gaveanews.com\/#organization\"}},{\"@type\":\"WebPage\",\"@id\":\"https:\/\/www.gaveanews.com\/index.php\/2021\/11\/09\/weverton-minimiza-ma-fase-do-flamengo-temos-que-fazer-nossa-parte\/\",\"url\":\"https:\/\/www.gaveanews.com\/index.php\/2021\/11\/09\/weverton-minimiza-ma-fase-do-flamengo-temos-que-fazer-nossa-parte\/\",\"name\":\"Weverton minimiza m\u00e1 fase do Flamengo: \\\"Temos que fazer nossa parte\\\"\",\"isPartOf\":{\"@id\":\"https:\/\/www.gaveanews.com\/#website\"},\"primaryImageOfPage\":{\"@id\":\"https:\/\/www.gaveanews.com\/index.php\/2021\/11\/09\/weverton-minimiza-ma-fase-do-flamengo-temos-que-fazer-nossa-parte\/#primaryimage\"},\"image\":{\"@id\":\"https:\/\/www.gaveanews.com\/index.php\/2021\/11\/09\/weverton-minimiza-ma-fase-do-flamengo-temos-que-fazer-nossa-parte\/#primaryimage\"},\"thumbnailUrl\":\"https:\/\/www.gaveanews.com\/wp-content\/uploads\/2018\/07\/Elenco-do-Flamengo-durante-treinamento-na-Gavea.webp\",\"datePublished\":\"2021-11-10T02:11:59+00:00\",\"dateModified\":\"2021-11-10T02:24:21+00:00\",\"author\":{\"@id\":\"https:\/\/www.gaveanews.com\/#\/schema\/person\/2ec14f73fb96be2caf28f91afb14749d\"},\"breadcrumb\":{\"@id\":\"https:\/\/www.gaveanews.com\/index.php\/2021\/11\/09\/weverton-minimiza-ma-fase-do-flamengo-temos-que-fazer-nossa-parte\/#breadcrumb\"},\"inLanguage\":\"pt-BR\",\"potentialAction\":[{\"@type\":\"ReadAction\",\"target\":[\"https:\/\/www.gaveanews.com\/index.php\/2021\/11\/09\/weverton-minimiza-ma-fase-do-flamengo-temos-que-fazer-nossa-parte\/\"]}]},{\"@type\":\"ImageObject\",\"inLanguage\":\"pt-BR\",\"@id\":\"https:\/\/www.gaveanews.com\/index.php\/2021\/11\/09\/weverton-minimiza-ma-fase-do-flamengo-temos-que-fazer-nossa-parte\/#primaryimage\",\"url\":\"https:\/\/www.gaveanews.com\/wp-content\/uploads\/2018\/07\/Elenco-do-Flamengo-durante-treinamento-na-Gavea.webp\",\"contentUrl\":\"https:\/\/www.gaveanews.com\/wp-content\/uploads\/2018\/07\/Elenco-do-Flamengo-durante-treinamento-na-Gavea.webp\",\"width\":900,\"height\":599,\"caption\":\"Elenco do Flamengo durante treinamento na G\u00e1vea (Foto: Alexandre Vidal\/Flamengo)\"},{\"@type\":\"BreadcrumbList\",\"@id\":\"https:\/\/www.gaveanews.com\/index.php\/2021\/11\/09\/weverton-minimiza-ma-fase-do-flamengo-temos-que-fazer-nossa-parte\/#breadcrumb\",\"itemListElement\":[{\"@type\":\"ListItem\",\"position\":1,\"name\":\"Home\",\"item\":\"https:\/\/www.gaveanews.com\/\"},{\"@type\":\"ListItem\",\"position\":2,\"name\":\"Weverton minimiza m\u00e1 fase do Flamengo: &#8220;Temos que fazer nossa parte&#8221;\"}]},{\"@type\":\"WebSite\",\"@id\":\"https:\/\/www.gaveanews.com\/#website\",\"url\":\"https:\/\/www.gaveanews.com\/\",\"name\":\"G\u00e1vea News\",\"description\":\"Veja todas as not\u00edcias sobre o Flamengo: Contrata\u00e7\u00f5es, categorias de base, resultados das partidas, tabela de classifica\u00e7\u00e3o, pr\u00f3ximos jogos!\",\"potentialAction\":[{\"@type\":\"SearchAction\",\"target\":{\"@type\":\"EntryPoint\",\"urlTemplate\":\"https:\/\/www.gaveanews.com\/?s={search_term_string}\"},\"query-input\":{\"@type\":\"PropertyValueSpecification\",\"valueRequired\":true,\"valueName\":\"search_term_string\"}}],\"inLanguage\":\"pt-BR\"},{\"@type\":\"Person\",\"@id\":\"https:\/\/www.gaveanews.com\/#\/schema\/person\/2ec14f73fb96be2caf28f91afb14749d\",\"name\":\"Equipe G\u00e1vea News\",\"image\":{\"@type\":\"ImageObject\",\"inLanguage\":\"pt-BR\",\"@id\":\"https:\/\/www.gaveanews.com\/#\/schema\/person\/image\/\",\"url\":\"https:\/\/secure.gravatar.com\/avatar\/1e1956f1facbffd3f8fa53a326721950116b3b9dc9bd44939c01180fd4a745a9?s=96&d=mm&r=g\",\"contentUrl\":\"https:\/\/secure.gravatar.com\/avatar\/1e1956f1facbffd3f8fa53a326721950116b3b9dc9bd44939c01180fd4a745a9?s=96&d=mm&r=g\",\"caption\":\"Equipe G\u00e1vea News\"}}]}<\/script>\n<!-- \/ Yoast SEO Premium plugin. -->","yoast_head_json":{"title":"Weverton minimiza m\u00e1 fase do Flamengo: \"Temos que fazer nossa parte\"","robots":{"index":"index","follow":"follow","max-snippet":"max-snippet:-1","max-image-preview":"max-image-preview:large","max-video-preview":"max-video-preview:-1"},"canonical":"https:\/\/www.gaveanews.com\/index.php\/2021\/11\/09\/weverton-minimiza-ma-fase-do-flamengo-temos-que-fazer-nossa-parte\/","og_locale":"pt_BR","og_type":"article","og_title":"Weverton minimiza m\u00e1 fase do Flamengo: \"Temos que fazer nossa parte\"","og_description":"Nesta ter\u00e7a-feira, Weverton foi o representante do Palmeiras no sorteio do Campeonato Paulista. Ap\u00f3s a cerim\u00f4nia, o goleiro conversou com a imprensa e projetou a final da Libertadores contra o Flamengo, que ser\u00e1 disputada no dia 27 de novembro, \u00e0s 17h (hor\u00e1rio de Bras\u00edlia), no Est\u00e1dio Centen\u00e1rio, em Montevid\u00e9u, no Uruguai. O advers\u00e1rio do Verd\u00e3o [&hellip;]","og_url":"https:\/\/www.gaveanews.com\/index.php\/2021\/11\/09\/weverton-minimiza-ma-fase-do-flamengo-temos-que-fazer-nossa-parte\/","og_site_name":"G\u00e1vea News","article_publisher":"https:\/\/facebook.com\/gaveaNews\/","article_published_time":"2021-11-10T02:11:59+00:00","article_modified_time":"2021-11-10T02:24:21+00:00","og_image":[{"url":"https:\/\/www.gaveanews.com\/wp-content\/uploads\/2018\/07\/Elenco-do-Flamengo-durante-treinamento-na-Gavea.webp","width":1,"height":1,"type":"image\/jpeg"}],"author":"Equipe G\u00e1vea News","twitter_card":"summary_large_image","twitter_misc":{"Escrito por":"Equipe G\u00e1vea News","Est. tempo de leitura":"2 minutos"},"schema":{"@context":"https:\/\/schema.org","@graph":[{"@type":"NewsArticle","@id":"https:\/\/www.gaveanews.com\/index.php\/2021\/11\/09\/weverton-minimiza-ma-fase-do-flamengo-temos-que-fazer-nossa-parte\/#article","isPartOf":{"@id":"https:\/\/www.gaveanews.com\/index.php\/2021\/11\/09\/weverton-minimiza-ma-fase-do-flamengo-temos-que-fazer-nossa-parte\/"},"author":{"name":"Equipe G\u00e1vea News","@id":"https:\/\/www.gaveanews.com\/#\/schema\/person\/2ec14f73fb96be2caf28f91afb14749d"},"headline":"Weverton minimiza m\u00e1 fase do Flamengo: &#8220;Temos que fazer nossa parte&#8221;","datePublished":"2021-11-10T02:11:59+00:00","dateModified":"2021-11-10T02:24:21+00:00","mainEntityOfPage":{"@id":"https:\/\/www.gaveanews.com\/index.php\/2021\/11\/09\/weverton-minimiza-ma-fase-do-flamengo-temos-que-fazer-nossa-parte\/"},"wordCount":336,"commentCount":3,"image":{"@id":"https:\/\/www.gaveanews.com\/index.php\/2021\/11\/09\/weverton-minimiza-ma-fase-do-flamengo-temos-que-fazer-nossa-parte\/#primaryimage"},"thumbnailUrl":"https:\/\/www.gaveanews.com\/wp-content\/uploads\/2018\/07\/Elenco-do-Flamengo-durante-treinamento-na-Gavea.webp","articleSection":["Flamengo"],"inLanguage":"pt-BR","potentialAction":[{"@type":"CommentAction","name":"Comment","target":["https:\/\/www.gaveanews.com\/index.php\/2021\/11\/09\/weverton-minimiza-ma-fase-do-flamengo-temos-que-fazer-nossa-parte\/#respond"]}],"copyrightYear":"2021","copyrightHolder":{"@id":"https:\/\/www.gaveanews.com\/#organization"}},{"@type":"WebPage","@id":"https:\/\/www.gaveanews.com\/index.php\/2021\/11\/09\/weverton-minimiza-ma-fase-do-flamengo-temos-que-fazer-nossa-parte\/","url":"https:\/\/www.gaveanews.com\/index.php\/2021\/11\/09\/weverton-minimiza-ma-fase-do-flamengo-temos-que-fazer-nossa-parte\/","name":"Weverton minimiza m\u00e1 fase do Flamengo: \"Temos que fazer nossa parte\"","isPartOf":{"@id":"https:\/\/www.gaveanews.com\/#website"},"primaryImageOfPage":{"@id":"https:\/\/www.gaveanews.com\/index.php\/2021\/11\/09\/weverton-minimiza-ma-fase-do-flamengo-temos-que-fazer-nossa-parte\/#primaryimage"},"image":{"@id":"https:\/\/www.gaveanews.com\/index.php\/2021\/11\/09\/weverton-minimiza-ma-fase-do-flamengo-temos-que-fazer-nossa-parte\/#primaryimage"},"thumbnailUrl":"https:\/\/www.gaveanews.com\/wp-content\/uploads\/2018\/07\/Elenco-do-Flamengo-durante-treinamento-na-Gavea.webp","datePublished":"2021-11-10T02:11:59+00:00","dateModified":"2021-11-10T02:24:21+00:00","author":{"@id":"https:\/\/www.gaveanews.com\/#\/schema\/person\/2ec14f73fb96be2caf28f91afb14749d"},"breadcrumb":{"@id":"https:\/\/www.gaveanews.com\/index.php\/2021\/11\/09\/weverton-minimiza-ma-fase-do-flamengo-temos-que-fazer-nossa-parte\/#breadcrumb"},"inLanguage":"pt-BR","potentialAction":[{"@type":"ReadAction","target":["https:\/\/www.gaveanews.com\/index.php\/2021\/11\/09\/weverton-minimiza-ma-fase-do-flamengo-temos-que-fazer-nossa-parte\/"]}]},{"@type":"ImageObject","inLanguage":"pt-BR","@id":"https:\/\/www.gaveanews.com\/index.php\/2021\/11\/09\/weverton-minimiza-ma-fase-do-flamengo-temos-que-fazer-nossa-parte\/#primaryimage","url":"https:\/\/www.gaveanews.com\/wp-content\/uploads\/2018\/07\/Elenco-do-Flamengo-durante-treinamento-na-Gavea.webp","contentUrl":"https:\/\/www.gaveanews.com\/wp-content\/uploads\/2018\/07\/Elenco-do-Flamengo-durante-treinamento-na-Gavea.webp","width":900,"height":599,"caption":"Elenco do Flamengo durante treinamento na G\u00e1vea (Foto: Alexandre Vidal\/Flamengo)"},{"@type":"BreadcrumbList","@id":"https:\/\/www.gaveanews.com\/index.php\/2021\/11\/09\/weverton-minimiza-ma-fase-do-flamengo-temos-que-fazer-nossa-parte\/#breadcrumb","itemListElement":[{"@type":"ListItem","position":1,"name":"Home","item":"https:\/\/www.gaveanews.com\/"},{"@type":"ListItem","position":2,"name":"Weverton minimiza m\u00e1 fase do Flamengo: &#8220;Temos que fazer nossa parte&#8221;"}]},{"@type":"WebSite","@id":"https:\/\/www.gaveanews.com\/#website","url":"https:\/\/www.gaveanews.com\/","name":"G\u00e1vea News","description":"Veja todas as not\u00edcias sobre o Flamengo: Contrata\u00e7\u00f5es, categorias de base, resultados das partidas, tabela de classifica\u00e7\u00e3o, pr\u00f3ximos jogos!","potentialAction":[{"@type":"SearchAction","target":{"@type":"EntryPoint","urlTemplate":"https:\/\/www.gaveanews.com\/?s={search_term_string}"},"query-input":{"@type":"PropertyValueSpecification","valueRequired":true,"valueName":"search_term_string"}}],"inLanguage":"pt-BR"},{"@type":"Person","@id":"https:\/\/www.gaveanews.com\/#\/schema\/person\/2ec14f73fb96be2caf28f91afb14749d","name":"Equipe G\u00e1vea News","image":{"@type":"ImageObject","inLanguage":"pt-BR","@id":"https:\/\/www.gaveanews.com\/#\/schema\/person\/image\/","url":"https:\/\/secure.gravatar.com\/avatar\/1e1956f1facbffd3f8fa53a326721950116b3b9dc9bd44939c01180fd4a745a9?s=96&d=mm&r=g","contentUrl":"https:\/\/secure.gravatar.com\/avatar\/1e1956f1facbffd3f8fa53a326721950116b3b9dc9bd44939c01180fd4a745a9?s=96&d=mm&r=g","caption":"Equipe G\u00e1vea News"}}]}},"_links":{"self":[{"href":"https:\/\/www.gaveanews.com\/index.php\/wp-json\/wp\/v2\/posts\/71463","targetHints":{"allow":["GET"]}}],"collection":[{"href":"https:\/\/www.gaveanews.com\/index.php\/wp-json\/wp\/v2\/posts"}],"about":[{"href":"https:\/\/www.gaveanews.com\/index.php\/wp-json\/wp\/v2\/types\/post"}],"author":[{"embeddable":true,"href":"https:\/\/www.gaveanews.com\/index.php\/wp-json\/wp\/v2\/users\/1"}],"replies":[{"embeddable":true,"href":"https:\/\/www.gaveanews.com\/index.php\/wp-json\/wp\/v2\/comments?post=71463"}],"version-history":[{"count":0,"href":"https:\/\/www.gaveanews.com\/index.php\/wp-json\/wp\/v2\/posts\/71463\/revisions"}],"wp:featuredmedia":[{"embeddable":true,"href":"https:\/\/www.gaveanews.com\/index.php\/wp-json\/wp\/v2\/media\/15269"}],"wp:attachment":[{"href":"https:\/\/www.gaveanews.com\/index.php\/wp-json\/wp\/v2\/media?parent=71463"}],"wp:term":[{"taxonomy":"category","embeddable":true,"href":"https:\/\/www.gaveanews.com\/index.php\/wp-json\/wp\/v2\/categories?post=71463"},{"taxonomy":"post_tag","embeddable":true,"href":"https:\/\/www.gaveanews.com\/index.php\/wp-json\/wp\/v2\/tags?post=71463"}],"curies":[{"name":"wp","href":"https:\/\/api.w.org\/{rel}","templated":true}]}}