{"id":71479,"date":"2021-11-10T11:35:22","date_gmt":"2021-11-10T14:35:22","guid":{"rendered":"https:\/\/www.gaveanews.com\/?p=71479"},"modified":"2021-11-10T11:35:25","modified_gmt":"2021-11-10T14:35:25","slug":"flamengo-podera-ter-ate-9-desfalques-para-o-jogo-contra-o-bahia","status":"publish","type":"post","link":"https:\/\/www.gaveanews.com\/index.php\/2021\/11\/10\/flamengo-podera-ter-ate-9-desfalques-para-o-jogo-contra-o-bahia\/","title":{"rendered":"Flamengo poder\u00e1 ter at\u00e9 9 desfalques para o jogo contra o Bahia"},"content":{"rendered":"\n<p>Depois de empatar com o lanterna do campeonato e praticamente enterrar seu desejo do tri, o Flamengo voltar\u00e1 a campo nesta quinta-feira (11), em partida v\u00e1lida pela 31\u00aa rodada do Brasileir\u00e3o. H\u00e1 apenas 17 dias da final da Libertadores, a equipe rubro-negra busca uma resposta r\u00e1pida para conseguir comparecer a todos os seus compromissos e superar o Palmeiras no dia 27.<\/p>\n\n\n\n<p>Enquanto trabalha nos bastidores para recuperar os jogadores lesionados, o clube busca solucionar as defici\u00eancias do time e melhorar as t\u00e1ticas. Mas o grupo ainda possui muitos atletas machucados ou em remiss\u00e3o de les\u00e3o, que n\u00e3o poder\u00e3o refor\u00e7ar o Mais Querido nesta pr\u00f3xima rodada.<\/p>\n\n\n\n<p>As primeiras baixas esperadas s\u00e3o Pedro e Arrascaeta, que possuem casos mais complexos e ainda n\u00e3o tem data exata para voltarem \u00e0s atividades coletivas. Kenedy tamb\u00e9m trabalha com os fisioterapeutas e n\u00e3o dever\u00e1 ser relacionado para este duelo.<\/p>\n\n\n\n<p>Filipe Lu\u00eds realizou fisioterapia no campo e \u00e9 outro que n\u00e3o est\u00e1 nos planos de Renato Ga\u00facho para a partida. O goleiro Diego Alves apenas fez atividades na academia do CT e poder\u00e1 ficar de fora das atividades coletivas por mais alguns dias.<\/p>\n\n\n\n<p>As d\u00favidas para o confronto s\u00e3o Thiago Maia e David Luiz. O meia realizou parte do treino da \u00faltima ter\u00e7a-feira (09) com o grupo e n\u00e3o pode ser confirmado para o jogo. No caso do zagueiro, o Fla segue o planejamento feito para o retorno do defensor, mas ainda n\u00e3o se pode prever se enfrentar\u00e1 o Bahia.<\/p>\n\n\n\n<p>O \u00faltimo desfalque garantido \u00e9 Everton Ribeiro, suspenso ap\u00f3s ter sido expulso na pol\u00eamica partida contra a Chapecoense da \u00faltima segunda-feira (08). Isla tamb\u00e9m fica de fora, uma vez que est\u00e1 \u00e0 servi\u00e7o da Sele\u00e7\u00e3o Chilena visando as Datas FIFA deste m\u00eas.<\/p>\n\n\n\n<p>Em compensa\u00e7\u00e3o, Renato poder\u00e1 contar com dois retornos. Andreas cumpriu suspens\u00e3o no \u00faltimo jogo ap\u00f3s ter recebido seu terceiro cart\u00e3o amarelo e j\u00e1 est\u00e1 \u00e0 disposi\u00e7\u00e3o do treinador da equipe, assim como Diego Ribas, que se recuperou ap\u00f3s ter sentido dores na coxa direita.<\/p>\n\n\n\n<p>A bola rolar\u00e1 para Flamengo e Bahia em hor\u00e1rio pouco popular, \u00e0s 19h (hor\u00e1rio de Bras\u00edlia). O duelo ocorrer\u00e1 no Maracan\u00e3, e contar\u00e1 com a transmiss\u00e3o do Premiere.<\/p>\n","protected":false},"excerpt":{"rendered":"<p>Depois de empatar com o lanterna do campeonato e praticamente enterrar seu desejo do tri, o Flamengo voltar\u00e1 a campo nesta quinta-feira (11), em partida v\u00e1lida pela 31\u00aa rodada do Brasileir\u00e3o. H\u00e1 apenas 17 dias da final da Libertadores, a equipe rubro-negra busca uma resposta r\u00e1pida para conseguir comparecer a todos os seus compromissos e [&hellip;]<\/p>\n","protected":false},"author":4,"featured_media":46738,"comment_status":"open","ping_status":"closed","sticky":false,"template":"","format":"standard","meta":{"footnotes":""},"categories":[1],"tags":[],"class_list":["post-71479","post","type-post","status-publish","format-standard","has-post-thumbnail","hentry","category-flamengo"],"yoast_head":"<!-- This site is optimized with the Yoast SEO Premium plugin v24.2 (Yoast SEO v26.9) - https:\/\/yoast.com\/product\/yoast-seo-premium-wordpress\/ -->\n<title>Flamengo poder\u00e1 ter at\u00e9 9 desfalques para o jogo contra o Bahia<\/title>\n<meta name=\"robots\" content=\"index, follow, max-snippet:-1, max-image-preview:large, max-video-preview:-1\" \/>\n<link rel=\"canonical\" href=\"https:\/\/www.gaveanews.com\/index.php\/2021\/11\/10\/flamengo-podera-ter-ate-9-desfalques-para-o-jogo-contra-o-bahia\/\" \/>\n<meta property=\"og:locale\" content=\"pt_BR\" \/>\n<meta property=\"og:type\" content=\"article\" \/>\n<meta property=\"og:title\" content=\"Flamengo poder\u00e1 ter at\u00e9 9 desfalques para o jogo contra o Bahia\" \/>\n<meta property=\"og:description\" content=\"Depois de empatar com o lanterna do campeonato e praticamente enterrar seu desejo do tri, o Flamengo voltar\u00e1 a campo nesta quinta-feira (11), em partida v\u00e1lida pela 31\u00aa rodada do Brasileir\u00e3o. H\u00e1 apenas 17 dias da final da Libertadores, a equipe rubro-negra busca uma resposta r\u00e1pida para conseguir comparecer a todos os seus compromissos e [&hellip;]\" \/>\n<meta property=\"og:url\" content=\"https:\/\/www.gaveanews.com\/index.php\/2021\/11\/10\/flamengo-podera-ter-ate-9-desfalques-para-o-jogo-contra-o-bahia\/\" \/>\n<meta property=\"og:site_name\" content=\"G\u00e1vea News\" \/>\n<meta property=\"article:publisher\" content=\"https:\/\/facebook.com\/gaveaNews\/\" \/>\n<meta property=\"article:published_time\" content=\"2021-11-10T14:35:22+00:00\" \/>\n<meta property=\"article:modified_time\" content=\"2021-11-10T14:35:25+00:00\" \/>\n<meta property=\"og:image\" content=\"https:\/\/www.gaveanews.com\/wp-content\/uploads\/Pedro-comemora-apos-marcar-o-primeiro-gol-da-partida-entre-Flamengo-e-Bahia.webp\" \/>\n\t<meta property=\"og:image:width\" content=\"800\" \/>\n\t<meta property=\"og:image:height\" content=\"533\" \/>\n\t<meta property=\"og:image:type\" content=\"image\/jpeg\" \/>\n<meta name=\"author\" content=\"Let\u00edcia Gerheim\" \/>\n<meta name=\"twitter:card\" content=\"summary_large_image\" \/>\n<meta name=\"twitter:label1\" content=\"Escrito por\" \/>\n\t<meta name=\"twitter:data1\" content=\"Let\u00edcia Gerheim\" \/>\n\t<meta name=\"twitter:label2\" content=\"Est. tempo de leitura\" \/>\n\t<meta name=\"twitter:data2\" content=\"2 minutos\" \/>\n<script type=\"application\/ld+json\" class=\"yoast-schema-graph\">{\"@context\":\"https:\/\/schema.org\",\"@graph\":[{\"@type\":\"NewsArticle\",\"@id\":\"https:\/\/www.gaveanews.com\/index.php\/2021\/11\/10\/flamengo-podera-ter-ate-9-desfalques-para-o-jogo-contra-o-bahia\/#article\",\"isPartOf\":{\"@id\":\"https:\/\/www.gaveanews.com\/index.php\/2021\/11\/10\/flamengo-podera-ter-ate-9-desfalques-para-o-jogo-contra-o-bahia\/\"},\"author\":{\"name\":\"Let\u00edcia Gerheim\",\"@id\":\"https:\/\/www.gaveanews.com\/#\/schema\/person\/714c67050b836198af2450ba1c142a67\"},\"headline\":\"Flamengo poder\u00e1 ter at\u00e9 9 desfalques para o jogo contra o Bahia\",\"datePublished\":\"2021-11-10T14:35:22+00:00\",\"dateModified\":\"2021-11-10T14:35:25+00:00\",\"mainEntityOfPage\":{\"@id\":\"https:\/\/www.gaveanews.com\/index.php\/2021\/11\/10\/flamengo-podera-ter-ate-9-desfalques-para-o-jogo-contra-o-bahia\/\"},\"wordCount\":397,\"commentCount\":25,\"image\":{\"@id\":\"https:\/\/www.gaveanews.com\/index.php\/2021\/11\/10\/flamengo-podera-ter-ate-9-desfalques-para-o-jogo-contra-o-bahia\/#primaryimage\"},\"thumbnailUrl\":\"https:\/\/www.gaveanews.com\/wp-content\/uploads\/Pedro-comemora-apos-marcar-o-primeiro-gol-da-partida-entre-Flamengo-e-Bahia.webp\",\"articleSection\":[\"Flamengo\"],\"inLanguage\":\"pt-BR\",\"potentialAction\":[{\"@type\":\"CommentAction\",\"name\":\"Comment\",\"target\":[\"https:\/\/www.gaveanews.com\/index.php\/2021\/11\/10\/flamengo-podera-ter-ate-9-desfalques-para-o-jogo-contra-o-bahia\/#respond\"]}],\"copyrightYear\":\"2021\",\"copyrightHolder\":{\"@id\":\"https:\/\/www.gaveanews.com\/#organization\"}},{\"@type\":\"WebPage\",\"@id\":\"https:\/\/www.gaveanews.com\/index.php\/2021\/11\/10\/flamengo-podera-ter-ate-9-desfalques-para-o-jogo-contra-o-bahia\/\",\"url\":\"https:\/\/www.gaveanews.com\/index.php\/2021\/11\/10\/flamengo-podera-ter-ate-9-desfalques-para-o-jogo-contra-o-bahia\/\",\"name\":\"Flamengo poder\u00e1 ter at\u00e9 9 desfalques para o jogo contra o Bahia\",\"isPartOf\":{\"@id\":\"https:\/\/www.gaveanews.com\/#website\"},\"primaryImageOfPage\":{\"@id\":\"https:\/\/www.gaveanews.com\/index.php\/2021\/11\/10\/flamengo-podera-ter-ate-9-desfalques-para-o-jogo-contra-o-bahia\/#primaryimage\"},\"image\":{\"@id\":\"https:\/\/www.gaveanews.com\/index.php\/2021\/11\/10\/flamengo-podera-ter-ate-9-desfalques-para-o-jogo-contra-o-bahia\/#primaryimage\"},\"thumbnailUrl\":\"https:\/\/www.gaveanews.com\/wp-content\/uploads\/Pedro-comemora-apos-marcar-o-primeiro-gol-da-partida-entre-Flamengo-e-Bahia.webp\",\"datePublished\":\"2021-11-10T14:35:22+00:00\",\"dateModified\":\"2021-11-10T14:35:25+00:00\",\"author\":{\"@id\":\"https:\/\/www.gaveanews.com\/#\/schema\/person\/714c67050b836198af2450ba1c142a67\"},\"breadcrumb\":{\"@id\":\"https:\/\/www.gaveanews.com\/index.php\/2021\/11\/10\/flamengo-podera-ter-ate-9-desfalques-para-o-jogo-contra-o-bahia\/#breadcrumb\"},\"inLanguage\":\"pt-BR\",\"potentialAction\":[{\"@type\":\"ReadAction\",\"target\":[\"https:\/\/www.gaveanews.com\/index.php\/2021\/11\/10\/flamengo-podera-ter-ate-9-desfalques-para-o-jogo-contra-o-bahia\/\"]}]},{\"@type\":\"ImageObject\",\"inLanguage\":\"pt-BR\",\"@id\":\"https:\/\/www.gaveanews.com\/index.php\/2021\/11\/10\/flamengo-podera-ter-ate-9-desfalques-para-o-jogo-contra-o-bahia\/#primaryimage\",\"url\":\"https:\/\/www.gaveanews.com\/wp-content\/uploads\/Pedro-comemora-apos-marcar-o-primeiro-gol-da-partida-entre-Flamengo-e-Bahia.webp\",\"contentUrl\":\"https:\/\/www.gaveanews.com\/wp-content\/uploads\/Pedro-comemora-apos-marcar-o-primeiro-gol-da-partida-entre-Flamengo-e-Bahia.webp\",\"width\":800,\"height\":533,\"caption\":\"Pedro comemora ap\u00f3s marcar o primeiro gol da partida entre Flamengo e Bahia (Foto: Alexandre Vidal\/Flamengo)\"},{\"@type\":\"BreadcrumbList\",\"@id\":\"https:\/\/www.gaveanews.com\/index.php\/2021\/11\/10\/flamengo-podera-ter-ate-9-desfalques-para-o-jogo-contra-o-bahia\/#breadcrumb\",\"itemListElement\":[{\"@type\":\"ListItem\",\"position\":1,\"name\":\"Home\",\"item\":\"https:\/\/www.gaveanews.com\/\"},{\"@type\":\"ListItem\",\"position\":2,\"name\":\"Flamengo poder\u00e1 ter at\u00e9 9 desfalques para o jogo contra o Bahia\"}]},{\"@type\":\"WebSite\",\"@id\":\"https:\/\/www.gaveanews.com\/#website\",\"url\":\"https:\/\/www.gaveanews.com\/\",\"name\":\"G\u00e1vea News\",\"description\":\"Veja todas as not\u00edcias sobre o Flamengo: Contrata\u00e7\u00f5es, categorias de base, resultados das partidas, tabela de classifica\u00e7\u00e3o, pr\u00f3ximos jogos!\",\"potentialAction\":[{\"@type\":\"SearchAction\",\"target\":{\"@type\":\"EntryPoint\",\"urlTemplate\":\"https:\/\/www.gaveanews.com\/?s={search_term_string}\"},\"query-input\":{\"@type\":\"PropertyValueSpecification\",\"valueRequired\":true,\"valueName\":\"search_term_string\"}}],\"inLanguage\":\"pt-BR\"},{\"@type\":\"Person\",\"@id\":\"https:\/\/www.gaveanews.com\/#\/schema\/person\/714c67050b836198af2450ba1c142a67\",\"name\":\"Let\u00edcia Gerheim\",\"image\":{\"@type\":\"ImageObject\",\"inLanguage\":\"pt-BR\",\"@id\":\"https:\/\/www.gaveanews.com\/#\/schema\/person\/image\/\",\"url\":\"https:\/\/secure.gravatar.com\/avatar\/60734739c50fcebfbac509e2a826ccd0ff405c019bc73aab9354f19ecad1dcb4?s=96&d=mm&r=g\",\"contentUrl\":\"https:\/\/secure.gravatar.com\/avatar\/60734739c50fcebfbac509e2a826ccd0ff405c019bc73aab9354f19ecad1dcb4?s=96&d=mm&r=g\",\"caption\":\"Let\u00edcia Gerheim\"}}]}<\/script>\n<!-- \/ Yoast SEO Premium plugin. -->","yoast_head_json":{"title":"Flamengo poder\u00e1 ter at\u00e9 9 desfalques para o jogo contra o Bahia","robots":{"index":"index","follow":"follow","max-snippet":"max-snippet:-1","max-image-preview":"max-image-preview:large","max-video-preview":"max-video-preview:-1"},"canonical":"https:\/\/www.gaveanews.com\/index.php\/2021\/11\/10\/flamengo-podera-ter-ate-9-desfalques-para-o-jogo-contra-o-bahia\/","og_locale":"pt_BR","og_type":"article","og_title":"Flamengo poder\u00e1 ter at\u00e9 9 desfalques para o jogo contra o Bahia","og_description":"Depois de empatar com o lanterna do campeonato e praticamente enterrar seu desejo do tri, o Flamengo voltar\u00e1 a campo nesta quinta-feira (11), em partida v\u00e1lida pela 31\u00aa rodada do Brasileir\u00e3o. H\u00e1 apenas 17 dias da final da Libertadores, a equipe rubro-negra busca uma resposta r\u00e1pida para conseguir comparecer a todos os seus compromissos e [&hellip;]","og_url":"https:\/\/www.gaveanews.com\/index.php\/2021\/11\/10\/flamengo-podera-ter-ate-9-desfalques-para-o-jogo-contra-o-bahia\/","og_site_name":"G\u00e1vea News","article_publisher":"https:\/\/facebook.com\/gaveaNews\/","article_published_time":"2021-11-10T14:35:22+00:00","article_modified_time":"2021-11-10T14:35:25+00:00","og_image":[{"width":800,"height":533,"url":"https:\/\/www.gaveanews.com\/wp-content\/uploads\/Pedro-comemora-apos-marcar-o-primeiro-gol-da-partida-entre-Flamengo-e-Bahia.webp","type":"image\/jpeg"}],"author":"Let\u00edcia Gerheim","twitter_card":"summary_large_image","twitter_misc":{"Escrito por":"Let\u00edcia Gerheim","Est. tempo de leitura":"2 minutos"},"schema":{"@context":"https:\/\/schema.org","@graph":[{"@type":"NewsArticle","@id":"https:\/\/www.gaveanews.com\/index.php\/2021\/11\/10\/flamengo-podera-ter-ate-9-desfalques-para-o-jogo-contra-o-bahia\/#article","isPartOf":{"@id":"https:\/\/www.gaveanews.com\/index.php\/2021\/11\/10\/flamengo-podera-ter-ate-9-desfalques-para-o-jogo-contra-o-bahia\/"},"author":{"name":"Let\u00edcia Gerheim","@id":"https:\/\/www.gaveanews.com\/#\/schema\/person\/714c67050b836198af2450ba1c142a67"},"headline":"Flamengo poder\u00e1 ter at\u00e9 9 desfalques para o jogo contra o Bahia","datePublished":"2021-11-10T14:35:22+00:00","dateModified":"2021-11-10T14:35:25+00:00","mainEntityOfPage":{"@id":"https:\/\/www.gaveanews.com\/index.php\/2021\/11\/10\/flamengo-podera-ter-ate-9-desfalques-para-o-jogo-contra-o-bahia\/"},"wordCount":397,"commentCount":25,"image":{"@id":"https:\/\/www.gaveanews.com\/index.php\/2021\/11\/10\/flamengo-podera-ter-ate-9-desfalques-para-o-jogo-contra-o-bahia\/#primaryimage"},"thumbnailUrl":"https:\/\/www.gaveanews.com\/wp-content\/uploads\/Pedro-comemora-apos-marcar-o-primeiro-gol-da-partida-entre-Flamengo-e-Bahia.webp","articleSection":["Flamengo"],"inLanguage":"pt-BR","potentialAction":[{"@type":"CommentAction","name":"Comment","target":["https:\/\/www.gaveanews.com\/index.php\/2021\/11\/10\/flamengo-podera-ter-ate-9-desfalques-para-o-jogo-contra-o-bahia\/#respond"]}],"copyrightYear":"2021","copyrightHolder":{"@id":"https:\/\/www.gaveanews.com\/#organization"}},{"@type":"WebPage","@id":"https:\/\/www.gaveanews.com\/index.php\/2021\/11\/10\/flamengo-podera-ter-ate-9-desfalques-para-o-jogo-contra-o-bahia\/","url":"https:\/\/www.gaveanews.com\/index.php\/2021\/11\/10\/flamengo-podera-ter-ate-9-desfalques-para-o-jogo-contra-o-bahia\/","name":"Flamengo poder\u00e1 ter at\u00e9 9 desfalques para o jogo contra o Bahia","isPartOf":{"@id":"https:\/\/www.gaveanews.com\/#website"},"primaryImageOfPage":{"@id":"https:\/\/www.gaveanews.com\/index.php\/2021\/11\/10\/flamengo-podera-ter-ate-9-desfalques-para-o-jogo-contra-o-bahia\/#primaryimage"},"image":{"@id":"https:\/\/www.gaveanews.com\/index.php\/2021\/11\/10\/flamengo-podera-ter-ate-9-desfalques-para-o-jogo-contra-o-bahia\/#primaryimage"},"thumbnailUrl":"https:\/\/www.gaveanews.com\/wp-content\/uploads\/Pedro-comemora-apos-marcar-o-primeiro-gol-da-partida-entre-Flamengo-e-Bahia.webp","datePublished":"2021-11-10T14:35:22+00:00","dateModified":"2021-11-10T14:35:25+00:00","author":{"@id":"https:\/\/www.gaveanews.com\/#\/schema\/person\/714c67050b836198af2450ba1c142a67"},"breadcrumb":{"@id":"https:\/\/www.gaveanews.com\/index.php\/2021\/11\/10\/flamengo-podera-ter-ate-9-desfalques-para-o-jogo-contra-o-bahia\/#breadcrumb"},"inLanguage":"pt-BR","potentialAction":[{"@type":"ReadAction","target":["https:\/\/www.gaveanews.com\/index.php\/2021\/11\/10\/flamengo-podera-ter-ate-9-desfalques-para-o-jogo-contra-o-bahia\/"]}]},{"@type":"ImageObject","inLanguage":"pt-BR","@id":"https:\/\/www.gaveanews.com\/index.php\/2021\/11\/10\/flamengo-podera-ter-ate-9-desfalques-para-o-jogo-contra-o-bahia\/#primaryimage","url":"https:\/\/www.gaveanews.com\/wp-content\/uploads\/Pedro-comemora-apos-marcar-o-primeiro-gol-da-partida-entre-Flamengo-e-Bahia.webp","contentUrl":"https:\/\/www.gaveanews.com\/wp-content\/uploads\/Pedro-comemora-apos-marcar-o-primeiro-gol-da-partida-entre-Flamengo-e-Bahia.webp","width":800,"height":533,"caption":"Pedro comemora ap\u00f3s marcar o primeiro gol da partida entre Flamengo e Bahia (Foto: Alexandre Vidal\/Flamengo)"},{"@type":"BreadcrumbList","@id":"https:\/\/www.gaveanews.com\/index.php\/2021\/11\/10\/flamengo-podera-ter-ate-9-desfalques-para-o-jogo-contra-o-bahia\/#breadcrumb","itemListElement":[{"@type":"ListItem","position":1,"name":"Home","item":"https:\/\/www.gaveanews.com\/"},{"@type":"ListItem","position":2,"name":"Flamengo poder\u00e1 ter at\u00e9 9 desfalques para o jogo contra o Bahia"}]},{"@type":"WebSite","@id":"https:\/\/www.gaveanews.com\/#website","url":"https:\/\/www.gaveanews.com\/","name":"G\u00e1vea News","description":"Veja todas as not\u00edcias sobre o Flamengo: Contrata\u00e7\u00f5es, categorias de base, resultados das partidas, tabela de classifica\u00e7\u00e3o, pr\u00f3ximos jogos!","potentialAction":[{"@type":"SearchAction","target":{"@type":"EntryPoint","urlTemplate":"https:\/\/www.gaveanews.com\/?s={search_term_string}"},"query-input":{"@type":"PropertyValueSpecification","valueRequired":true,"valueName":"search_term_string"}}],"inLanguage":"pt-BR"},{"@type":"Person","@id":"https:\/\/www.gaveanews.com\/#\/schema\/person\/714c67050b836198af2450ba1c142a67","name":"Let\u00edcia Gerheim","image":{"@type":"ImageObject","inLanguage":"pt-BR","@id":"https:\/\/www.gaveanews.com\/#\/schema\/person\/image\/","url":"https:\/\/secure.gravatar.com\/avatar\/60734739c50fcebfbac509e2a826ccd0ff405c019bc73aab9354f19ecad1dcb4?s=96&d=mm&r=g","contentUrl":"https:\/\/secure.gravatar.com\/avatar\/60734739c50fcebfbac509e2a826ccd0ff405c019bc73aab9354f19ecad1dcb4?s=96&d=mm&r=g","caption":"Let\u00edcia Gerheim"}}]}},"_links":{"self":[{"href":"https:\/\/www.gaveanews.com\/index.php\/wp-json\/wp\/v2\/posts\/71479","targetHints":{"allow":["GET"]}}],"collection":[{"href":"https:\/\/www.gaveanews.com\/index.php\/wp-json\/wp\/v2\/posts"}],"about":[{"href":"https:\/\/www.gaveanews.com\/index.php\/wp-json\/wp\/v2\/types\/post"}],"author":[{"embeddable":true,"href":"https:\/\/www.gaveanews.com\/index.php\/wp-json\/wp\/v2\/users\/4"}],"replies":[{"embeddable":true,"href":"https:\/\/www.gaveanews.com\/index.php\/wp-json\/wp\/v2\/comments?post=71479"}],"version-history":[{"count":0,"href":"https:\/\/www.gaveanews.com\/index.php\/wp-json\/wp\/v2\/posts\/71479\/revisions"}],"wp:featuredmedia":[{"embeddable":true,"href":"https:\/\/www.gaveanews.com\/index.php\/wp-json\/wp\/v2\/media\/46738"}],"wp:attachment":[{"href":"https:\/\/www.gaveanews.com\/index.php\/wp-json\/wp\/v2\/media?parent=71479"}],"wp:term":[{"taxonomy":"category","embeddable":true,"href":"https:\/\/www.gaveanews.com\/index.php\/wp-json\/wp\/v2\/categories?post=71479"},{"taxonomy":"post_tag","embeddable":true,"href":"https:\/\/www.gaveanews.com\/index.php\/wp-json\/wp\/v2\/tags?post=71479"}],"curies":[{"name":"wp","href":"https:\/\/api.w.org\/{rel}","templated":true}]}}