{"id":71518,"date":"2021-11-10T19:33:56","date_gmt":"2021-11-10T22:33:56","guid":{"rendered":"https:\/\/www.gaveanews.com\/?p=71518"},"modified":"2021-11-10T19:47:44","modified_gmt":"2021-11-10T22:47:44","slug":"reforcos-treino-do-flamengo-e-marcado-por-retornos","status":"publish","type":"post","link":"https:\/\/www.gaveanews.com\/index.php\/2021\/11\/10\/reforcos-treino-do-flamengo-e-marcado-por-retornos\/","title":{"rendered":"Refor\u00e7os! Treino do Flamengo \u00e9 marcado por retornos"},"content":{"rendered":"\n<p>O t\u00e9cnico Renato Ga\u00facho comandou o treino do Flamengo nesta quarta-feira que confirmou a volta de Diego Ribas como a principal novidade na equipe que encara o Bahia, no Maracan\u00e3, nesta quinta-feira.<\/p>\n\n\n\n<p>O camisa 10 n\u00e3o entra em campo desde o dia 27 de outubro, no duelo contra o Athletico-PR, pela Copa do Brasil, quando sofreu les\u00e3o na coxa direita.<\/p>\n\n\n\n<p>Al\u00e9m de Diego, Flamengo deve ter retorno de Thiago Maia, que tem chances inclusive de ser titular contra o Bahia. O volante j\u00e1 treina normalmente com o grupo ap\u00f3s les\u00e3o. Quem tamb\u00e9m deve ganhar oportunidade \u00e9 Hugo, no lugar de Gabriel Batista. Diego Alves segue fora por desgaste.<\/p>\n\n\n\n<p>Existe ainda a possibilidade de Renato Ga\u00facho preservar Rodrigo Caio e Bruno Henrique da partida contra o Bahia. E dar oportunidade a Rodinei na lateral e Vitinho no ataque.<\/p>\n\n\n\n<p>O time tamb\u00e9m ter\u00e1 o retorno de David Luiz, que foi poupado contra a Chapecoense, e atuaria ao lado de Gustavo Henrique. Andreas Pereira volta de suspens\u00e3o, mas \u00c9verton Ribeiro ficara fora por ter sido expulso.<\/p>\n\n\n\n<p>Outros desfalques s\u00e3o Arrascaeta, Pedro, e Filipe Lu\u00eds, ainda em tratamento. Isla segue com a sele\u00e7\u00e3o do Chile nas Eliminat\u00f3rias.<\/p>\n\n\n\n<p>Retirado de: O Globo <\/p>\n","protected":false},"excerpt":{"rendered":"<p>O t\u00e9cnico Renato Ga\u00facho comandou o treino do Flamengo nesta quarta-feira que confirmou a volta de Diego Ribas como a principal novidade na equipe que encara o Bahia, no Maracan\u00e3, nesta quinta-feira. O camisa 10 n\u00e3o entra em campo desde o dia 27 de outubro, no duelo contra o Athletico-PR, pela Copa do Brasil, quando [&hellip;]<\/p>\n","protected":false},"author":1,"featured_media":71432,"comment_status":"open","ping_status":"closed","sticky":false,"template":"","format":"standard","meta":{"footnotes":""},"categories":[1],"tags":[],"class_list":["post-71518","post","type-post","status-publish","format-standard","has-post-thumbnail","hentry","category-flamengo"],"yoast_head":"<!-- This site is optimized with the Yoast SEO Premium plugin v24.2 (Yoast SEO v26.9) - https:\/\/yoast.com\/product\/yoast-seo-premium-wordpress\/ -->\n<title>Refor\u00e7os! Treino do Flamengo \u00e9 marcado por retornos<\/title>\n<meta name=\"robots\" content=\"index, follow, max-snippet:-1, max-image-preview:large, max-video-preview:-1\" \/>\n<link rel=\"canonical\" href=\"https:\/\/www.gaveanews.com\/index.php\/2021\/11\/10\/reforcos-treino-do-flamengo-e-marcado-por-retornos\/\" \/>\n<meta property=\"og:locale\" content=\"pt_BR\" \/>\n<meta property=\"og:type\" content=\"article\" \/>\n<meta property=\"og:title\" content=\"Refor\u00e7os! Treino do Flamengo \u00e9 marcado por retornos\" \/>\n<meta property=\"og:description\" content=\"O t\u00e9cnico Renato Ga\u00facho comandou o treino do Flamengo nesta quarta-feira que confirmou a volta de Diego Ribas como a principal novidade na equipe que encara o Bahia, no Maracan\u00e3, nesta quinta-feira. O camisa 10 n\u00e3o entra em campo desde o dia 27 de outubro, no duelo contra o Athletico-PR, pela Copa do Brasil, quando [&hellip;]\" \/>\n<meta property=\"og:url\" content=\"https:\/\/www.gaveanews.com\/index.php\/2021\/11\/10\/reforcos-treino-do-flamengo-e-marcado-por-retornos\/\" \/>\n<meta property=\"og:site_name\" content=\"G\u00e1vea News\" \/>\n<meta property=\"article:publisher\" content=\"https:\/\/facebook.com\/gaveaNews\/\" \/>\n<meta property=\"article:published_time\" content=\"2021-11-10T22:33:56+00:00\" \/>\n<meta property=\"article:modified_time\" content=\"2021-11-10T22:47:44+00:00\" \/>\n<meta property=\"og:image\" content=\"https:\/\/www.gaveanews.com\/wp-content\/uploads\/Renato-Gaucho-coordenando-treinamento-do-Flamengo-no-Ninho-do-Urubu.webp\" \/>\n\t<meta property=\"og:image:width\" content=\"799\" \/>\n\t<meta property=\"og:image:height\" content=\"532\" \/>\n\t<meta property=\"og:image:type\" content=\"image\/jpeg\" \/>\n<meta name=\"author\" content=\"Equipe G\u00e1vea News\" \/>\n<meta name=\"twitter:card\" content=\"summary_large_image\" \/>\n<meta name=\"twitter:label1\" content=\"Escrito por\" \/>\n\t<meta name=\"twitter:data1\" content=\"Equipe G\u00e1vea News\" \/>\n\t<meta name=\"twitter:label2\" content=\"Est. tempo de leitura\" \/>\n\t<meta name=\"twitter:data2\" content=\"1 minuto\" \/>\n<script type=\"application\/ld+json\" class=\"yoast-schema-graph\">{\"@context\":\"https:\/\/schema.org\",\"@graph\":[{\"@type\":\"NewsArticle\",\"@id\":\"https:\/\/www.gaveanews.com\/index.php\/2021\/11\/10\/reforcos-treino-do-flamengo-e-marcado-por-retornos\/#article\",\"isPartOf\":{\"@id\":\"https:\/\/www.gaveanews.com\/index.php\/2021\/11\/10\/reforcos-treino-do-flamengo-e-marcado-por-retornos\/\"},\"author\":{\"name\":\"Equipe G\u00e1vea News\",\"@id\":\"https:\/\/www.gaveanews.com\/#\/schema\/person\/2ec14f73fb96be2caf28f91afb14749d\"},\"headline\":\"Refor\u00e7os! Treino do Flamengo \u00e9 marcado por retornos\",\"datePublished\":\"2021-11-10T22:33:56+00:00\",\"dateModified\":\"2021-11-10T22:47:44+00:00\",\"mainEntityOfPage\":{\"@id\":\"https:\/\/www.gaveanews.com\/index.php\/2021\/11\/10\/reforcos-treino-do-flamengo-e-marcado-por-retornos\/\"},\"wordCount\":217,\"commentCount\":18,\"image\":{\"@id\":\"https:\/\/www.gaveanews.com\/index.php\/2021\/11\/10\/reforcos-treino-do-flamengo-e-marcado-por-retornos\/#primaryimage\"},\"thumbnailUrl\":\"https:\/\/www.gaveanews.com\/wp-content\/uploads\/Renato-Gaucho-coordenando-treinamento-do-Flamengo-no-Ninho-do-Urubu.webp\",\"articleSection\":[\"Flamengo\"],\"inLanguage\":\"pt-BR\",\"potentialAction\":[{\"@type\":\"CommentAction\",\"name\":\"Comment\",\"target\":[\"https:\/\/www.gaveanews.com\/index.php\/2021\/11\/10\/reforcos-treino-do-flamengo-e-marcado-por-retornos\/#respond\"]}],\"copyrightYear\":\"2021\",\"copyrightHolder\":{\"@id\":\"https:\/\/www.gaveanews.com\/#organization\"}},{\"@type\":\"WebPage\",\"@id\":\"https:\/\/www.gaveanews.com\/index.php\/2021\/11\/10\/reforcos-treino-do-flamengo-e-marcado-por-retornos\/\",\"url\":\"https:\/\/www.gaveanews.com\/index.php\/2021\/11\/10\/reforcos-treino-do-flamengo-e-marcado-por-retornos\/\",\"name\":\"Refor\u00e7os! Treino do Flamengo \u00e9 marcado por retornos\",\"isPartOf\":{\"@id\":\"https:\/\/www.gaveanews.com\/#website\"},\"primaryImageOfPage\":{\"@id\":\"https:\/\/www.gaveanews.com\/index.php\/2021\/11\/10\/reforcos-treino-do-flamengo-e-marcado-por-retornos\/#primaryimage\"},\"image\":{\"@id\":\"https:\/\/www.gaveanews.com\/index.php\/2021\/11\/10\/reforcos-treino-do-flamengo-e-marcado-por-retornos\/#primaryimage\"},\"thumbnailUrl\":\"https:\/\/www.gaveanews.com\/wp-content\/uploads\/Renato-Gaucho-coordenando-treinamento-do-Flamengo-no-Ninho-do-Urubu.webp\",\"datePublished\":\"2021-11-10T22:33:56+00:00\",\"dateModified\":\"2021-11-10T22:47:44+00:00\",\"author\":{\"@id\":\"https:\/\/www.gaveanews.com\/#\/schema\/person\/2ec14f73fb96be2caf28f91afb14749d\"},\"breadcrumb\":{\"@id\":\"https:\/\/www.gaveanews.com\/index.php\/2021\/11\/10\/reforcos-treino-do-flamengo-e-marcado-por-retornos\/#breadcrumb\"},\"inLanguage\":\"pt-BR\",\"potentialAction\":[{\"@type\":\"ReadAction\",\"target\":[\"https:\/\/www.gaveanews.com\/index.php\/2021\/11\/10\/reforcos-treino-do-flamengo-e-marcado-por-retornos\/\"]}]},{\"@type\":\"ImageObject\",\"inLanguage\":\"pt-BR\",\"@id\":\"https:\/\/www.gaveanews.com\/index.php\/2021\/11\/10\/reforcos-treino-do-flamengo-e-marcado-por-retornos\/#primaryimage\",\"url\":\"https:\/\/www.gaveanews.com\/wp-content\/uploads\/Renato-Gaucho-coordenando-treinamento-do-Flamengo-no-Ninho-do-Urubu.webp\",\"contentUrl\":\"https:\/\/www.gaveanews.com\/wp-content\/uploads\/Renato-Gaucho-coordenando-treinamento-do-Flamengo-no-Ninho-do-Urubu.webp\",\"width\":799,\"height\":532,\"caption\":\"Renato Ga\u00facho coordenando treinamento do Flamengo no Ninho do Urubu (Foto: Alexandre Vidal\/Flamengo)\"},{\"@type\":\"BreadcrumbList\",\"@id\":\"https:\/\/www.gaveanews.com\/index.php\/2021\/11\/10\/reforcos-treino-do-flamengo-e-marcado-por-retornos\/#breadcrumb\",\"itemListElement\":[{\"@type\":\"ListItem\",\"position\":1,\"name\":\"Home\",\"item\":\"https:\/\/www.gaveanews.com\/\"},{\"@type\":\"ListItem\",\"position\":2,\"name\":\"Refor\u00e7os! Treino do Flamengo \u00e9 marcado por retornos\"}]},{\"@type\":\"WebSite\",\"@id\":\"https:\/\/www.gaveanews.com\/#website\",\"url\":\"https:\/\/www.gaveanews.com\/\",\"name\":\"G\u00e1vea News\",\"description\":\"Veja todas as not\u00edcias sobre o Flamengo: Contrata\u00e7\u00f5es, categorias de base, resultados das partidas, tabela de classifica\u00e7\u00e3o, pr\u00f3ximos jogos!\",\"potentialAction\":[{\"@type\":\"SearchAction\",\"target\":{\"@type\":\"EntryPoint\",\"urlTemplate\":\"https:\/\/www.gaveanews.com\/?s={search_term_string}\"},\"query-input\":{\"@type\":\"PropertyValueSpecification\",\"valueRequired\":true,\"valueName\":\"search_term_string\"}}],\"inLanguage\":\"pt-BR\"},{\"@type\":\"Person\",\"@id\":\"https:\/\/www.gaveanews.com\/#\/schema\/person\/2ec14f73fb96be2caf28f91afb14749d\",\"name\":\"Equipe G\u00e1vea News\",\"image\":{\"@type\":\"ImageObject\",\"inLanguage\":\"pt-BR\",\"@id\":\"https:\/\/www.gaveanews.com\/#\/schema\/person\/image\/\",\"url\":\"https:\/\/secure.gravatar.com\/avatar\/1e1956f1facbffd3f8fa53a326721950116b3b9dc9bd44939c01180fd4a745a9?s=96&d=mm&r=g\",\"contentUrl\":\"https:\/\/secure.gravatar.com\/avatar\/1e1956f1facbffd3f8fa53a326721950116b3b9dc9bd44939c01180fd4a745a9?s=96&d=mm&r=g\",\"caption\":\"Equipe G\u00e1vea News\"}}]}<\/script>\n<!-- \/ Yoast SEO Premium plugin. -->","yoast_head_json":{"title":"Refor\u00e7os! Treino do Flamengo \u00e9 marcado por retornos","robots":{"index":"index","follow":"follow","max-snippet":"max-snippet:-1","max-image-preview":"max-image-preview:large","max-video-preview":"max-video-preview:-1"},"canonical":"https:\/\/www.gaveanews.com\/index.php\/2021\/11\/10\/reforcos-treino-do-flamengo-e-marcado-por-retornos\/","og_locale":"pt_BR","og_type":"article","og_title":"Refor\u00e7os! Treino do Flamengo \u00e9 marcado por retornos","og_description":"O t\u00e9cnico Renato Ga\u00facho comandou o treino do Flamengo nesta quarta-feira que confirmou a volta de Diego Ribas como a principal novidade na equipe que encara o Bahia, no Maracan\u00e3, nesta quinta-feira. O camisa 10 n\u00e3o entra em campo desde o dia 27 de outubro, no duelo contra o Athletico-PR, pela Copa do Brasil, quando [&hellip;]","og_url":"https:\/\/www.gaveanews.com\/index.php\/2021\/11\/10\/reforcos-treino-do-flamengo-e-marcado-por-retornos\/","og_site_name":"G\u00e1vea News","article_publisher":"https:\/\/facebook.com\/gaveaNews\/","article_published_time":"2021-11-10T22:33:56+00:00","article_modified_time":"2021-11-10T22:47:44+00:00","og_image":[{"width":799,"height":532,"url":"https:\/\/www.gaveanews.com\/wp-content\/uploads\/Renato-Gaucho-coordenando-treinamento-do-Flamengo-no-Ninho-do-Urubu.webp","type":"image\/jpeg"}],"author":"Equipe G\u00e1vea News","twitter_card":"summary_large_image","twitter_misc":{"Escrito por":"Equipe G\u00e1vea News","Est. tempo de leitura":"1 minuto"},"schema":{"@context":"https:\/\/schema.org","@graph":[{"@type":"NewsArticle","@id":"https:\/\/www.gaveanews.com\/index.php\/2021\/11\/10\/reforcos-treino-do-flamengo-e-marcado-por-retornos\/#article","isPartOf":{"@id":"https:\/\/www.gaveanews.com\/index.php\/2021\/11\/10\/reforcos-treino-do-flamengo-e-marcado-por-retornos\/"},"author":{"name":"Equipe G\u00e1vea News","@id":"https:\/\/www.gaveanews.com\/#\/schema\/person\/2ec14f73fb96be2caf28f91afb14749d"},"headline":"Refor\u00e7os! Treino do Flamengo \u00e9 marcado por retornos","datePublished":"2021-11-10T22:33:56+00:00","dateModified":"2021-11-10T22:47:44+00:00","mainEntityOfPage":{"@id":"https:\/\/www.gaveanews.com\/index.php\/2021\/11\/10\/reforcos-treino-do-flamengo-e-marcado-por-retornos\/"},"wordCount":217,"commentCount":18,"image":{"@id":"https:\/\/www.gaveanews.com\/index.php\/2021\/11\/10\/reforcos-treino-do-flamengo-e-marcado-por-retornos\/#primaryimage"},"thumbnailUrl":"https:\/\/www.gaveanews.com\/wp-content\/uploads\/Renato-Gaucho-coordenando-treinamento-do-Flamengo-no-Ninho-do-Urubu.webp","articleSection":["Flamengo"],"inLanguage":"pt-BR","potentialAction":[{"@type":"CommentAction","name":"Comment","target":["https:\/\/www.gaveanews.com\/index.php\/2021\/11\/10\/reforcos-treino-do-flamengo-e-marcado-por-retornos\/#respond"]}],"copyrightYear":"2021","copyrightHolder":{"@id":"https:\/\/www.gaveanews.com\/#organization"}},{"@type":"WebPage","@id":"https:\/\/www.gaveanews.com\/index.php\/2021\/11\/10\/reforcos-treino-do-flamengo-e-marcado-por-retornos\/","url":"https:\/\/www.gaveanews.com\/index.php\/2021\/11\/10\/reforcos-treino-do-flamengo-e-marcado-por-retornos\/","name":"Refor\u00e7os! Treino do Flamengo \u00e9 marcado por retornos","isPartOf":{"@id":"https:\/\/www.gaveanews.com\/#website"},"primaryImageOfPage":{"@id":"https:\/\/www.gaveanews.com\/index.php\/2021\/11\/10\/reforcos-treino-do-flamengo-e-marcado-por-retornos\/#primaryimage"},"image":{"@id":"https:\/\/www.gaveanews.com\/index.php\/2021\/11\/10\/reforcos-treino-do-flamengo-e-marcado-por-retornos\/#primaryimage"},"thumbnailUrl":"https:\/\/www.gaveanews.com\/wp-content\/uploads\/Renato-Gaucho-coordenando-treinamento-do-Flamengo-no-Ninho-do-Urubu.webp","datePublished":"2021-11-10T22:33:56+00:00","dateModified":"2021-11-10T22:47:44+00:00","author":{"@id":"https:\/\/www.gaveanews.com\/#\/schema\/person\/2ec14f73fb96be2caf28f91afb14749d"},"breadcrumb":{"@id":"https:\/\/www.gaveanews.com\/index.php\/2021\/11\/10\/reforcos-treino-do-flamengo-e-marcado-por-retornos\/#breadcrumb"},"inLanguage":"pt-BR","potentialAction":[{"@type":"ReadAction","target":["https:\/\/www.gaveanews.com\/index.php\/2021\/11\/10\/reforcos-treino-do-flamengo-e-marcado-por-retornos\/"]}]},{"@type":"ImageObject","inLanguage":"pt-BR","@id":"https:\/\/www.gaveanews.com\/index.php\/2021\/11\/10\/reforcos-treino-do-flamengo-e-marcado-por-retornos\/#primaryimage","url":"https:\/\/www.gaveanews.com\/wp-content\/uploads\/Renato-Gaucho-coordenando-treinamento-do-Flamengo-no-Ninho-do-Urubu.webp","contentUrl":"https:\/\/www.gaveanews.com\/wp-content\/uploads\/Renato-Gaucho-coordenando-treinamento-do-Flamengo-no-Ninho-do-Urubu.webp","width":799,"height":532,"caption":"Renato Ga\u00facho coordenando treinamento do Flamengo no Ninho do Urubu (Foto: Alexandre Vidal\/Flamengo)"},{"@type":"BreadcrumbList","@id":"https:\/\/www.gaveanews.com\/index.php\/2021\/11\/10\/reforcos-treino-do-flamengo-e-marcado-por-retornos\/#breadcrumb","itemListElement":[{"@type":"ListItem","position":1,"name":"Home","item":"https:\/\/www.gaveanews.com\/"},{"@type":"ListItem","position":2,"name":"Refor\u00e7os! Treino do Flamengo \u00e9 marcado por retornos"}]},{"@type":"WebSite","@id":"https:\/\/www.gaveanews.com\/#website","url":"https:\/\/www.gaveanews.com\/","name":"G\u00e1vea News","description":"Veja todas as not\u00edcias sobre o Flamengo: Contrata\u00e7\u00f5es, categorias de base, resultados das partidas, tabela de classifica\u00e7\u00e3o, pr\u00f3ximos jogos!","potentialAction":[{"@type":"SearchAction","target":{"@type":"EntryPoint","urlTemplate":"https:\/\/www.gaveanews.com\/?s={search_term_string}"},"query-input":{"@type":"PropertyValueSpecification","valueRequired":true,"valueName":"search_term_string"}}],"inLanguage":"pt-BR"},{"@type":"Person","@id":"https:\/\/www.gaveanews.com\/#\/schema\/person\/2ec14f73fb96be2caf28f91afb14749d","name":"Equipe G\u00e1vea News","image":{"@type":"ImageObject","inLanguage":"pt-BR","@id":"https:\/\/www.gaveanews.com\/#\/schema\/person\/image\/","url":"https:\/\/secure.gravatar.com\/avatar\/1e1956f1facbffd3f8fa53a326721950116b3b9dc9bd44939c01180fd4a745a9?s=96&d=mm&r=g","contentUrl":"https:\/\/secure.gravatar.com\/avatar\/1e1956f1facbffd3f8fa53a326721950116b3b9dc9bd44939c01180fd4a745a9?s=96&d=mm&r=g","caption":"Equipe G\u00e1vea News"}}]}},"_links":{"self":[{"href":"https:\/\/www.gaveanews.com\/index.php\/wp-json\/wp\/v2\/posts\/71518","targetHints":{"allow":["GET"]}}],"collection":[{"href":"https:\/\/www.gaveanews.com\/index.php\/wp-json\/wp\/v2\/posts"}],"about":[{"href":"https:\/\/www.gaveanews.com\/index.php\/wp-json\/wp\/v2\/types\/post"}],"author":[{"embeddable":true,"href":"https:\/\/www.gaveanews.com\/index.php\/wp-json\/wp\/v2\/users\/1"}],"replies":[{"embeddable":true,"href":"https:\/\/www.gaveanews.com\/index.php\/wp-json\/wp\/v2\/comments?post=71518"}],"version-history":[{"count":0,"href":"https:\/\/www.gaveanews.com\/index.php\/wp-json\/wp\/v2\/posts\/71518\/revisions"}],"wp:featuredmedia":[{"embeddable":true,"href":"https:\/\/www.gaveanews.com\/index.php\/wp-json\/wp\/v2\/media\/71432"}],"wp:attachment":[{"href":"https:\/\/www.gaveanews.com\/index.php\/wp-json\/wp\/v2\/media?parent=71518"}],"wp:term":[{"taxonomy":"category","embeddable":true,"href":"https:\/\/www.gaveanews.com\/index.php\/wp-json\/wp\/v2\/categories?post=71518"},{"taxonomy":"post_tag","embeddable":true,"href":"https:\/\/www.gaveanews.com\/index.php\/wp-json\/wp\/v2\/tags?post=71518"}],"curies":[{"name":"wp","href":"https:\/\/api.w.org\/{rel}","templated":true}]}}