{"id":71561,"date":"2021-11-11T13:15:57","date_gmt":"2021-11-11T16:15:57","guid":{"rendered":"https:\/\/www.gaveanews.com\/?p=71561"},"modified":"2021-11-11T13:15:59","modified_gmt":"2021-11-11T16:15:59","slug":"flamengo-devera-ter-8-mudancas-em-relacao-ao-time-que-goleou-o-bahia-no-primeiro-turno","status":"publish","type":"post","link":"https:\/\/www.gaveanews.com\/index.php\/2021\/11\/11\/flamengo-devera-ter-8-mudancas-em-relacao-ao-time-que-goleou-o-bahia-no-primeiro-turno\/","title":{"rendered":"Flamengo dever\u00e1 ter 8 mudan\u00e7as em rela\u00e7\u00e3o ao time que goleou o Bahia no primeiro turno"},"content":{"rendered":"\n<p>Completando praticamente um turno do Campeonato Brasileiro no comando do Flamengo, Renato Ga\u00facho prepara os atletas que possui \u00e0 disposi\u00e7\u00e3o para enfrentar o Bahia nesta quinta-feira (11). A partida em quest\u00e3o, v\u00e1lida pela 31\u00aa rodada do torneio, poder\u00e1 ter um rumo diferente do que aconteceu no primeiro encontro entre as equipes nesta temporada.<\/p>\n\n\n\n<p>Naquela ocasi\u00e3o, o Mais Querido havia acabado de contratar o t\u00e9cnico que hoje treina o grupo. E a estreia de Portaluppi foi de gala, com uma bela goleada sobre o Tricolor fora de casa. O confronto contou com participa\u00e7\u00f5es excelentes da equipe, que vinha sofrendo em uma m\u00e1 fase.<\/p>\n\n\n\n<p>Os gols do confronto foram marcados por Gabigol (3), Vitinho e Pedro (que entrou no segundo tempo), o qual n\u00e3o poder\u00e1 participar deste novo encontro. Al\u00e9m do camisa 21, outros oito atletas que atuaram naquela vit\u00f3ria tamb\u00e9m n\u00e3o estar\u00e3o presentes.<\/p>\n\n\n\n<p>A primeira escala\u00e7\u00e3o de Renato Ga\u00facho foi configurada da seguinte forma: <strong>Diego Alves; Isla, Gustavo Henrique, L\u00e9o Pereira e Filipe Lu\u00eds; Ar\u00e3o, Diego, Arrascaeta, Everton Ribeiro, Michael e Gabigol<\/strong>. Destes jogadores, apenas o camisa 10, Micha e Gabi poder\u00e3o ser escalados pelo clube.<\/p>\n\n\n\n<p>A come\u00e7ar pelo setor defensivo, toda a \u00e1rea ser\u00e1 diferente. Diego Alves e Filipe Lu\u00eds est\u00e3o lesionados, o lateral-direito est\u00e1 \u00e0 servi\u00e7o de sua sele\u00e7\u00e3o e a dupla de zaga hoje \u00e9 reserva de Rodrigo Caio e David Luiz.<\/p>\n\n\n\n<p>No meio, Ar\u00e3o dever\u00e1 ganhar um descanso, Arrascaeta se recupera de les\u00e3o e Everton Ribeiro est\u00e1 suspenso. Mais \u00e0 frente, a mudan\u00e7a acontecer\u00e1 no recuo do camisa 19 para a entrada de Bruno Henrique ao lado de Gabigol.<\/p>\n\n\n\n<p>Cabe destacar que Renato j\u00e1 volta seu foco para a Libertadores e poder\u00e1 utilizar este pr\u00f3ximo confronto para a realiza\u00e7\u00e3o de testes em seu elenco. Assim, ele dever\u00e1 optar em utilizar Diego Ribas, Thiago Maia e Andreas ao mesmo tempo, utilizando o camisa 18 um pouco mais \u00e0 frente como meia, na falta de Everton.<\/p>\n\n\n\n<p>Sem mais grandes surpresas em rela\u00e7\u00e3o \u00e0 escala\u00e7\u00e3o desta noite, Renato Ga\u00facho dever\u00e1 suprir as faltas no elenco titular escalando este time:<strong> Hugo Souza; Matheuzinho, Rodrigo Caio, David Luiz e Ramon; Diego, Thiago Maia, Andreas e Michael; Bruno Henrique e Gabigol.<\/strong><\/p>\n\n\n\n<p>A equipe da G\u00e1vea entrar\u00e1 em campo \u00e0s 19h (hor\u00e1rio de Bras\u00edlia), para receber seu advers\u00e1rio no Maracan\u00e3. O evento ser\u00e1 transmitido com exclusividade pelo canal Premiere.<\/p>\n","protected":false},"excerpt":{"rendered":"<p>Completando praticamente um turno do Campeonato Brasileiro no comando do Flamengo, Renato Ga\u00facho prepara os atletas que possui \u00e0 disposi\u00e7\u00e3o para enfrentar o Bahia nesta quinta-feira (11). A partida em quest\u00e3o, v\u00e1lida pela 31\u00aa rodada do torneio, poder\u00e1 ter um rumo diferente do que aconteceu no primeiro encontro entre as equipes nesta temporada. Naquela ocasi\u00e3o, [&hellip;]<\/p>\n","protected":false},"author":4,"featured_media":46751,"comment_status":"open","ping_status":"closed","sticky":false,"template":"","format":"standard","meta":{"footnotes":""},"categories":[1],"tags":[],"class_list":["post-71561","post","type-post","status-publish","format-standard","has-post-thumbnail","hentry","category-flamengo"],"yoast_head":"<!-- This site is optimized with the Yoast SEO Premium plugin v24.2 (Yoast SEO v26.9) - https:\/\/yoast.com\/product\/yoast-seo-premium-wordpress\/ -->\n<title>Flamengo dever\u00e1 ter 8 mudan\u00e7as em rela\u00e7\u00e3o ao time que goleou o Bahia<\/title>\n<meta name=\"robots\" content=\"index, follow, max-snippet:-1, max-image-preview:large, max-video-preview:-1\" \/>\n<link rel=\"canonical\" href=\"https:\/\/www.gaveanews.com\/index.php\/2021\/11\/11\/flamengo-devera-ter-8-mudancas-em-relacao-ao-time-que-goleou-o-bahia-no-primeiro-turno\/\" \/>\n<meta property=\"og:locale\" content=\"pt_BR\" \/>\n<meta property=\"og:type\" content=\"article\" \/>\n<meta property=\"og:title\" content=\"Flamengo dever\u00e1 ter 8 mudan\u00e7as em rela\u00e7\u00e3o ao time que goleou o Bahia no primeiro turno\" \/>\n<meta property=\"og:description\" content=\"Completando praticamente um turno do Campeonato Brasileiro no comando do Flamengo, Renato Ga\u00facho prepara os atletas que possui \u00e0 disposi\u00e7\u00e3o para enfrentar o Bahia nesta quinta-feira (11). A partida em quest\u00e3o, v\u00e1lida pela 31\u00aa rodada do torneio, poder\u00e1 ter um rumo diferente do que aconteceu no primeiro encontro entre as equipes nesta temporada. Naquela ocasi\u00e3o, [&hellip;]\" \/>\n<meta property=\"og:url\" content=\"https:\/\/www.gaveanews.com\/index.php\/2021\/11\/11\/flamengo-devera-ter-8-mudancas-em-relacao-ao-time-que-goleou-o-bahia-no-primeiro-turno\/\" \/>\n<meta property=\"og:site_name\" content=\"G\u00e1vea News\" \/>\n<meta property=\"article:publisher\" content=\"https:\/\/facebook.com\/gaveaNews\/\" \/>\n<meta property=\"article:published_time\" content=\"2021-11-11T16:15:57+00:00\" \/>\n<meta property=\"article:modified_time\" content=\"2021-11-11T16:15:59+00:00\" \/>\n<meta property=\"og:image\" content=\"https:\/\/www.gaveanews.com\/wp-content\/uploads\/Everton-Ribeiro-comemora-apos-marcar-um-golaco-contra-o-Bahia.webp\" \/>\n\t<meta property=\"og:image:width\" content=\"800\" \/>\n\t<meta property=\"og:image:height\" content=\"533\" \/>\n\t<meta property=\"og:image:type\" content=\"image\/jpeg\" \/>\n<meta name=\"author\" content=\"Let\u00edcia Gerheim\" \/>\n<meta name=\"twitter:card\" content=\"summary_large_image\" \/>\n<meta name=\"twitter:label1\" content=\"Escrito por\" \/>\n\t<meta name=\"twitter:data1\" content=\"Let\u00edcia Gerheim\" \/>\n\t<meta name=\"twitter:label2\" content=\"Est. tempo de leitura\" \/>\n\t<meta name=\"twitter:data2\" content=\"2 minutos\" \/>\n<script type=\"application\/ld+json\" class=\"yoast-schema-graph\">{\"@context\":\"https:\/\/schema.org\",\"@graph\":[{\"@type\":\"NewsArticle\",\"@id\":\"https:\/\/www.gaveanews.com\/index.php\/2021\/11\/11\/flamengo-devera-ter-8-mudancas-em-relacao-ao-time-que-goleou-o-bahia-no-primeiro-turno\/#article\",\"isPartOf\":{\"@id\":\"https:\/\/www.gaveanews.com\/index.php\/2021\/11\/11\/flamengo-devera-ter-8-mudancas-em-relacao-ao-time-que-goleou-o-bahia-no-primeiro-turno\/\"},\"author\":{\"name\":\"Let\u00edcia Gerheim\",\"@id\":\"https:\/\/www.gaveanews.com\/#\/schema\/person\/714c67050b836198af2450ba1c142a67\"},\"headline\":\"Flamengo dever\u00e1 ter 8 mudan\u00e7as em rela\u00e7\u00e3o ao time que goleou o Bahia no primeiro turno\",\"datePublished\":\"2021-11-11T16:15:57+00:00\",\"dateModified\":\"2021-11-11T16:15:59+00:00\",\"mainEntityOfPage\":{\"@id\":\"https:\/\/www.gaveanews.com\/index.php\/2021\/11\/11\/flamengo-devera-ter-8-mudancas-em-relacao-ao-time-que-goleou-o-bahia-no-primeiro-turno\/\"},\"wordCount\":425,\"commentCount\":2,\"image\":{\"@id\":\"https:\/\/www.gaveanews.com\/index.php\/2021\/11\/11\/flamengo-devera-ter-8-mudancas-em-relacao-ao-time-que-goleou-o-bahia-no-primeiro-turno\/#primaryimage\"},\"thumbnailUrl\":\"https:\/\/www.gaveanews.com\/wp-content\/uploads\/Everton-Ribeiro-comemora-apos-marcar-um-golaco-contra-o-Bahia.webp\",\"articleSection\":[\"Flamengo\"],\"inLanguage\":\"pt-BR\",\"potentialAction\":[{\"@type\":\"CommentAction\",\"name\":\"Comment\",\"target\":[\"https:\/\/www.gaveanews.com\/index.php\/2021\/11\/11\/flamengo-devera-ter-8-mudancas-em-relacao-ao-time-que-goleou-o-bahia-no-primeiro-turno\/#respond\"]}],\"copyrightYear\":\"2021\",\"copyrightHolder\":{\"@id\":\"https:\/\/www.gaveanews.com\/#organization\"}},{\"@type\":\"WebPage\",\"@id\":\"https:\/\/www.gaveanews.com\/index.php\/2021\/11\/11\/flamengo-devera-ter-8-mudancas-em-relacao-ao-time-que-goleou-o-bahia-no-primeiro-turno\/\",\"url\":\"https:\/\/www.gaveanews.com\/index.php\/2021\/11\/11\/flamengo-devera-ter-8-mudancas-em-relacao-ao-time-que-goleou-o-bahia-no-primeiro-turno\/\",\"name\":\"Flamengo dever\u00e1 ter 8 mudan\u00e7as em rela\u00e7\u00e3o ao time que goleou o Bahia\",\"isPartOf\":{\"@id\":\"https:\/\/www.gaveanews.com\/#website\"},\"primaryImageOfPage\":{\"@id\":\"https:\/\/www.gaveanews.com\/index.php\/2021\/11\/11\/flamengo-devera-ter-8-mudancas-em-relacao-ao-time-que-goleou-o-bahia-no-primeiro-turno\/#primaryimage\"},\"image\":{\"@id\":\"https:\/\/www.gaveanews.com\/index.php\/2021\/11\/11\/flamengo-devera-ter-8-mudancas-em-relacao-ao-time-que-goleou-o-bahia-no-primeiro-turno\/#primaryimage\"},\"thumbnailUrl\":\"https:\/\/www.gaveanews.com\/wp-content\/uploads\/Everton-Ribeiro-comemora-apos-marcar-um-golaco-contra-o-Bahia.webp\",\"datePublished\":\"2021-11-11T16:15:57+00:00\",\"dateModified\":\"2021-11-11T16:15:59+00:00\",\"author\":{\"@id\":\"https:\/\/www.gaveanews.com\/#\/schema\/person\/714c67050b836198af2450ba1c142a67\"},\"breadcrumb\":{\"@id\":\"https:\/\/www.gaveanews.com\/index.php\/2021\/11\/11\/flamengo-devera-ter-8-mudancas-em-relacao-ao-time-que-goleou-o-bahia-no-primeiro-turno\/#breadcrumb\"},\"inLanguage\":\"pt-BR\",\"potentialAction\":[{\"@type\":\"ReadAction\",\"target\":[\"https:\/\/www.gaveanews.com\/index.php\/2021\/11\/11\/flamengo-devera-ter-8-mudancas-em-relacao-ao-time-que-goleou-o-bahia-no-primeiro-turno\/\"]}]},{\"@type\":\"ImageObject\",\"inLanguage\":\"pt-BR\",\"@id\":\"https:\/\/www.gaveanews.com\/index.php\/2021\/11\/11\/flamengo-devera-ter-8-mudancas-em-relacao-ao-time-que-goleou-o-bahia-no-primeiro-turno\/#primaryimage\",\"url\":\"https:\/\/www.gaveanews.com\/wp-content\/uploads\/Everton-Ribeiro-comemora-apos-marcar-um-golaco-contra-o-Bahia.webp\",\"contentUrl\":\"https:\/\/www.gaveanews.com\/wp-content\/uploads\/Everton-Ribeiro-comemora-apos-marcar-um-golaco-contra-o-Bahia.webp\",\"width\":800,\"height\":533,\"caption\":\"Everton Ribeiro comemora ap\u00f3s marcar um gola\u00e7o contra o Bahia (Foto: Alexandre Vidal\/Flamengo)\"},{\"@type\":\"BreadcrumbList\",\"@id\":\"https:\/\/www.gaveanews.com\/index.php\/2021\/11\/11\/flamengo-devera-ter-8-mudancas-em-relacao-ao-time-que-goleou-o-bahia-no-primeiro-turno\/#breadcrumb\",\"itemListElement\":[{\"@type\":\"ListItem\",\"position\":1,\"name\":\"Home\",\"item\":\"https:\/\/www.gaveanews.com\/\"},{\"@type\":\"ListItem\",\"position\":2,\"name\":\"Flamengo dever\u00e1 ter 8 mudan\u00e7as em rela\u00e7\u00e3o ao time que goleou o Bahia no primeiro turno\"}]},{\"@type\":\"WebSite\",\"@id\":\"https:\/\/www.gaveanews.com\/#website\",\"url\":\"https:\/\/www.gaveanews.com\/\",\"name\":\"G\u00e1vea News\",\"description\":\"Veja todas as not\u00edcias sobre o Flamengo: Contrata\u00e7\u00f5es, categorias de base, resultados das partidas, tabela de classifica\u00e7\u00e3o, pr\u00f3ximos jogos!\",\"potentialAction\":[{\"@type\":\"SearchAction\",\"target\":{\"@type\":\"EntryPoint\",\"urlTemplate\":\"https:\/\/www.gaveanews.com\/?s={search_term_string}\"},\"query-input\":{\"@type\":\"PropertyValueSpecification\",\"valueRequired\":true,\"valueName\":\"search_term_string\"}}],\"inLanguage\":\"pt-BR\"},{\"@type\":\"Person\",\"@id\":\"https:\/\/www.gaveanews.com\/#\/schema\/person\/714c67050b836198af2450ba1c142a67\",\"name\":\"Let\u00edcia Gerheim\",\"image\":{\"@type\":\"ImageObject\",\"inLanguage\":\"pt-BR\",\"@id\":\"https:\/\/www.gaveanews.com\/#\/schema\/person\/image\/\",\"url\":\"https:\/\/secure.gravatar.com\/avatar\/60734739c50fcebfbac509e2a826ccd0ff405c019bc73aab9354f19ecad1dcb4?s=96&d=mm&r=g\",\"contentUrl\":\"https:\/\/secure.gravatar.com\/avatar\/60734739c50fcebfbac509e2a826ccd0ff405c019bc73aab9354f19ecad1dcb4?s=96&d=mm&r=g\",\"caption\":\"Let\u00edcia Gerheim\"}}]}<\/script>\n<!-- \/ Yoast SEO Premium plugin. -->","yoast_head_json":{"title":"Flamengo dever\u00e1 ter 8 mudan\u00e7as em rela\u00e7\u00e3o ao time que goleou o Bahia","robots":{"index":"index","follow":"follow","max-snippet":"max-snippet:-1","max-image-preview":"max-image-preview:large","max-video-preview":"max-video-preview:-1"},"canonical":"https:\/\/www.gaveanews.com\/index.php\/2021\/11\/11\/flamengo-devera-ter-8-mudancas-em-relacao-ao-time-que-goleou-o-bahia-no-primeiro-turno\/","og_locale":"pt_BR","og_type":"article","og_title":"Flamengo dever\u00e1 ter 8 mudan\u00e7as em rela\u00e7\u00e3o ao time que goleou o Bahia no primeiro turno","og_description":"Completando praticamente um turno do Campeonato Brasileiro no comando do Flamengo, Renato Ga\u00facho prepara os atletas que possui \u00e0 disposi\u00e7\u00e3o para enfrentar o Bahia nesta quinta-feira (11). A partida em quest\u00e3o, v\u00e1lida pela 31\u00aa rodada do torneio, poder\u00e1 ter um rumo diferente do que aconteceu no primeiro encontro entre as equipes nesta temporada. Naquela ocasi\u00e3o, [&hellip;]","og_url":"https:\/\/www.gaveanews.com\/index.php\/2021\/11\/11\/flamengo-devera-ter-8-mudancas-em-relacao-ao-time-que-goleou-o-bahia-no-primeiro-turno\/","og_site_name":"G\u00e1vea News","article_publisher":"https:\/\/facebook.com\/gaveaNews\/","article_published_time":"2021-11-11T16:15:57+00:00","article_modified_time":"2021-11-11T16:15:59+00:00","og_image":[{"width":800,"height":533,"url":"https:\/\/www.gaveanews.com\/wp-content\/uploads\/Everton-Ribeiro-comemora-apos-marcar-um-golaco-contra-o-Bahia.webp","type":"image\/jpeg"}],"author":"Let\u00edcia Gerheim","twitter_card":"summary_large_image","twitter_misc":{"Escrito por":"Let\u00edcia Gerheim","Est. tempo de leitura":"2 minutos"},"schema":{"@context":"https:\/\/schema.org","@graph":[{"@type":"NewsArticle","@id":"https:\/\/www.gaveanews.com\/index.php\/2021\/11\/11\/flamengo-devera-ter-8-mudancas-em-relacao-ao-time-que-goleou-o-bahia-no-primeiro-turno\/#article","isPartOf":{"@id":"https:\/\/www.gaveanews.com\/index.php\/2021\/11\/11\/flamengo-devera-ter-8-mudancas-em-relacao-ao-time-que-goleou-o-bahia-no-primeiro-turno\/"},"author":{"name":"Let\u00edcia Gerheim","@id":"https:\/\/www.gaveanews.com\/#\/schema\/person\/714c67050b836198af2450ba1c142a67"},"headline":"Flamengo dever\u00e1 ter 8 mudan\u00e7as em rela\u00e7\u00e3o ao time que goleou o Bahia no primeiro turno","datePublished":"2021-11-11T16:15:57+00:00","dateModified":"2021-11-11T16:15:59+00:00","mainEntityOfPage":{"@id":"https:\/\/www.gaveanews.com\/index.php\/2021\/11\/11\/flamengo-devera-ter-8-mudancas-em-relacao-ao-time-que-goleou-o-bahia-no-primeiro-turno\/"},"wordCount":425,"commentCount":2,"image":{"@id":"https:\/\/www.gaveanews.com\/index.php\/2021\/11\/11\/flamengo-devera-ter-8-mudancas-em-relacao-ao-time-que-goleou-o-bahia-no-primeiro-turno\/#primaryimage"},"thumbnailUrl":"https:\/\/www.gaveanews.com\/wp-content\/uploads\/Everton-Ribeiro-comemora-apos-marcar-um-golaco-contra-o-Bahia.webp","articleSection":["Flamengo"],"inLanguage":"pt-BR","potentialAction":[{"@type":"CommentAction","name":"Comment","target":["https:\/\/www.gaveanews.com\/index.php\/2021\/11\/11\/flamengo-devera-ter-8-mudancas-em-relacao-ao-time-que-goleou-o-bahia-no-primeiro-turno\/#respond"]}],"copyrightYear":"2021","copyrightHolder":{"@id":"https:\/\/www.gaveanews.com\/#organization"}},{"@type":"WebPage","@id":"https:\/\/www.gaveanews.com\/index.php\/2021\/11\/11\/flamengo-devera-ter-8-mudancas-em-relacao-ao-time-que-goleou-o-bahia-no-primeiro-turno\/","url":"https:\/\/www.gaveanews.com\/index.php\/2021\/11\/11\/flamengo-devera-ter-8-mudancas-em-relacao-ao-time-que-goleou-o-bahia-no-primeiro-turno\/","name":"Flamengo dever\u00e1 ter 8 mudan\u00e7as em rela\u00e7\u00e3o ao time que goleou o Bahia","isPartOf":{"@id":"https:\/\/www.gaveanews.com\/#website"},"primaryImageOfPage":{"@id":"https:\/\/www.gaveanews.com\/index.php\/2021\/11\/11\/flamengo-devera-ter-8-mudancas-em-relacao-ao-time-que-goleou-o-bahia-no-primeiro-turno\/#primaryimage"},"image":{"@id":"https:\/\/www.gaveanews.com\/index.php\/2021\/11\/11\/flamengo-devera-ter-8-mudancas-em-relacao-ao-time-que-goleou-o-bahia-no-primeiro-turno\/#primaryimage"},"thumbnailUrl":"https:\/\/www.gaveanews.com\/wp-content\/uploads\/Everton-Ribeiro-comemora-apos-marcar-um-golaco-contra-o-Bahia.webp","datePublished":"2021-11-11T16:15:57+00:00","dateModified":"2021-11-11T16:15:59+00:00","author":{"@id":"https:\/\/www.gaveanews.com\/#\/schema\/person\/714c67050b836198af2450ba1c142a67"},"breadcrumb":{"@id":"https:\/\/www.gaveanews.com\/index.php\/2021\/11\/11\/flamengo-devera-ter-8-mudancas-em-relacao-ao-time-que-goleou-o-bahia-no-primeiro-turno\/#breadcrumb"},"inLanguage":"pt-BR","potentialAction":[{"@type":"ReadAction","target":["https:\/\/www.gaveanews.com\/index.php\/2021\/11\/11\/flamengo-devera-ter-8-mudancas-em-relacao-ao-time-que-goleou-o-bahia-no-primeiro-turno\/"]}]},{"@type":"ImageObject","inLanguage":"pt-BR","@id":"https:\/\/www.gaveanews.com\/index.php\/2021\/11\/11\/flamengo-devera-ter-8-mudancas-em-relacao-ao-time-que-goleou-o-bahia-no-primeiro-turno\/#primaryimage","url":"https:\/\/www.gaveanews.com\/wp-content\/uploads\/Everton-Ribeiro-comemora-apos-marcar-um-golaco-contra-o-Bahia.webp","contentUrl":"https:\/\/www.gaveanews.com\/wp-content\/uploads\/Everton-Ribeiro-comemora-apos-marcar-um-golaco-contra-o-Bahia.webp","width":800,"height":533,"caption":"Everton Ribeiro comemora ap\u00f3s marcar um gola\u00e7o contra o Bahia (Foto: Alexandre Vidal\/Flamengo)"},{"@type":"BreadcrumbList","@id":"https:\/\/www.gaveanews.com\/index.php\/2021\/11\/11\/flamengo-devera-ter-8-mudancas-em-relacao-ao-time-que-goleou-o-bahia-no-primeiro-turno\/#breadcrumb","itemListElement":[{"@type":"ListItem","position":1,"name":"Home","item":"https:\/\/www.gaveanews.com\/"},{"@type":"ListItem","position":2,"name":"Flamengo dever\u00e1 ter 8 mudan\u00e7as em rela\u00e7\u00e3o ao time que goleou o Bahia no primeiro turno"}]},{"@type":"WebSite","@id":"https:\/\/www.gaveanews.com\/#website","url":"https:\/\/www.gaveanews.com\/","name":"G\u00e1vea News","description":"Veja todas as not\u00edcias sobre o Flamengo: Contrata\u00e7\u00f5es, categorias de base, resultados das partidas, tabela de classifica\u00e7\u00e3o, pr\u00f3ximos jogos!","potentialAction":[{"@type":"SearchAction","target":{"@type":"EntryPoint","urlTemplate":"https:\/\/www.gaveanews.com\/?s={search_term_string}"},"query-input":{"@type":"PropertyValueSpecification","valueRequired":true,"valueName":"search_term_string"}}],"inLanguage":"pt-BR"},{"@type":"Person","@id":"https:\/\/www.gaveanews.com\/#\/schema\/person\/714c67050b836198af2450ba1c142a67","name":"Let\u00edcia Gerheim","image":{"@type":"ImageObject","inLanguage":"pt-BR","@id":"https:\/\/www.gaveanews.com\/#\/schema\/person\/image\/","url":"https:\/\/secure.gravatar.com\/avatar\/60734739c50fcebfbac509e2a826ccd0ff405c019bc73aab9354f19ecad1dcb4?s=96&d=mm&r=g","contentUrl":"https:\/\/secure.gravatar.com\/avatar\/60734739c50fcebfbac509e2a826ccd0ff405c019bc73aab9354f19ecad1dcb4?s=96&d=mm&r=g","caption":"Let\u00edcia Gerheim"}}]}},"_links":{"self":[{"href":"https:\/\/www.gaveanews.com\/index.php\/wp-json\/wp\/v2\/posts\/71561","targetHints":{"allow":["GET"]}}],"collection":[{"href":"https:\/\/www.gaveanews.com\/index.php\/wp-json\/wp\/v2\/posts"}],"about":[{"href":"https:\/\/www.gaveanews.com\/index.php\/wp-json\/wp\/v2\/types\/post"}],"author":[{"embeddable":true,"href":"https:\/\/www.gaveanews.com\/index.php\/wp-json\/wp\/v2\/users\/4"}],"replies":[{"embeddable":true,"href":"https:\/\/www.gaveanews.com\/index.php\/wp-json\/wp\/v2\/comments?post=71561"}],"version-history":[{"count":0,"href":"https:\/\/www.gaveanews.com\/index.php\/wp-json\/wp\/v2\/posts\/71561\/revisions"}],"wp:featuredmedia":[{"embeddable":true,"href":"https:\/\/www.gaveanews.com\/index.php\/wp-json\/wp\/v2\/media\/46751"}],"wp:attachment":[{"href":"https:\/\/www.gaveanews.com\/index.php\/wp-json\/wp\/v2\/media?parent=71561"}],"wp:term":[{"taxonomy":"category","embeddable":true,"href":"https:\/\/www.gaveanews.com\/index.php\/wp-json\/wp\/v2\/categories?post=71561"},{"taxonomy":"post_tag","embeddable":true,"href":"https:\/\/www.gaveanews.com\/index.php\/wp-json\/wp\/v2\/tags?post=71561"}],"curies":[{"name":"wp","href":"https:\/\/api.w.org\/{rel}","templated":true}]}}