{"id":71571,"date":"2021-11-13T07:00:00","date_gmt":"2021-11-13T10:00:00","guid":{"rendered":"https:\/\/www.gaveanews.com\/?p=71571"},"modified":"2021-11-13T02:37:18","modified_gmt":"2021-11-13T05:37:18","slug":"saiba-para-quais-times-parte-dos-principais-jornalistas-esportivos-torcem","status":"publish","type":"post","link":"https:\/\/www.gaveanews.com\/index.php\/2021\/11\/13\/saiba-para-quais-times-parte-dos-principais-jornalistas-esportivos-torcem\/","title":{"rendered":"Saiba para quais times parte dos principais jornalistas esportivos torcem"},"content":{"rendered":"\n<p>Para todos os amantes de esportes, a equipe de transmiss\u00e3o pode fazer toda a diferen\u00e7a no espet\u00e1culo que \u00e9 apresentado na televis\u00e3o. E os jornalistas respons\u00e1veis pela disponibiliza\u00e7\u00e3o dos eventos podem fazer toda a diferen\u00e7a quando o assunto \u00e9 falar sobre os atletas envolvidos nos temas colocados em pauta na telinha. <\/p>\n\n\n\n<p>Mas como grande parte da popula\u00e7\u00e3o brasileira, os profissionais, entusiastas dos esportes, tamb\u00e9m possuem seus clubes de cora\u00e7\u00e3o. Confira os times para os quais os jornalistas citados abaixo torcem:<\/p>\n\n\n\n<h2 class=\"wp-block-heading\" id=\"h-galv-o-bueno\">Galv\u00e3o Bueno<\/h2>\n\n\n\n<figure class=\"wp-block-image size-large\"><img loading=\"lazy\" decoding=\"async\" width=\"1024\" height=\"778\" src=\"https:\/\/www.gaveanews.com\/wp-content\/uploads\/Galvao-Bueno-com-o-terno-da-Rede-Globo-e-da-SporTV-1024x778.webp\" alt=\"\" class=\"wp-image-47962\" srcset=\"https:\/\/www.gaveanews.com\/wp-content\/uploads\/Galvao-Bueno-com-o-terno-da-Rede-Globo-e-da-SporTV-1024x778.webp 1024w, https:\/\/www.gaveanews.com\/wp-content\/uploads\/Galvao-Bueno-com-o-terno-da-Rede-Globo-e-da-SporTV-300x228.webp 300w, https:\/\/www.gaveanews.com\/wp-content\/uploads\/Galvao-Bueno-com-o-terno-da-Rede-Globo-e-da-SporTV-768x584.webp 768w, https:\/\/www.gaveanews.com\/wp-content\/uploads\/Galvao-Bueno-com-o-terno-da-Rede-Globo-e-da-SporTV-553x420.webp 553w, https:\/\/www.gaveanews.com\/wp-content\/uploads\/Galvao-Bueno-com-o-terno-da-Rede-Globo-e-da-SporTV-1105x840.webp 1105w, https:\/\/www.gaveanews.com\/wp-content\/uploads\/Galvao-Bueno-com-o-terno-da-Rede-Globo-e-da-SporTV-80x60.webp 80w, https:\/\/www.gaveanews.com\/wp-content\/uploads\/Galvao-Bueno-com-o-terno-da-Rede-Globo-e-da-SporTV-100x76.webp 100w, https:\/\/www.gaveanews.com\/wp-content\/uploads\/Galvao-Bueno-com-o-terno-da-Rede-Globo-e-da-SporTV-640x486.webp 640w, https:\/\/www.gaveanews.com\/wp-content\/uploads\/Galvao-Bueno-com-o-terno-da-Rede-Globo-e-da-SporTV-681x518.webp 681w, https:\/\/www.gaveanews.com\/wp-content\/uploads\/Galvao-Bueno-com-o-terno-da-Rede-Globo-e-da-SporTV.webp 1200w\" sizes=\"auto, (max-width: 1024px) 100vw, 1024px\" \/><figcaption>Galv\u00e3o Bueno com o terno da Rede Globo e da SporTV (Foto: Divulga\u00e7\u00e3o)<\/figcaption><\/figure>\n\n\n\n<p>Depois de deixar as transmiss\u00f5es de partidas entre clubes, focado apenas nas partidas da Sele\u00e7\u00e3o Brasileira e na apresenta\u00e7\u00e3o de seu programa na SporTV, Galv\u00e3o Bueno revelou ser torcedor do Flamengo.<\/p>\n\n\n\n<h2 class=\"wp-block-heading\" id=\"h-marcos-uch-a\">Marcos Uch\u00f4a<\/h2>\n\n\n\n<figure class=\"wp-block-image size-large\"><img decoding=\"async\" src=\"https:\/\/i1.wp.com\/bastidoresdatv.com.br\/wp-content\/uploads\/2021\/11\/Marcos-Uchoa-Globo.webp\" alt=\"\"\/><\/figure>\n\n\n\n<p>Hoje ex-funcion\u00e1rio da Rede Globo, Uch\u00f4a teve sua torcida revelada por Galv\u00e3o Bueno, que contou em rede nacional que o colega de profiss\u00e3o tamb\u00e9m \u00e9 flamenguista.<\/p>\n\n\n\n<h2 class=\"wp-block-heading\" id=\"h-andr-rizek\">Andr\u00e9 Rizek<\/h2>\n\n\n\n<figure class=\"wp-block-image size-large\"><img decoding=\"async\" src=\"https:\/\/www.lance.com.br\/files\/article_main\/uploads\/2021\/06\/07\/60be6689cf7f6.webp\" alt=\"\"\/><\/figure>\n\n\n\n<p>Apresentador do programa Sele\u00e7\u00e3o SporTV, Rizek n\u00e3o nega suas ra\u00edzes paulistas e torce para o Corinthians.<\/p>\n\n\n\n<h2 class=\"wp-block-heading\" id=\"h-antero-grecco\">Antero Grecco<\/h2>\n\n\n\n<figure class=\"wp-block-image size-large\"><img decoding=\"async\" src=\"https:\/\/www.lance.com.br\/galerias\/wp-content\/uploads\/2021\/05\/Antero-Greco.webp\" alt=\"\"\/><\/figure>\n\n\n\n<p>O jornalista da ESPN, atualmente comentarista do programa SportsCenter, um dos principais da emissora, tamb\u00e9m torce para um clube paulista. O seu clube do cora\u00e7\u00e3o enfrentar\u00e1 o Flamengo na final da Libertadores da Am\u00e9rica. Sendo assim, ele \u00e9 torcedor do Palmeiras.<\/p>\n\n\n\n<h2 class=\"wp-block-heading\" id=\"h-arnaldo-ribeiro\">Arnaldo Ribeiro<\/h2>\n\n\n\n<figure class=\"wp-block-image size-large\"><img decoding=\"async\" src=\"https:\/\/observatoriodatv.uol.com.br\/wp-content\/uploads\/2019\/10\/arnaldo-ribeiro-no-sportv.webp\" alt=\"\"\/><\/figure>\n\n\n\n<p>Ex-funcion\u00e1rio da Rede Globo, Arnaldo \u00e9 torcedor do S\u00e3o Paulo. Atualmente, ele trabalha na TV Cultura, no podcast Posse de Bola do portal <em>UOL<\/em> e em seu canal no YouTube, Arnaldo e Tironi. <\/p>\n\n\n\n<h2 class=\"wp-block-heading\" id=\"h-benjamin-back\">Benjamin Back<\/h2>\n\n\n\n<div class=\"wp-block-image\"><figure class=\"aligncenter size-large is-resized\"><img loading=\"lazy\" decoding=\"async\" src=\"https:\/\/static-wp-tor15-prd.torcedores.com\/wp-content\/uploads\/2016\/08\/benja-fox.webp\" alt=\"\" width=\"554\" height=\"554\"\/><\/figure><\/div>\n\n\n\n<p>Benjamin Back, mais conhecido como Benja, \u00e9 assumidamente corintiano. O apresentador trabalha no SBT e no podcast B3 com o jornalista Andr\u00e9 Barcinski e o produtor musical Jo\u00e3o Marcello B\u00f4scoli.<\/p>\n\n\n\n<h2 class=\"wp-block-heading\" id=\"h-cleber-machado\">Cleber Machado<\/h2>\n\n\n\n<figure class=\"wp-block-image size-large\"><img decoding=\"async\" src=\"https:\/\/static-wp-tor15-prd.torcedores.com\/wp-content\/uploads\/2021\/10\/cleber-machado.webp\" alt=\"\"\/><\/figure>\n\n\n\n<p>Principal apresentador e narrador esportivo da TV Globo na atualidade, Cl\u00e9ber Machado tamb\u00e9m torce para um clube paulista, torcendo para o Santos.<\/p>\n\n\n\n<h2 class=\"wp-block-heading\" id=\"h-f-bio-sormani\">F\u00e1bio Sormani<\/h2>\n\n\n\n<div class=\"wp-block-image\"><figure class=\"aligncenter size-full is-resized\"><img loading=\"lazy\" decoding=\"async\" src=\"https:\/\/www.gaveanews.com\/wp-content\/uploads\/Sormani-durante-um-programa-da-emissora-Fox-Sports.webp\" alt=\"\" class=\"wp-image-52970\" width=\"749\" height=\"375\" srcset=\"https:\/\/www.gaveanews.com\/wp-content\/uploads\/Sormani-durante-um-programa-da-emissora-Fox-Sports.webp 650w, https:\/\/www.gaveanews.com\/wp-content\/uploads\/Sormani-durante-um-programa-da-emissora-Fox-Sports-300x150.webp 300w, https:\/\/www.gaveanews.com\/wp-content\/uploads\/Sormani-durante-um-programa-da-emissora-Fox-Sports-640x320.webp 640w, https:\/\/www.gaveanews.com\/wp-content\/uploads\/Sormani-durante-um-programa-da-emissora-Fox-Sports-100x50.webp 100w\" sizes=\"auto, (max-width: 749px) 100vw, 749px\" \/><figcaption>Sormani durante um programa da emissora Fox Sports (Foto: Reprodu\u00e7\u00e3o)<\/figcaption><\/figure><\/div>\n\n\n\n<p>Muito conhecido pelos flamenguistas por seus coment\u00e1rios pol\u00eamicos sobre jogadores do Flamengo, em especial o uruguaio De Arrascaeta, Sormani \u00e9 santista.<\/p>\n\n\n\n<h2 class=\"wp-block-heading\" id=\"h-fl-vio-gomes\">Fl\u00e1vio Gomes<\/h2>\n\n\n\n<div class=\"wp-block-image\"><figure class=\"aligncenter size-large\"><img decoding=\"async\" src=\"https:\/\/static-wp-tor15-prd.torcedores.com\/wp-content\/uploads\/2019\/05\/flavio_gomes_palmeiras.webp\" alt=\"\"\/><\/figure><\/div>\n\n\n\n<p>O jornalista e apresentador, hoje focado no automobilismo, \u00e9 o primeiro da lista a torcer por um clube de menor express\u00e3o, sendo torcedor da Portuguesa.<\/p>\n\n\n\n<h2 class=\"wp-block-heading\" id=\"h-felipe-andreoli\">Felipe Andreoli<\/h2>\n\n\n\n<div class=\"wp-block-image\"><figure class=\"aligncenter size-large\"><img decoding=\"async\" src=\"https:\/\/observatoriodatv.uol.com.br\/wp-content\/uploads\/2020\/07\/Felipe-Andreoli-no-Globo-Esporte.webp\" alt=\"\"\/><\/figure><\/div>\n\n\n\n<p>Assim como Fl\u00e1vio Gomes, Felipe Andreoli, apresentador do Globo Esporte, al\u00e9m de marcar algumas participa\u00e7\u00f5es no programa da Ana Maria Braga, tamb\u00e9m torce para a Portuguesa.<\/p>\n\n\n\n<h2 class=\"wp-block-heading\" id=\"h-julio-kfouri\">Julio Kfouri<\/h2>\n\n\n\n<div class=\"wp-block-image\"><figure class=\"aligncenter size-large is-resized\"><img loading=\"lazy\" decoding=\"async\" src=\"http:\/\/s2.glbimg.com\/2-KrEQpEjtMgrdj4iYiythiyI8M=\/560x750\/e.glbimg.com\/og\/ed\/f\/original\/2017\/09\/28\/jfr_jkfouri_005.webp\" alt=\"\" width=\"561\" height=\"748\"\/><\/figure><\/div>\n\n\n\n<p>Mais conhecido como Juca Kfouri, o jornalista que possui um blog no Portal <em>Uol<\/em> \u00e9 mais um dos profissionais da \u00e1rea que torcem para o Corinthians.<\/p>\n\n\n\n<h2 class=\"wp-block-heading\" id=\"h-l-dio-carmona\">L\u00e9dio Carmona<\/h2>\n\n\n\n<figure class=\"wp-block-image size-large\"><img decoding=\"async\" src=\"https:\/\/istoe.com.br\/wp-content\/uploads\/sites\/14\/2021\/03\/58113291d3ea5-1.webp\" alt=\"\"\/><\/figure>\n\n\n\n<p>Famoso por suas participa\u00e7\u00f5es e coment\u00e1rios em programas da SporTV, L\u00e9dio Carmona vai na contram\u00e3o da maioria e \u00e9 torcedor de um clube carioca, hoje participante da S\u00e9rie B: o Vasco.<\/p>\n\n\n\n<h2 class=\"wp-block-heading\" id=\"h-leonardo-bertozzi\">Leonardo Bertozzi<\/h2>\n\n\n\n<div class=\"wp-block-image\"><figure class=\"aligncenter size-large is-resized\"><img loading=\"lazy\" decoding=\"async\" src=\"https:\/\/conteudo.imguol.com.br\/c\/esporte\/2014\/05\/21\/leonardo-bertozzi-jornalista-e-comentarista-da-espn-1400702135334_1280x1920.webp\" alt=\"\" width=\"429\" height=\"642\"\/><\/figure><\/div>\n\n\n\n<p>O apresentador do Grupo Disney tamb\u00e9m optou por um clube do sudeste, mas escolheu o atual l\u00edder do Brasileir\u00e3o, Atl\u00e9tico-MG para receber sua torcida.<\/p>\n\n\n\n<h2 class=\"wp-block-heading\" id=\"h-lucas-gutierrez\">Lucas Gutierrez<\/h2>\n\n\n\n<div class=\"wp-block-image\"><figure class=\"aligncenter size-large\"><img decoding=\"async\" src=\"https:\/\/www.lance.com.br\/files\/article_main\/uploads\/2020\/08\/06\/5f2c3e339a1a6.webp\" alt=\"\"\/><\/figure><\/div>\n\n\n\n<p>Lucas Gutierrez \u00e9 funcion\u00e1rio da Rede Globo, onde apresenta os programas Esporte Espetacular e Segue o Jogo. O jornalista \u00e9 botafoguense. <\/p>\n\n\n\n<h2 class=\"wp-block-heading\" id=\"h-luiz-carlos-j-nior\">Luiz Carlos J\u00fanior<\/h2>\n\n\n\n<div class=\"wp-block-image\"><figure class=\"aligncenter size-large\"><img decoding=\"async\" src=\"https:\/\/ogimg.infoglobo.com.br\/in\/25270998-621-073\/FT1086A\/760\/LUIZ-CARLOS-JR-1.webp\" alt=\"\"\/><\/figure><\/div>\n\n\n\n<p>Principal narrador das transmiss\u00f5es nos canais SporTV e Premiere, Luiz Carlos Jr. tamb\u00e9m aprecia o futebol carioca e torce para o Fluminense.<\/p>\n\n\n\n<h2 class=\"wp-block-heading\" id=\"h-maur-cio-noriega\">Maur\u00edcio Noriega<\/h2>\n\n\n\n<div class=\"wp-block-image\"><figure class=\"aligncenter size-large is-resized\"><img loading=\"lazy\" decoding=\"async\" src=\"https:\/\/i0.wp.com\/nossopalestra.com.br\/wp-content\/uploads\/2021\/04\/4502527_x360.webp?fit=640%2C360&amp;ssl=1\" alt=\"\" width=\"769\" height=\"433\"\/><\/figure><\/div>\n\n\n\n<p>Outro profissional do quadro de funcion\u00e1rios da Rede Globo, Maur\u00edcio Noriega tem sua torcida assumida para o p\u00fablico, sendo palmeirense.<\/p>\n\n\n\n<h2 class=\"wp-block-heading\" id=\"h-mauro-beting\">Mauro Beting<\/h2>\n\n\n\n<div class=\"wp-block-image\"><figure class=\"aligncenter size-large\"><img decoding=\"async\" src=\"https:\/\/noticiasdatv.uol.com.br\/media\/_versions\/artigos_2021\/mauro-beting-sbt-comentarista-reproducao-grande_fixed_large.webp\" alt=\"\"\/><\/figure><\/div>\n\n\n\n<p>Comentarista na TNT Sports, no SBT e na r\u00e1dio Jovem Pan, Mauro Beting \u00e9 outro que n\u00e3o esconde sua torcida pelo Palmeiras.<\/p>\n\n\n\n<h2 class=\"wp-block-heading\" id=\"h-mauro-cezar-pereira\">Mauro Cezar Pereira<\/h2>\n\n\n\n<div class=\"wp-block-image\"><figure class=\"aligncenter size-full\"><img loading=\"lazy\" decoding=\"async\" width=\"900\" height=\"506\" src=\"https:\/\/www.gaveanews.com\/wp-content\/uploads\/Mauro-Cezar-em-participacao-na-Uol-Esporte.webp\" alt=\"\" class=\"wp-image-56367\" srcset=\"https:\/\/www.gaveanews.com\/wp-content\/uploads\/Mauro-Cezar-em-participacao-na-Uol-Esporte.webp 900w, https:\/\/www.gaveanews.com\/wp-content\/uploads\/Mauro-Cezar-em-participacao-na-Uol-Esporte-300x169.webp 300w, https:\/\/www.gaveanews.com\/wp-content\/uploads\/Mauro-Cezar-em-participacao-na-Uol-Esporte-768x432.webp 768w, https:\/\/www.gaveanews.com\/wp-content\/uploads\/Mauro-Cezar-em-participacao-na-Uol-Esporte-747x420.webp 747w, https:\/\/www.gaveanews.com\/wp-content\/uploads\/Mauro-Cezar-em-participacao-na-Uol-Esporte-640x360.webp 640w, https:\/\/www.gaveanews.com\/wp-content\/uploads\/Mauro-Cezar-em-participacao-na-Uol-Esporte-681x383.webp 681w, https:\/\/www.gaveanews.com\/wp-content\/uploads\/Mauro-Cezar-em-participacao-na-Uol-Esporte-100x56.webp 100w\" sizes=\"auto, (max-width: 900px) 100vw, 900px\" \/><figcaption>Mauro Cezar, comentarista da UOL Esporte (Foto: Reprodu\u00e7\u00e3o\/UOL Esporte)<\/figcaption><\/figure><\/div>\n\n\n\n<p>Colunista do jornal Gazeta do Povo, mantendo tamb\u00e9m um blog no <em>Uol<\/em>, Mauro Cezar torce para o Flamengo.<\/p>\n\n\n\n<h2 class=\"wp-block-heading\" id=\"h-mauro-naves\">Mauro Naves<\/h2>\n\n\n\n<div class=\"wp-block-image\"><figure class=\"aligncenter size-large\"><img decoding=\"async\" src=\"https:\/\/noticiasdatv.uol.com.br\/media\/_versions\/mauro-naves-globo-esporte-escandalo-neymar_fixed_large.webp\" alt=\"\"\/><\/figure><\/div>\n\n\n\n<p>O rep\u00f3rter e comentarista, conhecido por seus v\u00e1rios anos de Rede Globo, \u00e9 mais um corintiano entre os jornalistas citados nesta mat\u00e9ria.<\/p>\n\n\n\n<h2 class=\"wp-block-heading\" id=\"h-milton-leite\">Milton Leite<\/h2>\n\n\n\n<div class=\"wp-block-image\"><figure class=\"aligncenter size-large\"><img decoding=\"async\" src=\"https:\/\/www.tupi.fm\/wp-content\/uploads\/2019\/07\/milton-leite-grande-circulo_17eabf913acaffd8cde826362dae045d65d62d52-1280x720.webp\" alt=\"\"\/><\/figure><\/div>\n\n\n\n<p>Assim como o profissional citado acima, o narrador Milton Leite, tamb\u00e9m \u00e9 torcedor do Corinthians.<\/p>\n\n\n\n<h2 class=\"wp-block-heading\" id=\"h-paulo-vin-cius-coelho\">Paulo Vin\u00edcius Coelho<\/h2>\n\n\n\n<div class=\"wp-block-image\"><figure class=\"aligncenter size-large is-resized\"><img loading=\"lazy\" decoding=\"async\" src=\"https:\/\/blogger.googleusercontent.com\/img\/a\/AVvXsEinLFEo-oRT-BIkXWeDRDvSWb6GNfy-OLyjGoChqZtFDtO4RTT2B8XCfAG8DBjHLtitRS4KKJogdr7v2zmmM6IDEZ3A85OOko4gfJii3osqgJQSC0VWflqUg975vCvP65DFoxuO-o4Vgvkuq9DvWou0nOFl5ULY-WWri9CzoCRMe_4XcF-FfRESbZLqLg=s16000\" alt=\"\" width=\"776\" height=\"437\"\/><\/figure><\/div>\n\n\n\n<p>F\u00e3 de n\u00fameros e estat\u00edsticas esportivas, PVC tamb\u00e9m \u00e9 f\u00e3 do Palmeiras, clube para o qual torce.<\/p>\n\n\n\n<h2 class=\"wp-block-heading\" id=\"h-renata-fan\">Renata Fan<\/h2>\n\n\n\n<figure class=\"wp-block-image size-large\"><img decoding=\"async\" src=\"https:\/\/spinoff.com.br\/entrete\/wp-content\/uploads\/2020\/07\/renatafaninvasao_widexl.webp\" alt=\"\"\/><\/figure>\n\n\n\n<p>Apresentadora do Grupo Bandeirantes, Renata Fan \u00e9 assumidamente torcedora do Internacional.<\/p>\n\n\n\n<h2 class=\"wp-block-heading\" id=\"h-tino-marcos\">Tino Marcos<\/h2>\n\n\n\n<figure class=\"wp-block-image size-large\"><img decoding=\"async\" src=\"https:\/\/diariodonordeste.verdesmares.com.br\/image\/contentid\/policy:1.3041707:1612283499\/tino-marcos.webp?f=16x9&amp;h=720&amp;q=0.8&amp;w=1280&amp;$p$f$h$q$w=284a00a\" alt=\"\"\/><\/figure>\n\n\n\n<p>Aposentado das telinhas, Tino Marcos fecha a nossa lista com chave de ouro, figurando como o \u00faltimo torcedor do Flamengo deste levantamento.<\/p>\n","protected":false},"excerpt":{"rendered":"<p>Para todos os amantes de esportes, a equipe de transmiss\u00e3o pode fazer toda a diferen\u00e7a no espet\u00e1culo que \u00e9 apresentado na televis\u00e3o. E os jornalistas respons\u00e1veis pela disponibiliza\u00e7\u00e3o dos eventos podem fazer toda a diferen\u00e7a quando o assunto \u00e9 falar sobre os atletas envolvidos nos temas colocados em pauta na telinha. Mas como grande parte [&hellip;]<\/p>\n","protected":false},"author":4,"featured_media":71572,"comment_status":"open","ping_status":"closed","sticky":false,"template":"","format":"standard","meta":{"footnotes":""},"categories":[1],"tags":[],"class_list":["post-71571","post","type-post","status-publish","format-standard","has-post-thumbnail","hentry","category-flamengo"],"yoast_head":"<!-- This site is optimized with the Yoast SEO Premium plugin v24.2 (Yoast SEO v26.9) - https:\/\/yoast.com\/product\/yoast-seo-premium-wordpress\/ -->\n<title>Saiba para quais times parte dos principais jornalistas esportivos torcem<\/title>\n<meta name=\"robots\" content=\"index, follow, max-snippet:-1, max-image-preview:large, max-video-preview:-1\" \/>\n<link rel=\"canonical\" href=\"https:\/\/www.gaveanews.com\/index.php\/2021\/11\/13\/saiba-para-quais-times-parte-dos-principais-jornalistas-esportivos-torcem\/\" \/>\n<meta property=\"og:locale\" content=\"pt_BR\" \/>\n<meta property=\"og:type\" content=\"article\" \/>\n<meta property=\"og:title\" content=\"Saiba para quais times parte dos principais jornalistas esportivos torcem\" \/>\n<meta property=\"og:description\" content=\"Para todos os amantes de esportes, a equipe de transmiss\u00e3o pode fazer toda a diferen\u00e7a no espet\u00e1culo que \u00e9 apresentado na televis\u00e3o. E os jornalistas respons\u00e1veis pela disponibiliza\u00e7\u00e3o dos eventos podem fazer toda a diferen\u00e7a quando o assunto \u00e9 falar sobre os atletas envolvidos nos temas colocados em pauta na telinha. Mas como grande parte [&hellip;]\" \/>\n<meta property=\"og:url\" content=\"https:\/\/www.gaveanews.com\/index.php\/2021\/11\/13\/saiba-para-quais-times-parte-dos-principais-jornalistas-esportivos-torcem\/\" \/>\n<meta property=\"og:site_name\" content=\"G\u00e1vea News\" \/>\n<meta property=\"article:publisher\" content=\"https:\/\/facebook.com\/gaveaNews\/\" \/>\n<meta property=\"article:published_time\" content=\"2021-11-13T10:00:00+00:00\" \/>\n<meta property=\"og:image\" content=\"https:\/\/www.gaveanews.com\/wp-content\/uploads\/Cleber-Machado-Galvao-Bueno-e-Luis-Roberto-narradores-da-Rede-Globo.webp\" \/>\n\t<meta property=\"og:image:width\" content=\"575\" \/>\n\t<meta property=\"og:image:height\" content=\"300\" \/>\n\t<meta property=\"og:image:type\" content=\"image\/jpeg\" \/>\n<meta name=\"author\" content=\"Let\u00edcia Gerheim\" \/>\n<meta name=\"twitter:card\" content=\"summary_large_image\" \/>\n<meta name=\"twitter:label1\" content=\"Escrito por\" \/>\n\t<meta name=\"twitter:data1\" content=\"Let\u00edcia Gerheim\" \/>\n\t<meta name=\"twitter:label2\" content=\"Est. tempo de leitura\" \/>\n\t<meta name=\"twitter:data2\" content=\"8 minutos\" \/>\n<script type=\"application\/ld+json\" class=\"yoast-schema-graph\">{\"@context\":\"https:\/\/schema.org\",\"@graph\":[{\"@type\":\"NewsArticle\",\"@id\":\"https:\/\/www.gaveanews.com\/index.php\/2021\/11\/13\/saiba-para-quais-times-parte-dos-principais-jornalistas-esportivos-torcem\/#article\",\"isPartOf\":{\"@id\":\"https:\/\/www.gaveanews.com\/index.php\/2021\/11\/13\/saiba-para-quais-times-parte-dos-principais-jornalistas-esportivos-torcem\/\"},\"author\":{\"name\":\"Let\u00edcia Gerheim\",\"@id\":\"https:\/\/www.gaveanews.com\/#\/schema\/person\/714c67050b836198af2450ba1c142a67\"},\"headline\":\"Saiba para quais times parte dos principais jornalistas esportivos torcem\",\"datePublished\":\"2021-11-13T10:00:00+00:00\",\"mainEntityOfPage\":{\"@id\":\"https:\/\/www.gaveanews.com\/index.php\/2021\/11\/13\/saiba-para-quais-times-parte-dos-principais-jornalistas-esportivos-torcem\/\"},\"wordCount\":772,\"commentCount\":17,\"image\":{\"@id\":\"https:\/\/www.gaveanews.com\/index.php\/2021\/11\/13\/saiba-para-quais-times-parte-dos-principais-jornalistas-esportivos-torcem\/#primaryimage\"},\"thumbnailUrl\":\"https:\/\/www.gaveanews.com\/wp-content\/uploads\/Cleber-Machado-Galvao-Bueno-e-Luis-Roberto-narradores-da-Rede-Globo.webp\",\"articleSection\":[\"Flamengo\"],\"inLanguage\":\"pt-BR\",\"potentialAction\":[{\"@type\":\"CommentAction\",\"name\":\"Comment\",\"target\":[\"https:\/\/www.gaveanews.com\/index.php\/2021\/11\/13\/saiba-para-quais-times-parte-dos-principais-jornalistas-esportivos-torcem\/#respond\"]}],\"copyrightYear\":\"2021\",\"copyrightHolder\":{\"@id\":\"https:\/\/www.gaveanews.com\/#organization\"}},{\"@type\":\"WebPage\",\"@id\":\"https:\/\/www.gaveanews.com\/index.php\/2021\/11\/13\/saiba-para-quais-times-parte-dos-principais-jornalistas-esportivos-torcem\/\",\"url\":\"https:\/\/www.gaveanews.com\/index.php\/2021\/11\/13\/saiba-para-quais-times-parte-dos-principais-jornalistas-esportivos-torcem\/\",\"name\":\"Saiba para quais times parte dos principais jornalistas esportivos torcem\",\"isPartOf\":{\"@id\":\"https:\/\/www.gaveanews.com\/#website\"},\"primaryImageOfPage\":{\"@id\":\"https:\/\/www.gaveanews.com\/index.php\/2021\/11\/13\/saiba-para-quais-times-parte-dos-principais-jornalistas-esportivos-torcem\/#primaryimage\"},\"image\":{\"@id\":\"https:\/\/www.gaveanews.com\/index.php\/2021\/11\/13\/saiba-para-quais-times-parte-dos-principais-jornalistas-esportivos-torcem\/#primaryimage\"},\"thumbnailUrl\":\"https:\/\/www.gaveanews.com\/wp-content\/uploads\/Cleber-Machado-Galvao-Bueno-e-Luis-Roberto-narradores-da-Rede-Globo.webp\",\"datePublished\":\"2021-11-13T10:00:00+00:00\",\"author\":{\"@id\":\"https:\/\/www.gaveanews.com\/#\/schema\/person\/714c67050b836198af2450ba1c142a67\"},\"breadcrumb\":{\"@id\":\"https:\/\/www.gaveanews.com\/index.php\/2021\/11\/13\/saiba-para-quais-times-parte-dos-principais-jornalistas-esportivos-torcem\/#breadcrumb\"},\"inLanguage\":\"pt-BR\",\"potentialAction\":[{\"@type\":\"ReadAction\",\"target\":[\"https:\/\/www.gaveanews.com\/index.php\/2021\/11\/13\/saiba-para-quais-times-parte-dos-principais-jornalistas-esportivos-torcem\/\"]}]},{\"@type\":\"ImageObject\",\"inLanguage\":\"pt-BR\",\"@id\":\"https:\/\/www.gaveanews.com\/index.php\/2021\/11\/13\/saiba-para-quais-times-parte-dos-principais-jornalistas-esportivos-torcem\/#primaryimage\",\"url\":\"https:\/\/www.gaveanews.com\/wp-content\/uploads\/Cleber-Machado-Galvao-Bueno-e-Luis-Roberto-narradores-da-Rede-Globo.webp\",\"contentUrl\":\"https:\/\/www.gaveanews.com\/wp-content\/uploads\/Cleber-Machado-Galvao-Bueno-e-Luis-Roberto-narradores-da-Rede-Globo.webp\",\"width\":575,\"height\":300,\"caption\":\"Cl\u00e9ber Machado, Galv\u00e3o Bueno e Lu\u00eds Roberto, com o uniforme da Rede Globo (Foto: Jo\u00e3o Miguel Jr.\/Divulga\u00e7\u00e3o)\"},{\"@type\":\"BreadcrumbList\",\"@id\":\"https:\/\/www.gaveanews.com\/index.php\/2021\/11\/13\/saiba-para-quais-times-parte-dos-principais-jornalistas-esportivos-torcem\/#breadcrumb\",\"itemListElement\":[{\"@type\":\"ListItem\",\"position\":1,\"name\":\"Home\",\"item\":\"https:\/\/www.gaveanews.com\/\"},{\"@type\":\"ListItem\",\"position\":2,\"name\":\"Saiba para quais times parte dos principais jornalistas esportivos torcem\"}]},{\"@type\":\"WebSite\",\"@id\":\"https:\/\/www.gaveanews.com\/#website\",\"url\":\"https:\/\/www.gaveanews.com\/\",\"name\":\"G\u00e1vea News\",\"description\":\"Veja todas as not\u00edcias sobre o Flamengo: Contrata\u00e7\u00f5es, categorias de base, resultados das partidas, tabela de classifica\u00e7\u00e3o, pr\u00f3ximos jogos!\",\"potentialAction\":[{\"@type\":\"SearchAction\",\"target\":{\"@type\":\"EntryPoint\",\"urlTemplate\":\"https:\/\/www.gaveanews.com\/?s={search_term_string}\"},\"query-input\":{\"@type\":\"PropertyValueSpecification\",\"valueRequired\":true,\"valueName\":\"search_term_string\"}}],\"inLanguage\":\"pt-BR\"},{\"@type\":\"Person\",\"@id\":\"https:\/\/www.gaveanews.com\/#\/schema\/person\/714c67050b836198af2450ba1c142a67\",\"name\":\"Let\u00edcia Gerheim\",\"image\":{\"@type\":\"ImageObject\",\"inLanguage\":\"pt-BR\",\"@id\":\"https:\/\/www.gaveanews.com\/#\/schema\/person\/image\/\",\"url\":\"https:\/\/secure.gravatar.com\/avatar\/60734739c50fcebfbac509e2a826ccd0ff405c019bc73aab9354f19ecad1dcb4?s=96&d=mm&r=g\",\"contentUrl\":\"https:\/\/secure.gravatar.com\/avatar\/60734739c50fcebfbac509e2a826ccd0ff405c019bc73aab9354f19ecad1dcb4?s=96&d=mm&r=g\",\"caption\":\"Let\u00edcia Gerheim\"}}]}<\/script>\n<!-- \/ Yoast SEO Premium plugin. -->","yoast_head_json":{"title":"Saiba para quais times parte dos principais jornalistas esportivos torcem","robots":{"index":"index","follow":"follow","max-snippet":"max-snippet:-1","max-image-preview":"max-image-preview:large","max-video-preview":"max-video-preview:-1"},"canonical":"https:\/\/www.gaveanews.com\/index.php\/2021\/11\/13\/saiba-para-quais-times-parte-dos-principais-jornalistas-esportivos-torcem\/","og_locale":"pt_BR","og_type":"article","og_title":"Saiba para quais times parte dos principais jornalistas esportivos torcem","og_description":"Para todos os amantes de esportes, a equipe de transmiss\u00e3o pode fazer toda a diferen\u00e7a no espet\u00e1culo que \u00e9 apresentado na televis\u00e3o. E os jornalistas respons\u00e1veis pela disponibiliza\u00e7\u00e3o dos eventos podem fazer toda a diferen\u00e7a quando o assunto \u00e9 falar sobre os atletas envolvidos nos temas colocados em pauta na telinha. Mas como grande parte [&hellip;]","og_url":"https:\/\/www.gaveanews.com\/index.php\/2021\/11\/13\/saiba-para-quais-times-parte-dos-principais-jornalistas-esportivos-torcem\/","og_site_name":"G\u00e1vea News","article_publisher":"https:\/\/facebook.com\/gaveaNews\/","article_published_time":"2021-11-13T10:00:00+00:00","og_image":[{"width":575,"height":300,"url":"https:\/\/www.gaveanews.com\/wp-content\/uploads\/Cleber-Machado-Galvao-Bueno-e-Luis-Roberto-narradores-da-Rede-Globo.webp","type":"image\/jpeg"}],"author":"Let\u00edcia Gerheim","twitter_card":"summary_large_image","twitter_misc":{"Escrito por":"Let\u00edcia Gerheim","Est. tempo de leitura":"8 minutos"},"schema":{"@context":"https:\/\/schema.org","@graph":[{"@type":"NewsArticle","@id":"https:\/\/www.gaveanews.com\/index.php\/2021\/11\/13\/saiba-para-quais-times-parte-dos-principais-jornalistas-esportivos-torcem\/#article","isPartOf":{"@id":"https:\/\/www.gaveanews.com\/index.php\/2021\/11\/13\/saiba-para-quais-times-parte-dos-principais-jornalistas-esportivos-torcem\/"},"author":{"name":"Let\u00edcia Gerheim","@id":"https:\/\/www.gaveanews.com\/#\/schema\/person\/714c67050b836198af2450ba1c142a67"},"headline":"Saiba para quais times parte dos principais jornalistas esportivos torcem","datePublished":"2021-11-13T10:00:00+00:00","mainEntityOfPage":{"@id":"https:\/\/www.gaveanews.com\/index.php\/2021\/11\/13\/saiba-para-quais-times-parte-dos-principais-jornalistas-esportivos-torcem\/"},"wordCount":772,"commentCount":17,"image":{"@id":"https:\/\/www.gaveanews.com\/index.php\/2021\/11\/13\/saiba-para-quais-times-parte-dos-principais-jornalistas-esportivos-torcem\/#primaryimage"},"thumbnailUrl":"https:\/\/www.gaveanews.com\/wp-content\/uploads\/Cleber-Machado-Galvao-Bueno-e-Luis-Roberto-narradores-da-Rede-Globo.webp","articleSection":["Flamengo"],"inLanguage":"pt-BR","potentialAction":[{"@type":"CommentAction","name":"Comment","target":["https:\/\/www.gaveanews.com\/index.php\/2021\/11\/13\/saiba-para-quais-times-parte-dos-principais-jornalistas-esportivos-torcem\/#respond"]}],"copyrightYear":"2021","copyrightHolder":{"@id":"https:\/\/www.gaveanews.com\/#organization"}},{"@type":"WebPage","@id":"https:\/\/www.gaveanews.com\/index.php\/2021\/11\/13\/saiba-para-quais-times-parte-dos-principais-jornalistas-esportivos-torcem\/","url":"https:\/\/www.gaveanews.com\/index.php\/2021\/11\/13\/saiba-para-quais-times-parte-dos-principais-jornalistas-esportivos-torcem\/","name":"Saiba para quais times parte dos principais jornalistas esportivos torcem","isPartOf":{"@id":"https:\/\/www.gaveanews.com\/#website"},"primaryImageOfPage":{"@id":"https:\/\/www.gaveanews.com\/index.php\/2021\/11\/13\/saiba-para-quais-times-parte-dos-principais-jornalistas-esportivos-torcem\/#primaryimage"},"image":{"@id":"https:\/\/www.gaveanews.com\/index.php\/2021\/11\/13\/saiba-para-quais-times-parte-dos-principais-jornalistas-esportivos-torcem\/#primaryimage"},"thumbnailUrl":"https:\/\/www.gaveanews.com\/wp-content\/uploads\/Cleber-Machado-Galvao-Bueno-e-Luis-Roberto-narradores-da-Rede-Globo.webp","datePublished":"2021-11-13T10:00:00+00:00","author":{"@id":"https:\/\/www.gaveanews.com\/#\/schema\/person\/714c67050b836198af2450ba1c142a67"},"breadcrumb":{"@id":"https:\/\/www.gaveanews.com\/index.php\/2021\/11\/13\/saiba-para-quais-times-parte-dos-principais-jornalistas-esportivos-torcem\/#breadcrumb"},"inLanguage":"pt-BR","potentialAction":[{"@type":"ReadAction","target":["https:\/\/www.gaveanews.com\/index.php\/2021\/11\/13\/saiba-para-quais-times-parte-dos-principais-jornalistas-esportivos-torcem\/"]}]},{"@type":"ImageObject","inLanguage":"pt-BR","@id":"https:\/\/www.gaveanews.com\/index.php\/2021\/11\/13\/saiba-para-quais-times-parte-dos-principais-jornalistas-esportivos-torcem\/#primaryimage","url":"https:\/\/www.gaveanews.com\/wp-content\/uploads\/Cleber-Machado-Galvao-Bueno-e-Luis-Roberto-narradores-da-Rede-Globo.webp","contentUrl":"https:\/\/www.gaveanews.com\/wp-content\/uploads\/Cleber-Machado-Galvao-Bueno-e-Luis-Roberto-narradores-da-Rede-Globo.webp","width":575,"height":300,"caption":"Cl\u00e9ber Machado, Galv\u00e3o Bueno e Lu\u00eds Roberto, com o uniforme da Rede Globo (Foto: Jo\u00e3o Miguel Jr.\/Divulga\u00e7\u00e3o)"},{"@type":"BreadcrumbList","@id":"https:\/\/www.gaveanews.com\/index.php\/2021\/11\/13\/saiba-para-quais-times-parte-dos-principais-jornalistas-esportivos-torcem\/#breadcrumb","itemListElement":[{"@type":"ListItem","position":1,"name":"Home","item":"https:\/\/www.gaveanews.com\/"},{"@type":"ListItem","position":2,"name":"Saiba para quais times parte dos principais jornalistas esportivos torcem"}]},{"@type":"WebSite","@id":"https:\/\/www.gaveanews.com\/#website","url":"https:\/\/www.gaveanews.com\/","name":"G\u00e1vea News","description":"Veja todas as not\u00edcias sobre o Flamengo: Contrata\u00e7\u00f5es, categorias de base, resultados das partidas, tabela de classifica\u00e7\u00e3o, pr\u00f3ximos jogos!","potentialAction":[{"@type":"SearchAction","target":{"@type":"EntryPoint","urlTemplate":"https:\/\/www.gaveanews.com\/?s={search_term_string}"},"query-input":{"@type":"PropertyValueSpecification","valueRequired":true,"valueName":"search_term_string"}}],"inLanguage":"pt-BR"},{"@type":"Person","@id":"https:\/\/www.gaveanews.com\/#\/schema\/person\/714c67050b836198af2450ba1c142a67","name":"Let\u00edcia Gerheim","image":{"@type":"ImageObject","inLanguage":"pt-BR","@id":"https:\/\/www.gaveanews.com\/#\/schema\/person\/image\/","url":"https:\/\/secure.gravatar.com\/avatar\/60734739c50fcebfbac509e2a826ccd0ff405c019bc73aab9354f19ecad1dcb4?s=96&d=mm&r=g","contentUrl":"https:\/\/secure.gravatar.com\/avatar\/60734739c50fcebfbac509e2a826ccd0ff405c019bc73aab9354f19ecad1dcb4?s=96&d=mm&r=g","caption":"Let\u00edcia Gerheim"}}]}},"_links":{"self":[{"href":"https:\/\/www.gaveanews.com\/index.php\/wp-json\/wp\/v2\/posts\/71571","targetHints":{"allow":["GET"]}}],"collection":[{"href":"https:\/\/www.gaveanews.com\/index.php\/wp-json\/wp\/v2\/posts"}],"about":[{"href":"https:\/\/www.gaveanews.com\/index.php\/wp-json\/wp\/v2\/types\/post"}],"author":[{"embeddable":true,"href":"https:\/\/www.gaveanews.com\/index.php\/wp-json\/wp\/v2\/users\/4"}],"replies":[{"embeddable":true,"href":"https:\/\/www.gaveanews.com\/index.php\/wp-json\/wp\/v2\/comments?post=71571"}],"version-history":[{"count":0,"href":"https:\/\/www.gaveanews.com\/index.php\/wp-json\/wp\/v2\/posts\/71571\/revisions"}],"wp:featuredmedia":[{"embeddable":true,"href":"https:\/\/www.gaveanews.com\/index.php\/wp-json\/wp\/v2\/media\/71572"}],"wp:attachment":[{"href":"https:\/\/www.gaveanews.com\/index.php\/wp-json\/wp\/v2\/media?parent=71571"}],"wp:term":[{"taxonomy":"category","embeddable":true,"href":"https:\/\/www.gaveanews.com\/index.php\/wp-json\/wp\/v2\/categories?post=71571"},{"taxonomy":"post_tag","embeddable":true,"href":"https:\/\/www.gaveanews.com\/index.php\/wp-json\/wp\/v2\/tags?post=71571"}],"curies":[{"name":"wp","href":"https:\/\/api.w.org\/{rel}","templated":true}]}}